{"id":24682,"date":"2016-09-12T06:00:00","date_gmt":"2016-09-12T06:00:00","guid":{"rendered":"http:\/\/copealcoi.es\/new\/?p=24682"},"modified":"2016-09-11T17:01:25","modified_gmt":"2016-09-11T17:01:25","slug":"la-parroquia-del-salvador-cocentaina-restaura-altar-mayor","status":"publish","type":"post","link":"https:\/\/www.copealcoy.es\/es\/la-parroquia-del-salvador-cocentaina-restaura-altar-mayor\/","title":{"rendered":"La parroquia del Salvador de Cocentaina restaura su altar mayor"},"content":{"rendered":"<p style=\"text-align: justify;\">La <strong>parroquia de El Salvador de Cocentaina<\/strong> inici\u00f3 el pasado mes de agosto las obras para la <strong>restauraci\u00f3n<\/strong> del altar mayor del templo.<\/p>\n<p style=\"text-align: justify;\">La actuaci\u00f3n, seg\u00fan explicaba el p\u00e1rroco Don Ram\u00f3n Mic\u00f3 semanas atr\u00e1s en La Ma\u00f1ana de Cope Alcoy, se hac\u00eda necesaria despu\u00e9s de que en los \u00faltimos meses se realizaran varias canalizaciones en las paredes con el fin de <strong>colocar la nueva instalaci\u00f3n el\u00e9ctrica.<\/strong> La intervenci\u00f3n consistir\u00e1 en la <strong>limpieza de la b\u00f3veda<\/strong> para posteriormente subsanar grietas y adecentar los elementos decorativos \u201cel paso del tiempo y la acumulaci\u00f3n del humo generado por los cirios hab\u00eda incrementado la suciedad que ahora se hab\u00eda hecho m\u00e1s visible al colocar las regatas de la luz\u201d<em>,<\/em> detalla Don Ram\u00f3n.<\/p>\n<p style=\"text-align: justify;\">Se\u00f1alar que el proceso lo est\u00e1 llevando a cabo <strong>Alba Torr\u00f3 Llopis,<\/strong> licenciada en Bellas Artes por la Universidad Polit\u00e9cnica de Valencia, y especializada en la restauraci\u00f3n de Bienes Culturales a trav\u00e9s de un m\u00e1ster realizado en la misma UPV. Adem\u00e1s una comisi\u00f3n formada por representantes de todos los grupos parroquiales supervisa esta obra que tendr\u00e1 un plazo de ejecuci\u00f3n inicial de seis meses.<\/p>\n<p style=\"text-align: justify;\">Por \u00faltimo apuntar que desde la parroquia de El Salvador se han habilitado varias f<strong>\u00f3rmulas de financiaci\u00f3n<\/strong> para estos trabajos que van desde las donaciones por domiciliaci\u00f3n bancaria a rifas que se efectuar\u00e1n cada mes, tal y como han detallado responsables de la citada comisi\u00f3n.<\/p>\n<p>&nbsp;<\/p>\n","protected":false},"excerpt":{"rendered":"<p>La parroquia de El Salvador de Cocentaina inici\u00f3 el pasado mes de agosto las obras para la restauraci\u00f3n del altar&#8230;<\/p>\n","protected":false},"author":1,"featured_media":24683,"comment_status":"open","ping_status":"open","sticky":false,"template":"","format":"standard","meta":{"footnotes":""},"categories":[98,75],"tags":[2802,132,2803,2801,2800],"class_list":["post-24682","post","type-post","status-publish","format-standard","has-post-thumbnail","hentry","category-comarcas","category-noticias","tag-altar-mayor","tag-cocentaina","tag-don-ramon-mico","tag-obras-restauracion","tag-parroquia-del-salvador"],"yoast_head":"<!-- This site is optimized with the Yoast SEO plugin v27.3 - https:\/\/yoast.com\/product\/yoast-seo-wordpress\/ -->\n<title>La parroquia del Salvador de Cocentaina restaura su altar mayor - COPE Alcoy<\/title>\n<meta name=\"robots\" content=\"index, follow, max-snippet:-1, max-image-preview:large, max-video-preview:-1\" \/>\n<link rel=\"canonical\" href=\"https:\/\/www.copealcoy.es\/es\/la-parroquia-del-salvador-cocentaina-restaura-altar-mayor\/\" \/>\n<meta property=\"og:locale\" content=\"es_ES\" \/>\n<meta property=\"og:type\" content=\"article\" \/>\n<meta property=\"og:title\" content=\"La parroquia del Salvador de Cocentaina restaura su altar mayor - COPE Alcoy\" \/>\n<meta property=\"og:description\" content=\"La parroquia de El Salvador de Cocentaina inici\u00f3 el pasado mes de agosto las obras para la restauraci\u00f3n del altar...\" \/>\n<meta property=\"og:url\" content=\"https:\/\/www.copealcoy.es\/es\/la-parroquia-del-salvador-cocentaina-restaura-altar-mayor\/\" \/>\n<meta property=\"og:site_name\" content=\"COPE Alcoy\" \/>\n<meta property=\"article:published_time\" content=\"2016-09-12T06:00:00+00:00\" \/>\n<meta property=\"og:image\" content=\"https:\/\/www.copealcoy.es\/wp-content\/uploads\/2016\/09\/14040212_10207341649395599_8717467917568280286_n-e1473446098250.jpg\" \/>\n\t<meta property=\"og:image:width\" content=\"710\" \/>\n\t<meta property=\"og:image:height\" content=\"508\" \/>\n\t<meta property=\"og:image:type\" content=\"image\/jpeg\" \/>\n<meta name=\"author\" content=\"Cope Alcoy\" \/>\n<meta name=\"twitter:label1\" content=\"Escrito por\" \/>\n\t<meta name=\"twitter:data1\" content=\"Cope Alcoy\" \/>\n\t<meta name=\"twitter:label2\" content=\"Tiempo de lectura\" \/>\n\t<meta name=\"twitter:data2\" content=\"1 minuto\" \/>\n<script type=\"application\/ld+json\" class=\"yoast-schema-graph\">{\"@context\":\"https:\\\/\\\/schema.org\",\"@graph\":[{\"@type\":\"Article\",\"@id\":\"https:\\\/\\\/www.copealcoy.es\\\/es\\\/la-parroquia-del-salvador-cocentaina-restaura-altar-mayor\\\/#article\",\"isPartOf\":{\"@id\":\"https:\\\/\\\/www.copealcoy.es\\\/es\\\/la-parroquia-del-salvador-cocentaina-restaura-altar-mayor\\\/\"},\"author\":{\"name\":\"Cope Alcoy\",\"@id\":\"https:\\\/\\\/www.copealcoy.es\\\/es\\\/#\\\/schema\\\/person\\\/e777c87fa024e57d40170af9df39882c\"},\"headline\":\"La parroquia del Salvador de Cocentaina restaura su altar mayor\",\"datePublished\":\"2016-09-12T06:00:00+00:00\",\"mainEntityOfPage\":{\"@id\":\"https:\\\/\\\/www.copealcoy.es\\\/es\\\/la-parroquia-del-salvador-cocentaina-restaura-altar-mayor\\\/\"},\"wordCount\":269,\"commentCount\":0,\"image\":{\"@id\":\"https:\\\/\\\/www.copealcoy.es\\\/es\\\/la-parroquia-del-salvador-cocentaina-restaura-altar-mayor\\\/#primaryimage\"},\"thumbnailUrl\":\"https:\\\/\\\/www.copealcoy.es\\\/wp-content\\\/uploads\\\/2016\\\/09\\\/14040212_10207341649395599_8717467917568280286_n-e1473446098250.jpg\",\"keywords\":[\"altar mayor\",\"Cocentaina\",\"Don Ram\u00f3n Mic\u00f3\",\"obras restauraci\u00f3n\",\"parroquia del Salvador\"],\"articleSection\":[\"Comarcas\",\"Noticias\"],\"inLanguage\":\"es\"},{\"@type\":\"WebPage\",\"@id\":\"https:\\\/\\\/www.copealcoy.es\\\/es\\\/la-parroquia-del-salvador-cocentaina-restaura-altar-mayor\\\/\",\"url\":\"https:\\\/\\\/www.copealcoy.es\\\/es\\\/la-parroquia-del-salvador-cocentaina-restaura-altar-mayor\\\/\",\"name\":\"La parroquia del Salvador de Cocentaina restaura su altar mayor - COPE Alcoy\",\"isPartOf\":{\"@id\":\"https:\\\/\\\/www.copealcoy.es\\\/es\\\/#website\"},\"primaryImageOfPage\":{\"@id\":\"https:\\\/\\\/www.copealcoy.es\\\/es\\\/la-parroquia-del-salvador-cocentaina-restaura-altar-mayor\\\/#primaryimage\"},\"image\":{\"@id\":\"https:\\\/\\\/www.copealcoy.es\\\/es\\\/la-parroquia-del-salvador-cocentaina-restaura-altar-mayor\\\/#primaryimage\"},\"thumbnailUrl\":\"https:\\\/\\\/www.copealcoy.es\\\/wp-content\\\/uploads\\\/2016\\\/09\\\/14040212_10207341649395599_8717467917568280286_n-e1473446098250.jpg\",\"datePublished\":\"2016-09-12T06:00:00+00:00\",\"author\":{\"@id\":\"https:\\\/\\\/www.copealcoy.es\\\/es\\\/#\\\/schema\\\/person\\\/e777c87fa024e57d40170af9df39882c\"},\"breadcrumb\":{\"@id\":\"https:\\\/\\\/www.copealcoy.es\\\/es\\\/la-parroquia-del-salvador-cocentaina-restaura-altar-mayor\\\/#breadcrumb\"},\"inLanguage\":\"es\",\"potentialAction\":[{\"@type\":\"ReadAction\",\"target\":[\"https:\\\/\\\/www.copealcoy.es\\\/es\\\/la-parroquia-del-salvador-cocentaina-restaura-altar-mayor\\\/\"]}]},{\"@type\":\"ImageObject\",\"inLanguage\":\"es\",\"@id\":\"https:\\\/\\\/www.copealcoy.es\\\/es\\\/la-parroquia-del-salvador-cocentaina-restaura-altar-mayor\\\/#primaryimage\",\"url\":\"https:\\\/\\\/www.copealcoy.es\\\/wp-content\\\/uploads\\\/2016\\\/09\\\/14040212_10207341649395599_8717467917568280286_n-e1473446098250.jpg\",\"contentUrl\":\"https:\\\/\\\/www.copealcoy.es\\\/wp-content\\\/uploads\\\/2016\\\/09\\\/14040212_10207341649395599_8717467917568280286_n-e1473446098250.jpg\",\"width\":710,\"height\":508,\"caption\":\"Montaje de los andamios el pasado mes de agosto \\\/ Foto: Don Ram\u00f3n Mic\u00f3\"},{\"@type\":\"BreadcrumbList\",\"@id\":\"https:\\\/\\\/www.copealcoy.es\\\/es\\\/la-parroquia-del-salvador-cocentaina-restaura-altar-mayor\\\/#breadcrumb\",\"itemListElement\":[{\"@type\":\"ListItem\",\"position\":1,\"name\":\"Portada\",\"item\":\"https:\\\/\\\/www.copealcoy.es\\\/es\\\/\"},{\"@type\":\"ListItem\",\"position\":2,\"name\":\"La parroquia del Salvador de Cocentaina restaura su altar mayor\"}]},{\"@type\":\"WebSite\",\"@id\":\"https:\\\/\\\/www.copealcoy.es\\\/es\\\/#website\",\"url\":\"https:\\\/\\\/www.copealcoy.es\\\/es\\\/\",\"name\":\"COPE Alcoy\",\"description\":\"Emisora COPE de radio local con emisi\u00f3n online. Pont de Sant Jordi 8-10 03803 Alcoy\",\"potentialAction\":[{\"@type\":\"SearchAction\",\"target\":{\"@type\":\"EntryPoint\",\"urlTemplate\":\"https:\\\/\\\/www.copealcoy.es\\\/es\\\/?s={search_term_string}\"},\"query-input\":{\"@type\":\"PropertyValueSpecification\",\"valueRequired\":true,\"valueName\":\"search_term_string\"}}],\"inLanguage\":\"es\"},{\"@type\":\"Person\",\"@id\":\"https:\\\/\\\/www.copealcoy.es\\\/es\\\/#\\\/schema\\\/person\\\/e777c87fa024e57d40170af9df39882c\",\"name\":\"Cope Alcoy\",\"image\":{\"@type\":\"ImageObject\",\"inLanguage\":\"es\",\"@id\":\"https:\\\/\\\/secure.gravatar.com\\\/avatar\\\/bb65d0283347e303893ba14f0692005417c1e0e690a325a4c5d8bb2b3943ee14?s=96&d=mm&r=g\",\"url\":\"https:\\\/\\\/secure.gravatar.com\\\/avatar\\\/bb65d0283347e303893ba14f0692005417c1e0e690a325a4c5d8bb2b3943ee14?s=96&d=mm&r=g\",\"contentUrl\":\"https:\\\/\\\/secure.gravatar.com\\\/avatar\\\/bb65d0283347e303893ba14f0692005417c1e0e690a325a4c5d8bb2b3943ee14?s=96&d=mm&r=g\",\"caption\":\"Cope Alcoy\"}}]}<\/script>\n<!-- \/ Yoast SEO plugin. -->","yoast_head_json":{"title":"La parroquia del Salvador de Cocentaina restaura su altar mayor - COPE Alcoy","robots":{"index":"index","follow":"follow","max-snippet":"max-snippet:-1","max-image-preview":"max-image-preview:large","max-video-preview":"max-video-preview:-1"},"canonical":"https:\/\/www.copealcoy.es\/es\/la-parroquia-del-salvador-cocentaina-restaura-altar-mayor\/","og_locale":"es_ES","og_type":"article","og_title":"La parroquia del Salvador de Cocentaina restaura su altar mayor - COPE Alcoy","og_description":"La parroquia de El Salvador de Cocentaina inici\u00f3 el pasado mes de agosto las obras para la restauraci\u00f3n del altar...","og_url":"https:\/\/www.copealcoy.es\/es\/la-parroquia-del-salvador-cocentaina-restaura-altar-mayor\/","og_site_name":"COPE Alcoy","article_published_time":"2016-09-12T06:00:00+00:00","og_image":[{"width":710,"height":508,"url":"https:\/\/www.copealcoy.es\/wp-content\/uploads\/2016\/09\/14040212_10207341649395599_8717467917568280286_n-e1473446098250.jpg","type":"image\/jpeg"}],"author":"Cope Alcoy","twitter_misc":{"Escrito por":"Cope Alcoy","Tiempo de lectura":"1 minuto"},"schema":{"@context":"https:\/\/schema.org","@graph":[{"@type":"Article","@id":"https:\/\/www.copealcoy.es\/es\/la-parroquia-del-salvador-cocentaina-restaura-altar-mayor\/#article","isPartOf":{"@id":"https:\/\/www.copealcoy.es\/es\/la-parroquia-del-salvador-cocentaina-restaura-altar-mayor\/"},"author":{"name":"Cope Alcoy","@id":"https:\/\/www.copealcoy.es\/es\/#\/schema\/person\/e777c87fa024e57d40170af9df39882c"},"headline":"La parroquia del Salvador de Cocentaina restaura su altar mayor","datePublished":"2016-09-12T06:00:00+00:00","mainEntityOfPage":{"@id":"https:\/\/www.copealcoy.es\/es\/la-parroquia-del-salvador-cocentaina-restaura-altar-mayor\/"},"wordCount":269,"commentCount":0,"image":{"@id":"https:\/\/www.copealcoy.es\/es\/la-parroquia-del-salvador-cocentaina-restaura-altar-mayor\/#primaryimage"},"thumbnailUrl":"https:\/\/www.copealcoy.es\/wp-content\/uploads\/2016\/09\/14040212_10207341649395599_8717467917568280286_n-e1473446098250.jpg","keywords":["altar mayor","Cocentaina","Don Ram\u00f3n Mic\u00f3","obras restauraci\u00f3n","parroquia del Salvador"],"articleSection":["Comarcas","Noticias"],"inLanguage":"es"},{"@type":"WebPage","@id":"https:\/\/www.copealcoy.es\/es\/la-parroquia-del-salvador-cocentaina-restaura-altar-mayor\/","url":"https:\/\/www.copealcoy.es\/es\/la-parroquia-del-salvador-cocentaina-restaura-altar-mayor\/","name":"La parroquia del Salvador de Cocentaina restaura su altar mayor - COPE Alcoy","isPartOf":{"@id":"https:\/\/www.copealcoy.es\/es\/#website"},"primaryImageOfPage":{"@id":"https:\/\/www.copealcoy.es\/es\/la-parroquia-del-salvador-cocentaina-restaura-altar-mayor\/#primaryimage"},"image":{"@id":"https:\/\/www.copealcoy.es\/es\/la-parroquia-del-salvador-cocentaina-restaura-altar-mayor\/#primaryimage"},"thumbnailUrl":"https:\/\/www.copealcoy.es\/wp-content\/uploads\/2016\/09\/14040212_10207341649395599_8717467917568280286_n-e1473446098250.jpg","datePublished":"2016-09-12T06:00:00+00:00","author":{"@id":"https:\/\/www.copealcoy.es\/es\/#\/schema\/person\/e777c87fa024e57d40170af9df39882c"},"breadcrumb":{"@id":"https:\/\/www.copealcoy.es\/es\/la-parroquia-del-salvador-cocentaina-restaura-altar-mayor\/#breadcrumb"},"inLanguage":"es","potentialAction":[{"@type":"ReadAction","target":["https:\/\/www.copealcoy.es\/es\/la-parroquia-del-salvador-cocentaina-restaura-altar-mayor\/"]}]},{"@type":"ImageObject","inLanguage":"es","@id":"https:\/\/www.copealcoy.es\/es\/la-parroquia-del-salvador-cocentaina-restaura-altar-mayor\/#primaryimage","url":"https:\/\/www.copealcoy.es\/wp-content\/uploads\/2016\/09\/14040212_10207341649395599_8717467917568280286_n-e1473446098250.jpg","contentUrl":"https:\/\/www.copealcoy.es\/wp-content\/uploads\/2016\/09\/14040212_10207341649395599_8717467917568280286_n-e1473446098250.jpg","width":710,"height":508,"caption":"Montaje de los andamios el pasado mes de agosto \/ Foto: Don Ram\u00f3n Mic\u00f3"},{"@type":"BreadcrumbList","@id":"https:\/\/www.copealcoy.es\/es\/la-parroquia-del-salvador-cocentaina-restaura-altar-mayor\/#breadcrumb","itemListElement":[{"@type":"ListItem","position":1,"name":"Portada","item":"https:\/\/www.copealcoy.es\/es\/"},{"@type":"ListItem","position":2,"name":"La parroquia del Salvador de Cocentaina restaura su altar mayor"}]},{"@type":"WebSite","@id":"https:\/\/www.copealcoy.es\/es\/#website","url":"https:\/\/www.copealcoy.es\/es\/","name":"COPE Alcoy","description":"Emisora COPE de radio local con emisi\u00f3n online. Pont de Sant Jordi 8-10 03803 Alcoy","potentialAction":[{"@type":"SearchAction","target":{"@type":"EntryPoint","urlTemplate":"https:\/\/www.copealcoy.es\/es\/?s={search_term_string}"},"query-input":{"@type":"PropertyValueSpecification","valueRequired":true,"valueName":"search_term_string"}}],"inLanguage":"es"},{"@type":"Person","@id":"https:\/\/www.copealcoy.es\/es\/#\/schema\/person\/e777c87fa024e57d40170af9df39882c","name":"Cope Alcoy","image":{"@type":"ImageObject","inLanguage":"es","@id":"https:\/\/secure.gravatar.com\/avatar\/bb65d0283347e303893ba14f0692005417c1e0e690a325a4c5d8bb2b3943ee14?s=96&d=mm&r=g","url":"https:\/\/secure.gravatar.com\/avatar\/bb65d0283347e303893ba14f0692005417c1e0e690a325a4c5d8bb2b3943ee14?s=96&d=mm&r=g","contentUrl":"https:\/\/secure.gravatar.com\/avatar\/bb65d0283347e303893ba14f0692005417c1e0e690a325a4c5d8bb2b3943ee14?s=96&d=mm&r=g","caption":"Cope Alcoy"}}]}},"_links":{"self":[{"href":"https:\/\/www.copealcoy.es\/es\/wp-json\/wp\/v2\/posts\/24682","targetHints":{"allow":["GET"]}}],"collection":[{"href":"https:\/\/www.copealcoy.es\/es\/wp-json\/wp\/v2\/posts"}],"about":[{"href":"https:\/\/www.copealcoy.es\/es\/wp-json\/wp\/v2\/types\/post"}],"author":[{"embeddable":true,"href":"https:\/\/www.copealcoy.es\/es\/wp-json\/wp\/v2\/users\/1"}],"replies":[{"embeddable":true,"href":"https:\/\/www.copealcoy.es\/es\/wp-json\/wp\/v2\/comments?post=24682"}],"version-history":[{"count":0,"href":"https:\/\/www.copealcoy.es\/es\/wp-json\/wp\/v2\/posts\/24682\/revisions"}],"wp:featuredmedia":[{"embeddable":true,"href":"https:\/\/www.copealcoy.es\/es\/wp-json\/wp\/v2\/media\/24683"}],"wp:attachment":[{"href":"https:\/\/www.copealcoy.es\/es\/wp-json\/wp\/v2\/media?parent=24682"}],"wp:term":[{"taxonomy":"category","embeddable":true,"href":"https:\/\/www.copealcoy.es\/es\/wp-json\/wp\/v2\/categories?post=24682"},{"taxonomy":"post_tag","embeddable":true,"href":"https:\/\/www.copealcoy.es\/es\/wp-json\/wp\/v2\/tags?post=24682"}],"curies":[{"name":"wp","href":"https:\/\/api.w.org\/{rel}","templated":true}]}}