{"id":24612,"date":"2016-09-05T11:53:14","date_gmt":"2016-09-05T11:53:14","guid":{"rendered":"http:\/\/copealcoi.es\/new\/?p=24612"},"modified":"2016-09-09T19:43:02","modified_gmt":"2016-09-09T19:43:02","slug":"comercio-cd-alcoyano-juntos-promocionar-comercio-local","status":"publish","type":"post","link":"https:\/\/www.copealcoy.es\/es\/comercio-cd-alcoyano-juntos-promocionar-comercio-local\/","title":{"rendered":"Comercio y CD Alcoyano juntos para promocionar el comercio local"},"content":{"rendered":"<p style=\"text-align: justify;\"><span style=\"font-family: 'Eras Medium ITC','sans-serif';\"><span style=\"color: #000000;\">El Club deportivo Alcoyano y el comercio de Alcoy junto la concejal\u00eda de comercio del ayuntamiento de Alcoy a\u00fanan fuerzas para promocionar tanto la marca del club como el comercio de Alcoy. Lo hacen trav\u00e9s de un acuerdo donde los m\u00e1s de 1.600 socios del club tendr\u00e1n ventajas a la hora de comprar en el comercio local. Aquellas personas que formen parten del club, tendr\u00e1n descuentos en sus compras en los comercios adheridos a este plan. Vanesa Molt\u00f3 edil de comercio en el ayuntamiento de Alcoy apunta que es una forma de que todos salgan beneficiados.<\/span><\/span> Seg\u00fan la edil &#8221; este acuerdo beneficia a todas las partes ya que el comercio local se promociona a trav\u00e9s de los socios del club y viceversa&#8221;<\/p>\n<p style=\"text-align: justify;\">Por su parte Rafa Perez Presidente de ACECA apunta que &#8220;esto es un nuevo reto para ilusionar tanto al comercio como a los clientes y que es una buena oportunidad que no hay que dejar escapar&#8221;. La iniciativa est\u00e1 abierta a todo el comercio local tanto si est\u00e1 o no asociado a ACECA o a la Federaci\u00f3n de Comercio.<\/p>\n","protected":false},"excerpt":{"rendered":"<p>El Club deportivo Alcoyano y el comercio de Alcoy junto la concejal\u00eda de comercio del ayuntamiento de Alcoy a\u00fanan fuerzas&#8230;<\/p>\n","protected":false},"author":1,"featured_media":24613,"comment_status":"open","ping_status":"open","sticky":false,"template":"","format":"standard","meta":{"footnotes":""},"categories":[97,92,75],"tags":[1494,140,467],"class_list":["post-24612","post","type-post","status-publish","format-standard","has-post-thumbnail","hentry","category-alcoy","category-deportes","category-noticias","tag-alcoy","tag-alcoyano","tag-comercio"],"yoast_head":"<!-- This site is optimized with the Yoast SEO plugin v27.3 - https:\/\/yoast.com\/product\/yoast-seo-wordpress\/ -->\n<title>Comercio y CD Alcoyano juntos para promocionar el comercio local - COPE Alcoy<\/title>\n<meta name=\"robots\" content=\"index, follow, max-snippet:-1, max-image-preview:large, max-video-preview:-1\" \/>\n<link rel=\"canonical\" href=\"https:\/\/www.copealcoy.es\/es\/comercio-cd-alcoyano-juntos-promocionar-comercio-local\/\" \/>\n<meta property=\"og:locale\" content=\"es_ES\" \/>\n<meta property=\"og:type\" content=\"article\" \/>\n<meta property=\"og:title\" content=\"Comercio y CD Alcoyano juntos para promocionar el comercio local - COPE Alcoy\" \/>\n<meta property=\"og:description\" content=\"El Club deportivo Alcoyano y el comercio de Alcoy junto la concejal\u00eda de comercio del ayuntamiento de Alcoy a\u00fanan fuerzas...\" \/>\n<meta property=\"og:url\" content=\"https:\/\/www.copealcoy.es\/es\/comercio-cd-alcoyano-juntos-promocionar-comercio-local\/\" \/>\n<meta property=\"og:site_name\" content=\"COPE Alcoy\" \/>\n<meta property=\"article:published_time\" content=\"2016-09-05T11:53:14+00:00\" \/>\n<meta property=\"article:modified_time\" content=\"2016-09-09T19:43:02+00:00\" \/>\n<meta property=\"og:image\" content=\"https:\/\/www.copealcoy.es\/wp-content\/uploads\/2016\/09\/IMG_4259.jpg\" \/>\n\t<meta property=\"og:image:width\" content=\"3264\" \/>\n\t<meta property=\"og:image:height\" content=\"2448\" \/>\n\t<meta property=\"og:image:type\" content=\"image\/jpeg\" \/>\n<meta name=\"author\" content=\"Cope Alcoy\" \/>\n<meta name=\"twitter:label1\" content=\"Escrito por\" \/>\n\t<meta name=\"twitter:data1\" content=\"Cope Alcoy\" \/>\n\t<meta name=\"twitter:label2\" content=\"Tiempo de lectura\" \/>\n\t<meta name=\"twitter:data2\" content=\"1 minuto\" \/>\n<script type=\"application\/ld+json\" class=\"yoast-schema-graph\">{\"@context\":\"https:\\\/\\\/schema.org\",\"@graph\":[{\"@type\":\"Article\",\"@id\":\"https:\\\/\\\/www.copealcoy.es\\\/es\\\/comercio-cd-alcoyano-juntos-promocionar-comercio-local\\\/#article\",\"isPartOf\":{\"@id\":\"https:\\\/\\\/www.copealcoy.es\\\/es\\\/comercio-cd-alcoyano-juntos-promocionar-comercio-local\\\/\"},\"author\":{\"name\":\"Cope Alcoy\",\"@id\":\"https:\\\/\\\/www.copealcoy.es\\\/es\\\/#\\\/schema\\\/person\\\/e777c87fa024e57d40170af9df39882c\"},\"headline\":\"Comercio y CD Alcoyano juntos para promocionar el comercio local\",\"datePublished\":\"2016-09-05T11:53:14+00:00\",\"dateModified\":\"2016-09-09T19:43:02+00:00\",\"mainEntityOfPage\":{\"@id\":\"https:\\\/\\\/www.copealcoy.es\\\/es\\\/comercio-cd-alcoyano-juntos-promocionar-comercio-local\\\/\"},\"wordCount\":199,\"commentCount\":0,\"image\":{\"@id\":\"https:\\\/\\\/www.copealcoy.es\\\/es\\\/comercio-cd-alcoyano-juntos-promocionar-comercio-local\\\/#primaryimage\"},\"thumbnailUrl\":\"https:\\\/\\\/www.copealcoy.es\\\/wp-content\\\/uploads\\\/2016\\\/09\\\/IMG_4259.jpg\",\"keywords\":[\"Alcoy\",\"Alcoyano\",\"Comercio\"],\"articleSection\":[\"Alcoy\",\"Deportes\",\"Noticias\"],\"inLanguage\":\"es\"},{\"@type\":\"WebPage\",\"@id\":\"https:\\\/\\\/www.copealcoy.es\\\/es\\\/comercio-cd-alcoyano-juntos-promocionar-comercio-local\\\/\",\"url\":\"https:\\\/\\\/www.copealcoy.es\\\/es\\\/comercio-cd-alcoyano-juntos-promocionar-comercio-local\\\/\",\"name\":\"Comercio y CD Alcoyano juntos para promocionar el comercio local - COPE Alcoy\",\"isPartOf\":{\"@id\":\"https:\\\/\\\/www.copealcoy.es\\\/es\\\/#website\"},\"primaryImageOfPage\":{\"@id\":\"https:\\\/\\\/www.copealcoy.es\\\/es\\\/comercio-cd-alcoyano-juntos-promocionar-comercio-local\\\/#primaryimage\"},\"image\":{\"@id\":\"https:\\\/\\\/www.copealcoy.es\\\/es\\\/comercio-cd-alcoyano-juntos-promocionar-comercio-local\\\/#primaryimage\"},\"thumbnailUrl\":\"https:\\\/\\\/www.copealcoy.es\\\/wp-content\\\/uploads\\\/2016\\\/09\\\/IMG_4259.jpg\",\"datePublished\":\"2016-09-05T11:53:14+00:00\",\"dateModified\":\"2016-09-09T19:43:02+00:00\",\"author\":{\"@id\":\"https:\\\/\\\/www.copealcoy.es\\\/es\\\/#\\\/schema\\\/person\\\/e777c87fa024e57d40170af9df39882c\"},\"breadcrumb\":{\"@id\":\"https:\\\/\\\/www.copealcoy.es\\\/es\\\/comercio-cd-alcoyano-juntos-promocionar-comercio-local\\\/#breadcrumb\"},\"inLanguage\":\"es\",\"potentialAction\":[{\"@type\":\"ReadAction\",\"target\":[\"https:\\\/\\\/www.copealcoy.es\\\/es\\\/comercio-cd-alcoyano-juntos-promocionar-comercio-local\\\/\"]}]},{\"@type\":\"ImageObject\",\"inLanguage\":\"es\",\"@id\":\"https:\\\/\\\/www.copealcoy.es\\\/es\\\/comercio-cd-alcoyano-juntos-promocionar-comercio-local\\\/#primaryimage\",\"url\":\"https:\\\/\\\/www.copealcoy.es\\\/wp-content\\\/uploads\\\/2016\\\/09\\\/IMG_4259.jpg\",\"contentUrl\":\"https:\\\/\\\/www.copealcoy.es\\\/wp-content\\\/uploads\\\/2016\\\/09\\\/IMG_4259.jpg\",\"width\":3264,\"height\":2448},{\"@type\":\"BreadcrumbList\",\"@id\":\"https:\\\/\\\/www.copealcoy.es\\\/es\\\/comercio-cd-alcoyano-juntos-promocionar-comercio-local\\\/#breadcrumb\",\"itemListElement\":[{\"@type\":\"ListItem\",\"position\":1,\"name\":\"Portada\",\"item\":\"https:\\\/\\\/www.copealcoy.es\\\/es\\\/\"},{\"@type\":\"ListItem\",\"position\":2,\"name\":\"Comercio y CD Alcoyano juntos para promocionar el comercio local\"}]},{\"@type\":\"WebSite\",\"@id\":\"https:\\\/\\\/www.copealcoy.es\\\/es\\\/#website\",\"url\":\"https:\\\/\\\/www.copealcoy.es\\\/es\\\/\",\"name\":\"COPE Alcoy\",\"description\":\"Emisora COPE de radio local con emisi\u00f3n online. Pont de Sant Jordi 8-10 03803 Alcoy\",\"potentialAction\":[{\"@type\":\"SearchAction\",\"target\":{\"@type\":\"EntryPoint\",\"urlTemplate\":\"https:\\\/\\\/www.copealcoy.es\\\/es\\\/?s={search_term_string}\"},\"query-input\":{\"@type\":\"PropertyValueSpecification\",\"valueRequired\":true,\"valueName\":\"search_term_string\"}}],\"inLanguage\":\"es\"},{\"@type\":\"Person\",\"@id\":\"https:\\\/\\\/www.copealcoy.es\\\/es\\\/#\\\/schema\\\/person\\\/e777c87fa024e57d40170af9df39882c\",\"name\":\"Cope Alcoy\",\"image\":{\"@type\":\"ImageObject\",\"inLanguage\":\"es\",\"@id\":\"https:\\\/\\\/secure.gravatar.com\\\/avatar\\\/bb65d0283347e303893ba14f0692005417c1e0e690a325a4c5d8bb2b3943ee14?s=96&d=mm&r=g\",\"url\":\"https:\\\/\\\/secure.gravatar.com\\\/avatar\\\/bb65d0283347e303893ba14f0692005417c1e0e690a325a4c5d8bb2b3943ee14?s=96&d=mm&r=g\",\"contentUrl\":\"https:\\\/\\\/secure.gravatar.com\\\/avatar\\\/bb65d0283347e303893ba14f0692005417c1e0e690a325a4c5d8bb2b3943ee14?s=96&d=mm&r=g\",\"caption\":\"Cope Alcoy\"}}]}<\/script>\n<!-- \/ Yoast SEO plugin. -->","yoast_head_json":{"title":"Comercio y CD Alcoyano juntos para promocionar el comercio local - COPE Alcoy","robots":{"index":"index","follow":"follow","max-snippet":"max-snippet:-1","max-image-preview":"max-image-preview:large","max-video-preview":"max-video-preview:-1"},"canonical":"https:\/\/www.copealcoy.es\/es\/comercio-cd-alcoyano-juntos-promocionar-comercio-local\/","og_locale":"es_ES","og_type":"article","og_title":"Comercio y CD Alcoyano juntos para promocionar el comercio local - COPE Alcoy","og_description":"El Club deportivo Alcoyano y el comercio de Alcoy junto la concejal\u00eda de comercio del ayuntamiento de Alcoy a\u00fanan fuerzas...","og_url":"https:\/\/www.copealcoy.es\/es\/comercio-cd-alcoyano-juntos-promocionar-comercio-local\/","og_site_name":"COPE Alcoy","article_published_time":"2016-09-05T11:53:14+00:00","article_modified_time":"2016-09-09T19:43:02+00:00","og_image":[{"width":3264,"height":2448,"url":"https:\/\/www.copealcoy.es\/wp-content\/uploads\/2016\/09\/IMG_4259.jpg","type":"image\/jpeg"}],"author":"Cope Alcoy","twitter_misc":{"Escrito por":"Cope Alcoy","Tiempo de lectura":"1 minuto"},"schema":{"@context":"https:\/\/schema.org","@graph":[{"@type":"Article","@id":"https:\/\/www.copealcoy.es\/es\/comercio-cd-alcoyano-juntos-promocionar-comercio-local\/#article","isPartOf":{"@id":"https:\/\/www.copealcoy.es\/es\/comercio-cd-alcoyano-juntos-promocionar-comercio-local\/"},"author":{"name":"Cope Alcoy","@id":"https:\/\/www.copealcoy.es\/es\/#\/schema\/person\/e777c87fa024e57d40170af9df39882c"},"headline":"Comercio y CD Alcoyano juntos para promocionar el comercio local","datePublished":"2016-09-05T11:53:14+00:00","dateModified":"2016-09-09T19:43:02+00:00","mainEntityOfPage":{"@id":"https:\/\/www.copealcoy.es\/es\/comercio-cd-alcoyano-juntos-promocionar-comercio-local\/"},"wordCount":199,"commentCount":0,"image":{"@id":"https:\/\/www.copealcoy.es\/es\/comercio-cd-alcoyano-juntos-promocionar-comercio-local\/#primaryimage"},"thumbnailUrl":"https:\/\/www.copealcoy.es\/wp-content\/uploads\/2016\/09\/IMG_4259.jpg","keywords":["Alcoy","Alcoyano","Comercio"],"articleSection":["Alcoy","Deportes","Noticias"],"inLanguage":"es"},{"@type":"WebPage","@id":"https:\/\/www.copealcoy.es\/es\/comercio-cd-alcoyano-juntos-promocionar-comercio-local\/","url":"https:\/\/www.copealcoy.es\/es\/comercio-cd-alcoyano-juntos-promocionar-comercio-local\/","name":"Comercio y CD Alcoyano juntos para promocionar el comercio local - COPE Alcoy","isPartOf":{"@id":"https:\/\/www.copealcoy.es\/es\/#website"},"primaryImageOfPage":{"@id":"https:\/\/www.copealcoy.es\/es\/comercio-cd-alcoyano-juntos-promocionar-comercio-local\/#primaryimage"},"image":{"@id":"https:\/\/www.copealcoy.es\/es\/comercio-cd-alcoyano-juntos-promocionar-comercio-local\/#primaryimage"},"thumbnailUrl":"https:\/\/www.copealcoy.es\/wp-content\/uploads\/2016\/09\/IMG_4259.jpg","datePublished":"2016-09-05T11:53:14+00:00","dateModified":"2016-09-09T19:43:02+00:00","author":{"@id":"https:\/\/www.copealcoy.es\/es\/#\/schema\/person\/e777c87fa024e57d40170af9df39882c"},"breadcrumb":{"@id":"https:\/\/www.copealcoy.es\/es\/comercio-cd-alcoyano-juntos-promocionar-comercio-local\/#breadcrumb"},"inLanguage":"es","potentialAction":[{"@type":"ReadAction","target":["https:\/\/www.copealcoy.es\/es\/comercio-cd-alcoyano-juntos-promocionar-comercio-local\/"]}]},{"@type":"ImageObject","inLanguage":"es","@id":"https:\/\/www.copealcoy.es\/es\/comercio-cd-alcoyano-juntos-promocionar-comercio-local\/#primaryimage","url":"https:\/\/www.copealcoy.es\/wp-content\/uploads\/2016\/09\/IMG_4259.jpg","contentUrl":"https:\/\/www.copealcoy.es\/wp-content\/uploads\/2016\/09\/IMG_4259.jpg","width":3264,"height":2448},{"@type":"BreadcrumbList","@id":"https:\/\/www.copealcoy.es\/es\/comercio-cd-alcoyano-juntos-promocionar-comercio-local\/#breadcrumb","itemListElement":[{"@type":"ListItem","position":1,"name":"Portada","item":"https:\/\/www.copealcoy.es\/es\/"},{"@type":"ListItem","position":2,"name":"Comercio y CD Alcoyano juntos para promocionar el comercio local"}]},{"@type":"WebSite","@id":"https:\/\/www.copealcoy.es\/es\/#website","url":"https:\/\/www.copealcoy.es\/es\/","name":"COPE Alcoy","description":"Emisora COPE de radio local con emisi\u00f3n online. Pont de Sant Jordi 8-10 03803 Alcoy","potentialAction":[{"@type":"SearchAction","target":{"@type":"EntryPoint","urlTemplate":"https:\/\/www.copealcoy.es\/es\/?s={search_term_string}"},"query-input":{"@type":"PropertyValueSpecification","valueRequired":true,"valueName":"search_term_string"}}],"inLanguage":"es"},{"@type":"Person","@id":"https:\/\/www.copealcoy.es\/es\/#\/schema\/person\/e777c87fa024e57d40170af9df39882c","name":"Cope Alcoy","image":{"@type":"ImageObject","inLanguage":"es","@id":"https:\/\/secure.gravatar.com\/avatar\/bb65d0283347e303893ba14f0692005417c1e0e690a325a4c5d8bb2b3943ee14?s=96&d=mm&r=g","url":"https:\/\/secure.gravatar.com\/avatar\/bb65d0283347e303893ba14f0692005417c1e0e690a325a4c5d8bb2b3943ee14?s=96&d=mm&r=g","contentUrl":"https:\/\/secure.gravatar.com\/avatar\/bb65d0283347e303893ba14f0692005417c1e0e690a325a4c5d8bb2b3943ee14?s=96&d=mm&r=g","caption":"Cope Alcoy"}}]}},"_links":{"self":[{"href":"https:\/\/www.copealcoy.es\/es\/wp-json\/wp\/v2\/posts\/24612","targetHints":{"allow":["GET"]}}],"collection":[{"href":"https:\/\/www.copealcoy.es\/es\/wp-json\/wp\/v2\/posts"}],"about":[{"href":"https:\/\/www.copealcoy.es\/es\/wp-json\/wp\/v2\/types\/post"}],"author":[{"embeddable":true,"href":"https:\/\/www.copealcoy.es\/es\/wp-json\/wp\/v2\/users\/1"}],"replies":[{"embeddable":true,"href":"https:\/\/www.copealcoy.es\/es\/wp-json\/wp\/v2\/comments?post=24612"}],"version-history":[{"count":0,"href":"https:\/\/www.copealcoy.es\/es\/wp-json\/wp\/v2\/posts\/24612\/revisions"}],"wp:featuredmedia":[{"embeddable":true,"href":"https:\/\/www.copealcoy.es\/es\/wp-json\/wp\/v2\/media\/24613"}],"wp:attachment":[{"href":"https:\/\/www.copealcoy.es\/es\/wp-json\/wp\/v2\/media?parent=24612"}],"wp:term":[{"taxonomy":"category","embeddable":true,"href":"https:\/\/www.copealcoy.es\/es\/wp-json\/wp\/v2\/categories?post=24612"},{"taxonomy":"post_tag","embeddable":true,"href":"https:\/\/www.copealcoy.es\/es\/wp-json\/wp\/v2\/tags?post=24612"}],"curies":[{"name":"wp","href":"https:\/\/api.w.org\/{rel}","templated":true}]}}