{"id":24493,"date":"2016-08-19T08:49:58","date_gmt":"2016-08-19T08:49:58","guid":{"rendered":"http:\/\/copealcoi.es\/new\/?p=24493"},"modified":"2016-08-19T08:49:58","modified_gmt":"2016-08-19T08:49:58","slug":"la-diputacion-reforzara-la-promocion-las-cerezas-la-montana","status":"publish","type":"post","link":"https:\/\/www.copealcoy.es\/es\/la-diputacion-reforzara-la-promocion-las-cerezas-la-montana\/","title":{"rendered":"La Diputaci\u00f3n reforzar\u00e1 la promoci\u00f3n de las cerezas de La Monta\u00f1a"},"content":{"rendered":"<p style=\"text-align: justify;\">El diputado de Fomento, Sebasti\u00e1n Ca\u00f1adas, y el presidente del Consejo Regulador de la Indicaci\u00f3n Geogr\u00e1fica Protegida Cerezas monta\u00f1a de Alicante, Hilario Calabuig, han suscrito un convenio para reforzar las actuaciones de promoci\u00f3n, comercializaci\u00f3n y certificaci\u00f3n de este producto agr\u00edcola.<\/p>\n<p style=\"text-align: justify;\">El acuerdo, seg\u00fan la informaci\u00f3n facilitada, contempla una dotaci\u00f3n de 7.500 euros, con los que se fomentar\u00e1 la defensa de la calidad de las cerezas en los mercados nacionales e internacionales. Sebasti\u00e1n Ca\u00f1adas manifestaba que la firma supone la renovaci\u00f3n del convenio que se suscribe todos los a\u00f1os, y cuya inversi\u00f3n se destina en esta ocasi\u00f3n \u00aba propiciar los controles de calidad y certificaciones de la cereza, as\u00ed como a difundir el sector\u00bb.<\/p>\n<p style=\"text-align: justify;\">El consejo regulador de la cereza tiene previsto, dentro de las acciones programadas para el presente ejercicio, llevar a cabo actividades para fomentar el conocimiento y consumo de este fruto, con el objetivo de propiciar su permanencia y al mismo tiempo relanzar el sector, dada la importancia socioecon\u00f3mica del mismo en los municipios de la zona de La Monta\u00f1a de Alicante<\/p>\n<p>&nbsp;<\/p>\n","protected":false},"excerpt":{"rendered":"<p>El diputado de Fomento, Sebasti\u00e1n Ca\u00f1adas, y el presidente del Consejo Regulador de la Indicaci\u00f3n Geogr\u00e1fica Protegida Cerezas monta\u00f1a de&#8230;<\/p>\n","protected":false},"author":1,"featured_media":24494,"comment_status":"open","ping_status":"open","sticky":false,"template":"","format":"standard","meta":{"footnotes":""},"categories":[97,98,75],"tags":[964,234,2787],"class_list":["post-24493","post","type-post","status-publish","format-standard","has-post-thumbnail","hentry","category-alcoy","category-comarcas","category-noticias","tag-cereza","tag-diputacion","tag-montana-de-alicante"],"yoast_head":"<!-- This site is optimized with the Yoast SEO plugin v27.3 - https:\/\/yoast.com\/product\/yoast-seo-wordpress\/ -->\n<title>La Diputaci\u00f3n reforzar\u00e1 la promoci\u00f3n de las cerezas de La Monta\u00f1a - COPE Alcoy<\/title>\n<meta name=\"robots\" content=\"index, follow, max-snippet:-1, max-image-preview:large, max-video-preview:-1\" \/>\n<link rel=\"canonical\" href=\"https:\/\/www.copealcoy.es\/es\/la-diputacion-reforzara-la-promocion-las-cerezas-la-montana\/\" \/>\n<meta property=\"og:locale\" content=\"es_ES\" \/>\n<meta property=\"og:type\" content=\"article\" \/>\n<meta property=\"og:title\" content=\"La Diputaci\u00f3n reforzar\u00e1 la promoci\u00f3n de las cerezas de La Monta\u00f1a - COPE Alcoy\" \/>\n<meta property=\"og:description\" content=\"El diputado de Fomento, Sebasti\u00e1n Ca\u00f1adas, y el presidente del Consejo Regulador de la Indicaci\u00f3n Geogr\u00e1fica Protegida Cerezas monta\u00f1a de...\" \/>\n<meta property=\"og:url\" content=\"https:\/\/www.copealcoy.es\/es\/la-diputacion-reforzara-la-promocion-las-cerezas-la-montana\/\" \/>\n<meta property=\"og:site_name\" content=\"COPE Alcoy\" \/>\n<meta property=\"article:published_time\" content=\"2016-08-19T08:49:58+00:00\" \/>\n<meta property=\"og:image\" content=\"https:\/\/www.copealcoy.es\/wp-content\/uploads\/2016\/08\/081816-Firma-convenio-cereza.jpg\" \/>\n\t<meta property=\"og:image:width\" content=\"2126\" \/>\n\t<meta property=\"og:image:height\" content=\"1417\" \/>\n\t<meta property=\"og:image:type\" content=\"image\/jpeg\" \/>\n<meta name=\"author\" content=\"Cope Alcoy\" \/>\n<meta name=\"twitter:label1\" content=\"Escrito por\" \/>\n\t<meta name=\"twitter:data1\" content=\"Cope Alcoy\" \/>\n\t<meta name=\"twitter:label2\" content=\"Tiempo de lectura\" \/>\n\t<meta name=\"twitter:data2\" content=\"1 minuto\" \/>\n<script type=\"application\/ld+json\" class=\"yoast-schema-graph\">{\"@context\":\"https:\\\/\\\/schema.org\",\"@graph\":[{\"@type\":\"Article\",\"@id\":\"https:\\\/\\\/www.copealcoy.es\\\/es\\\/la-diputacion-reforzara-la-promocion-las-cerezas-la-montana\\\/#article\",\"isPartOf\":{\"@id\":\"https:\\\/\\\/www.copealcoy.es\\\/es\\\/la-diputacion-reforzara-la-promocion-las-cerezas-la-montana\\\/\"},\"author\":{\"name\":\"Cope Alcoy\",\"@id\":\"https:\\\/\\\/www.copealcoy.es\\\/es\\\/#\\\/schema\\\/person\\\/e777c87fa024e57d40170af9df39882c\"},\"headline\":\"La Diputaci\u00f3n reforzar\u00e1 la promoci\u00f3n de las cerezas de La Monta\u00f1a\",\"datePublished\":\"2016-08-19T08:49:58+00:00\",\"mainEntityOfPage\":{\"@id\":\"https:\\\/\\\/www.copealcoy.es\\\/es\\\/la-diputacion-reforzara-la-promocion-las-cerezas-la-montana\\\/\"},\"wordCount\":208,\"commentCount\":0,\"image\":{\"@id\":\"https:\\\/\\\/www.copealcoy.es\\\/es\\\/la-diputacion-reforzara-la-promocion-las-cerezas-la-montana\\\/#primaryimage\"},\"thumbnailUrl\":\"https:\\\/\\\/www.copealcoy.es\\\/wp-content\\\/uploads\\\/2016\\\/08\\\/081816-Firma-convenio-cereza.jpg\",\"keywords\":[\"Cereza\",\"Diputaci\u00f3n\",\"Monta\u00f1a de Alicante\"],\"articleSection\":[\"Alcoy\",\"Comarcas\",\"Noticias\"],\"inLanguage\":\"es\"},{\"@type\":\"WebPage\",\"@id\":\"https:\\\/\\\/www.copealcoy.es\\\/es\\\/la-diputacion-reforzara-la-promocion-las-cerezas-la-montana\\\/\",\"url\":\"https:\\\/\\\/www.copealcoy.es\\\/es\\\/la-diputacion-reforzara-la-promocion-las-cerezas-la-montana\\\/\",\"name\":\"La Diputaci\u00f3n reforzar\u00e1 la promoci\u00f3n de las cerezas de La Monta\u00f1a - COPE Alcoy\",\"isPartOf\":{\"@id\":\"https:\\\/\\\/www.copealcoy.es\\\/es\\\/#website\"},\"primaryImageOfPage\":{\"@id\":\"https:\\\/\\\/www.copealcoy.es\\\/es\\\/la-diputacion-reforzara-la-promocion-las-cerezas-la-montana\\\/#primaryimage\"},\"image\":{\"@id\":\"https:\\\/\\\/www.copealcoy.es\\\/es\\\/la-diputacion-reforzara-la-promocion-las-cerezas-la-montana\\\/#primaryimage\"},\"thumbnailUrl\":\"https:\\\/\\\/www.copealcoy.es\\\/wp-content\\\/uploads\\\/2016\\\/08\\\/081816-Firma-convenio-cereza.jpg\",\"datePublished\":\"2016-08-19T08:49:58+00:00\",\"author\":{\"@id\":\"https:\\\/\\\/www.copealcoy.es\\\/es\\\/#\\\/schema\\\/person\\\/e777c87fa024e57d40170af9df39882c\"},\"breadcrumb\":{\"@id\":\"https:\\\/\\\/www.copealcoy.es\\\/es\\\/la-diputacion-reforzara-la-promocion-las-cerezas-la-montana\\\/#breadcrumb\"},\"inLanguage\":\"es\",\"potentialAction\":[{\"@type\":\"ReadAction\",\"target\":[\"https:\\\/\\\/www.copealcoy.es\\\/es\\\/la-diputacion-reforzara-la-promocion-las-cerezas-la-montana\\\/\"]}]},{\"@type\":\"ImageObject\",\"inLanguage\":\"es\",\"@id\":\"https:\\\/\\\/www.copealcoy.es\\\/es\\\/la-diputacion-reforzara-la-promocion-las-cerezas-la-montana\\\/#primaryimage\",\"url\":\"https:\\\/\\\/www.copealcoy.es\\\/wp-content\\\/uploads\\\/2016\\\/08\\\/081816-Firma-convenio-cereza.jpg\",\"contentUrl\":\"https:\\\/\\\/www.copealcoy.es\\\/wp-content\\\/uploads\\\/2016\\\/08\\\/081816-Firma-convenio-cereza.jpg\",\"width\":2126,\"height\":1417},{\"@type\":\"BreadcrumbList\",\"@id\":\"https:\\\/\\\/www.copealcoy.es\\\/es\\\/la-diputacion-reforzara-la-promocion-las-cerezas-la-montana\\\/#breadcrumb\",\"itemListElement\":[{\"@type\":\"ListItem\",\"position\":1,\"name\":\"Portada\",\"item\":\"https:\\\/\\\/www.copealcoy.es\\\/es\\\/\"},{\"@type\":\"ListItem\",\"position\":2,\"name\":\"La Diputaci\u00f3n reforzar\u00e1 la promoci\u00f3n de las cerezas de La Monta\u00f1a\"}]},{\"@type\":\"WebSite\",\"@id\":\"https:\\\/\\\/www.copealcoy.es\\\/es\\\/#website\",\"url\":\"https:\\\/\\\/www.copealcoy.es\\\/es\\\/\",\"name\":\"COPE Alcoy\",\"description\":\"Emisora COPE de radio local con emisi\u00f3n online. Pont de Sant Jordi 8-10 03803 Alcoy\",\"potentialAction\":[{\"@type\":\"SearchAction\",\"target\":{\"@type\":\"EntryPoint\",\"urlTemplate\":\"https:\\\/\\\/www.copealcoy.es\\\/es\\\/?s={search_term_string}\"},\"query-input\":{\"@type\":\"PropertyValueSpecification\",\"valueRequired\":true,\"valueName\":\"search_term_string\"}}],\"inLanguage\":\"es\"},{\"@type\":\"Person\",\"@id\":\"https:\\\/\\\/www.copealcoy.es\\\/es\\\/#\\\/schema\\\/person\\\/e777c87fa024e57d40170af9df39882c\",\"name\":\"Cope Alcoy\",\"image\":{\"@type\":\"ImageObject\",\"inLanguage\":\"es\",\"@id\":\"https:\\\/\\\/secure.gravatar.com\\\/avatar\\\/bb65d0283347e303893ba14f0692005417c1e0e690a325a4c5d8bb2b3943ee14?s=96&d=mm&r=g\",\"url\":\"https:\\\/\\\/secure.gravatar.com\\\/avatar\\\/bb65d0283347e303893ba14f0692005417c1e0e690a325a4c5d8bb2b3943ee14?s=96&d=mm&r=g\",\"contentUrl\":\"https:\\\/\\\/secure.gravatar.com\\\/avatar\\\/bb65d0283347e303893ba14f0692005417c1e0e690a325a4c5d8bb2b3943ee14?s=96&d=mm&r=g\",\"caption\":\"Cope Alcoy\"}}]}<\/script>\n<!-- \/ Yoast SEO plugin. -->","yoast_head_json":{"title":"La Diputaci\u00f3n reforzar\u00e1 la promoci\u00f3n de las cerezas de La Monta\u00f1a - COPE Alcoy","robots":{"index":"index","follow":"follow","max-snippet":"max-snippet:-1","max-image-preview":"max-image-preview:large","max-video-preview":"max-video-preview:-1"},"canonical":"https:\/\/www.copealcoy.es\/es\/la-diputacion-reforzara-la-promocion-las-cerezas-la-montana\/","og_locale":"es_ES","og_type":"article","og_title":"La Diputaci\u00f3n reforzar\u00e1 la promoci\u00f3n de las cerezas de La Monta\u00f1a - COPE Alcoy","og_description":"El diputado de Fomento, Sebasti\u00e1n Ca\u00f1adas, y el presidente del Consejo Regulador de la Indicaci\u00f3n Geogr\u00e1fica Protegida Cerezas monta\u00f1a de...","og_url":"https:\/\/www.copealcoy.es\/es\/la-diputacion-reforzara-la-promocion-las-cerezas-la-montana\/","og_site_name":"COPE Alcoy","article_published_time":"2016-08-19T08:49:58+00:00","og_image":[{"width":2126,"height":1417,"url":"https:\/\/www.copealcoy.es\/wp-content\/uploads\/2016\/08\/081816-Firma-convenio-cereza.jpg","type":"image\/jpeg"}],"author":"Cope Alcoy","twitter_misc":{"Escrito por":"Cope Alcoy","Tiempo de lectura":"1 minuto"},"schema":{"@context":"https:\/\/schema.org","@graph":[{"@type":"Article","@id":"https:\/\/www.copealcoy.es\/es\/la-diputacion-reforzara-la-promocion-las-cerezas-la-montana\/#article","isPartOf":{"@id":"https:\/\/www.copealcoy.es\/es\/la-diputacion-reforzara-la-promocion-las-cerezas-la-montana\/"},"author":{"name":"Cope Alcoy","@id":"https:\/\/www.copealcoy.es\/es\/#\/schema\/person\/e777c87fa024e57d40170af9df39882c"},"headline":"La Diputaci\u00f3n reforzar\u00e1 la promoci\u00f3n de las cerezas de La Monta\u00f1a","datePublished":"2016-08-19T08:49:58+00:00","mainEntityOfPage":{"@id":"https:\/\/www.copealcoy.es\/es\/la-diputacion-reforzara-la-promocion-las-cerezas-la-montana\/"},"wordCount":208,"commentCount":0,"image":{"@id":"https:\/\/www.copealcoy.es\/es\/la-diputacion-reforzara-la-promocion-las-cerezas-la-montana\/#primaryimage"},"thumbnailUrl":"https:\/\/www.copealcoy.es\/wp-content\/uploads\/2016\/08\/081816-Firma-convenio-cereza.jpg","keywords":["Cereza","Diputaci\u00f3n","Monta\u00f1a de Alicante"],"articleSection":["Alcoy","Comarcas","Noticias"],"inLanguage":"es"},{"@type":"WebPage","@id":"https:\/\/www.copealcoy.es\/es\/la-diputacion-reforzara-la-promocion-las-cerezas-la-montana\/","url":"https:\/\/www.copealcoy.es\/es\/la-diputacion-reforzara-la-promocion-las-cerezas-la-montana\/","name":"La Diputaci\u00f3n reforzar\u00e1 la promoci\u00f3n de las cerezas de La Monta\u00f1a - COPE Alcoy","isPartOf":{"@id":"https:\/\/www.copealcoy.es\/es\/#website"},"primaryImageOfPage":{"@id":"https:\/\/www.copealcoy.es\/es\/la-diputacion-reforzara-la-promocion-las-cerezas-la-montana\/#primaryimage"},"image":{"@id":"https:\/\/www.copealcoy.es\/es\/la-diputacion-reforzara-la-promocion-las-cerezas-la-montana\/#primaryimage"},"thumbnailUrl":"https:\/\/www.copealcoy.es\/wp-content\/uploads\/2016\/08\/081816-Firma-convenio-cereza.jpg","datePublished":"2016-08-19T08:49:58+00:00","author":{"@id":"https:\/\/www.copealcoy.es\/es\/#\/schema\/person\/e777c87fa024e57d40170af9df39882c"},"breadcrumb":{"@id":"https:\/\/www.copealcoy.es\/es\/la-diputacion-reforzara-la-promocion-las-cerezas-la-montana\/#breadcrumb"},"inLanguage":"es","potentialAction":[{"@type":"ReadAction","target":["https:\/\/www.copealcoy.es\/es\/la-diputacion-reforzara-la-promocion-las-cerezas-la-montana\/"]}]},{"@type":"ImageObject","inLanguage":"es","@id":"https:\/\/www.copealcoy.es\/es\/la-diputacion-reforzara-la-promocion-las-cerezas-la-montana\/#primaryimage","url":"https:\/\/www.copealcoy.es\/wp-content\/uploads\/2016\/08\/081816-Firma-convenio-cereza.jpg","contentUrl":"https:\/\/www.copealcoy.es\/wp-content\/uploads\/2016\/08\/081816-Firma-convenio-cereza.jpg","width":2126,"height":1417},{"@type":"BreadcrumbList","@id":"https:\/\/www.copealcoy.es\/es\/la-diputacion-reforzara-la-promocion-las-cerezas-la-montana\/#breadcrumb","itemListElement":[{"@type":"ListItem","position":1,"name":"Portada","item":"https:\/\/www.copealcoy.es\/es\/"},{"@type":"ListItem","position":2,"name":"La Diputaci\u00f3n reforzar\u00e1 la promoci\u00f3n de las cerezas de La Monta\u00f1a"}]},{"@type":"WebSite","@id":"https:\/\/www.copealcoy.es\/es\/#website","url":"https:\/\/www.copealcoy.es\/es\/","name":"COPE Alcoy","description":"Emisora COPE de radio local con emisi\u00f3n online. Pont de Sant Jordi 8-10 03803 Alcoy","potentialAction":[{"@type":"SearchAction","target":{"@type":"EntryPoint","urlTemplate":"https:\/\/www.copealcoy.es\/es\/?s={search_term_string}"},"query-input":{"@type":"PropertyValueSpecification","valueRequired":true,"valueName":"search_term_string"}}],"inLanguage":"es"},{"@type":"Person","@id":"https:\/\/www.copealcoy.es\/es\/#\/schema\/person\/e777c87fa024e57d40170af9df39882c","name":"Cope Alcoy","image":{"@type":"ImageObject","inLanguage":"es","@id":"https:\/\/secure.gravatar.com\/avatar\/bb65d0283347e303893ba14f0692005417c1e0e690a325a4c5d8bb2b3943ee14?s=96&d=mm&r=g","url":"https:\/\/secure.gravatar.com\/avatar\/bb65d0283347e303893ba14f0692005417c1e0e690a325a4c5d8bb2b3943ee14?s=96&d=mm&r=g","contentUrl":"https:\/\/secure.gravatar.com\/avatar\/bb65d0283347e303893ba14f0692005417c1e0e690a325a4c5d8bb2b3943ee14?s=96&d=mm&r=g","caption":"Cope Alcoy"}}]}},"_links":{"self":[{"href":"https:\/\/www.copealcoy.es\/es\/wp-json\/wp\/v2\/posts\/24493","targetHints":{"allow":["GET"]}}],"collection":[{"href":"https:\/\/www.copealcoy.es\/es\/wp-json\/wp\/v2\/posts"}],"about":[{"href":"https:\/\/www.copealcoy.es\/es\/wp-json\/wp\/v2\/types\/post"}],"author":[{"embeddable":true,"href":"https:\/\/www.copealcoy.es\/es\/wp-json\/wp\/v2\/users\/1"}],"replies":[{"embeddable":true,"href":"https:\/\/www.copealcoy.es\/es\/wp-json\/wp\/v2\/comments?post=24493"}],"version-history":[{"count":0,"href":"https:\/\/www.copealcoy.es\/es\/wp-json\/wp\/v2\/posts\/24493\/revisions"}],"wp:featuredmedia":[{"embeddable":true,"href":"https:\/\/www.copealcoy.es\/es\/wp-json\/wp\/v2\/media\/24494"}],"wp:attachment":[{"href":"https:\/\/www.copealcoy.es\/es\/wp-json\/wp\/v2\/media?parent=24493"}],"wp:term":[{"taxonomy":"category","embeddable":true,"href":"https:\/\/www.copealcoy.es\/es\/wp-json\/wp\/v2\/categories?post=24493"},{"taxonomy":"post_tag","embeddable":true,"href":"https:\/\/www.copealcoy.es\/es\/wp-json\/wp\/v2\/tags?post=24493"}],"curies":[{"name":"wp","href":"https:\/\/api.w.org\/{rel}","templated":true}]}}