{"id":24431,"date":"2016-08-15T14:18:44","date_gmt":"2016-08-15T14:18:44","guid":{"rendered":"http:\/\/copealcoi.es\/new\/?p=24431"},"modified":"2016-08-15T21:43:31","modified_gmt":"2016-08-15T21:43:31","slug":"bequeteros-cavallets-protagonizan-lambaixada-les-tomaques","status":"publish","type":"post","link":"https:\/\/www.copealcoy.es\/es\/bequeteros-cavallets-protagonizan-lambaixada-les-tomaques\/","title":{"rendered":"Bequeteros y Cavallets protagonizan L\u00b4Ambaixada de les Tomaques"},"content":{"rendered":"<p style=\"text-align: justify;\">Uno de los actos m\u00e1s emblem\u00e1ticos del d\u00eda del Alardo en Cocentaina es <strong>l\u00b4Ambaixada de las Tomaques<\/strong> que protagonizan les filaes Cavaller\u00eda Ministerial y Bequeteros. Su origen radica en que a\u00f1os atr\u00e1s ambas formaciones eran consideradas <em>\u201cFilaes de Cavalleria\u201d<\/em> y por tal condici\u00f3n eran las encargadas de abrir la procesi\u00f3n o cerrar actos como la Diana o la Entrada. Adem\u00e1s <strong>no pod\u00edan disparar en la jornada del Alardo<\/strong> y ante esta situaci\u00f3n decidieron crear su propia batalla teniendo como munici\u00f3n los frutos de la huerta contestana, es decir, los tomates.<\/p>\n<p style=\"text-align: justify;\">Un a\u00f1o m\u00e1s este particular ritual se ha repetido y a mediod\u00eda de este lunes, en el solar ubicado a <strong>espaldas del Colegio San Juan Boco II,<\/strong> ha tenido lugar la peculiar embajada en la que no han faltado los parlamentos marcados por el buen humor y la iron\u00eda. Tambi\u00e9n se ha hecho referencia a la ubicaci\u00f3n de esta peculiar embajada ya que el pr\u00f3ximo a\u00f1o tendr\u00e1 que cambiar de destino al construirse en el solar donde se realiza el nuevo colegio San Juan Bosco.\u00a0Seguidamente, sin tiempo para el descanso, ha comenzado la <strong>cruenta lucha<\/strong> que ha finalizado con un buen remojo de agua para retirar los efectos del tomate.<\/p>\n<p style=\"text-align: justify;\">Por \u00faltimo Cavallets y Bequeteros <strong>han sellado la paz<\/strong> y se han desplazado hasta sus respectivas filaes para disfrutar del vermut y la \u00faltima comida de las fiestas de moros y cristianos de este 2016.<\/p>\n<figure id=\"attachment_24440\" aria-describedby=\"caption-attachment-24440\" style=\"width: 4224px\" class=\"wp-caption aligncenter\"><a href=\"https:\/\/www.copealcoy.es\/bequeteros-cavallets-protagonizan-lambaixada-les-tomaques\/dsc01952\/\" rel=\"attachment wp-att-24440\"><img loading=\"lazy\" decoding=\"async\" class=\"size-full wp-image-24440\" src=\"https:\/\/www.copealcoy.es\/wp-content\/uploads\/2016\/08\/DSC01952.jpg\" alt=\"Foto de familia de los Bequeteros y Cavallets tras acabar la Embajada \" width=\"4224\" height=\"3168\" srcset=\"https:\/\/www.copealcoy.es\/wp-content\/uploads\/2016\/08\/DSC01952.jpg 4224w, https:\/\/www.copealcoy.es\/wp-content\/uploads\/2016\/08\/DSC01952-300x225.jpg 300w, https:\/\/www.copealcoy.es\/wp-content\/uploads\/2016\/08\/DSC01952-768x576.jpg 768w, https:\/\/www.copealcoy.es\/wp-content\/uploads\/2016\/08\/DSC01952-1024x768.jpg 1024w\" sizes=\"auto, (max-width: 4224px) 100vw, 4224px\" \/><\/a><figcaption id=\"caption-attachment-24440\" class=\"wp-caption-text\">Foto de familia de los Bequeteros y Cavallets tras acabar la Embajada<\/figcaption><\/figure>\n","protected":false},"excerpt":{"rendered":"<p>Uno de los actos m\u00e1s emblem\u00e1ticos del d\u00eda del Alardo en Cocentaina es l\u00b4Ambaixada de las Tomaques que protagonizan les&#8230;<\/p>\n","protected":false},"author":1,"featured_media":24432,"comment_status":"open","ping_status":"open","sticky":false,"template":"","format":"standard","meta":{"footnotes":""},"categories":[98,75],"tags":[2784,1294,2782,2783],"class_list":["post-24431","post","type-post","status-publish","format-standard","has-post-thumbnail","hentry","category-comarcas","category-noticias","tag-ambaixada-tomaques","tag-bequeteros","tag-cavallets","tag-protagonizan"],"yoast_head":"<!-- This site is optimized with the Yoast SEO plugin v27.3 - https:\/\/yoast.com\/product\/yoast-seo-wordpress\/ -->\n<title>Bequeteros y Cavallets protagonizan L\u00b4Ambaixada de les Tomaques - COPE Alcoy<\/title>\n<meta name=\"robots\" content=\"index, follow, max-snippet:-1, max-image-preview:large, max-video-preview:-1\" \/>\n<link rel=\"canonical\" href=\"https:\/\/www.copealcoy.es\/es\/bequeteros-cavallets-protagonizan-lambaixada-les-tomaques\/\" \/>\n<meta property=\"og:locale\" content=\"es_ES\" \/>\n<meta property=\"og:type\" content=\"article\" \/>\n<meta property=\"og:title\" content=\"Bequeteros y Cavallets protagonizan L\u00b4Ambaixada de les Tomaques - COPE Alcoy\" \/>\n<meta property=\"og:description\" content=\"Uno de los actos m\u00e1s emblem\u00e1ticos del d\u00eda del Alardo en Cocentaina es l\u00b4Ambaixada de las Tomaques que protagonizan les...\" \/>\n<meta property=\"og:url\" content=\"https:\/\/www.copealcoy.es\/es\/bequeteros-cavallets-protagonizan-lambaixada-les-tomaques\/\" \/>\n<meta property=\"og:site_name\" content=\"COPE Alcoy\" \/>\n<meta property=\"article:published_time\" content=\"2016-08-15T14:18:44+00:00\" \/>\n<meta property=\"article:modified_time\" content=\"2016-08-15T21:43:31+00:00\" \/>\n<meta property=\"og:image\" content=\"https:\/\/www.copealcoy.es\/wp-content\/uploads\/2016\/08\/DSC01949-e1471270686533.jpg\" \/>\n\t<meta property=\"og:image:width\" content=\"4213\" \/>\n\t<meta property=\"og:image:height\" content=\"2291\" \/>\n\t<meta property=\"og:image:type\" content=\"image\/jpeg\" \/>\n<meta name=\"author\" content=\"Cope Alcoy\" \/>\n<meta name=\"twitter:label1\" content=\"Escrito por\" \/>\n\t<meta name=\"twitter:data1\" content=\"Cope Alcoy\" \/>\n\t<meta name=\"twitter:label2\" content=\"Tiempo de lectura\" \/>\n\t<meta name=\"twitter:data2\" content=\"1 minuto\" \/>\n<script type=\"application\/ld+json\" class=\"yoast-schema-graph\">{\"@context\":\"https:\\\/\\\/schema.org\",\"@graph\":[{\"@type\":\"Article\",\"@id\":\"https:\\\/\\\/www.copealcoy.es\\\/es\\\/bequeteros-cavallets-protagonizan-lambaixada-les-tomaques\\\/#article\",\"isPartOf\":{\"@id\":\"https:\\\/\\\/www.copealcoy.es\\\/es\\\/bequeteros-cavallets-protagonizan-lambaixada-les-tomaques\\\/\"},\"author\":{\"name\":\"Cope Alcoy\",\"@id\":\"https:\\\/\\\/www.copealcoy.es\\\/es\\\/#\\\/schema\\\/person\\\/e777c87fa024e57d40170af9df39882c\"},\"headline\":\"Bequeteros y Cavallets protagonizan L\u00b4Ambaixada de les Tomaques\",\"datePublished\":\"2016-08-15T14:18:44+00:00\",\"dateModified\":\"2016-08-15T21:43:31+00:00\",\"mainEntityOfPage\":{\"@id\":\"https:\\\/\\\/www.copealcoy.es\\\/es\\\/bequeteros-cavallets-protagonizan-lambaixada-les-tomaques\\\/\"},\"wordCount\":284,\"commentCount\":0,\"image\":{\"@id\":\"https:\\\/\\\/www.copealcoy.es\\\/es\\\/bequeteros-cavallets-protagonizan-lambaixada-les-tomaques\\\/#primaryimage\"},\"thumbnailUrl\":\"https:\\\/\\\/www.copealcoy.es\\\/wp-content\\\/uploads\\\/2016\\\/08\\\/DSC01949-e1471270686533.jpg\",\"keywords\":[\"Ambaixada Tomaques\",\"Bequeteros\",\"Cavallets\",\"protagonizan\"],\"articleSection\":[\"Comarcas\",\"Noticias\"],\"inLanguage\":\"es\"},{\"@type\":\"WebPage\",\"@id\":\"https:\\\/\\\/www.copealcoy.es\\\/es\\\/bequeteros-cavallets-protagonizan-lambaixada-les-tomaques\\\/\",\"url\":\"https:\\\/\\\/www.copealcoy.es\\\/es\\\/bequeteros-cavallets-protagonizan-lambaixada-les-tomaques\\\/\",\"name\":\"Bequeteros y Cavallets protagonizan L\u00b4Ambaixada de les Tomaques - COPE Alcoy\",\"isPartOf\":{\"@id\":\"https:\\\/\\\/www.copealcoy.es\\\/es\\\/#website\"},\"primaryImageOfPage\":{\"@id\":\"https:\\\/\\\/www.copealcoy.es\\\/es\\\/bequeteros-cavallets-protagonizan-lambaixada-les-tomaques\\\/#primaryimage\"},\"image\":{\"@id\":\"https:\\\/\\\/www.copealcoy.es\\\/es\\\/bequeteros-cavallets-protagonizan-lambaixada-les-tomaques\\\/#primaryimage\"},\"thumbnailUrl\":\"https:\\\/\\\/www.copealcoy.es\\\/wp-content\\\/uploads\\\/2016\\\/08\\\/DSC01949-e1471270686533.jpg\",\"datePublished\":\"2016-08-15T14:18:44+00:00\",\"dateModified\":\"2016-08-15T21:43:31+00:00\",\"author\":{\"@id\":\"https:\\\/\\\/www.copealcoy.es\\\/es\\\/#\\\/schema\\\/person\\\/e777c87fa024e57d40170af9df39882c\"},\"breadcrumb\":{\"@id\":\"https:\\\/\\\/www.copealcoy.es\\\/es\\\/bequeteros-cavallets-protagonizan-lambaixada-les-tomaques\\\/#breadcrumb\"},\"inLanguage\":\"es\",\"potentialAction\":[{\"@type\":\"ReadAction\",\"target\":[\"https:\\\/\\\/www.copealcoy.es\\\/es\\\/bequeteros-cavallets-protagonizan-lambaixada-les-tomaques\\\/\"]}]},{\"@type\":\"ImageObject\",\"inLanguage\":\"es\",\"@id\":\"https:\\\/\\\/www.copealcoy.es\\\/es\\\/bequeteros-cavallets-protagonizan-lambaixada-les-tomaques\\\/#primaryimage\",\"url\":\"https:\\\/\\\/www.copealcoy.es\\\/wp-content\\\/uploads\\\/2016\\\/08\\\/DSC01949-e1471270686533.jpg\",\"contentUrl\":\"https:\\\/\\\/www.copealcoy.es\\\/wp-content\\\/uploads\\\/2016\\\/08\\\/DSC01949-e1471270686533.jpg\",\"width\":4213,\"height\":2291,\"caption\":\"Bequeteros y Cavallets han protagonizado este acto\"},{\"@type\":\"BreadcrumbList\",\"@id\":\"https:\\\/\\\/www.copealcoy.es\\\/es\\\/bequeteros-cavallets-protagonizan-lambaixada-les-tomaques\\\/#breadcrumb\",\"itemListElement\":[{\"@type\":\"ListItem\",\"position\":1,\"name\":\"Portada\",\"item\":\"https:\\\/\\\/www.copealcoy.es\\\/es\\\/\"},{\"@type\":\"ListItem\",\"position\":2,\"name\":\"Bequeteros y Cavallets protagonizan L\u00b4Ambaixada de les Tomaques\"}]},{\"@type\":\"WebSite\",\"@id\":\"https:\\\/\\\/www.copealcoy.es\\\/es\\\/#website\",\"url\":\"https:\\\/\\\/www.copealcoy.es\\\/es\\\/\",\"name\":\"COPE Alcoy\",\"description\":\"Emisora COPE de radio local con emisi\u00f3n online. Pont de Sant Jordi 8-10 03803 Alcoy\",\"potentialAction\":[{\"@type\":\"SearchAction\",\"target\":{\"@type\":\"EntryPoint\",\"urlTemplate\":\"https:\\\/\\\/www.copealcoy.es\\\/es\\\/?s={search_term_string}\"},\"query-input\":{\"@type\":\"PropertyValueSpecification\",\"valueRequired\":true,\"valueName\":\"search_term_string\"}}],\"inLanguage\":\"es\"},{\"@type\":\"Person\",\"@id\":\"https:\\\/\\\/www.copealcoy.es\\\/es\\\/#\\\/schema\\\/person\\\/e777c87fa024e57d40170af9df39882c\",\"name\":\"Cope Alcoy\",\"image\":{\"@type\":\"ImageObject\",\"inLanguage\":\"es\",\"@id\":\"https:\\\/\\\/secure.gravatar.com\\\/avatar\\\/bb65d0283347e303893ba14f0692005417c1e0e690a325a4c5d8bb2b3943ee14?s=96&d=mm&r=g\",\"url\":\"https:\\\/\\\/secure.gravatar.com\\\/avatar\\\/bb65d0283347e303893ba14f0692005417c1e0e690a325a4c5d8bb2b3943ee14?s=96&d=mm&r=g\",\"contentUrl\":\"https:\\\/\\\/secure.gravatar.com\\\/avatar\\\/bb65d0283347e303893ba14f0692005417c1e0e690a325a4c5d8bb2b3943ee14?s=96&d=mm&r=g\",\"caption\":\"Cope Alcoy\"}}]}<\/script>\n<!-- \/ Yoast SEO plugin. -->","yoast_head_json":{"title":"Bequeteros y Cavallets protagonizan L\u00b4Ambaixada de les Tomaques - COPE Alcoy","robots":{"index":"index","follow":"follow","max-snippet":"max-snippet:-1","max-image-preview":"max-image-preview:large","max-video-preview":"max-video-preview:-1"},"canonical":"https:\/\/www.copealcoy.es\/es\/bequeteros-cavallets-protagonizan-lambaixada-les-tomaques\/","og_locale":"es_ES","og_type":"article","og_title":"Bequeteros y Cavallets protagonizan L\u00b4Ambaixada de les Tomaques - COPE Alcoy","og_description":"Uno de los actos m\u00e1s emblem\u00e1ticos del d\u00eda del Alardo en Cocentaina es l\u00b4Ambaixada de las Tomaques que protagonizan les...","og_url":"https:\/\/www.copealcoy.es\/es\/bequeteros-cavallets-protagonizan-lambaixada-les-tomaques\/","og_site_name":"COPE Alcoy","article_published_time":"2016-08-15T14:18:44+00:00","article_modified_time":"2016-08-15T21:43:31+00:00","og_image":[{"width":4213,"height":2291,"url":"https:\/\/www.copealcoy.es\/wp-content\/uploads\/2016\/08\/DSC01949-e1471270686533.jpg","type":"image\/jpeg"}],"author":"Cope Alcoy","twitter_misc":{"Escrito por":"Cope Alcoy","Tiempo de lectura":"1 minuto"},"schema":{"@context":"https:\/\/schema.org","@graph":[{"@type":"Article","@id":"https:\/\/www.copealcoy.es\/es\/bequeteros-cavallets-protagonizan-lambaixada-les-tomaques\/#article","isPartOf":{"@id":"https:\/\/www.copealcoy.es\/es\/bequeteros-cavallets-protagonizan-lambaixada-les-tomaques\/"},"author":{"name":"Cope Alcoy","@id":"https:\/\/www.copealcoy.es\/es\/#\/schema\/person\/e777c87fa024e57d40170af9df39882c"},"headline":"Bequeteros y Cavallets protagonizan L\u00b4Ambaixada de les Tomaques","datePublished":"2016-08-15T14:18:44+00:00","dateModified":"2016-08-15T21:43:31+00:00","mainEntityOfPage":{"@id":"https:\/\/www.copealcoy.es\/es\/bequeteros-cavallets-protagonizan-lambaixada-les-tomaques\/"},"wordCount":284,"commentCount":0,"image":{"@id":"https:\/\/www.copealcoy.es\/es\/bequeteros-cavallets-protagonizan-lambaixada-les-tomaques\/#primaryimage"},"thumbnailUrl":"https:\/\/www.copealcoy.es\/wp-content\/uploads\/2016\/08\/DSC01949-e1471270686533.jpg","keywords":["Ambaixada Tomaques","Bequeteros","Cavallets","protagonizan"],"articleSection":["Comarcas","Noticias"],"inLanguage":"es"},{"@type":"WebPage","@id":"https:\/\/www.copealcoy.es\/es\/bequeteros-cavallets-protagonizan-lambaixada-les-tomaques\/","url":"https:\/\/www.copealcoy.es\/es\/bequeteros-cavallets-protagonizan-lambaixada-les-tomaques\/","name":"Bequeteros y Cavallets protagonizan L\u00b4Ambaixada de les Tomaques - COPE Alcoy","isPartOf":{"@id":"https:\/\/www.copealcoy.es\/es\/#website"},"primaryImageOfPage":{"@id":"https:\/\/www.copealcoy.es\/es\/bequeteros-cavallets-protagonizan-lambaixada-les-tomaques\/#primaryimage"},"image":{"@id":"https:\/\/www.copealcoy.es\/es\/bequeteros-cavallets-protagonizan-lambaixada-les-tomaques\/#primaryimage"},"thumbnailUrl":"https:\/\/www.copealcoy.es\/wp-content\/uploads\/2016\/08\/DSC01949-e1471270686533.jpg","datePublished":"2016-08-15T14:18:44+00:00","dateModified":"2016-08-15T21:43:31+00:00","author":{"@id":"https:\/\/www.copealcoy.es\/es\/#\/schema\/person\/e777c87fa024e57d40170af9df39882c"},"breadcrumb":{"@id":"https:\/\/www.copealcoy.es\/es\/bequeteros-cavallets-protagonizan-lambaixada-les-tomaques\/#breadcrumb"},"inLanguage":"es","potentialAction":[{"@type":"ReadAction","target":["https:\/\/www.copealcoy.es\/es\/bequeteros-cavallets-protagonizan-lambaixada-les-tomaques\/"]}]},{"@type":"ImageObject","inLanguage":"es","@id":"https:\/\/www.copealcoy.es\/es\/bequeteros-cavallets-protagonizan-lambaixada-les-tomaques\/#primaryimage","url":"https:\/\/www.copealcoy.es\/wp-content\/uploads\/2016\/08\/DSC01949-e1471270686533.jpg","contentUrl":"https:\/\/www.copealcoy.es\/wp-content\/uploads\/2016\/08\/DSC01949-e1471270686533.jpg","width":4213,"height":2291,"caption":"Bequeteros y Cavallets han protagonizado este acto"},{"@type":"BreadcrumbList","@id":"https:\/\/www.copealcoy.es\/es\/bequeteros-cavallets-protagonizan-lambaixada-les-tomaques\/#breadcrumb","itemListElement":[{"@type":"ListItem","position":1,"name":"Portada","item":"https:\/\/www.copealcoy.es\/es\/"},{"@type":"ListItem","position":2,"name":"Bequeteros y Cavallets protagonizan L\u00b4Ambaixada de les Tomaques"}]},{"@type":"WebSite","@id":"https:\/\/www.copealcoy.es\/es\/#website","url":"https:\/\/www.copealcoy.es\/es\/","name":"COPE Alcoy","description":"Emisora COPE de radio local con emisi\u00f3n online. Pont de Sant Jordi 8-10 03803 Alcoy","potentialAction":[{"@type":"SearchAction","target":{"@type":"EntryPoint","urlTemplate":"https:\/\/www.copealcoy.es\/es\/?s={search_term_string}"},"query-input":{"@type":"PropertyValueSpecification","valueRequired":true,"valueName":"search_term_string"}}],"inLanguage":"es"},{"@type":"Person","@id":"https:\/\/www.copealcoy.es\/es\/#\/schema\/person\/e777c87fa024e57d40170af9df39882c","name":"Cope Alcoy","image":{"@type":"ImageObject","inLanguage":"es","@id":"https:\/\/secure.gravatar.com\/avatar\/bb65d0283347e303893ba14f0692005417c1e0e690a325a4c5d8bb2b3943ee14?s=96&d=mm&r=g","url":"https:\/\/secure.gravatar.com\/avatar\/bb65d0283347e303893ba14f0692005417c1e0e690a325a4c5d8bb2b3943ee14?s=96&d=mm&r=g","contentUrl":"https:\/\/secure.gravatar.com\/avatar\/bb65d0283347e303893ba14f0692005417c1e0e690a325a4c5d8bb2b3943ee14?s=96&d=mm&r=g","caption":"Cope Alcoy"}}]}},"_links":{"self":[{"href":"https:\/\/www.copealcoy.es\/es\/wp-json\/wp\/v2\/posts\/24431","targetHints":{"allow":["GET"]}}],"collection":[{"href":"https:\/\/www.copealcoy.es\/es\/wp-json\/wp\/v2\/posts"}],"about":[{"href":"https:\/\/www.copealcoy.es\/es\/wp-json\/wp\/v2\/types\/post"}],"author":[{"embeddable":true,"href":"https:\/\/www.copealcoy.es\/es\/wp-json\/wp\/v2\/users\/1"}],"replies":[{"embeddable":true,"href":"https:\/\/www.copealcoy.es\/es\/wp-json\/wp\/v2\/comments?post=24431"}],"version-history":[{"count":0,"href":"https:\/\/www.copealcoy.es\/es\/wp-json\/wp\/v2\/posts\/24431\/revisions"}],"wp:featuredmedia":[{"embeddable":true,"href":"https:\/\/www.copealcoy.es\/es\/wp-json\/wp\/v2\/media\/24432"}],"wp:attachment":[{"href":"https:\/\/www.copealcoy.es\/es\/wp-json\/wp\/v2\/media?parent=24431"}],"wp:term":[{"taxonomy":"category","embeddable":true,"href":"https:\/\/www.copealcoy.es\/es\/wp-json\/wp\/v2\/categories?post=24431"},{"taxonomy":"post_tag","embeddable":true,"href":"https:\/\/www.copealcoy.es\/es\/wp-json\/wp\/v2\/tags?post=24431"}],"curies":[{"name":"wp","href":"https:\/\/api.w.org\/{rel}","templated":true}]}}