{"id":24367,"date":"2016-08-12T09:33:35","date_gmt":"2016-08-12T09:33:35","guid":{"rendered":"http:\/\/copealcoi.es\/new\/?p=24367"},"modified":"2016-08-12T09:33:35","modified_gmt":"2016-08-12T09:33:35","slug":"vivienda-licita-la-rehabilitacion-barbacana-la-placeta-les-xiques","status":"publish","type":"post","link":"https:\/\/www.copealcoy.es\/es\/vivienda-licita-la-rehabilitacion-barbacana-la-placeta-les-xiques\/","title":{"rendered":"Vivienda licita la rehabilitaci\u00f3n de Barbacana y la Placeta Les Xiques"},"content":{"rendered":"<p style=\"text-align: justify;\">La <strong>Conseller\u00eda de Vivienda<\/strong> ha licitado la redacci\u00f3n del proyecto para llevar a cabo la rehabilitaci\u00f3n de inmuebles en el Centro de Alcoy, en concreto en el \u00e1rea de <strong>Barbacana y la Placeta Les Xiques.<\/strong><\/p>\n<p style=\"text-align: justify;\">El Diario Oficial de la Generalitat Valenciana <strong>(DOGV)<\/strong> publicaba ayer la licitaci\u00f3n del proyecto de redacci\u00f3n de esta actuaci\u00f3n por un importe de <strong>30.686 euros.<\/strong> El plazo de presentaci\u00f3n de ofertas concluye el 14 de septiembre y la intervenci\u00f3n a realizar en la zona se enmarca dentro del convenio de colaboraci\u00f3n para el desarrollo de actuaciones de Rehabilitaci\u00f3n y Regeneraci\u00f3n Urbana, (ARRU) al que se ha adherido la ciudad.<\/p>\n<p style=\"text-align: justify;\">Indicar que junto a Alcoy otras localidades valencianas como Paterna, Sagunto, Castell\u00f3n, Elche\u00a0o Alicante forman parte de esta iniciativa para la que se ha destinado una <strong>inversi\u00f3n total de 11 millones de euros. <\/strong><\/p>\n<p>&nbsp;<\/p>\n","protected":false},"excerpt":{"rendered":"<p>La Conseller\u00eda de Vivienda ha licitado la redacci\u00f3n del proyecto para llevar a cabo la rehabilitaci\u00f3n de inmuebles en el&#8230;<\/p>\n","protected":false},"author":1,"featured_media":0,"comment_status":"open","ping_status":"open","sticky":false,"template":"","format":"standard","meta":{"footnotes":""},"categories":[97,75,79],"tags":[2770,257,2771,2769,750],"class_list":["post-24367","post","type-post","status-publish","format-standard","hentry","category-alcoy","category-noticias","category-politicayeconomia","tag-barbacana","tag-licitacion","tag-placeta-les-xiques","tag-rehabilitacion-viviendas","tag-vivienda"],"yoast_head":"<!-- This site is optimized with the Yoast SEO plugin v27.3 - https:\/\/yoast.com\/product\/yoast-seo-wordpress\/ -->\n<title>Vivienda licita la rehabilitaci\u00f3n de Barbacana y la Placeta Les Xiques - COPE Alcoy<\/title>\n<meta name=\"robots\" content=\"index, follow, max-snippet:-1, max-image-preview:large, max-video-preview:-1\" \/>\n<link rel=\"canonical\" href=\"https:\/\/www.copealcoy.es\/es\/vivienda-licita-la-rehabilitacion-barbacana-la-placeta-les-xiques\/\" \/>\n<meta property=\"og:locale\" content=\"es_ES\" \/>\n<meta property=\"og:type\" content=\"article\" \/>\n<meta property=\"og:title\" content=\"Vivienda licita la rehabilitaci\u00f3n de Barbacana y la Placeta Les Xiques - COPE Alcoy\" \/>\n<meta property=\"og:description\" content=\"La Conseller\u00eda de Vivienda ha licitado la redacci\u00f3n del proyecto para llevar a cabo la rehabilitaci\u00f3n de inmuebles en el...\" \/>\n<meta property=\"og:url\" content=\"https:\/\/www.copealcoy.es\/es\/vivienda-licita-la-rehabilitacion-barbacana-la-placeta-les-xiques\/\" \/>\n<meta property=\"og:site_name\" content=\"COPE Alcoy\" \/>\n<meta property=\"article:published_time\" content=\"2016-08-12T09:33:35+00:00\" \/>\n<meta property=\"og:image\" content=\"https:\/\/www.copealcoy.es\/wp-content\/uploads\/2014\/11\/image38.jpg\" \/>\n\t<meta property=\"og:image:width\" content=\"500\" \/>\n\t<meta property=\"og:image:height\" content=\"350\" \/>\n\t<meta property=\"og:image:type\" content=\"image\/jpeg\" \/>\n<meta name=\"author\" content=\"Cope Alcoy\" \/>\n<meta name=\"twitter:label1\" content=\"Escrito por\" \/>\n\t<meta name=\"twitter:data1\" content=\"Cope Alcoy\" \/>\n\t<meta name=\"twitter:label2\" content=\"Tiempo de lectura\" \/>\n\t<meta name=\"twitter:data2\" content=\"1 minuto\" \/>\n<script type=\"application\/ld+json\" class=\"yoast-schema-graph\">{\"@context\":\"https:\\\/\\\/schema.org\",\"@graph\":[{\"@type\":\"Article\",\"@id\":\"https:\\\/\\\/www.copealcoy.es\\\/es\\\/vivienda-licita-la-rehabilitacion-barbacana-la-placeta-les-xiques\\\/#article\",\"isPartOf\":{\"@id\":\"https:\\\/\\\/www.copealcoy.es\\\/es\\\/vivienda-licita-la-rehabilitacion-barbacana-la-placeta-les-xiques\\\/\"},\"author\":{\"name\":\"Cope Alcoy\",\"@id\":\"https:\\\/\\\/www.copealcoy.es\\\/es\\\/#\\\/schema\\\/person\\\/e777c87fa024e57d40170af9df39882c\"},\"headline\":\"Vivienda licita la rehabilitaci\u00f3n de Barbacana y la Placeta Les Xiques\",\"datePublished\":\"2016-08-12T09:33:35+00:00\",\"mainEntityOfPage\":{\"@id\":\"https:\\\/\\\/www.copealcoy.es\\\/es\\\/vivienda-licita-la-rehabilitacion-barbacana-la-placeta-les-xiques\\\/\"},\"wordCount\":161,\"commentCount\":0,\"keywords\":[\"Barbacana\",\"Licitaci\u00f3n\",\"Placeta Les Xiques\",\"rehabilitaci\u00f3n viviendas\",\"Vivienda\"],\"articleSection\":[\"Alcoy\",\"Noticias\",\"Pol\u00edtica y Econom\u00eda\"],\"inLanguage\":\"es\"},{\"@type\":\"WebPage\",\"@id\":\"https:\\\/\\\/www.copealcoy.es\\\/es\\\/vivienda-licita-la-rehabilitacion-barbacana-la-placeta-les-xiques\\\/\",\"url\":\"https:\\\/\\\/www.copealcoy.es\\\/es\\\/vivienda-licita-la-rehabilitacion-barbacana-la-placeta-les-xiques\\\/\",\"name\":\"Vivienda licita la rehabilitaci\u00f3n de Barbacana y la Placeta Les Xiques - COPE Alcoy\",\"isPartOf\":{\"@id\":\"https:\\\/\\\/www.copealcoy.es\\\/es\\\/#website\"},\"datePublished\":\"2016-08-12T09:33:35+00:00\",\"author\":{\"@id\":\"https:\\\/\\\/www.copealcoy.es\\\/es\\\/#\\\/schema\\\/person\\\/e777c87fa024e57d40170af9df39882c\"},\"breadcrumb\":{\"@id\":\"https:\\\/\\\/www.copealcoy.es\\\/es\\\/vivienda-licita-la-rehabilitacion-barbacana-la-placeta-les-xiques\\\/#breadcrumb\"},\"inLanguage\":\"es\",\"potentialAction\":[{\"@type\":\"ReadAction\",\"target\":[\"https:\\\/\\\/www.copealcoy.es\\\/es\\\/vivienda-licita-la-rehabilitacion-barbacana-la-placeta-les-xiques\\\/\"]}]},{\"@type\":\"BreadcrumbList\",\"@id\":\"https:\\\/\\\/www.copealcoy.es\\\/es\\\/vivienda-licita-la-rehabilitacion-barbacana-la-placeta-les-xiques\\\/#breadcrumb\",\"itemListElement\":[{\"@type\":\"ListItem\",\"position\":1,\"name\":\"Portada\",\"item\":\"https:\\\/\\\/www.copealcoy.es\\\/es\\\/\"},{\"@type\":\"ListItem\",\"position\":2,\"name\":\"Vivienda licita la rehabilitaci\u00f3n de Barbacana y la Placeta Les Xiques\"}]},{\"@type\":\"WebSite\",\"@id\":\"https:\\\/\\\/www.copealcoy.es\\\/es\\\/#website\",\"url\":\"https:\\\/\\\/www.copealcoy.es\\\/es\\\/\",\"name\":\"COPE Alcoy\",\"description\":\"Emisora COPE de radio local con emisi\u00f3n online. Pont de Sant Jordi 8-10 03803 Alcoy\",\"potentialAction\":[{\"@type\":\"SearchAction\",\"target\":{\"@type\":\"EntryPoint\",\"urlTemplate\":\"https:\\\/\\\/www.copealcoy.es\\\/es\\\/?s={search_term_string}\"},\"query-input\":{\"@type\":\"PropertyValueSpecification\",\"valueRequired\":true,\"valueName\":\"search_term_string\"}}],\"inLanguage\":\"es\"},{\"@type\":\"Person\",\"@id\":\"https:\\\/\\\/www.copealcoy.es\\\/es\\\/#\\\/schema\\\/person\\\/e777c87fa024e57d40170af9df39882c\",\"name\":\"Cope Alcoy\",\"image\":{\"@type\":\"ImageObject\",\"inLanguage\":\"es\",\"@id\":\"https:\\\/\\\/secure.gravatar.com\\\/avatar\\\/bb65d0283347e303893ba14f0692005417c1e0e690a325a4c5d8bb2b3943ee14?s=96&d=mm&r=g\",\"url\":\"https:\\\/\\\/secure.gravatar.com\\\/avatar\\\/bb65d0283347e303893ba14f0692005417c1e0e690a325a4c5d8bb2b3943ee14?s=96&d=mm&r=g\",\"contentUrl\":\"https:\\\/\\\/secure.gravatar.com\\\/avatar\\\/bb65d0283347e303893ba14f0692005417c1e0e690a325a4c5d8bb2b3943ee14?s=96&d=mm&r=g\",\"caption\":\"Cope Alcoy\"}}]}<\/script>\n<!-- \/ Yoast SEO plugin. -->","yoast_head_json":{"title":"Vivienda licita la rehabilitaci\u00f3n de Barbacana y la Placeta Les Xiques - COPE Alcoy","robots":{"index":"index","follow":"follow","max-snippet":"max-snippet:-1","max-image-preview":"max-image-preview:large","max-video-preview":"max-video-preview:-1"},"canonical":"https:\/\/www.copealcoy.es\/es\/vivienda-licita-la-rehabilitacion-barbacana-la-placeta-les-xiques\/","og_locale":"es_ES","og_type":"article","og_title":"Vivienda licita la rehabilitaci\u00f3n de Barbacana y la Placeta Les Xiques - COPE Alcoy","og_description":"La Conseller\u00eda de Vivienda ha licitado la redacci\u00f3n del proyecto para llevar a cabo la rehabilitaci\u00f3n de inmuebles en el...","og_url":"https:\/\/www.copealcoy.es\/es\/vivienda-licita-la-rehabilitacion-barbacana-la-placeta-les-xiques\/","og_site_name":"COPE Alcoy","article_published_time":"2016-08-12T09:33:35+00:00","og_image":[{"width":500,"height":350,"url":"https:\/\/www.copealcoy.es\/wp-content\/uploads\/2014\/11\/image38.jpg","type":"image\/jpeg"}],"author":"Cope Alcoy","twitter_misc":{"Escrito por":"Cope Alcoy","Tiempo de lectura":"1 minuto"},"schema":{"@context":"https:\/\/schema.org","@graph":[{"@type":"Article","@id":"https:\/\/www.copealcoy.es\/es\/vivienda-licita-la-rehabilitacion-barbacana-la-placeta-les-xiques\/#article","isPartOf":{"@id":"https:\/\/www.copealcoy.es\/es\/vivienda-licita-la-rehabilitacion-barbacana-la-placeta-les-xiques\/"},"author":{"name":"Cope Alcoy","@id":"https:\/\/www.copealcoy.es\/es\/#\/schema\/person\/e777c87fa024e57d40170af9df39882c"},"headline":"Vivienda licita la rehabilitaci\u00f3n de Barbacana y la Placeta Les Xiques","datePublished":"2016-08-12T09:33:35+00:00","mainEntityOfPage":{"@id":"https:\/\/www.copealcoy.es\/es\/vivienda-licita-la-rehabilitacion-barbacana-la-placeta-les-xiques\/"},"wordCount":161,"commentCount":0,"keywords":["Barbacana","Licitaci\u00f3n","Placeta Les Xiques","rehabilitaci\u00f3n viviendas","Vivienda"],"articleSection":["Alcoy","Noticias","Pol\u00edtica y Econom\u00eda"],"inLanguage":"es"},{"@type":"WebPage","@id":"https:\/\/www.copealcoy.es\/es\/vivienda-licita-la-rehabilitacion-barbacana-la-placeta-les-xiques\/","url":"https:\/\/www.copealcoy.es\/es\/vivienda-licita-la-rehabilitacion-barbacana-la-placeta-les-xiques\/","name":"Vivienda licita la rehabilitaci\u00f3n de Barbacana y la Placeta Les Xiques - COPE Alcoy","isPartOf":{"@id":"https:\/\/www.copealcoy.es\/es\/#website"},"datePublished":"2016-08-12T09:33:35+00:00","author":{"@id":"https:\/\/www.copealcoy.es\/es\/#\/schema\/person\/e777c87fa024e57d40170af9df39882c"},"breadcrumb":{"@id":"https:\/\/www.copealcoy.es\/es\/vivienda-licita-la-rehabilitacion-barbacana-la-placeta-les-xiques\/#breadcrumb"},"inLanguage":"es","potentialAction":[{"@type":"ReadAction","target":["https:\/\/www.copealcoy.es\/es\/vivienda-licita-la-rehabilitacion-barbacana-la-placeta-les-xiques\/"]}]},{"@type":"BreadcrumbList","@id":"https:\/\/www.copealcoy.es\/es\/vivienda-licita-la-rehabilitacion-barbacana-la-placeta-les-xiques\/#breadcrumb","itemListElement":[{"@type":"ListItem","position":1,"name":"Portada","item":"https:\/\/www.copealcoy.es\/es\/"},{"@type":"ListItem","position":2,"name":"Vivienda licita la rehabilitaci\u00f3n de Barbacana y la Placeta Les Xiques"}]},{"@type":"WebSite","@id":"https:\/\/www.copealcoy.es\/es\/#website","url":"https:\/\/www.copealcoy.es\/es\/","name":"COPE Alcoy","description":"Emisora COPE de radio local con emisi\u00f3n online. Pont de Sant Jordi 8-10 03803 Alcoy","potentialAction":[{"@type":"SearchAction","target":{"@type":"EntryPoint","urlTemplate":"https:\/\/www.copealcoy.es\/es\/?s={search_term_string}"},"query-input":{"@type":"PropertyValueSpecification","valueRequired":true,"valueName":"search_term_string"}}],"inLanguage":"es"},{"@type":"Person","@id":"https:\/\/www.copealcoy.es\/es\/#\/schema\/person\/e777c87fa024e57d40170af9df39882c","name":"Cope Alcoy","image":{"@type":"ImageObject","inLanguage":"es","@id":"https:\/\/secure.gravatar.com\/avatar\/bb65d0283347e303893ba14f0692005417c1e0e690a325a4c5d8bb2b3943ee14?s=96&d=mm&r=g","url":"https:\/\/secure.gravatar.com\/avatar\/bb65d0283347e303893ba14f0692005417c1e0e690a325a4c5d8bb2b3943ee14?s=96&d=mm&r=g","contentUrl":"https:\/\/secure.gravatar.com\/avatar\/bb65d0283347e303893ba14f0692005417c1e0e690a325a4c5d8bb2b3943ee14?s=96&d=mm&r=g","caption":"Cope Alcoy"}}]}},"_links":{"self":[{"href":"https:\/\/www.copealcoy.es\/es\/wp-json\/wp\/v2\/posts\/24367","targetHints":{"allow":["GET"]}}],"collection":[{"href":"https:\/\/www.copealcoy.es\/es\/wp-json\/wp\/v2\/posts"}],"about":[{"href":"https:\/\/www.copealcoy.es\/es\/wp-json\/wp\/v2\/types\/post"}],"author":[{"embeddable":true,"href":"https:\/\/www.copealcoy.es\/es\/wp-json\/wp\/v2\/users\/1"}],"replies":[{"embeddable":true,"href":"https:\/\/www.copealcoy.es\/es\/wp-json\/wp\/v2\/comments?post=24367"}],"version-history":[{"count":0,"href":"https:\/\/www.copealcoy.es\/es\/wp-json\/wp\/v2\/posts\/24367\/revisions"}],"wp:attachment":[{"href":"https:\/\/www.copealcoy.es\/es\/wp-json\/wp\/v2\/media?parent=24367"}],"wp:term":[{"taxonomy":"category","embeddable":true,"href":"https:\/\/www.copealcoy.es\/es\/wp-json\/wp\/v2\/categories?post=24367"},{"taxonomy":"post_tag","embeddable":true,"href":"https:\/\/www.copealcoy.es\/es\/wp-json\/wp\/v2\/tags?post=24367"}],"curies":[{"name":"wp","href":"https:\/\/api.w.org\/{rel}","templated":true}]}}