{"id":24348,"date":"2016-08-12T06:00:43","date_gmt":"2016-08-12T06:00:43","guid":{"rendered":"http:\/\/copealcoi.es\/new\/?p=24348"},"modified":"2017-09-08T11:33:02","modified_gmt":"2017-09-08T11:33:02","slug":"la-union-musical-contestana-concluye-la-semana-festera","status":"publish","type":"post","link":"https:\/\/www.copealcoy.es\/es\/la-union-musical-contestana-concluye-la-semana-festera\/","title":{"rendered":"La Uni\u00f3n Musical Contestana concluye la Semana Festera"},"content":{"rendered":"<p style=\"text-align: justify;\">La <strong>Uni\u00f3n Musical Contestana<\/strong> cerr\u00f3 ayer jueves la Semana Festera de Cocentaina con la edici\u00f3n n\u00famero XLIV\u00a0de su concierto anual que tuvo lugar en el patio de armas del Palau Comtal.<\/p>\n<p style=\"text-align: justify;\">La banda, como suele ser habitual, volvi\u00f3 a apostar por un repertorio de varias piezas dividido en <strong>dos partes<\/strong>\u00a0bajo la direcci\u00f3n de Jaume Fornet Ausina y en las que tambi\u00e9n dirigieron algunos de los autores de las composiciones\u00a0interpretadas. En la <strong>primera<\/strong> de ellas los m\u00fasicos hicieron sonar la marcha cristiana <em>Nadal <\/em>del compositor Vicent Cort\u00e9s y que los m\u00fasicos interpretaron visiblemente emocionados en recuerdo a su compa\u00f1ero Nadal Cort\u00e9s Orts, fallecido meses atr\u00e1s. A continuaci\u00f3n se pudo escuchar la pieza G\u00e9nesis, en marcha mora y cristiana, del recordado Jos\u00e9 P\u00e9rez Vilaplana y el pasodoble <em>Chano<\/em> de Julio Laporta Hell\u00edn. Por \u00faltimo la Uni\u00f3n Musical Contestana interpret\u00f3 la marcha cristiana <em>Alardo Cristiano<\/em> creada por el contestano Francisco Valor Llor\u00e9ns.<\/p>\n<p style=\"text-align: justify;\">La <strong>segunda parte<\/strong> del concierto comenz\u00f3 con las nota de la marcha mora <em>Emma<\/em> de V\u00edctor Vall\u00e9s para dar paso al pasodoble <em>Uni\u00f3n Musical de Planes<\/em> que Ra\u00fal Ortiz dedic\u00f3 a la formaci\u00f3n musical de esta localidad del Comtat. Seguidamente se interpret\u00f3 la marcha mora <em>Cerd\u00e0 Franc\u00e9s<\/em> del hasta hace unos meses director titular de la Uni\u00f3n Musical Contestana, Mario Roig. Tampoco falt\u00f3 a la cita el director del Himno de fiestas de este a\u00f1o, el compositor murero Jos\u00e9 Rafael Pascual Vilaplana, del que se pudo escuchar la marcha cristiana <em>Betry<\/em>. Finalmente la pieza <em>Danza Colorista<\/em> de Rafael Mullor Grau puso el colof\u00f3n a esta velada musical y festera.<\/p>\n<p style=\"text-align: justify;\">En la <strong>recta final del acto<\/strong> la presidenta de la Junta de Fiestas, Pepa Prats, junto a la alcaldesa, Mireia Estepa y la presidenta de la Uni\u00f3n Musical Contestana, Neli Jover;\u00a0dirigieron unas palabras a los asistentes en las que invitaron a todos a disfrutar de la trilog\u00eda festera en honor a San Hip\u00f3lito a menos de veinticuatro horas para su inicio. El concierto concluy\u00f3 con el <strong>Himno de Fiestas,<\/strong> de cuya letra es autor el poeta Gerard Mur y de la m\u00fasica Jos\u00e9 Insa Mart\u00ednez.<\/p>\n","protected":false},"excerpt":{"rendered":"<p>La Uni\u00f3n Musical Contestana cerr\u00f3 ayer jueves la Semana Festera de Cocentaina con la edici\u00f3n n\u00famero XLIV\u00a0de su concierto anual&#8230;<\/p>\n","protected":false},"author":1,"featured_media":24349,"comment_status":"open","ping_status":"open","sticky":false,"template":"","format":"standard","meta":{"footnotes":""},"categories":[98,75],"tags":[132,3896,1293,2172],"class_list":["post-24348","post","type-post","status-publish","format-standard","has-post-thumbnail","hentry","category-comarcas","category-noticias","tag-cocentaina","tag-concluye","tag-semana-festera","tag-union-musical-contestana"],"yoast_head":"<!-- This site is optimized with the Yoast SEO plugin v27.3 - https:\/\/yoast.com\/product\/yoast-seo-wordpress\/ -->\n<title>La Uni\u00f3n Musical Contestana concluye la Semana Festera - COPE Alcoy<\/title>\n<meta name=\"robots\" content=\"index, follow, max-snippet:-1, max-image-preview:large, max-video-preview:-1\" \/>\n<link rel=\"canonical\" href=\"https:\/\/www.copealcoy.es\/es\/la-union-musical-contestana-concluye-la-semana-festera\/\" \/>\n<meta property=\"og:locale\" content=\"es_ES\" \/>\n<meta property=\"og:type\" content=\"article\" \/>\n<meta property=\"og:title\" content=\"La Uni\u00f3n Musical Contestana concluye la Semana Festera - COPE Alcoy\" \/>\n<meta property=\"og:description\" content=\"La Uni\u00f3n Musical Contestana cerr\u00f3 ayer jueves la Semana Festera de Cocentaina con la edici\u00f3n n\u00famero XLIV\u00a0de su concierto anual...\" \/>\n<meta property=\"og:url\" content=\"https:\/\/www.copealcoy.es\/es\/la-union-musical-contestana-concluye-la-semana-festera\/\" \/>\n<meta property=\"og:site_name\" content=\"COPE Alcoy\" \/>\n<meta property=\"article:published_time\" content=\"2016-08-12T06:00:43+00:00\" \/>\n<meta property=\"article:modified_time\" content=\"2017-09-08T11:33:02+00:00\" \/>\n<meta property=\"og:image\" content=\"https:\/\/www.copealcoy.es\/wp-content\/uploads\/2016\/08\/DSC01651-e1470958082682.jpg\" \/>\n\t<meta property=\"og:image:width\" content=\"2579\" \/>\n\t<meta property=\"og:image:height\" content=\"1172\" \/>\n\t<meta property=\"og:image:type\" content=\"image\/jpeg\" \/>\n<meta name=\"author\" content=\"Cope Alcoy\" \/>\n<meta name=\"twitter:label1\" content=\"Escrito por\" \/>\n\t<meta name=\"twitter:data1\" content=\"Cope Alcoy\" \/>\n\t<meta name=\"twitter:label2\" content=\"Tiempo de lectura\" \/>\n\t<meta name=\"twitter:data2\" content=\"2 minutos\" \/>\n<script type=\"application\/ld+json\" class=\"yoast-schema-graph\">{\"@context\":\"https:\\\/\\\/schema.org\",\"@graph\":[{\"@type\":\"Article\",\"@id\":\"https:\\\/\\\/www.copealcoy.es\\\/es\\\/la-union-musical-contestana-concluye-la-semana-festera\\\/#article\",\"isPartOf\":{\"@id\":\"https:\\\/\\\/www.copealcoy.es\\\/es\\\/la-union-musical-contestana-concluye-la-semana-festera\\\/\"},\"author\":{\"name\":\"Cope Alcoy\",\"@id\":\"https:\\\/\\\/www.copealcoy.es\\\/es\\\/#\\\/schema\\\/person\\\/e777c87fa024e57d40170af9df39882c\"},\"headline\":\"La Uni\u00f3n Musical Contestana concluye la Semana Festera\",\"datePublished\":\"2016-08-12T06:00:43+00:00\",\"dateModified\":\"2017-09-08T11:33:02+00:00\",\"mainEntityOfPage\":{\"@id\":\"https:\\\/\\\/www.copealcoy.es\\\/es\\\/la-union-musical-contestana-concluye-la-semana-festera\\\/\"},\"wordCount\":387,\"commentCount\":0,\"image\":{\"@id\":\"https:\\\/\\\/www.copealcoy.es\\\/es\\\/la-union-musical-contestana-concluye-la-semana-festera\\\/#primaryimage\"},\"thumbnailUrl\":\"https:\\\/\\\/www.copealcoy.es\\\/wp-content\\\/uploads\\\/2016\\\/08\\\/DSC01651-e1470958082682.jpg\",\"keywords\":[\"Cocentaina\",\"concluye\",\"Semana Festera\",\"Uni\u00f3n Musical Contestana\"],\"articleSection\":[\"Comarcas\",\"Noticias\"],\"inLanguage\":\"es\"},{\"@type\":\"WebPage\",\"@id\":\"https:\\\/\\\/www.copealcoy.es\\\/es\\\/la-union-musical-contestana-concluye-la-semana-festera\\\/\",\"url\":\"https:\\\/\\\/www.copealcoy.es\\\/es\\\/la-union-musical-contestana-concluye-la-semana-festera\\\/\",\"name\":\"La Uni\u00f3n Musical Contestana concluye la Semana Festera - COPE Alcoy\",\"isPartOf\":{\"@id\":\"https:\\\/\\\/www.copealcoy.es\\\/es\\\/#website\"},\"primaryImageOfPage\":{\"@id\":\"https:\\\/\\\/www.copealcoy.es\\\/es\\\/la-union-musical-contestana-concluye-la-semana-festera\\\/#primaryimage\"},\"image\":{\"@id\":\"https:\\\/\\\/www.copealcoy.es\\\/es\\\/la-union-musical-contestana-concluye-la-semana-festera\\\/#primaryimage\"},\"thumbnailUrl\":\"https:\\\/\\\/www.copealcoy.es\\\/wp-content\\\/uploads\\\/2016\\\/08\\\/DSC01651-e1470958082682.jpg\",\"datePublished\":\"2016-08-12T06:00:43+00:00\",\"dateModified\":\"2017-09-08T11:33:02+00:00\",\"author\":{\"@id\":\"https:\\\/\\\/www.copealcoy.es\\\/es\\\/#\\\/schema\\\/person\\\/e777c87fa024e57d40170af9df39882c\"},\"breadcrumb\":{\"@id\":\"https:\\\/\\\/www.copealcoy.es\\\/es\\\/la-union-musical-contestana-concluye-la-semana-festera\\\/#breadcrumb\"},\"inLanguage\":\"es\",\"potentialAction\":[{\"@type\":\"ReadAction\",\"target\":[\"https:\\\/\\\/www.copealcoy.es\\\/es\\\/la-union-musical-contestana-concluye-la-semana-festera\\\/\"]}]},{\"@type\":\"ImageObject\",\"inLanguage\":\"es\",\"@id\":\"https:\\\/\\\/www.copealcoy.es\\\/es\\\/la-union-musical-contestana-concluye-la-semana-festera\\\/#primaryimage\",\"url\":\"https:\\\/\\\/www.copealcoy.es\\\/wp-content\\\/uploads\\\/2016\\\/08\\\/DSC01651-e1470958082682.jpg\",\"contentUrl\":\"https:\\\/\\\/www.copealcoy.es\\\/wp-content\\\/uploads\\\/2016\\\/08\\\/DSC01651-e1470958082682.jpg\",\"width\":2579,\"height\":1172,\"caption\":\"El concierto alcanz\u00f3 la XLIV edici\u00f3n\"},{\"@type\":\"BreadcrumbList\",\"@id\":\"https:\\\/\\\/www.copealcoy.es\\\/es\\\/la-union-musical-contestana-concluye-la-semana-festera\\\/#breadcrumb\",\"itemListElement\":[{\"@type\":\"ListItem\",\"position\":1,\"name\":\"Portada\",\"item\":\"https:\\\/\\\/www.copealcoy.es\\\/es\\\/\"},{\"@type\":\"ListItem\",\"position\":2,\"name\":\"La Uni\u00f3n Musical Contestana concluye la Semana Festera\"}]},{\"@type\":\"WebSite\",\"@id\":\"https:\\\/\\\/www.copealcoy.es\\\/es\\\/#website\",\"url\":\"https:\\\/\\\/www.copealcoy.es\\\/es\\\/\",\"name\":\"COPE Alcoy\",\"description\":\"Emisora COPE de radio local con emisi\u00f3n online. Pont de Sant Jordi 8-10 03803 Alcoy\",\"potentialAction\":[{\"@type\":\"SearchAction\",\"target\":{\"@type\":\"EntryPoint\",\"urlTemplate\":\"https:\\\/\\\/www.copealcoy.es\\\/es\\\/?s={search_term_string}\"},\"query-input\":{\"@type\":\"PropertyValueSpecification\",\"valueRequired\":true,\"valueName\":\"search_term_string\"}}],\"inLanguage\":\"es\"},{\"@type\":\"Person\",\"@id\":\"https:\\\/\\\/www.copealcoy.es\\\/es\\\/#\\\/schema\\\/person\\\/e777c87fa024e57d40170af9df39882c\",\"name\":\"Cope Alcoy\",\"image\":{\"@type\":\"ImageObject\",\"inLanguage\":\"es\",\"@id\":\"https:\\\/\\\/secure.gravatar.com\\\/avatar\\\/bb65d0283347e303893ba14f0692005417c1e0e690a325a4c5d8bb2b3943ee14?s=96&d=mm&r=g\",\"url\":\"https:\\\/\\\/secure.gravatar.com\\\/avatar\\\/bb65d0283347e303893ba14f0692005417c1e0e690a325a4c5d8bb2b3943ee14?s=96&d=mm&r=g\",\"contentUrl\":\"https:\\\/\\\/secure.gravatar.com\\\/avatar\\\/bb65d0283347e303893ba14f0692005417c1e0e690a325a4c5d8bb2b3943ee14?s=96&d=mm&r=g\",\"caption\":\"Cope Alcoy\"}}]}<\/script>\n<!-- \/ Yoast SEO plugin. -->","yoast_head_json":{"title":"La Uni\u00f3n Musical Contestana concluye la Semana Festera - COPE Alcoy","robots":{"index":"index","follow":"follow","max-snippet":"max-snippet:-1","max-image-preview":"max-image-preview:large","max-video-preview":"max-video-preview:-1"},"canonical":"https:\/\/www.copealcoy.es\/es\/la-union-musical-contestana-concluye-la-semana-festera\/","og_locale":"es_ES","og_type":"article","og_title":"La Uni\u00f3n Musical Contestana concluye la Semana Festera - COPE Alcoy","og_description":"La Uni\u00f3n Musical Contestana cerr\u00f3 ayer jueves la Semana Festera de Cocentaina con la edici\u00f3n n\u00famero XLIV\u00a0de su concierto anual...","og_url":"https:\/\/www.copealcoy.es\/es\/la-union-musical-contestana-concluye-la-semana-festera\/","og_site_name":"COPE Alcoy","article_published_time":"2016-08-12T06:00:43+00:00","article_modified_time":"2017-09-08T11:33:02+00:00","og_image":[{"width":2579,"height":1172,"url":"https:\/\/www.copealcoy.es\/wp-content\/uploads\/2016\/08\/DSC01651-e1470958082682.jpg","type":"image\/jpeg"}],"author":"Cope Alcoy","twitter_misc":{"Escrito por":"Cope Alcoy","Tiempo de lectura":"2 minutos"},"schema":{"@context":"https:\/\/schema.org","@graph":[{"@type":"Article","@id":"https:\/\/www.copealcoy.es\/es\/la-union-musical-contestana-concluye-la-semana-festera\/#article","isPartOf":{"@id":"https:\/\/www.copealcoy.es\/es\/la-union-musical-contestana-concluye-la-semana-festera\/"},"author":{"name":"Cope Alcoy","@id":"https:\/\/www.copealcoy.es\/es\/#\/schema\/person\/e777c87fa024e57d40170af9df39882c"},"headline":"La Uni\u00f3n Musical Contestana concluye la Semana Festera","datePublished":"2016-08-12T06:00:43+00:00","dateModified":"2017-09-08T11:33:02+00:00","mainEntityOfPage":{"@id":"https:\/\/www.copealcoy.es\/es\/la-union-musical-contestana-concluye-la-semana-festera\/"},"wordCount":387,"commentCount":0,"image":{"@id":"https:\/\/www.copealcoy.es\/es\/la-union-musical-contestana-concluye-la-semana-festera\/#primaryimage"},"thumbnailUrl":"https:\/\/www.copealcoy.es\/wp-content\/uploads\/2016\/08\/DSC01651-e1470958082682.jpg","keywords":["Cocentaina","concluye","Semana Festera","Uni\u00f3n Musical Contestana"],"articleSection":["Comarcas","Noticias"],"inLanguage":"es"},{"@type":"WebPage","@id":"https:\/\/www.copealcoy.es\/es\/la-union-musical-contestana-concluye-la-semana-festera\/","url":"https:\/\/www.copealcoy.es\/es\/la-union-musical-contestana-concluye-la-semana-festera\/","name":"La Uni\u00f3n Musical Contestana concluye la Semana Festera - COPE Alcoy","isPartOf":{"@id":"https:\/\/www.copealcoy.es\/es\/#website"},"primaryImageOfPage":{"@id":"https:\/\/www.copealcoy.es\/es\/la-union-musical-contestana-concluye-la-semana-festera\/#primaryimage"},"image":{"@id":"https:\/\/www.copealcoy.es\/es\/la-union-musical-contestana-concluye-la-semana-festera\/#primaryimage"},"thumbnailUrl":"https:\/\/www.copealcoy.es\/wp-content\/uploads\/2016\/08\/DSC01651-e1470958082682.jpg","datePublished":"2016-08-12T06:00:43+00:00","dateModified":"2017-09-08T11:33:02+00:00","author":{"@id":"https:\/\/www.copealcoy.es\/es\/#\/schema\/person\/e777c87fa024e57d40170af9df39882c"},"breadcrumb":{"@id":"https:\/\/www.copealcoy.es\/es\/la-union-musical-contestana-concluye-la-semana-festera\/#breadcrumb"},"inLanguage":"es","potentialAction":[{"@type":"ReadAction","target":["https:\/\/www.copealcoy.es\/es\/la-union-musical-contestana-concluye-la-semana-festera\/"]}]},{"@type":"ImageObject","inLanguage":"es","@id":"https:\/\/www.copealcoy.es\/es\/la-union-musical-contestana-concluye-la-semana-festera\/#primaryimage","url":"https:\/\/www.copealcoy.es\/wp-content\/uploads\/2016\/08\/DSC01651-e1470958082682.jpg","contentUrl":"https:\/\/www.copealcoy.es\/wp-content\/uploads\/2016\/08\/DSC01651-e1470958082682.jpg","width":2579,"height":1172,"caption":"El concierto alcanz\u00f3 la XLIV edici\u00f3n"},{"@type":"BreadcrumbList","@id":"https:\/\/www.copealcoy.es\/es\/la-union-musical-contestana-concluye-la-semana-festera\/#breadcrumb","itemListElement":[{"@type":"ListItem","position":1,"name":"Portada","item":"https:\/\/www.copealcoy.es\/es\/"},{"@type":"ListItem","position":2,"name":"La Uni\u00f3n Musical Contestana concluye la Semana Festera"}]},{"@type":"WebSite","@id":"https:\/\/www.copealcoy.es\/es\/#website","url":"https:\/\/www.copealcoy.es\/es\/","name":"COPE Alcoy","description":"Emisora COPE de radio local con emisi\u00f3n online. Pont de Sant Jordi 8-10 03803 Alcoy","potentialAction":[{"@type":"SearchAction","target":{"@type":"EntryPoint","urlTemplate":"https:\/\/www.copealcoy.es\/es\/?s={search_term_string}"},"query-input":{"@type":"PropertyValueSpecification","valueRequired":true,"valueName":"search_term_string"}}],"inLanguage":"es"},{"@type":"Person","@id":"https:\/\/www.copealcoy.es\/es\/#\/schema\/person\/e777c87fa024e57d40170af9df39882c","name":"Cope Alcoy","image":{"@type":"ImageObject","inLanguage":"es","@id":"https:\/\/secure.gravatar.com\/avatar\/bb65d0283347e303893ba14f0692005417c1e0e690a325a4c5d8bb2b3943ee14?s=96&d=mm&r=g","url":"https:\/\/secure.gravatar.com\/avatar\/bb65d0283347e303893ba14f0692005417c1e0e690a325a4c5d8bb2b3943ee14?s=96&d=mm&r=g","contentUrl":"https:\/\/secure.gravatar.com\/avatar\/bb65d0283347e303893ba14f0692005417c1e0e690a325a4c5d8bb2b3943ee14?s=96&d=mm&r=g","caption":"Cope Alcoy"}}]}},"_links":{"self":[{"href":"https:\/\/www.copealcoy.es\/es\/wp-json\/wp\/v2\/posts\/24348","targetHints":{"allow":["GET"]}}],"collection":[{"href":"https:\/\/www.copealcoy.es\/es\/wp-json\/wp\/v2\/posts"}],"about":[{"href":"https:\/\/www.copealcoy.es\/es\/wp-json\/wp\/v2\/types\/post"}],"author":[{"embeddable":true,"href":"https:\/\/www.copealcoy.es\/es\/wp-json\/wp\/v2\/users\/1"}],"replies":[{"embeddable":true,"href":"https:\/\/www.copealcoy.es\/es\/wp-json\/wp\/v2\/comments?post=24348"}],"version-history":[{"count":0,"href":"https:\/\/www.copealcoy.es\/es\/wp-json\/wp\/v2\/posts\/24348\/revisions"}],"wp:featuredmedia":[{"embeddable":true,"href":"https:\/\/www.copealcoy.es\/es\/wp-json\/wp\/v2\/media\/24349"}],"wp:attachment":[{"href":"https:\/\/www.copealcoy.es\/es\/wp-json\/wp\/v2\/media?parent=24348"}],"wp:term":[{"taxonomy":"category","embeddable":true,"href":"https:\/\/www.copealcoy.es\/es\/wp-json\/wp\/v2\/categories?post=24348"},{"taxonomy":"post_tag","embeddable":true,"href":"https:\/\/www.copealcoy.es\/es\/wp-json\/wp\/v2\/tags?post=24348"}],"curies":[{"name":"wp","href":"https:\/\/api.w.org\/{rel}","templated":true}]}}