{"id":24292,"date":"2016-08-10T18:27:54","date_gmt":"2016-08-10T18:27:54","guid":{"rendered":"http:\/\/copealcoi.es\/new\/?p=24292"},"modified":"2016-08-10T19:14:48","modified_gmt":"2016-08-10T19:14:48","slug":"alvaro-reig-toda-una-vida-festera-ligada-los-contrabandistas-cocentaina","status":"publish","type":"post","link":"https:\/\/www.copealcoy.es\/es\/alvaro-reig-toda-una-vida-festera-ligada-los-contrabandistas-cocentaina\/","title":{"rendered":"\u00c1lvaro Reig, toda una vida festera ligada a los Contrabandistas de Cocentaina"},"content":{"rendered":"<p style=\"text-align: justify;\">El abanderado cristiano de Cocentaina de este 2016 pertenece a la Fil\u00e0 Contrabandistas a la que se incorpor\u00f3 en el a\u00f1o 1965. <strong>\u00c1lvaro Reig Torr\u00f3 <em>Pitxoc<\/em>,<\/strong> la persona que asume este cargo, ha pasado este mi\u00e9rcoles por La Ma\u00f1ana de Cope Alcoy y ha recordado que fue <strong>toda la fil\u00e0<\/strong> la que\u00a0le pidi\u00f3 ser el abanderado cristiano <em>\u201cen la comida del d\u00eda de Sant Hip\u00f2lit tras hacerse homenajes a varios miembros, el Cap de Fil\u00e0 dijo que yo podr\u00eda ser el pr\u00f3ximo cargo. Y as\u00ed pas\u00f3, no pude decir que no\u201d<\/em> se\u00f1ala<em>.<\/em><\/p>\n<p style=\"text-align: justify;\">El abanderado cristiano ha explicado que el d\u00eda de la Entrada <strong>lucir\u00e1 un dise\u00f1o<\/strong> t\u00edpicamente contrabandista que ha creado el contestano Ximo Pascual al mismo tiempo que ha destacado quedesfilar\u00e1 junto a Adela Reig como dama mientras que la Societat Musical Beniatjarense har\u00e1 sonar el pasodoble \u2018Reig Torr\u00f3\u2019 de Santi Revert.<\/p>\n<p style=\"text-align: justify;\">\u00c1lvaro Reig,\u00a0que destaca por su maestr\u00eda a la hora de hacer rodar la navaja y por haber desempe\u00f1ado el papel de embajador en la Ambaixada del Contrabando durante varios a\u00f1os, afirma que<strong> la Diana<\/strong> es el acto m\u00e1s purista y entra\u00f1able de la festa\u00a0<em>\u201caunque ya me han dicho que lo que vivir\u00e9 en la Entrada multiplica por mil las emociones que siento cuando hago de formador\u201d,<\/em> apunta.<\/p>\n<p style=\"text-align: justify;\">El veterano abanderado ha recordado tambi\u00e9n en la entrevista mantenida en Cope Alcoy que la\u00a0escuadra de negros estar\u00e1 <strong>formada \u00edntegramente por mujeres<\/strong> y que la Fil\u00e0 ha editado con motivo del cargo el CD <em>Bandoler\u00edas,\u00a0<\/em>en el que recopila gran parte de la m\u00fasica compuesta para las diferentes comparsas de Contrabandistas existentes en el \u00e1mbito nacional.<\/p>\n<p style=\"text-align: justify;\">Por \u00faltimo \u00c1lvaro Reig nos ha deleitado con un fragmento de esa <strong>Ambaixada del Contrabando<\/strong> que durante tantos a\u00f1os ha declamado en el mediod\u00eda de la jornada de la Entrada.<\/p>\n<p><iframe loading=\"lazy\" title=\"La Ma\u00f1ana En Alcoy Mi\u00e9rcoles 10 De Agosto\" width=\"100%\" height=\"120\" src=\"https:\/\/www.mixcloud.com\/widget\/iframe\/?feed=https%3A%2F%2Fwww.mixcloud.com%2FCOPEAlcoy%2Fla-ma%25C3%25B1ana-en-alcoy-mi%25C3%25A9rcoles-10-de-agosto%2F&amp;hide_cover=1\" frameborder=\"0\"><\/iframe><\/p>\n","protected":false},"excerpt":{"rendered":"<p>El abanderado cristiano de Cocentaina de este 2016 pertenece a la Fil\u00e0 Contrabandistas a la que se incorpor\u00f3 en el&#8230;<\/p>\n","protected":false},"author":1,"featured_media":24293,"comment_status":"open","ping_status":"open","sticky":false,"template":"","format":"standard","meta":{"footnotes":""},"categories":[98,75],"tags":[2747,2746,237,2263,856],"class_list":["post-24292","post","type-post","status-publish","format-standard","has-post-thumbnail","hentry","category-comarcas","category-noticias","tag-abanderado-cristiano","tag-alvaro-reig","tag-comtat","tag-contrabandistas","tag-moros-i-cristians"],"yoast_head":"<!-- This site is optimized with the Yoast SEO plugin v27.3 - https:\/\/yoast.com\/product\/yoast-seo-wordpress\/ -->\n<title>\u00c1lvaro Reig, toda una vida festera ligada a los Contrabandistas de Cocentaina - COPE Alcoy<\/title>\n<meta name=\"robots\" content=\"index, follow, max-snippet:-1, max-image-preview:large, max-video-preview:-1\" \/>\n<link rel=\"canonical\" href=\"https:\/\/www.copealcoy.es\/es\/alvaro-reig-toda-una-vida-festera-ligada-los-contrabandistas-cocentaina\/\" \/>\n<meta property=\"og:locale\" content=\"es_ES\" \/>\n<meta property=\"og:type\" content=\"article\" \/>\n<meta property=\"og:title\" content=\"\u00c1lvaro Reig, toda una vida festera ligada a los Contrabandistas de Cocentaina - COPE Alcoy\" \/>\n<meta property=\"og:description\" content=\"El abanderado cristiano de Cocentaina de este 2016 pertenece a la Fil\u00e0 Contrabandistas a la que se incorpor\u00f3 en el...\" \/>\n<meta property=\"og:url\" content=\"https:\/\/www.copealcoy.es\/es\/alvaro-reig-toda-una-vida-festera-ligada-los-contrabandistas-cocentaina\/\" \/>\n<meta property=\"og:site_name\" content=\"COPE Alcoy\" \/>\n<meta property=\"article:published_time\" content=\"2016-08-10T18:27:54+00:00\" \/>\n<meta property=\"article:modified_time\" content=\"2016-08-10T19:14:48+00:00\" \/>\n<meta property=\"og:image\" content=\"https:\/\/www.copealcoy.es\/wp-content\/uploads\/2016\/08\/13892334_891106497699503_7684440243277378712_n-e1470853707513.jpg\" \/>\n\t<meta property=\"og:image:width\" content=\"960\" \/>\n\t<meta property=\"og:image:height\" content=\"530\" \/>\n\t<meta property=\"og:image:type\" content=\"image\/jpeg\" \/>\n<meta name=\"author\" content=\"Cope Alcoy\" \/>\n<meta name=\"twitter:label1\" content=\"Escrito por\" \/>\n\t<meta name=\"twitter:data1\" content=\"Cope Alcoy\" \/>\n\t<meta name=\"twitter:label2\" content=\"Tiempo de lectura\" \/>\n\t<meta name=\"twitter:data2\" content=\"2 minutos\" \/>\n<script type=\"application\/ld+json\" class=\"yoast-schema-graph\">{\"@context\":\"https:\\\/\\\/schema.org\",\"@graph\":[{\"@type\":\"Article\",\"@id\":\"https:\\\/\\\/www.copealcoy.es\\\/es\\\/alvaro-reig-toda-una-vida-festera-ligada-los-contrabandistas-cocentaina\\\/#article\",\"isPartOf\":{\"@id\":\"https:\\\/\\\/www.copealcoy.es\\\/es\\\/alvaro-reig-toda-una-vida-festera-ligada-los-contrabandistas-cocentaina\\\/\"},\"author\":{\"name\":\"Cope Alcoy\",\"@id\":\"https:\\\/\\\/www.copealcoy.es\\\/es\\\/#\\\/schema\\\/person\\\/e777c87fa024e57d40170af9df39882c\"},\"headline\":\"\u00c1lvaro Reig, toda una vida festera ligada a los Contrabandistas de Cocentaina\",\"datePublished\":\"2016-08-10T18:27:54+00:00\",\"dateModified\":\"2016-08-10T19:14:48+00:00\",\"mainEntityOfPage\":{\"@id\":\"https:\\\/\\\/www.copealcoy.es\\\/es\\\/alvaro-reig-toda-una-vida-festera-ligada-los-contrabandistas-cocentaina\\\/\"},\"wordCount\":344,\"commentCount\":0,\"image\":{\"@id\":\"https:\\\/\\\/www.copealcoy.es\\\/es\\\/alvaro-reig-toda-una-vida-festera-ligada-los-contrabandistas-cocentaina\\\/#primaryimage\"},\"thumbnailUrl\":\"https:\\\/\\\/www.copealcoy.es\\\/wp-content\\\/uploads\\\/2016\\\/08\\\/13892334_891106497699503_7684440243277378712_n-e1470853707513.jpg\",\"keywords\":[\"Abanderado Cristiano\",\"\u00c1lvaro Reig\",\"Comtat\",\"Contrabandistas\",\"Moros i Cristians\"],\"articleSection\":[\"Comarcas\",\"Noticias\"],\"inLanguage\":\"es\"},{\"@type\":\"WebPage\",\"@id\":\"https:\\\/\\\/www.copealcoy.es\\\/es\\\/alvaro-reig-toda-una-vida-festera-ligada-los-contrabandistas-cocentaina\\\/\",\"url\":\"https:\\\/\\\/www.copealcoy.es\\\/es\\\/alvaro-reig-toda-una-vida-festera-ligada-los-contrabandistas-cocentaina\\\/\",\"name\":\"\u00c1lvaro Reig, toda una vida festera ligada a los Contrabandistas de Cocentaina - COPE Alcoy\",\"isPartOf\":{\"@id\":\"https:\\\/\\\/www.copealcoy.es\\\/es\\\/#website\"},\"primaryImageOfPage\":{\"@id\":\"https:\\\/\\\/www.copealcoy.es\\\/es\\\/alvaro-reig-toda-una-vida-festera-ligada-los-contrabandistas-cocentaina\\\/#primaryimage\"},\"image\":{\"@id\":\"https:\\\/\\\/www.copealcoy.es\\\/es\\\/alvaro-reig-toda-una-vida-festera-ligada-los-contrabandistas-cocentaina\\\/#primaryimage\"},\"thumbnailUrl\":\"https:\\\/\\\/www.copealcoy.es\\\/wp-content\\\/uploads\\\/2016\\\/08\\\/13892334_891106497699503_7684440243277378712_n-e1470853707513.jpg\",\"datePublished\":\"2016-08-10T18:27:54+00:00\",\"dateModified\":\"2016-08-10T19:14:48+00:00\",\"author\":{\"@id\":\"https:\\\/\\\/www.copealcoy.es\\\/es\\\/#\\\/schema\\\/person\\\/e777c87fa024e57d40170af9df39882c\"},\"breadcrumb\":{\"@id\":\"https:\\\/\\\/www.copealcoy.es\\\/es\\\/alvaro-reig-toda-una-vida-festera-ligada-los-contrabandistas-cocentaina\\\/#breadcrumb\"},\"inLanguage\":\"es\",\"potentialAction\":[{\"@type\":\"ReadAction\",\"target\":[\"https:\\\/\\\/www.copealcoy.es\\\/es\\\/alvaro-reig-toda-una-vida-festera-ligada-los-contrabandistas-cocentaina\\\/\"]}]},{\"@type\":\"ImageObject\",\"inLanguage\":\"es\",\"@id\":\"https:\\\/\\\/www.copealcoy.es\\\/es\\\/alvaro-reig-toda-una-vida-festera-ligada-los-contrabandistas-cocentaina\\\/#primaryimage\",\"url\":\"https:\\\/\\\/www.copealcoy.es\\\/wp-content\\\/uploads\\\/2016\\\/08\\\/13892334_891106497699503_7684440243277378712_n-e1470853707513.jpg\",\"contentUrl\":\"https:\\\/\\\/www.copealcoy.es\\\/wp-content\\\/uploads\\\/2016\\\/08\\\/13892334_891106497699503_7684440243277378712_n-e1470853707513.jpg\",\"width\":960,\"height\":530,\"caption\":\"\u00c1lvaro Reig Torr\u00f3 nos ha visitado este mi\u00e9rcoles en La Ma\u00f1ana de Cope Alcoy\"},{\"@type\":\"BreadcrumbList\",\"@id\":\"https:\\\/\\\/www.copealcoy.es\\\/es\\\/alvaro-reig-toda-una-vida-festera-ligada-los-contrabandistas-cocentaina\\\/#breadcrumb\",\"itemListElement\":[{\"@type\":\"ListItem\",\"position\":1,\"name\":\"Portada\",\"item\":\"https:\\\/\\\/www.copealcoy.es\\\/es\\\/\"},{\"@type\":\"ListItem\",\"position\":2,\"name\":\"\u00c1lvaro Reig, toda una vida festera ligada a los Contrabandistas de Cocentaina\"}]},{\"@type\":\"WebSite\",\"@id\":\"https:\\\/\\\/www.copealcoy.es\\\/es\\\/#website\",\"url\":\"https:\\\/\\\/www.copealcoy.es\\\/es\\\/\",\"name\":\"COPE Alcoy\",\"description\":\"Emisora COPE de radio local con emisi\u00f3n online. Pont de Sant Jordi 8-10 03803 Alcoy\",\"potentialAction\":[{\"@type\":\"SearchAction\",\"target\":{\"@type\":\"EntryPoint\",\"urlTemplate\":\"https:\\\/\\\/www.copealcoy.es\\\/es\\\/?s={search_term_string}\"},\"query-input\":{\"@type\":\"PropertyValueSpecification\",\"valueRequired\":true,\"valueName\":\"search_term_string\"}}],\"inLanguage\":\"es\"},{\"@type\":\"Person\",\"@id\":\"https:\\\/\\\/www.copealcoy.es\\\/es\\\/#\\\/schema\\\/person\\\/e777c87fa024e57d40170af9df39882c\",\"name\":\"Cope Alcoy\",\"image\":{\"@type\":\"ImageObject\",\"inLanguage\":\"es\",\"@id\":\"https:\\\/\\\/secure.gravatar.com\\\/avatar\\\/bb65d0283347e303893ba14f0692005417c1e0e690a325a4c5d8bb2b3943ee14?s=96&d=mm&r=g\",\"url\":\"https:\\\/\\\/secure.gravatar.com\\\/avatar\\\/bb65d0283347e303893ba14f0692005417c1e0e690a325a4c5d8bb2b3943ee14?s=96&d=mm&r=g\",\"contentUrl\":\"https:\\\/\\\/secure.gravatar.com\\\/avatar\\\/bb65d0283347e303893ba14f0692005417c1e0e690a325a4c5d8bb2b3943ee14?s=96&d=mm&r=g\",\"caption\":\"Cope Alcoy\"}}]}<\/script>\n<!-- \/ Yoast SEO plugin. -->","yoast_head_json":{"title":"\u00c1lvaro Reig, toda una vida festera ligada a los Contrabandistas de Cocentaina - COPE Alcoy","robots":{"index":"index","follow":"follow","max-snippet":"max-snippet:-1","max-image-preview":"max-image-preview:large","max-video-preview":"max-video-preview:-1"},"canonical":"https:\/\/www.copealcoy.es\/es\/alvaro-reig-toda-una-vida-festera-ligada-los-contrabandistas-cocentaina\/","og_locale":"es_ES","og_type":"article","og_title":"\u00c1lvaro Reig, toda una vida festera ligada a los Contrabandistas de Cocentaina - COPE Alcoy","og_description":"El abanderado cristiano de Cocentaina de este 2016 pertenece a la Fil\u00e0 Contrabandistas a la que se incorpor\u00f3 en el...","og_url":"https:\/\/www.copealcoy.es\/es\/alvaro-reig-toda-una-vida-festera-ligada-los-contrabandistas-cocentaina\/","og_site_name":"COPE Alcoy","article_published_time":"2016-08-10T18:27:54+00:00","article_modified_time":"2016-08-10T19:14:48+00:00","og_image":[{"width":960,"height":530,"url":"https:\/\/www.copealcoy.es\/wp-content\/uploads\/2016\/08\/13892334_891106497699503_7684440243277378712_n-e1470853707513.jpg","type":"image\/jpeg"}],"author":"Cope Alcoy","twitter_misc":{"Escrito por":"Cope Alcoy","Tiempo de lectura":"2 minutos"},"schema":{"@context":"https:\/\/schema.org","@graph":[{"@type":"Article","@id":"https:\/\/www.copealcoy.es\/es\/alvaro-reig-toda-una-vida-festera-ligada-los-contrabandistas-cocentaina\/#article","isPartOf":{"@id":"https:\/\/www.copealcoy.es\/es\/alvaro-reig-toda-una-vida-festera-ligada-los-contrabandistas-cocentaina\/"},"author":{"name":"Cope Alcoy","@id":"https:\/\/www.copealcoy.es\/es\/#\/schema\/person\/e777c87fa024e57d40170af9df39882c"},"headline":"\u00c1lvaro Reig, toda una vida festera ligada a los Contrabandistas de Cocentaina","datePublished":"2016-08-10T18:27:54+00:00","dateModified":"2016-08-10T19:14:48+00:00","mainEntityOfPage":{"@id":"https:\/\/www.copealcoy.es\/es\/alvaro-reig-toda-una-vida-festera-ligada-los-contrabandistas-cocentaina\/"},"wordCount":344,"commentCount":0,"image":{"@id":"https:\/\/www.copealcoy.es\/es\/alvaro-reig-toda-una-vida-festera-ligada-los-contrabandistas-cocentaina\/#primaryimage"},"thumbnailUrl":"https:\/\/www.copealcoy.es\/wp-content\/uploads\/2016\/08\/13892334_891106497699503_7684440243277378712_n-e1470853707513.jpg","keywords":["Abanderado Cristiano","\u00c1lvaro Reig","Comtat","Contrabandistas","Moros i Cristians"],"articleSection":["Comarcas","Noticias"],"inLanguage":"es"},{"@type":"WebPage","@id":"https:\/\/www.copealcoy.es\/es\/alvaro-reig-toda-una-vida-festera-ligada-los-contrabandistas-cocentaina\/","url":"https:\/\/www.copealcoy.es\/es\/alvaro-reig-toda-una-vida-festera-ligada-los-contrabandistas-cocentaina\/","name":"\u00c1lvaro Reig, toda una vida festera ligada a los Contrabandistas de Cocentaina - COPE Alcoy","isPartOf":{"@id":"https:\/\/www.copealcoy.es\/es\/#website"},"primaryImageOfPage":{"@id":"https:\/\/www.copealcoy.es\/es\/alvaro-reig-toda-una-vida-festera-ligada-los-contrabandistas-cocentaina\/#primaryimage"},"image":{"@id":"https:\/\/www.copealcoy.es\/es\/alvaro-reig-toda-una-vida-festera-ligada-los-contrabandistas-cocentaina\/#primaryimage"},"thumbnailUrl":"https:\/\/www.copealcoy.es\/wp-content\/uploads\/2016\/08\/13892334_891106497699503_7684440243277378712_n-e1470853707513.jpg","datePublished":"2016-08-10T18:27:54+00:00","dateModified":"2016-08-10T19:14:48+00:00","author":{"@id":"https:\/\/www.copealcoy.es\/es\/#\/schema\/person\/e777c87fa024e57d40170af9df39882c"},"breadcrumb":{"@id":"https:\/\/www.copealcoy.es\/es\/alvaro-reig-toda-una-vida-festera-ligada-los-contrabandistas-cocentaina\/#breadcrumb"},"inLanguage":"es","potentialAction":[{"@type":"ReadAction","target":["https:\/\/www.copealcoy.es\/es\/alvaro-reig-toda-una-vida-festera-ligada-los-contrabandistas-cocentaina\/"]}]},{"@type":"ImageObject","inLanguage":"es","@id":"https:\/\/www.copealcoy.es\/es\/alvaro-reig-toda-una-vida-festera-ligada-los-contrabandistas-cocentaina\/#primaryimage","url":"https:\/\/www.copealcoy.es\/wp-content\/uploads\/2016\/08\/13892334_891106497699503_7684440243277378712_n-e1470853707513.jpg","contentUrl":"https:\/\/www.copealcoy.es\/wp-content\/uploads\/2016\/08\/13892334_891106497699503_7684440243277378712_n-e1470853707513.jpg","width":960,"height":530,"caption":"\u00c1lvaro Reig Torr\u00f3 nos ha visitado este mi\u00e9rcoles en La Ma\u00f1ana de Cope Alcoy"},{"@type":"BreadcrumbList","@id":"https:\/\/www.copealcoy.es\/es\/alvaro-reig-toda-una-vida-festera-ligada-los-contrabandistas-cocentaina\/#breadcrumb","itemListElement":[{"@type":"ListItem","position":1,"name":"Portada","item":"https:\/\/www.copealcoy.es\/es\/"},{"@type":"ListItem","position":2,"name":"\u00c1lvaro Reig, toda una vida festera ligada a los Contrabandistas de Cocentaina"}]},{"@type":"WebSite","@id":"https:\/\/www.copealcoy.es\/es\/#website","url":"https:\/\/www.copealcoy.es\/es\/","name":"COPE Alcoy","description":"Emisora COPE de radio local con emisi\u00f3n online. Pont de Sant Jordi 8-10 03803 Alcoy","potentialAction":[{"@type":"SearchAction","target":{"@type":"EntryPoint","urlTemplate":"https:\/\/www.copealcoy.es\/es\/?s={search_term_string}"},"query-input":{"@type":"PropertyValueSpecification","valueRequired":true,"valueName":"search_term_string"}}],"inLanguage":"es"},{"@type":"Person","@id":"https:\/\/www.copealcoy.es\/es\/#\/schema\/person\/e777c87fa024e57d40170af9df39882c","name":"Cope Alcoy","image":{"@type":"ImageObject","inLanguage":"es","@id":"https:\/\/secure.gravatar.com\/avatar\/bb65d0283347e303893ba14f0692005417c1e0e690a325a4c5d8bb2b3943ee14?s=96&d=mm&r=g","url":"https:\/\/secure.gravatar.com\/avatar\/bb65d0283347e303893ba14f0692005417c1e0e690a325a4c5d8bb2b3943ee14?s=96&d=mm&r=g","contentUrl":"https:\/\/secure.gravatar.com\/avatar\/bb65d0283347e303893ba14f0692005417c1e0e690a325a4c5d8bb2b3943ee14?s=96&d=mm&r=g","caption":"Cope Alcoy"}}]}},"_links":{"self":[{"href":"https:\/\/www.copealcoy.es\/es\/wp-json\/wp\/v2\/posts\/24292","targetHints":{"allow":["GET"]}}],"collection":[{"href":"https:\/\/www.copealcoy.es\/es\/wp-json\/wp\/v2\/posts"}],"about":[{"href":"https:\/\/www.copealcoy.es\/es\/wp-json\/wp\/v2\/types\/post"}],"author":[{"embeddable":true,"href":"https:\/\/www.copealcoy.es\/es\/wp-json\/wp\/v2\/users\/1"}],"replies":[{"embeddable":true,"href":"https:\/\/www.copealcoy.es\/es\/wp-json\/wp\/v2\/comments?post=24292"}],"version-history":[{"count":0,"href":"https:\/\/www.copealcoy.es\/es\/wp-json\/wp\/v2\/posts\/24292\/revisions"}],"wp:featuredmedia":[{"embeddable":true,"href":"https:\/\/www.copealcoy.es\/es\/wp-json\/wp\/v2\/media\/24293"}],"wp:attachment":[{"href":"https:\/\/www.copealcoy.es\/es\/wp-json\/wp\/v2\/media?parent=24292"}],"wp:term":[{"taxonomy":"category","embeddable":true,"href":"https:\/\/www.copealcoy.es\/es\/wp-json\/wp\/v2\/categories?post=24292"},{"taxonomy":"post_tag","embeddable":true,"href":"https:\/\/www.copealcoy.es\/es\/wp-json\/wp\/v2\/tags?post=24292"}],"curies":[{"name":"wp","href":"https:\/\/api.w.org\/{rel}","templated":true}]}}