{"id":24267,"date":"2016-08-09T19:12:51","date_gmt":"2016-08-09T19:12:51","guid":{"rendered":"http:\/\/copealcoi.es\/new\/?p=24267"},"modified":"2016-08-09T19:14:17","modified_gmt":"2016-08-09T19:14:17","slug":"los-mas-pequenos-protagonizan-la-volteta-dels-xiquets","status":"publish","type":"post","link":"https:\/\/www.copealcoy.es\/es\/los-mas-pequenos-protagonizan-la-volteta-dels-xiquets\/","title":{"rendered":"Los m\u00e1s peque\u00f1os protagonizan la &#8216;Volteta dels Xiquets&#8217;"},"content":{"rendered":"<p style=\"text-align: justify;\">La <strong>Semana Festera de Cocentaina<\/strong> ha reservado este martes el protagonismo a los m\u00e1s peque\u00f1os en la cl\u00e1sica &#8216;<strong>Volteta dels Xiquets&#8217;<\/strong> que ha vuelto a recorrer el Passeig del Comtat destacando por una amplia participaci\u00f3n. Previamente se ha llevado a cabo en la plaza del Pla una <strong>merienda<\/strong> acompa\u00f1ada de <strong>juegos<\/strong> en los que no han faltado los habituales castillos hinchables. Tambi\u00e9n se han entregado los <strong>premios del Concurso de Dibujo y Pintura Infantil<\/strong> que convoca anualmente la Federaci\u00f3n Junta de Fiestas de Cocentaina y que ha alcanzado ya su XIX edici\u00f3n.<\/p>\n<p style=\"text-align: justify;\">Seguidamente ha comenzado desde la parte alta del citado Passeig del Comtat la &#8216;<strong>Volteta&#8217;<\/strong> en la que gran cantidad de ni\u00f1os han desfilado a los sones de la m\u00fasica festera que han interpretado la Uni\u00f3n Musical Contestana y el Ateneu Musical. Tambi\u00e9n los padres, familiares y numeroso p\u00fablico han arropado a los peque\u00f1os que han demostrado una vez m\u00e1s que el <strong>futuro de la festa<\/strong> contestana est\u00e1 asegurado.<\/p>\n<p style=\"text-align: justify;\"><strong>La Semana Festera contin\u00faa con m\u00e1s actos<\/strong><\/p>\n<p style=\"text-align: justify;\">Se\u00f1alar que los <strong>actos de la Semana Festera<\/strong> continuar\u00e1 este mi\u00e9rcoles con el \u00faltimo d\u00eda de la <strong>novena<\/strong> en honor a San Hip\u00f3lito M\u00e1rtir que se celebra cada tarde en la parroquia de Santa Mar\u00eda. En esta \u00faltima jornada se presentar\u00e1n los reci\u00e9n nacidos al patr\u00f3n y se sortear\u00e1n los mayorales para el a\u00f1o 2017. Por la noche desfilar\u00e1n en les <strong>Voltetes <\/strong>a partir de las 23:00h los Almog\u00e1vares con su escuadra de negros, la Cavaller\u00eda Ministerial, los Kabile\u00f1os y la Guardia Jalifiana Sahor\u00edns con la escuadra conmemorativa de su 75 aniversario.<\/p>\n<p>&nbsp;<\/p>\n","protected":false},"excerpt":{"rendered":"<p>La Semana Festera de Cocentaina ha reservado este martes el protagonismo a los m\u00e1s peque\u00f1os en la cl\u00e1sica &#8216;Volteta dels&#8230;<\/p>\n","protected":false},"author":1,"featured_media":24268,"comment_status":"open","ping_status":"open","sticky":false,"template":"","format":"standard","meta":{"footnotes":""},"categories":[98,75],"tags":[132,237,856,1309],"class_list":["post-24267","post","type-post","status-publish","format-standard","has-post-thumbnail","hentry","category-comarcas","category-noticias","tag-cocentaina","tag-comtat","tag-moros-i-cristians","tag-volteta-dels-xiquets"],"yoast_head":"<!-- This site is optimized with the Yoast SEO plugin v27.3 - https:\/\/yoast.com\/product\/yoast-seo-wordpress\/ -->\n<title>Los m\u00e1s peque\u00f1os protagonizan la &#039;Volteta dels Xiquets&#039; - COPE Alcoy<\/title>\n<meta name=\"robots\" content=\"index, follow, max-snippet:-1, max-image-preview:large, max-video-preview:-1\" \/>\n<link rel=\"canonical\" href=\"https:\/\/www.copealcoy.es\/es\/los-mas-pequenos-protagonizan-la-volteta-dels-xiquets\/\" \/>\n<meta property=\"og:locale\" content=\"es_ES\" \/>\n<meta property=\"og:type\" content=\"article\" \/>\n<meta property=\"og:title\" content=\"Los m\u00e1s peque\u00f1os protagonizan la &#039;Volteta dels Xiquets&#039; - COPE Alcoy\" \/>\n<meta property=\"og:description\" content=\"La Semana Festera de Cocentaina ha reservado este martes el protagonismo a los m\u00e1s peque\u00f1os en la cl\u00e1sica &#8216;Volteta dels...\" \/>\n<meta property=\"og:url\" content=\"https:\/\/www.copealcoy.es\/es\/los-mas-pequenos-protagonizan-la-volteta-dels-xiquets\/\" \/>\n<meta property=\"og:site_name\" content=\"COPE Alcoy\" \/>\n<meta property=\"article:published_time\" content=\"2016-08-09T19:12:51+00:00\" \/>\n<meta property=\"article:modified_time\" content=\"2016-08-09T19:14:17+00:00\" \/>\n<meta property=\"og:image\" content=\"https:\/\/www.copealcoy.es\/wp-content\/uploads\/2016\/08\/DSC01636-e1470769998663.jpg\" \/>\n\t<meta property=\"og:image:width\" content=\"2222\" \/>\n\t<meta property=\"og:image:height\" content=\"1283\" \/>\n\t<meta property=\"og:image:type\" content=\"image\/jpeg\" \/>\n<meta name=\"author\" content=\"Cope Alcoy\" \/>\n<meta name=\"twitter:label1\" content=\"Escrito por\" \/>\n\t<meta name=\"twitter:data1\" content=\"Cope Alcoy\" \/>\n\t<meta name=\"twitter:label2\" content=\"Tiempo de lectura\" \/>\n\t<meta name=\"twitter:data2\" content=\"1 minuto\" \/>\n<script type=\"application\/ld+json\" class=\"yoast-schema-graph\">{\"@context\":\"https:\\\/\\\/schema.org\",\"@graph\":[{\"@type\":\"Article\",\"@id\":\"https:\\\/\\\/www.copealcoy.es\\\/es\\\/los-mas-pequenos-protagonizan-la-volteta-dels-xiquets\\\/#article\",\"isPartOf\":{\"@id\":\"https:\\\/\\\/www.copealcoy.es\\\/es\\\/los-mas-pequenos-protagonizan-la-volteta-dels-xiquets\\\/\"},\"author\":{\"name\":\"Cope Alcoy\",\"@id\":\"https:\\\/\\\/www.copealcoy.es\\\/es\\\/#\\\/schema\\\/person\\\/e777c87fa024e57d40170af9df39882c\"},\"headline\":\"Los m\u00e1s peque\u00f1os protagonizan la &#8216;Volteta dels Xiquets&#8217;\",\"datePublished\":\"2016-08-09T19:12:51+00:00\",\"dateModified\":\"2016-08-09T19:14:17+00:00\",\"mainEntityOfPage\":{\"@id\":\"https:\\\/\\\/www.copealcoy.es\\\/es\\\/los-mas-pequenos-protagonizan-la-volteta-dels-xiquets\\\/\"},\"wordCount\":301,\"commentCount\":0,\"image\":{\"@id\":\"https:\\\/\\\/www.copealcoy.es\\\/es\\\/los-mas-pequenos-protagonizan-la-volteta-dels-xiquets\\\/#primaryimage\"},\"thumbnailUrl\":\"https:\\\/\\\/www.copealcoy.es\\\/wp-content\\\/uploads\\\/2016\\\/08\\\/DSC01636-e1470769998663.jpg\",\"keywords\":[\"Cocentaina\",\"Comtat\",\"Moros i Cristians\",\"Volteta dels Xiquets\"],\"articleSection\":[\"Comarcas\",\"Noticias\"],\"inLanguage\":\"es\"},{\"@type\":\"WebPage\",\"@id\":\"https:\\\/\\\/www.copealcoy.es\\\/es\\\/los-mas-pequenos-protagonizan-la-volteta-dels-xiquets\\\/\",\"url\":\"https:\\\/\\\/www.copealcoy.es\\\/es\\\/los-mas-pequenos-protagonizan-la-volteta-dels-xiquets\\\/\",\"name\":\"Los m\u00e1s peque\u00f1os protagonizan la 'Volteta dels Xiquets' - COPE Alcoy\",\"isPartOf\":{\"@id\":\"https:\\\/\\\/www.copealcoy.es\\\/es\\\/#website\"},\"primaryImageOfPage\":{\"@id\":\"https:\\\/\\\/www.copealcoy.es\\\/es\\\/los-mas-pequenos-protagonizan-la-volteta-dels-xiquets\\\/#primaryimage\"},\"image\":{\"@id\":\"https:\\\/\\\/www.copealcoy.es\\\/es\\\/los-mas-pequenos-protagonizan-la-volteta-dels-xiquets\\\/#primaryimage\"},\"thumbnailUrl\":\"https:\\\/\\\/www.copealcoy.es\\\/wp-content\\\/uploads\\\/2016\\\/08\\\/DSC01636-e1470769998663.jpg\",\"datePublished\":\"2016-08-09T19:12:51+00:00\",\"dateModified\":\"2016-08-09T19:14:17+00:00\",\"author\":{\"@id\":\"https:\\\/\\\/www.copealcoy.es\\\/es\\\/#\\\/schema\\\/person\\\/e777c87fa024e57d40170af9df39882c\"},\"breadcrumb\":{\"@id\":\"https:\\\/\\\/www.copealcoy.es\\\/es\\\/los-mas-pequenos-protagonizan-la-volteta-dels-xiquets\\\/#breadcrumb\"},\"inLanguage\":\"es\",\"potentialAction\":[{\"@type\":\"ReadAction\",\"target\":[\"https:\\\/\\\/www.copealcoy.es\\\/es\\\/los-mas-pequenos-protagonizan-la-volteta-dels-xiquets\\\/\"]}]},{\"@type\":\"ImageObject\",\"inLanguage\":\"es\",\"@id\":\"https:\\\/\\\/www.copealcoy.es\\\/es\\\/los-mas-pequenos-protagonizan-la-volteta-dels-xiquets\\\/#primaryimage\",\"url\":\"https:\\\/\\\/www.copealcoy.es\\\/wp-content\\\/uploads\\\/2016\\\/08\\\/DSC01636-e1470769998663.jpg\",\"contentUrl\":\"https:\\\/\\\/www.copealcoy.es\\\/wp-content\\\/uploads\\\/2016\\\/08\\\/DSC01636-e1470769998663.jpg\",\"width\":2222,\"height\":1283,\"caption\":\"La 'Volteta dels Xiquets' ha tenido lugar por el Passeig del Comtat\"},{\"@type\":\"BreadcrumbList\",\"@id\":\"https:\\\/\\\/www.copealcoy.es\\\/es\\\/los-mas-pequenos-protagonizan-la-volteta-dels-xiquets\\\/#breadcrumb\",\"itemListElement\":[{\"@type\":\"ListItem\",\"position\":1,\"name\":\"Portada\",\"item\":\"https:\\\/\\\/www.copealcoy.es\\\/es\\\/\"},{\"@type\":\"ListItem\",\"position\":2,\"name\":\"Los m\u00e1s peque\u00f1os protagonizan la &#8216;Volteta dels Xiquets&#8217;\"}]},{\"@type\":\"WebSite\",\"@id\":\"https:\\\/\\\/www.copealcoy.es\\\/es\\\/#website\",\"url\":\"https:\\\/\\\/www.copealcoy.es\\\/es\\\/\",\"name\":\"COPE Alcoy\",\"description\":\"Emisora COPE de radio local con emisi\u00f3n online. Pont de Sant Jordi 8-10 03803 Alcoy\",\"potentialAction\":[{\"@type\":\"SearchAction\",\"target\":{\"@type\":\"EntryPoint\",\"urlTemplate\":\"https:\\\/\\\/www.copealcoy.es\\\/es\\\/?s={search_term_string}\"},\"query-input\":{\"@type\":\"PropertyValueSpecification\",\"valueRequired\":true,\"valueName\":\"search_term_string\"}}],\"inLanguage\":\"es\"},{\"@type\":\"Person\",\"@id\":\"https:\\\/\\\/www.copealcoy.es\\\/es\\\/#\\\/schema\\\/person\\\/e777c87fa024e57d40170af9df39882c\",\"name\":\"Cope Alcoy\",\"image\":{\"@type\":\"ImageObject\",\"inLanguage\":\"es\",\"@id\":\"https:\\\/\\\/secure.gravatar.com\\\/avatar\\\/bb65d0283347e303893ba14f0692005417c1e0e690a325a4c5d8bb2b3943ee14?s=96&d=mm&r=g\",\"url\":\"https:\\\/\\\/secure.gravatar.com\\\/avatar\\\/bb65d0283347e303893ba14f0692005417c1e0e690a325a4c5d8bb2b3943ee14?s=96&d=mm&r=g\",\"contentUrl\":\"https:\\\/\\\/secure.gravatar.com\\\/avatar\\\/bb65d0283347e303893ba14f0692005417c1e0e690a325a4c5d8bb2b3943ee14?s=96&d=mm&r=g\",\"caption\":\"Cope Alcoy\"}}]}<\/script>\n<!-- \/ Yoast SEO plugin. -->","yoast_head_json":{"title":"Los m\u00e1s peque\u00f1os protagonizan la 'Volteta dels Xiquets' - COPE Alcoy","robots":{"index":"index","follow":"follow","max-snippet":"max-snippet:-1","max-image-preview":"max-image-preview:large","max-video-preview":"max-video-preview:-1"},"canonical":"https:\/\/www.copealcoy.es\/es\/los-mas-pequenos-protagonizan-la-volteta-dels-xiquets\/","og_locale":"es_ES","og_type":"article","og_title":"Los m\u00e1s peque\u00f1os protagonizan la 'Volteta dels Xiquets' - COPE Alcoy","og_description":"La Semana Festera de Cocentaina ha reservado este martes el protagonismo a los m\u00e1s peque\u00f1os en la cl\u00e1sica &#8216;Volteta dels...","og_url":"https:\/\/www.copealcoy.es\/es\/los-mas-pequenos-protagonizan-la-volteta-dels-xiquets\/","og_site_name":"COPE Alcoy","article_published_time":"2016-08-09T19:12:51+00:00","article_modified_time":"2016-08-09T19:14:17+00:00","og_image":[{"width":2222,"height":1283,"url":"https:\/\/www.copealcoy.es\/wp-content\/uploads\/2016\/08\/DSC01636-e1470769998663.jpg","type":"image\/jpeg"}],"author":"Cope Alcoy","twitter_misc":{"Escrito por":"Cope Alcoy","Tiempo de lectura":"1 minuto"},"schema":{"@context":"https:\/\/schema.org","@graph":[{"@type":"Article","@id":"https:\/\/www.copealcoy.es\/es\/los-mas-pequenos-protagonizan-la-volteta-dels-xiquets\/#article","isPartOf":{"@id":"https:\/\/www.copealcoy.es\/es\/los-mas-pequenos-protagonizan-la-volteta-dels-xiquets\/"},"author":{"name":"Cope Alcoy","@id":"https:\/\/www.copealcoy.es\/es\/#\/schema\/person\/e777c87fa024e57d40170af9df39882c"},"headline":"Los m\u00e1s peque\u00f1os protagonizan la &#8216;Volteta dels Xiquets&#8217;","datePublished":"2016-08-09T19:12:51+00:00","dateModified":"2016-08-09T19:14:17+00:00","mainEntityOfPage":{"@id":"https:\/\/www.copealcoy.es\/es\/los-mas-pequenos-protagonizan-la-volteta-dels-xiquets\/"},"wordCount":301,"commentCount":0,"image":{"@id":"https:\/\/www.copealcoy.es\/es\/los-mas-pequenos-protagonizan-la-volteta-dels-xiquets\/#primaryimage"},"thumbnailUrl":"https:\/\/www.copealcoy.es\/wp-content\/uploads\/2016\/08\/DSC01636-e1470769998663.jpg","keywords":["Cocentaina","Comtat","Moros i Cristians","Volteta dels Xiquets"],"articleSection":["Comarcas","Noticias"],"inLanguage":"es"},{"@type":"WebPage","@id":"https:\/\/www.copealcoy.es\/es\/los-mas-pequenos-protagonizan-la-volteta-dels-xiquets\/","url":"https:\/\/www.copealcoy.es\/es\/los-mas-pequenos-protagonizan-la-volteta-dels-xiquets\/","name":"Los m\u00e1s peque\u00f1os protagonizan la 'Volteta dels Xiquets' - COPE Alcoy","isPartOf":{"@id":"https:\/\/www.copealcoy.es\/es\/#website"},"primaryImageOfPage":{"@id":"https:\/\/www.copealcoy.es\/es\/los-mas-pequenos-protagonizan-la-volteta-dels-xiquets\/#primaryimage"},"image":{"@id":"https:\/\/www.copealcoy.es\/es\/los-mas-pequenos-protagonizan-la-volteta-dels-xiquets\/#primaryimage"},"thumbnailUrl":"https:\/\/www.copealcoy.es\/wp-content\/uploads\/2016\/08\/DSC01636-e1470769998663.jpg","datePublished":"2016-08-09T19:12:51+00:00","dateModified":"2016-08-09T19:14:17+00:00","author":{"@id":"https:\/\/www.copealcoy.es\/es\/#\/schema\/person\/e777c87fa024e57d40170af9df39882c"},"breadcrumb":{"@id":"https:\/\/www.copealcoy.es\/es\/los-mas-pequenos-protagonizan-la-volteta-dels-xiquets\/#breadcrumb"},"inLanguage":"es","potentialAction":[{"@type":"ReadAction","target":["https:\/\/www.copealcoy.es\/es\/los-mas-pequenos-protagonizan-la-volteta-dels-xiquets\/"]}]},{"@type":"ImageObject","inLanguage":"es","@id":"https:\/\/www.copealcoy.es\/es\/los-mas-pequenos-protagonizan-la-volteta-dels-xiquets\/#primaryimage","url":"https:\/\/www.copealcoy.es\/wp-content\/uploads\/2016\/08\/DSC01636-e1470769998663.jpg","contentUrl":"https:\/\/www.copealcoy.es\/wp-content\/uploads\/2016\/08\/DSC01636-e1470769998663.jpg","width":2222,"height":1283,"caption":"La 'Volteta dels Xiquets' ha tenido lugar por el Passeig del Comtat"},{"@type":"BreadcrumbList","@id":"https:\/\/www.copealcoy.es\/es\/los-mas-pequenos-protagonizan-la-volteta-dels-xiquets\/#breadcrumb","itemListElement":[{"@type":"ListItem","position":1,"name":"Portada","item":"https:\/\/www.copealcoy.es\/es\/"},{"@type":"ListItem","position":2,"name":"Los m\u00e1s peque\u00f1os protagonizan la &#8216;Volteta dels Xiquets&#8217;"}]},{"@type":"WebSite","@id":"https:\/\/www.copealcoy.es\/es\/#website","url":"https:\/\/www.copealcoy.es\/es\/","name":"COPE Alcoy","description":"Emisora COPE de radio local con emisi\u00f3n online. Pont de Sant Jordi 8-10 03803 Alcoy","potentialAction":[{"@type":"SearchAction","target":{"@type":"EntryPoint","urlTemplate":"https:\/\/www.copealcoy.es\/es\/?s={search_term_string}"},"query-input":{"@type":"PropertyValueSpecification","valueRequired":true,"valueName":"search_term_string"}}],"inLanguage":"es"},{"@type":"Person","@id":"https:\/\/www.copealcoy.es\/es\/#\/schema\/person\/e777c87fa024e57d40170af9df39882c","name":"Cope Alcoy","image":{"@type":"ImageObject","inLanguage":"es","@id":"https:\/\/secure.gravatar.com\/avatar\/bb65d0283347e303893ba14f0692005417c1e0e690a325a4c5d8bb2b3943ee14?s=96&d=mm&r=g","url":"https:\/\/secure.gravatar.com\/avatar\/bb65d0283347e303893ba14f0692005417c1e0e690a325a4c5d8bb2b3943ee14?s=96&d=mm&r=g","contentUrl":"https:\/\/secure.gravatar.com\/avatar\/bb65d0283347e303893ba14f0692005417c1e0e690a325a4c5d8bb2b3943ee14?s=96&d=mm&r=g","caption":"Cope Alcoy"}}]}},"_links":{"self":[{"href":"https:\/\/www.copealcoy.es\/es\/wp-json\/wp\/v2\/posts\/24267","targetHints":{"allow":["GET"]}}],"collection":[{"href":"https:\/\/www.copealcoy.es\/es\/wp-json\/wp\/v2\/posts"}],"about":[{"href":"https:\/\/www.copealcoy.es\/es\/wp-json\/wp\/v2\/types\/post"}],"author":[{"embeddable":true,"href":"https:\/\/www.copealcoy.es\/es\/wp-json\/wp\/v2\/users\/1"}],"replies":[{"embeddable":true,"href":"https:\/\/www.copealcoy.es\/es\/wp-json\/wp\/v2\/comments?post=24267"}],"version-history":[{"count":0,"href":"https:\/\/www.copealcoy.es\/es\/wp-json\/wp\/v2\/posts\/24267\/revisions"}],"wp:featuredmedia":[{"embeddable":true,"href":"https:\/\/www.copealcoy.es\/es\/wp-json\/wp\/v2\/media\/24268"}],"wp:attachment":[{"href":"https:\/\/www.copealcoy.es\/es\/wp-json\/wp\/v2\/media?parent=24267"}],"wp:term":[{"taxonomy":"category","embeddable":true,"href":"https:\/\/www.copealcoy.es\/es\/wp-json\/wp\/v2\/categories?post=24267"},{"taxonomy":"post_tag","embeddable":true,"href":"https:\/\/www.copealcoy.es\/es\/wp-json\/wp\/v2\/tags?post=24267"}],"curies":[{"name":"wp","href":"https:\/\/api.w.org\/{rel}","templated":true}]}}