{"id":24207,"date":"2016-08-08T06:00:37","date_gmt":"2016-08-08T06:00:37","guid":{"rendered":"http:\/\/copealcoi.es\/new\/?p=24207"},"modified":"2016-08-07T22:20:07","modified_gmt":"2016-08-07T22:20:07","slug":"el-concierto-del-mal-passet-da-por-iniciada-la-semana-festera","status":"publish","type":"post","link":"https:\/\/www.copealcoy.es\/es\/el-concierto-del-mal-passet-da-por-iniciada-la-semana-festera\/","title":{"rendered":"El concierto del Mal Passet da por iniciada la Semana Festera"},"content":{"rendered":"<p style=\"text-align: justify;\">La Colla de Dol\u00e7aines i Tabals <strong>Mal Passet <\/strong>inici\u00f3 ayer domingo la <strong>Semana Festera en Cocentaina<\/strong> con su tradicional concierto, que tuvo lugar en el Patio de Armas del Palau Comtal, y que en esta ocasi\u00f3n alcanz\u00f3 la edici\u00f3n n\u00famero trece. El acto adem\u00e1s tuvo un marcado <strong>car\u00e1cter solidario<\/strong> ya que la recaudaci\u00f3n de la entrada del mismo, a un precio simb\u00f3lico de dos euros, ir\u00e1 destinada \u00edntegramente a la Asociaci\u00f3n Pro Personas con Discapacidad Intelectual de Alcoy (Aspromin).<\/p>\n<p style=\"text-align: justify;\">El concierto, bajo la direcci\u00f3n de Francisco Valor, estuvo <strong>dividido en dos partes<\/strong> centr\u00e1ndose la primera en m\u00fasica interpretada tan solo con <em>dol\u00e7aina<\/em> y percusi\u00f3n, mientras que en la segunda tuvo protagonismo el acompa\u00f1amiento de un grupo de instrumentos de metal. Adem\u00e1s hay que rese\u00f1ar que en el comienzo los m\u00fasicos del Mal Passet dieron la bienvenida a un nuevo componente, Andreu Garrido, que a partir de ahora pasar\u00e1 a formar parte de la Colla como <em>dol\u00e7ainer.<\/em><\/p>\n<p style=\"text-align: justify;\">A continuaci\u00f3n comenz\u00f3 a <strong>sonar la m\u00fasica<\/strong> y el Mal Passet interpret\u00f3 <em>Fanf\u00e0rria Mud\u00e9jar<\/em> de Francisco Valor seguido del pasodoble <em>Bons Amics<\/em> de Toni Lloret, la marcha mora <em>Al- Sahagui<\/em> tambi\u00e9n de Francisco Valor, la marcha cristiana <em>Bellaguarda<\/em> de Ferran Ferrando, <em>Al\u00ed- Gea-b\u00e0 Spyros<\/em> de Vicent Coleto y <em>Sagittarie<\/em> del compositor de Ontinyent Sa\u00fcl G\u00f3mez i Soler a quien la Colla otorg\u00f3 el pasado mes de marzo el VIII reconocimiento <em>Passet a Passet.\u00a0<\/em>Ya en la <strong>segunda parte<\/strong> son\u00f3 <em>Curro Jim\u00e9nez<\/em> de Ant\u00f3n Garc\u00eda Abril, <em>Foscor<\/em> de Sa\u00fcl G\u00f3mez i Soler, <em>Marco Polo<\/em> de Jaume Blai Santonja, <em>El Bou del Foc<\/em> de Rub\u00e9n Pen\u00e1des y la marcha mora <em>Quirbily<\/em><em>\u00e2n<\/em> de Jos\u00e9 Rafael Pascual Vilaplana que adem\u00e1s el viernes ser\u00e1 el encargado de dirigir el Himno de Fiestas.<\/p>\n<p style=\"text-align: justify;\">La parte final del concierto se centr\u00f3 en los <strong>parlamentos<\/strong> del presidente del Mal Passet, Gabriel Franc\u00e9s, as\u00ed como de la Presidenta de la Junta de Fiestas, Pepa Prats; la alcaldesa, Mireia Estepa y el presidente de Aspromin. Por \u00faltimo se interpret\u00f3 el Himno de Fiestas, adaptado a dol\u00e7aina, cuya letra es del poeta Gerard Mur y la m\u00fasica de Jos\u00e9 Insa Mart\u00ednez<\/p>\n<p style=\"text-align: justify;\">Recordar que la m\u00fasica festera volver\u00e1 a sonar en el Patio del Palau de Cocentaina esta noche, a partir de las 22:30h, con el XXXI Concierto que ofrecer\u00e1 la <strong>Societat Ateneu Musical.<\/strong><\/p>\n","protected":false},"excerpt":{"rendered":"<p>La Colla de Dol\u00e7aines i Tabals Mal Passet inici\u00f3 ayer domingo la Semana Festera en Cocentaina con su tradicional concierto,&#8230;<\/p>\n","protected":false},"author":1,"featured_media":24210,"comment_status":"open","ping_status":"open","sticky":false,"template":"","format":"standard","meta":{"footnotes":""},"categories":[98,75],"tags":[132,701,794,1293],"class_list":["post-24207","post","type-post","status-publish","format-standard","has-post-thumbnail","hentry","category-comarcas","category-noticias","tag-cocentaina","tag-concierto","tag-mal-passet","tag-semana-festera"],"yoast_head":"<!-- This site is optimized with the Yoast SEO plugin v27.3 - https:\/\/yoast.com\/product\/yoast-seo-wordpress\/ -->\n<title>El concierto del Mal Passet da por iniciada la Semana Festera - COPE Alcoy<\/title>\n<meta name=\"robots\" content=\"index, follow, max-snippet:-1, max-image-preview:large, max-video-preview:-1\" \/>\n<link rel=\"canonical\" href=\"https:\/\/www.copealcoy.es\/es\/el-concierto-del-mal-passet-da-por-iniciada-la-semana-festera\/\" \/>\n<meta property=\"og:locale\" content=\"es_ES\" \/>\n<meta property=\"og:type\" content=\"article\" \/>\n<meta property=\"og:title\" content=\"El concierto del Mal Passet da por iniciada la Semana Festera - COPE Alcoy\" \/>\n<meta property=\"og:description\" content=\"La Colla de Dol\u00e7aines i Tabals Mal Passet inici\u00f3 ayer domingo la Semana Festera en Cocentaina con su tradicional concierto,...\" \/>\n<meta property=\"og:url\" content=\"https:\/\/www.copealcoy.es\/es\/el-concierto-del-mal-passet-da-por-iniciada-la-semana-festera\/\" \/>\n<meta property=\"og:site_name\" content=\"COPE Alcoy\" \/>\n<meta property=\"article:published_time\" content=\"2016-08-08T06:00:37+00:00\" \/>\n<meta property=\"og:image\" content=\"https:\/\/www.copealcoy.es\/wp-content\/uploads\/2016\/08\/13956825_10210047013272559_1766291529_n.jpg\" \/>\n\t<meta property=\"og:image:width\" content=\"867\" \/>\n\t<meta property=\"og:image:height\" content=\"499\" \/>\n\t<meta property=\"og:image:type\" content=\"image\/jpeg\" \/>\n<meta name=\"author\" content=\"Cope Alcoy\" \/>\n<meta name=\"twitter:label1\" content=\"Escrito por\" \/>\n\t<meta name=\"twitter:data1\" content=\"Cope Alcoy\" \/>\n\t<meta name=\"twitter:label2\" content=\"Tiempo de lectura\" \/>\n\t<meta name=\"twitter:data2\" content=\"2 minutos\" \/>\n<script type=\"application\/ld+json\" class=\"yoast-schema-graph\">{\"@context\":\"https:\\\/\\\/schema.org\",\"@graph\":[{\"@type\":\"Article\",\"@id\":\"https:\\\/\\\/www.copealcoy.es\\\/es\\\/el-concierto-del-mal-passet-da-por-iniciada-la-semana-festera\\\/#article\",\"isPartOf\":{\"@id\":\"https:\\\/\\\/www.copealcoy.es\\\/es\\\/el-concierto-del-mal-passet-da-por-iniciada-la-semana-festera\\\/\"},\"author\":{\"name\":\"Cope Alcoy\",\"@id\":\"https:\\\/\\\/www.copealcoy.es\\\/es\\\/#\\\/schema\\\/person\\\/e777c87fa024e57d40170af9df39882c\"},\"headline\":\"El concierto del Mal Passet da por iniciada la Semana Festera\",\"datePublished\":\"2016-08-08T06:00:37+00:00\",\"mainEntityOfPage\":{\"@id\":\"https:\\\/\\\/www.copealcoy.es\\\/es\\\/el-concierto-del-mal-passet-da-por-iniciada-la-semana-festera\\\/\"},\"wordCount\":430,\"commentCount\":0,\"image\":{\"@id\":\"https:\\\/\\\/www.copealcoy.es\\\/es\\\/el-concierto-del-mal-passet-da-por-iniciada-la-semana-festera\\\/#primaryimage\"},\"thumbnailUrl\":\"https:\\\/\\\/www.copealcoy.es\\\/wp-content\\\/uploads\\\/2016\\\/08\\\/13956825_10210047013272559_1766291529_n.jpg\",\"keywords\":[\"Cocentaina\",\"Concierto\",\"Mal Passet\",\"Semana Festera\"],\"articleSection\":[\"Comarcas\",\"Noticias\"],\"inLanguage\":\"es\"},{\"@type\":\"WebPage\",\"@id\":\"https:\\\/\\\/www.copealcoy.es\\\/es\\\/el-concierto-del-mal-passet-da-por-iniciada-la-semana-festera\\\/\",\"url\":\"https:\\\/\\\/www.copealcoy.es\\\/es\\\/el-concierto-del-mal-passet-da-por-iniciada-la-semana-festera\\\/\",\"name\":\"El concierto del Mal Passet da por iniciada la Semana Festera - COPE Alcoy\",\"isPartOf\":{\"@id\":\"https:\\\/\\\/www.copealcoy.es\\\/es\\\/#website\"},\"primaryImageOfPage\":{\"@id\":\"https:\\\/\\\/www.copealcoy.es\\\/es\\\/el-concierto-del-mal-passet-da-por-iniciada-la-semana-festera\\\/#primaryimage\"},\"image\":{\"@id\":\"https:\\\/\\\/www.copealcoy.es\\\/es\\\/el-concierto-del-mal-passet-da-por-iniciada-la-semana-festera\\\/#primaryimage\"},\"thumbnailUrl\":\"https:\\\/\\\/www.copealcoy.es\\\/wp-content\\\/uploads\\\/2016\\\/08\\\/13956825_10210047013272559_1766291529_n.jpg\",\"datePublished\":\"2016-08-08T06:00:37+00:00\",\"author\":{\"@id\":\"https:\\\/\\\/www.copealcoy.es\\\/es\\\/#\\\/schema\\\/person\\\/e777c87fa024e57d40170af9df39882c\"},\"breadcrumb\":{\"@id\":\"https:\\\/\\\/www.copealcoy.es\\\/es\\\/el-concierto-del-mal-passet-da-por-iniciada-la-semana-festera\\\/#breadcrumb\"},\"inLanguage\":\"es\",\"potentialAction\":[{\"@type\":\"ReadAction\",\"target\":[\"https:\\\/\\\/www.copealcoy.es\\\/es\\\/el-concierto-del-mal-passet-da-por-iniciada-la-semana-festera\\\/\"]}]},{\"@type\":\"ImageObject\",\"inLanguage\":\"es\",\"@id\":\"https:\\\/\\\/www.copealcoy.es\\\/es\\\/el-concierto-del-mal-passet-da-por-iniciada-la-semana-festera\\\/#primaryimage\",\"url\":\"https:\\\/\\\/www.copealcoy.es\\\/wp-content\\\/uploads\\\/2016\\\/08\\\/13956825_10210047013272559_1766291529_n.jpg\",\"contentUrl\":\"https:\\\/\\\/www.copealcoy.es\\\/wp-content\\\/uploads\\\/2016\\\/08\\\/13956825_10210047013272559_1766291529_n.jpg\",\"width\":867,\"height\":499,\"caption\":\"El concierto tuvo lugar en el patio del Palau\"},{\"@type\":\"BreadcrumbList\",\"@id\":\"https:\\\/\\\/www.copealcoy.es\\\/es\\\/el-concierto-del-mal-passet-da-por-iniciada-la-semana-festera\\\/#breadcrumb\",\"itemListElement\":[{\"@type\":\"ListItem\",\"position\":1,\"name\":\"Portada\",\"item\":\"https:\\\/\\\/www.copealcoy.es\\\/es\\\/\"},{\"@type\":\"ListItem\",\"position\":2,\"name\":\"El concierto del Mal Passet da por iniciada la Semana Festera\"}]},{\"@type\":\"WebSite\",\"@id\":\"https:\\\/\\\/www.copealcoy.es\\\/es\\\/#website\",\"url\":\"https:\\\/\\\/www.copealcoy.es\\\/es\\\/\",\"name\":\"COPE Alcoy\",\"description\":\"Emisora COPE de radio local con emisi\u00f3n online. Pont de Sant Jordi 8-10 03803 Alcoy\",\"potentialAction\":[{\"@type\":\"SearchAction\",\"target\":{\"@type\":\"EntryPoint\",\"urlTemplate\":\"https:\\\/\\\/www.copealcoy.es\\\/es\\\/?s={search_term_string}\"},\"query-input\":{\"@type\":\"PropertyValueSpecification\",\"valueRequired\":true,\"valueName\":\"search_term_string\"}}],\"inLanguage\":\"es\"},{\"@type\":\"Person\",\"@id\":\"https:\\\/\\\/www.copealcoy.es\\\/es\\\/#\\\/schema\\\/person\\\/e777c87fa024e57d40170af9df39882c\",\"name\":\"Cope Alcoy\",\"image\":{\"@type\":\"ImageObject\",\"inLanguage\":\"es\",\"@id\":\"https:\\\/\\\/secure.gravatar.com\\\/avatar\\\/bb65d0283347e303893ba14f0692005417c1e0e690a325a4c5d8bb2b3943ee14?s=96&d=mm&r=g\",\"url\":\"https:\\\/\\\/secure.gravatar.com\\\/avatar\\\/bb65d0283347e303893ba14f0692005417c1e0e690a325a4c5d8bb2b3943ee14?s=96&d=mm&r=g\",\"contentUrl\":\"https:\\\/\\\/secure.gravatar.com\\\/avatar\\\/bb65d0283347e303893ba14f0692005417c1e0e690a325a4c5d8bb2b3943ee14?s=96&d=mm&r=g\",\"caption\":\"Cope Alcoy\"}}]}<\/script>\n<!-- \/ Yoast SEO plugin. -->","yoast_head_json":{"title":"El concierto del Mal Passet da por iniciada la Semana Festera - COPE Alcoy","robots":{"index":"index","follow":"follow","max-snippet":"max-snippet:-1","max-image-preview":"max-image-preview:large","max-video-preview":"max-video-preview:-1"},"canonical":"https:\/\/www.copealcoy.es\/es\/el-concierto-del-mal-passet-da-por-iniciada-la-semana-festera\/","og_locale":"es_ES","og_type":"article","og_title":"El concierto del Mal Passet da por iniciada la Semana Festera - COPE Alcoy","og_description":"La Colla de Dol\u00e7aines i Tabals Mal Passet inici\u00f3 ayer domingo la Semana Festera en Cocentaina con su tradicional concierto,...","og_url":"https:\/\/www.copealcoy.es\/es\/el-concierto-del-mal-passet-da-por-iniciada-la-semana-festera\/","og_site_name":"COPE Alcoy","article_published_time":"2016-08-08T06:00:37+00:00","og_image":[{"width":867,"height":499,"url":"https:\/\/www.copealcoy.es\/wp-content\/uploads\/2016\/08\/13956825_10210047013272559_1766291529_n.jpg","type":"image\/jpeg"}],"author":"Cope Alcoy","twitter_misc":{"Escrito por":"Cope Alcoy","Tiempo de lectura":"2 minutos"},"schema":{"@context":"https:\/\/schema.org","@graph":[{"@type":"Article","@id":"https:\/\/www.copealcoy.es\/es\/el-concierto-del-mal-passet-da-por-iniciada-la-semana-festera\/#article","isPartOf":{"@id":"https:\/\/www.copealcoy.es\/es\/el-concierto-del-mal-passet-da-por-iniciada-la-semana-festera\/"},"author":{"name":"Cope Alcoy","@id":"https:\/\/www.copealcoy.es\/es\/#\/schema\/person\/e777c87fa024e57d40170af9df39882c"},"headline":"El concierto del Mal Passet da por iniciada la Semana Festera","datePublished":"2016-08-08T06:00:37+00:00","mainEntityOfPage":{"@id":"https:\/\/www.copealcoy.es\/es\/el-concierto-del-mal-passet-da-por-iniciada-la-semana-festera\/"},"wordCount":430,"commentCount":0,"image":{"@id":"https:\/\/www.copealcoy.es\/es\/el-concierto-del-mal-passet-da-por-iniciada-la-semana-festera\/#primaryimage"},"thumbnailUrl":"https:\/\/www.copealcoy.es\/wp-content\/uploads\/2016\/08\/13956825_10210047013272559_1766291529_n.jpg","keywords":["Cocentaina","Concierto","Mal Passet","Semana Festera"],"articleSection":["Comarcas","Noticias"],"inLanguage":"es"},{"@type":"WebPage","@id":"https:\/\/www.copealcoy.es\/es\/el-concierto-del-mal-passet-da-por-iniciada-la-semana-festera\/","url":"https:\/\/www.copealcoy.es\/es\/el-concierto-del-mal-passet-da-por-iniciada-la-semana-festera\/","name":"El concierto del Mal Passet da por iniciada la Semana Festera - COPE Alcoy","isPartOf":{"@id":"https:\/\/www.copealcoy.es\/es\/#website"},"primaryImageOfPage":{"@id":"https:\/\/www.copealcoy.es\/es\/el-concierto-del-mal-passet-da-por-iniciada-la-semana-festera\/#primaryimage"},"image":{"@id":"https:\/\/www.copealcoy.es\/es\/el-concierto-del-mal-passet-da-por-iniciada-la-semana-festera\/#primaryimage"},"thumbnailUrl":"https:\/\/www.copealcoy.es\/wp-content\/uploads\/2016\/08\/13956825_10210047013272559_1766291529_n.jpg","datePublished":"2016-08-08T06:00:37+00:00","author":{"@id":"https:\/\/www.copealcoy.es\/es\/#\/schema\/person\/e777c87fa024e57d40170af9df39882c"},"breadcrumb":{"@id":"https:\/\/www.copealcoy.es\/es\/el-concierto-del-mal-passet-da-por-iniciada-la-semana-festera\/#breadcrumb"},"inLanguage":"es","potentialAction":[{"@type":"ReadAction","target":["https:\/\/www.copealcoy.es\/es\/el-concierto-del-mal-passet-da-por-iniciada-la-semana-festera\/"]}]},{"@type":"ImageObject","inLanguage":"es","@id":"https:\/\/www.copealcoy.es\/es\/el-concierto-del-mal-passet-da-por-iniciada-la-semana-festera\/#primaryimage","url":"https:\/\/www.copealcoy.es\/wp-content\/uploads\/2016\/08\/13956825_10210047013272559_1766291529_n.jpg","contentUrl":"https:\/\/www.copealcoy.es\/wp-content\/uploads\/2016\/08\/13956825_10210047013272559_1766291529_n.jpg","width":867,"height":499,"caption":"El concierto tuvo lugar en el patio del Palau"},{"@type":"BreadcrumbList","@id":"https:\/\/www.copealcoy.es\/es\/el-concierto-del-mal-passet-da-por-iniciada-la-semana-festera\/#breadcrumb","itemListElement":[{"@type":"ListItem","position":1,"name":"Portada","item":"https:\/\/www.copealcoy.es\/es\/"},{"@type":"ListItem","position":2,"name":"El concierto del Mal Passet da por iniciada la Semana Festera"}]},{"@type":"WebSite","@id":"https:\/\/www.copealcoy.es\/es\/#website","url":"https:\/\/www.copealcoy.es\/es\/","name":"COPE Alcoy","description":"Emisora COPE de radio local con emisi\u00f3n online. Pont de Sant Jordi 8-10 03803 Alcoy","potentialAction":[{"@type":"SearchAction","target":{"@type":"EntryPoint","urlTemplate":"https:\/\/www.copealcoy.es\/es\/?s={search_term_string}"},"query-input":{"@type":"PropertyValueSpecification","valueRequired":true,"valueName":"search_term_string"}}],"inLanguage":"es"},{"@type":"Person","@id":"https:\/\/www.copealcoy.es\/es\/#\/schema\/person\/e777c87fa024e57d40170af9df39882c","name":"Cope Alcoy","image":{"@type":"ImageObject","inLanguage":"es","@id":"https:\/\/secure.gravatar.com\/avatar\/bb65d0283347e303893ba14f0692005417c1e0e690a325a4c5d8bb2b3943ee14?s=96&d=mm&r=g","url":"https:\/\/secure.gravatar.com\/avatar\/bb65d0283347e303893ba14f0692005417c1e0e690a325a4c5d8bb2b3943ee14?s=96&d=mm&r=g","contentUrl":"https:\/\/secure.gravatar.com\/avatar\/bb65d0283347e303893ba14f0692005417c1e0e690a325a4c5d8bb2b3943ee14?s=96&d=mm&r=g","caption":"Cope Alcoy"}}]}},"_links":{"self":[{"href":"https:\/\/www.copealcoy.es\/es\/wp-json\/wp\/v2\/posts\/24207","targetHints":{"allow":["GET"]}}],"collection":[{"href":"https:\/\/www.copealcoy.es\/es\/wp-json\/wp\/v2\/posts"}],"about":[{"href":"https:\/\/www.copealcoy.es\/es\/wp-json\/wp\/v2\/types\/post"}],"author":[{"embeddable":true,"href":"https:\/\/www.copealcoy.es\/es\/wp-json\/wp\/v2\/users\/1"}],"replies":[{"embeddable":true,"href":"https:\/\/www.copealcoy.es\/es\/wp-json\/wp\/v2\/comments?post=24207"}],"version-history":[{"count":0,"href":"https:\/\/www.copealcoy.es\/es\/wp-json\/wp\/v2\/posts\/24207\/revisions"}],"wp:featuredmedia":[{"embeddable":true,"href":"https:\/\/www.copealcoy.es\/es\/wp-json\/wp\/v2\/media\/24210"}],"wp:attachment":[{"href":"https:\/\/www.copealcoy.es\/es\/wp-json\/wp\/v2\/media?parent=24207"}],"wp:term":[{"taxonomy":"category","embeddable":true,"href":"https:\/\/www.copealcoy.es\/es\/wp-json\/wp\/v2\/categories?post=24207"},{"taxonomy":"post_tag","embeddable":true,"href":"https:\/\/www.copealcoy.es\/es\/wp-json\/wp\/v2\/tags?post=24207"}],"curies":[{"name":"wp","href":"https:\/\/api.w.org\/{rel}","templated":true}]}}