{"id":24097,"date":"2016-08-02T20:18:51","date_gmt":"2016-08-02T20:18:51","guid":{"rendered":"http:\/\/copealcoi.es\/new\/?p=24097"},"modified":"2016-08-02T20:19:43","modified_gmt":"2016-08-02T20:19:43","slug":"el-inicio-del-novenario-marca-la-cuenta-atras-hacia-las-fiestas-de-cocentaina","status":"publish","type":"post","link":"https:\/\/www.copealcoy.es\/es\/el-inicio-del-novenario-marca-la-cuenta-atras-hacia-las-fiestas-de-cocentaina\/","title":{"rendered":"El inicio del novenario marca la cuenta atr\u00e1s hacia las fiestas de Cocentaina"},"content":{"rendered":"<p style=\"text-align: justify;\">Cocentaina ha iniciado este martes la cuenta atr\u00e1s hacia sus fiestas de moros y cristianos con el comienzo del <strong>novenario en honor al patr\u00f3n, San Hip\u00f3lito M\u00e1rtir,<\/strong> que tendr\u00e1 lugar cada tarde a partir de las 19:45h en la parroquia de Santa Mar\u00eda hasta el pr\u00f3ximo mi\u00e9rcoles 10 de agosto.<\/p>\n<p style=\"text-align: justify;\">La jornada de hoy ha contado\u00a0un componente especial ya que la novena ha tenido lugar en el Convento de los Padres Franciscanos con motivo de la <strong>festividad de Nuestra Se\u00f1ora de los \u00c1ngeles y el Jubileo de la Porci\u00fancula.<\/strong> De esta forma la comunidad cristiana contestana se ha reunido en el templo del citado Convento para en primer lugar celebrar las confesiones y la novena al patr\u00f3n seguido de una misa oficiada por el Guardi\u00e1n de los Franciscanos, Fray Fernando Fuertes. Por \u00faltimo se efectu\u00f3 la celebraci\u00f3n jubilar con el fin de otorgar la indulgencia a todos los asistentes <em>&#8220;consistente en una peregrinaci\u00f3n que nos llevar\u00e1 a la apertura y el paso de la puerta jubilar, confesando nuestra fe y renovando las promesas del bautismo&#8221;,<\/em> explicaba hoy\u00a0antes de los actos en La Ma\u00f1ana de Cope Alcoy el Asesor Religioso de la Junta de Fiestas y p\u00e1rroco de Santa Mar\u00eda, Don Eduardo Rengel.<\/p>\n<p style=\"text-align: justify;\">Indicar que en la novena participar\u00e1n cada tarde las diferentes filaes, los cuatro cargos festeros y representantes de la Junta de Fiestas. En la \u00faltima jornada se presentar\u00e1n los <strong>reci\u00e9n nacidos al patr\u00f3n<\/strong> y se elegir\u00e1n los mayorales para el pr\u00f3ximo a\u00f1o.<\/p>\n<p>&nbsp;<\/p>\n<p>&nbsp;<\/p>\n","protected":false},"excerpt":{"rendered":"<p>Cocentaina ha iniciado este martes la cuenta atr\u00e1s hacia sus fiestas de moros y cristianos con el comienzo del novenario&#8230;<\/p>\n","protected":false},"author":1,"featured_media":24098,"comment_status":"open","ping_status":"open","sticky":false,"template":"","format":"standard","meta":{"footnotes":""},"categories":[98,75],"tags":[132,2703,856,2702,1307],"class_list":["post-24097","post","type-post","status-publish","format-standard","has-post-thumbnail","hentry","category-comarcas","category-noticias","tag-cocentaina","tag-jubileo-porciuncula","tag-moros-i-cristians","tag-novena","tag-san-hipolito"],"yoast_head":"<!-- This site is optimized with the Yoast SEO plugin v27.3 - https:\/\/yoast.com\/product\/yoast-seo-wordpress\/ -->\n<title>El inicio del novenario marca la cuenta atr\u00e1s hacia las fiestas de Cocentaina - COPE Alcoy<\/title>\n<meta name=\"robots\" content=\"index, follow, max-snippet:-1, max-image-preview:large, max-video-preview:-1\" \/>\n<link rel=\"canonical\" href=\"https:\/\/www.copealcoy.es\/es\/el-inicio-del-novenario-marca-la-cuenta-atras-hacia-las-fiestas-de-cocentaina\/\" \/>\n<meta property=\"og:locale\" content=\"es_ES\" \/>\n<meta property=\"og:type\" content=\"article\" \/>\n<meta property=\"og:title\" content=\"El inicio del novenario marca la cuenta atr\u00e1s hacia las fiestas de Cocentaina - COPE Alcoy\" \/>\n<meta property=\"og:description\" content=\"Cocentaina ha iniciado este martes la cuenta atr\u00e1s hacia sus fiestas de moros y cristianos con el comienzo del novenario...\" \/>\n<meta property=\"og:url\" content=\"https:\/\/www.copealcoy.es\/es\/el-inicio-del-novenario-marca-la-cuenta-atras-hacia-las-fiestas-de-cocentaina\/\" \/>\n<meta property=\"og:site_name\" content=\"COPE Alcoy\" \/>\n<meta property=\"article:published_time\" content=\"2016-08-02T20:18:51+00:00\" \/>\n<meta property=\"article:modified_time\" content=\"2016-08-02T20:19:43+00:00\" \/>\n<meta property=\"og:image\" content=\"https:\/\/www.copealcoy.es\/wp-content\/uploads\/2016\/08\/13900546_10210001884184360_1613356599_n-e1470169103229.jpg\" \/>\n\t<meta property=\"og:image:width\" content=\"960\" \/>\n\t<meta property=\"og:image:height\" content=\"465\" \/>\n\t<meta property=\"og:image:type\" content=\"image\/jpeg\" \/>\n<meta name=\"author\" content=\"Cope Alcoy\" \/>\n<meta name=\"twitter:label1\" content=\"Escrito por\" \/>\n\t<meta name=\"twitter:data1\" content=\"Cope Alcoy\" \/>\n\t<meta name=\"twitter:label2\" content=\"Tiempo de lectura\" \/>\n\t<meta name=\"twitter:data2\" content=\"1 minuto\" \/>\n<script type=\"application\/ld+json\" class=\"yoast-schema-graph\">{\"@context\":\"https:\\\/\\\/schema.org\",\"@graph\":[{\"@type\":\"Article\",\"@id\":\"https:\\\/\\\/www.copealcoy.es\\\/es\\\/el-inicio-del-novenario-marca-la-cuenta-atras-hacia-las-fiestas-de-cocentaina\\\/#article\",\"isPartOf\":{\"@id\":\"https:\\\/\\\/www.copealcoy.es\\\/es\\\/el-inicio-del-novenario-marca-la-cuenta-atras-hacia-las-fiestas-de-cocentaina\\\/\"},\"author\":{\"name\":\"Cope Alcoy\",\"@id\":\"https:\\\/\\\/www.copealcoy.es\\\/es\\\/#\\\/schema\\\/person\\\/e777c87fa024e57d40170af9df39882c\"},\"headline\":\"El inicio del novenario marca la cuenta atr\u00e1s hacia las fiestas de Cocentaina\",\"datePublished\":\"2016-08-02T20:18:51+00:00\",\"dateModified\":\"2016-08-02T20:19:43+00:00\",\"mainEntityOfPage\":{\"@id\":\"https:\\\/\\\/www.copealcoy.es\\\/es\\\/el-inicio-del-novenario-marca-la-cuenta-atras-hacia-las-fiestas-de-cocentaina\\\/\"},\"wordCount\":284,\"commentCount\":0,\"image\":{\"@id\":\"https:\\\/\\\/www.copealcoy.es\\\/es\\\/el-inicio-del-novenario-marca-la-cuenta-atras-hacia-las-fiestas-de-cocentaina\\\/#primaryimage\"},\"thumbnailUrl\":\"https:\\\/\\\/www.copealcoy.es\\\/wp-content\\\/uploads\\\/2016\\\/08\\\/13900546_10210001884184360_1613356599_n-e1470169103229.jpg\",\"keywords\":[\"Cocentaina\",\"Jubileo Porci\u00fancula\",\"Moros i Cristians\",\"Novena\",\"San Hip\u00f3lito\"],\"articleSection\":[\"Comarcas\",\"Noticias\"],\"inLanguage\":\"es\"},{\"@type\":\"WebPage\",\"@id\":\"https:\\\/\\\/www.copealcoy.es\\\/es\\\/el-inicio-del-novenario-marca-la-cuenta-atras-hacia-las-fiestas-de-cocentaina\\\/\",\"url\":\"https:\\\/\\\/www.copealcoy.es\\\/es\\\/el-inicio-del-novenario-marca-la-cuenta-atras-hacia-las-fiestas-de-cocentaina\\\/\",\"name\":\"El inicio del novenario marca la cuenta atr\u00e1s hacia las fiestas de Cocentaina - COPE Alcoy\",\"isPartOf\":{\"@id\":\"https:\\\/\\\/www.copealcoy.es\\\/es\\\/#website\"},\"primaryImageOfPage\":{\"@id\":\"https:\\\/\\\/www.copealcoy.es\\\/es\\\/el-inicio-del-novenario-marca-la-cuenta-atras-hacia-las-fiestas-de-cocentaina\\\/#primaryimage\"},\"image\":{\"@id\":\"https:\\\/\\\/www.copealcoy.es\\\/es\\\/el-inicio-del-novenario-marca-la-cuenta-atras-hacia-las-fiestas-de-cocentaina\\\/#primaryimage\"},\"thumbnailUrl\":\"https:\\\/\\\/www.copealcoy.es\\\/wp-content\\\/uploads\\\/2016\\\/08\\\/13900546_10210001884184360_1613356599_n-e1470169103229.jpg\",\"datePublished\":\"2016-08-02T20:18:51+00:00\",\"dateModified\":\"2016-08-02T20:19:43+00:00\",\"author\":{\"@id\":\"https:\\\/\\\/www.copealcoy.es\\\/es\\\/#\\\/schema\\\/person\\\/e777c87fa024e57d40170af9df39882c\"},\"breadcrumb\":{\"@id\":\"https:\\\/\\\/www.copealcoy.es\\\/es\\\/el-inicio-del-novenario-marca-la-cuenta-atras-hacia-las-fiestas-de-cocentaina\\\/#breadcrumb\"},\"inLanguage\":\"es\",\"potentialAction\":[{\"@type\":\"ReadAction\",\"target\":[\"https:\\\/\\\/www.copealcoy.es\\\/es\\\/el-inicio-del-novenario-marca-la-cuenta-atras-hacia-las-fiestas-de-cocentaina\\\/\"]}]},{\"@type\":\"ImageObject\",\"inLanguage\":\"es\",\"@id\":\"https:\\\/\\\/www.copealcoy.es\\\/es\\\/el-inicio-del-novenario-marca-la-cuenta-atras-hacia-las-fiestas-de-cocentaina\\\/#primaryimage\",\"url\":\"https:\\\/\\\/www.copealcoy.es\\\/wp-content\\\/uploads\\\/2016\\\/08\\\/13900546_10210001884184360_1613356599_n-e1470169103229.jpg\",\"contentUrl\":\"https:\\\/\\\/www.copealcoy.es\\\/wp-content\\\/uploads\\\/2016\\\/08\\\/13900546_10210001884184360_1613356599_n-e1470169103229.jpg\",\"width\":960,\"height\":465,\"caption\":\"El inicio de la novena ha tenido lugar en el Convento Franciscano\"},{\"@type\":\"BreadcrumbList\",\"@id\":\"https:\\\/\\\/www.copealcoy.es\\\/es\\\/el-inicio-del-novenario-marca-la-cuenta-atras-hacia-las-fiestas-de-cocentaina\\\/#breadcrumb\",\"itemListElement\":[{\"@type\":\"ListItem\",\"position\":1,\"name\":\"Portada\",\"item\":\"https:\\\/\\\/www.copealcoy.es\\\/es\\\/\"},{\"@type\":\"ListItem\",\"position\":2,\"name\":\"El inicio del novenario marca la cuenta atr\u00e1s hacia las fiestas de Cocentaina\"}]},{\"@type\":\"WebSite\",\"@id\":\"https:\\\/\\\/www.copealcoy.es\\\/es\\\/#website\",\"url\":\"https:\\\/\\\/www.copealcoy.es\\\/es\\\/\",\"name\":\"COPE Alcoy\",\"description\":\"Emisora COPE de radio local con emisi\u00f3n online. Pont de Sant Jordi 8-10 03803 Alcoy\",\"potentialAction\":[{\"@type\":\"SearchAction\",\"target\":{\"@type\":\"EntryPoint\",\"urlTemplate\":\"https:\\\/\\\/www.copealcoy.es\\\/es\\\/?s={search_term_string}\"},\"query-input\":{\"@type\":\"PropertyValueSpecification\",\"valueRequired\":true,\"valueName\":\"search_term_string\"}}],\"inLanguage\":\"es\"},{\"@type\":\"Person\",\"@id\":\"https:\\\/\\\/www.copealcoy.es\\\/es\\\/#\\\/schema\\\/person\\\/e777c87fa024e57d40170af9df39882c\",\"name\":\"Cope Alcoy\",\"image\":{\"@type\":\"ImageObject\",\"inLanguage\":\"es\",\"@id\":\"https:\\\/\\\/secure.gravatar.com\\\/avatar\\\/bb65d0283347e303893ba14f0692005417c1e0e690a325a4c5d8bb2b3943ee14?s=96&d=mm&r=g\",\"url\":\"https:\\\/\\\/secure.gravatar.com\\\/avatar\\\/bb65d0283347e303893ba14f0692005417c1e0e690a325a4c5d8bb2b3943ee14?s=96&d=mm&r=g\",\"contentUrl\":\"https:\\\/\\\/secure.gravatar.com\\\/avatar\\\/bb65d0283347e303893ba14f0692005417c1e0e690a325a4c5d8bb2b3943ee14?s=96&d=mm&r=g\",\"caption\":\"Cope Alcoy\"}}]}<\/script>\n<!-- \/ Yoast SEO plugin. -->","yoast_head_json":{"title":"El inicio del novenario marca la cuenta atr\u00e1s hacia las fiestas de Cocentaina - COPE Alcoy","robots":{"index":"index","follow":"follow","max-snippet":"max-snippet:-1","max-image-preview":"max-image-preview:large","max-video-preview":"max-video-preview:-1"},"canonical":"https:\/\/www.copealcoy.es\/es\/el-inicio-del-novenario-marca-la-cuenta-atras-hacia-las-fiestas-de-cocentaina\/","og_locale":"es_ES","og_type":"article","og_title":"El inicio del novenario marca la cuenta atr\u00e1s hacia las fiestas de Cocentaina - COPE Alcoy","og_description":"Cocentaina ha iniciado este martes la cuenta atr\u00e1s hacia sus fiestas de moros y cristianos con el comienzo del novenario...","og_url":"https:\/\/www.copealcoy.es\/es\/el-inicio-del-novenario-marca-la-cuenta-atras-hacia-las-fiestas-de-cocentaina\/","og_site_name":"COPE Alcoy","article_published_time":"2016-08-02T20:18:51+00:00","article_modified_time":"2016-08-02T20:19:43+00:00","og_image":[{"width":960,"height":465,"url":"https:\/\/www.copealcoy.es\/wp-content\/uploads\/2016\/08\/13900546_10210001884184360_1613356599_n-e1470169103229.jpg","type":"image\/jpeg"}],"author":"Cope Alcoy","twitter_misc":{"Escrito por":"Cope Alcoy","Tiempo de lectura":"1 minuto"},"schema":{"@context":"https:\/\/schema.org","@graph":[{"@type":"Article","@id":"https:\/\/www.copealcoy.es\/es\/el-inicio-del-novenario-marca-la-cuenta-atras-hacia-las-fiestas-de-cocentaina\/#article","isPartOf":{"@id":"https:\/\/www.copealcoy.es\/es\/el-inicio-del-novenario-marca-la-cuenta-atras-hacia-las-fiestas-de-cocentaina\/"},"author":{"name":"Cope Alcoy","@id":"https:\/\/www.copealcoy.es\/es\/#\/schema\/person\/e777c87fa024e57d40170af9df39882c"},"headline":"El inicio del novenario marca la cuenta atr\u00e1s hacia las fiestas de Cocentaina","datePublished":"2016-08-02T20:18:51+00:00","dateModified":"2016-08-02T20:19:43+00:00","mainEntityOfPage":{"@id":"https:\/\/www.copealcoy.es\/es\/el-inicio-del-novenario-marca-la-cuenta-atras-hacia-las-fiestas-de-cocentaina\/"},"wordCount":284,"commentCount":0,"image":{"@id":"https:\/\/www.copealcoy.es\/es\/el-inicio-del-novenario-marca-la-cuenta-atras-hacia-las-fiestas-de-cocentaina\/#primaryimage"},"thumbnailUrl":"https:\/\/www.copealcoy.es\/wp-content\/uploads\/2016\/08\/13900546_10210001884184360_1613356599_n-e1470169103229.jpg","keywords":["Cocentaina","Jubileo Porci\u00fancula","Moros i Cristians","Novena","San Hip\u00f3lito"],"articleSection":["Comarcas","Noticias"],"inLanguage":"es"},{"@type":"WebPage","@id":"https:\/\/www.copealcoy.es\/es\/el-inicio-del-novenario-marca-la-cuenta-atras-hacia-las-fiestas-de-cocentaina\/","url":"https:\/\/www.copealcoy.es\/es\/el-inicio-del-novenario-marca-la-cuenta-atras-hacia-las-fiestas-de-cocentaina\/","name":"El inicio del novenario marca la cuenta atr\u00e1s hacia las fiestas de Cocentaina - COPE Alcoy","isPartOf":{"@id":"https:\/\/www.copealcoy.es\/es\/#website"},"primaryImageOfPage":{"@id":"https:\/\/www.copealcoy.es\/es\/el-inicio-del-novenario-marca-la-cuenta-atras-hacia-las-fiestas-de-cocentaina\/#primaryimage"},"image":{"@id":"https:\/\/www.copealcoy.es\/es\/el-inicio-del-novenario-marca-la-cuenta-atras-hacia-las-fiestas-de-cocentaina\/#primaryimage"},"thumbnailUrl":"https:\/\/www.copealcoy.es\/wp-content\/uploads\/2016\/08\/13900546_10210001884184360_1613356599_n-e1470169103229.jpg","datePublished":"2016-08-02T20:18:51+00:00","dateModified":"2016-08-02T20:19:43+00:00","author":{"@id":"https:\/\/www.copealcoy.es\/es\/#\/schema\/person\/e777c87fa024e57d40170af9df39882c"},"breadcrumb":{"@id":"https:\/\/www.copealcoy.es\/es\/el-inicio-del-novenario-marca-la-cuenta-atras-hacia-las-fiestas-de-cocentaina\/#breadcrumb"},"inLanguage":"es","potentialAction":[{"@type":"ReadAction","target":["https:\/\/www.copealcoy.es\/es\/el-inicio-del-novenario-marca-la-cuenta-atras-hacia-las-fiestas-de-cocentaina\/"]}]},{"@type":"ImageObject","inLanguage":"es","@id":"https:\/\/www.copealcoy.es\/es\/el-inicio-del-novenario-marca-la-cuenta-atras-hacia-las-fiestas-de-cocentaina\/#primaryimage","url":"https:\/\/www.copealcoy.es\/wp-content\/uploads\/2016\/08\/13900546_10210001884184360_1613356599_n-e1470169103229.jpg","contentUrl":"https:\/\/www.copealcoy.es\/wp-content\/uploads\/2016\/08\/13900546_10210001884184360_1613356599_n-e1470169103229.jpg","width":960,"height":465,"caption":"El inicio de la novena ha tenido lugar en el Convento Franciscano"},{"@type":"BreadcrumbList","@id":"https:\/\/www.copealcoy.es\/es\/el-inicio-del-novenario-marca-la-cuenta-atras-hacia-las-fiestas-de-cocentaina\/#breadcrumb","itemListElement":[{"@type":"ListItem","position":1,"name":"Portada","item":"https:\/\/www.copealcoy.es\/es\/"},{"@type":"ListItem","position":2,"name":"El inicio del novenario marca la cuenta atr\u00e1s hacia las fiestas de Cocentaina"}]},{"@type":"WebSite","@id":"https:\/\/www.copealcoy.es\/es\/#website","url":"https:\/\/www.copealcoy.es\/es\/","name":"COPE Alcoy","description":"Emisora COPE de radio local con emisi\u00f3n online. Pont de Sant Jordi 8-10 03803 Alcoy","potentialAction":[{"@type":"SearchAction","target":{"@type":"EntryPoint","urlTemplate":"https:\/\/www.copealcoy.es\/es\/?s={search_term_string}"},"query-input":{"@type":"PropertyValueSpecification","valueRequired":true,"valueName":"search_term_string"}}],"inLanguage":"es"},{"@type":"Person","@id":"https:\/\/www.copealcoy.es\/es\/#\/schema\/person\/e777c87fa024e57d40170af9df39882c","name":"Cope Alcoy","image":{"@type":"ImageObject","inLanguage":"es","@id":"https:\/\/secure.gravatar.com\/avatar\/bb65d0283347e303893ba14f0692005417c1e0e690a325a4c5d8bb2b3943ee14?s=96&d=mm&r=g","url":"https:\/\/secure.gravatar.com\/avatar\/bb65d0283347e303893ba14f0692005417c1e0e690a325a4c5d8bb2b3943ee14?s=96&d=mm&r=g","contentUrl":"https:\/\/secure.gravatar.com\/avatar\/bb65d0283347e303893ba14f0692005417c1e0e690a325a4c5d8bb2b3943ee14?s=96&d=mm&r=g","caption":"Cope Alcoy"}}]}},"_links":{"self":[{"href":"https:\/\/www.copealcoy.es\/es\/wp-json\/wp\/v2\/posts\/24097","targetHints":{"allow":["GET"]}}],"collection":[{"href":"https:\/\/www.copealcoy.es\/es\/wp-json\/wp\/v2\/posts"}],"about":[{"href":"https:\/\/www.copealcoy.es\/es\/wp-json\/wp\/v2\/types\/post"}],"author":[{"embeddable":true,"href":"https:\/\/www.copealcoy.es\/es\/wp-json\/wp\/v2\/users\/1"}],"replies":[{"embeddable":true,"href":"https:\/\/www.copealcoy.es\/es\/wp-json\/wp\/v2\/comments?post=24097"}],"version-history":[{"count":0,"href":"https:\/\/www.copealcoy.es\/es\/wp-json\/wp\/v2\/posts\/24097\/revisions"}],"wp:featuredmedia":[{"embeddable":true,"href":"https:\/\/www.copealcoy.es\/es\/wp-json\/wp\/v2\/media\/24098"}],"wp:attachment":[{"href":"https:\/\/www.copealcoy.es\/es\/wp-json\/wp\/v2\/media?parent=24097"}],"wp:term":[{"taxonomy":"category","embeddable":true,"href":"https:\/\/www.copealcoy.es\/es\/wp-json\/wp\/v2\/categories?post=24097"},{"taxonomy":"post_tag","embeddable":true,"href":"https:\/\/www.copealcoy.es\/es\/wp-json\/wp\/v2\/tags?post=24097"}],"curies":[{"name":"wp","href":"https:\/\/api.w.org\/{rel}","templated":true}]}}