{"id":24076,"date":"2016-08-01T16:14:52","date_gmt":"2016-08-01T16:14:52","guid":{"rendered":"http:\/\/copealcoi.es\/new\/?p=24076"},"modified":"2016-08-01T16:14:52","modified_gmt":"2016-08-01T16:14:52","slug":"partido-popular-denuncia-mal-estado-algunas-zonas-del-ensanche","status":"publish","type":"post","link":"https:\/\/www.copealcoy.es\/es\/partido-popular-denuncia-mal-estado-algunas-zonas-del-ensanche\/","title":{"rendered":"El Partido Popular denuncia el mal estado de algunas zonas del Ensanche"},"content":{"rendered":"<p style=\"text-align: justify;\">El <strong>Partido Popular de Alcoy<\/strong> ha denunciado que algunas zonas del barrio del <strong>Ensanche\u00a0<\/strong>se encuentran en estado de abandono, en concreto las <strong>calles Per\u00fa y Pintor Cabrera<\/strong>.<\/p>\n<p style=\"text-align: justify;\">Los populares aseguran que las aceras de gran parte de esta barriada fueron remodeladas hace seis a\u00f1os con los fondos del <strong>Plan Zapatero<\/strong> y destacan que actualmente presentan <em>&#8220;una falta absoluta de mantenimiento&#8221;.<\/em> En este sentido indican que la gran mayor\u00eda de los bolardos que delimitan la acera est\u00e1n sueltos <em>&#8220;lo que facilita el estacionamiento prohibido encima de las aceras y chaflanes&#8221;,<\/em> explica el edil, <strong>Eduardo Tormo,<\/strong> quien adem\u00e1s indica que esto provoca que muchas baldosas est\u00e9n rotas o arrancadas <em>&#8220;no se ha repuesto ni el bolardo, ni las baldosas, o bien han repuesto este elemento junto al arrancado, sin reponerlas baldosas estropeadas&#8221;<\/em>, afirma.<\/p>\n<p style=\"text-align: justify;\">Por \u00faltimo Tormo denuncia tambi\u00e9n la existencia de <strong>clavos punzantes<\/strong> donde hab\u00eda bolardos y tambi\u00e9n que muchas <strong>tapas de registro de servicios est\u00e1n hundidas o sueltas<\/strong> <em>&#8220;no tiene ning\u00fan sentido que al gobierno socialista le sobren millones de euros en los presupuestos y Alcoy sufra una clara falta de mantenimiento y limpieza que provoca un deterioro continuo&#8221;,<\/em> concluye el concejal.<\/p>\n<p style=\"text-align: justify;\">\n","protected":false},"excerpt":{"rendered":"<p>El Partido Popular de Alcoy ha denunciado que algunas zonas del barrio del Ensanche\u00a0se encuentran en estado de abandono, en&#8230;<\/p>\n","protected":false},"author":1,"featured_media":24077,"comment_status":"open","ping_status":"open","sticky":false,"template":"","format":"standard","meta":{"footnotes":""},"categories":[97,75,79],"tags":[1034,1494,547,2696,227],"class_list":["post-24076","post","type-post","status-publish","format-standard","has-post-thumbnail","hentry","category-alcoy","category-noticias","category-politicayeconomia","tag-aceras","tag-alcoy","tag-ensanche","tag-mal-estado","tag-pp"],"yoast_head":"<!-- This site is optimized with the Yoast SEO plugin v27.3 - https:\/\/yoast.com\/product\/yoast-seo-wordpress\/ -->\n<title>El Partido Popular denuncia el mal estado de algunas zonas del Ensanche - COPE Alcoy<\/title>\n<meta name=\"robots\" content=\"index, follow, max-snippet:-1, max-image-preview:large, max-video-preview:-1\" \/>\n<link rel=\"canonical\" href=\"https:\/\/www.copealcoy.es\/es\/partido-popular-denuncia-mal-estado-algunas-zonas-del-ensanche\/\" \/>\n<meta property=\"og:locale\" content=\"es_ES\" \/>\n<meta property=\"og:type\" content=\"article\" \/>\n<meta property=\"og:title\" content=\"El Partido Popular denuncia el mal estado de algunas zonas del Ensanche - COPE Alcoy\" \/>\n<meta property=\"og:description\" content=\"El Partido Popular de Alcoy ha denunciado que algunas zonas del barrio del Ensanche\u00a0se encuentran en estado de abandono, en...\" \/>\n<meta property=\"og:url\" content=\"https:\/\/www.copealcoy.es\/es\/partido-popular-denuncia-mal-estado-algunas-zonas-del-ensanche\/\" \/>\n<meta property=\"og:site_name\" content=\"COPE Alcoy\" \/>\n<meta property=\"article:published_time\" content=\"2016-08-01T16:14:52+00:00\" \/>\n<meta property=\"og:image\" content=\"https:\/\/www.copealcoy.es\/wp-content\/uploads\/2016\/08\/img_29785.jpg\" \/>\n\t<meta property=\"og:image:width\" content=\"670\" \/>\n\t<meta property=\"og:image:height\" content=\"377\" \/>\n\t<meta property=\"og:image:type\" content=\"image\/jpeg\" \/>\n<meta name=\"author\" content=\"Cope Alcoy\" \/>\n<meta name=\"twitter:label1\" content=\"Escrito por\" \/>\n\t<meta name=\"twitter:data1\" content=\"Cope Alcoy\" \/>\n\t<meta name=\"twitter:label2\" content=\"Tiempo de lectura\" \/>\n\t<meta name=\"twitter:data2\" content=\"1 minuto\" \/>\n<script type=\"application\/ld+json\" class=\"yoast-schema-graph\">{\"@context\":\"https:\\\/\\\/schema.org\",\"@graph\":[{\"@type\":\"Article\",\"@id\":\"https:\\\/\\\/www.copealcoy.es\\\/es\\\/partido-popular-denuncia-mal-estado-algunas-zonas-del-ensanche\\\/#article\",\"isPartOf\":{\"@id\":\"https:\\\/\\\/www.copealcoy.es\\\/es\\\/partido-popular-denuncia-mal-estado-algunas-zonas-del-ensanche\\\/\"},\"author\":{\"name\":\"Cope Alcoy\",\"@id\":\"https:\\\/\\\/www.copealcoy.es\\\/es\\\/#\\\/schema\\\/person\\\/e777c87fa024e57d40170af9df39882c\"},\"headline\":\"El Partido Popular denuncia el mal estado de algunas zonas del Ensanche\",\"datePublished\":\"2016-08-01T16:14:52+00:00\",\"mainEntityOfPage\":{\"@id\":\"https:\\\/\\\/www.copealcoy.es\\\/es\\\/partido-popular-denuncia-mal-estado-algunas-zonas-del-ensanche\\\/\"},\"wordCount\":214,\"commentCount\":0,\"image\":{\"@id\":\"https:\\\/\\\/www.copealcoy.es\\\/es\\\/partido-popular-denuncia-mal-estado-algunas-zonas-del-ensanche\\\/#primaryimage\"},\"thumbnailUrl\":\"https:\\\/\\\/www.copealcoy.es\\\/wp-content\\\/uploads\\\/2016\\\/08\\\/img_29785.jpg\",\"keywords\":[\"Aceras\",\"Alcoy\",\"Ensanche\",\"mal estado\",\"PP\"],\"articleSection\":[\"Alcoy\",\"Noticias\",\"Pol\u00edtica y Econom\u00eda\"],\"inLanguage\":\"es\"},{\"@type\":\"WebPage\",\"@id\":\"https:\\\/\\\/www.copealcoy.es\\\/es\\\/partido-popular-denuncia-mal-estado-algunas-zonas-del-ensanche\\\/\",\"url\":\"https:\\\/\\\/www.copealcoy.es\\\/es\\\/partido-popular-denuncia-mal-estado-algunas-zonas-del-ensanche\\\/\",\"name\":\"El Partido Popular denuncia el mal estado de algunas zonas del Ensanche - COPE Alcoy\",\"isPartOf\":{\"@id\":\"https:\\\/\\\/www.copealcoy.es\\\/es\\\/#website\"},\"primaryImageOfPage\":{\"@id\":\"https:\\\/\\\/www.copealcoy.es\\\/es\\\/partido-popular-denuncia-mal-estado-algunas-zonas-del-ensanche\\\/#primaryimage\"},\"image\":{\"@id\":\"https:\\\/\\\/www.copealcoy.es\\\/es\\\/partido-popular-denuncia-mal-estado-algunas-zonas-del-ensanche\\\/#primaryimage\"},\"thumbnailUrl\":\"https:\\\/\\\/www.copealcoy.es\\\/wp-content\\\/uploads\\\/2016\\\/08\\\/img_29785.jpg\",\"datePublished\":\"2016-08-01T16:14:52+00:00\",\"author\":{\"@id\":\"https:\\\/\\\/www.copealcoy.es\\\/es\\\/#\\\/schema\\\/person\\\/e777c87fa024e57d40170af9df39882c\"},\"breadcrumb\":{\"@id\":\"https:\\\/\\\/www.copealcoy.es\\\/es\\\/partido-popular-denuncia-mal-estado-algunas-zonas-del-ensanche\\\/#breadcrumb\"},\"inLanguage\":\"es\",\"potentialAction\":[{\"@type\":\"ReadAction\",\"target\":[\"https:\\\/\\\/www.copealcoy.es\\\/es\\\/partido-popular-denuncia-mal-estado-algunas-zonas-del-ensanche\\\/\"]}]},{\"@type\":\"ImageObject\",\"inLanguage\":\"es\",\"@id\":\"https:\\\/\\\/www.copealcoy.es\\\/es\\\/partido-popular-denuncia-mal-estado-algunas-zonas-del-ensanche\\\/#primaryimage\",\"url\":\"https:\\\/\\\/www.copealcoy.es\\\/wp-content\\\/uploads\\\/2016\\\/08\\\/img_29785.jpg\",\"contentUrl\":\"https:\\\/\\\/www.copealcoy.es\\\/wp-content\\\/uploads\\\/2016\\\/08\\\/img_29785.jpg\",\"width\":670,\"height\":377,\"caption\":\"El PP denuncia que algunos bolardos han sido arrancados \\\/ Foto: PP Alcoy\"},{\"@type\":\"BreadcrumbList\",\"@id\":\"https:\\\/\\\/www.copealcoy.es\\\/es\\\/partido-popular-denuncia-mal-estado-algunas-zonas-del-ensanche\\\/#breadcrumb\",\"itemListElement\":[{\"@type\":\"ListItem\",\"position\":1,\"name\":\"Portada\",\"item\":\"https:\\\/\\\/www.copealcoy.es\\\/es\\\/\"},{\"@type\":\"ListItem\",\"position\":2,\"name\":\"El Partido Popular denuncia el mal estado de algunas zonas del Ensanche\"}]},{\"@type\":\"WebSite\",\"@id\":\"https:\\\/\\\/www.copealcoy.es\\\/es\\\/#website\",\"url\":\"https:\\\/\\\/www.copealcoy.es\\\/es\\\/\",\"name\":\"COPE Alcoy\",\"description\":\"Emisora COPE de radio local con emisi\u00f3n online. Pont de Sant Jordi 8-10 03803 Alcoy\",\"potentialAction\":[{\"@type\":\"SearchAction\",\"target\":{\"@type\":\"EntryPoint\",\"urlTemplate\":\"https:\\\/\\\/www.copealcoy.es\\\/es\\\/?s={search_term_string}\"},\"query-input\":{\"@type\":\"PropertyValueSpecification\",\"valueRequired\":true,\"valueName\":\"search_term_string\"}}],\"inLanguage\":\"es\"},{\"@type\":\"Person\",\"@id\":\"https:\\\/\\\/www.copealcoy.es\\\/es\\\/#\\\/schema\\\/person\\\/e777c87fa024e57d40170af9df39882c\",\"name\":\"Cope Alcoy\",\"image\":{\"@type\":\"ImageObject\",\"inLanguage\":\"es\",\"@id\":\"https:\\\/\\\/secure.gravatar.com\\\/avatar\\\/bb65d0283347e303893ba14f0692005417c1e0e690a325a4c5d8bb2b3943ee14?s=96&d=mm&r=g\",\"url\":\"https:\\\/\\\/secure.gravatar.com\\\/avatar\\\/bb65d0283347e303893ba14f0692005417c1e0e690a325a4c5d8bb2b3943ee14?s=96&d=mm&r=g\",\"contentUrl\":\"https:\\\/\\\/secure.gravatar.com\\\/avatar\\\/bb65d0283347e303893ba14f0692005417c1e0e690a325a4c5d8bb2b3943ee14?s=96&d=mm&r=g\",\"caption\":\"Cope Alcoy\"}}]}<\/script>\n<!-- \/ Yoast SEO plugin. -->","yoast_head_json":{"title":"El Partido Popular denuncia el mal estado de algunas zonas del Ensanche - COPE Alcoy","robots":{"index":"index","follow":"follow","max-snippet":"max-snippet:-1","max-image-preview":"max-image-preview:large","max-video-preview":"max-video-preview:-1"},"canonical":"https:\/\/www.copealcoy.es\/es\/partido-popular-denuncia-mal-estado-algunas-zonas-del-ensanche\/","og_locale":"es_ES","og_type":"article","og_title":"El Partido Popular denuncia el mal estado de algunas zonas del Ensanche - COPE Alcoy","og_description":"El Partido Popular de Alcoy ha denunciado que algunas zonas del barrio del Ensanche\u00a0se encuentran en estado de abandono, en...","og_url":"https:\/\/www.copealcoy.es\/es\/partido-popular-denuncia-mal-estado-algunas-zonas-del-ensanche\/","og_site_name":"COPE Alcoy","article_published_time":"2016-08-01T16:14:52+00:00","og_image":[{"width":670,"height":377,"url":"https:\/\/www.copealcoy.es\/wp-content\/uploads\/2016\/08\/img_29785.jpg","type":"image\/jpeg"}],"author":"Cope Alcoy","twitter_misc":{"Escrito por":"Cope Alcoy","Tiempo de lectura":"1 minuto"},"schema":{"@context":"https:\/\/schema.org","@graph":[{"@type":"Article","@id":"https:\/\/www.copealcoy.es\/es\/partido-popular-denuncia-mal-estado-algunas-zonas-del-ensanche\/#article","isPartOf":{"@id":"https:\/\/www.copealcoy.es\/es\/partido-popular-denuncia-mal-estado-algunas-zonas-del-ensanche\/"},"author":{"name":"Cope Alcoy","@id":"https:\/\/www.copealcoy.es\/es\/#\/schema\/person\/e777c87fa024e57d40170af9df39882c"},"headline":"El Partido Popular denuncia el mal estado de algunas zonas del Ensanche","datePublished":"2016-08-01T16:14:52+00:00","mainEntityOfPage":{"@id":"https:\/\/www.copealcoy.es\/es\/partido-popular-denuncia-mal-estado-algunas-zonas-del-ensanche\/"},"wordCount":214,"commentCount":0,"image":{"@id":"https:\/\/www.copealcoy.es\/es\/partido-popular-denuncia-mal-estado-algunas-zonas-del-ensanche\/#primaryimage"},"thumbnailUrl":"https:\/\/www.copealcoy.es\/wp-content\/uploads\/2016\/08\/img_29785.jpg","keywords":["Aceras","Alcoy","Ensanche","mal estado","PP"],"articleSection":["Alcoy","Noticias","Pol\u00edtica y Econom\u00eda"],"inLanguage":"es"},{"@type":"WebPage","@id":"https:\/\/www.copealcoy.es\/es\/partido-popular-denuncia-mal-estado-algunas-zonas-del-ensanche\/","url":"https:\/\/www.copealcoy.es\/es\/partido-popular-denuncia-mal-estado-algunas-zonas-del-ensanche\/","name":"El Partido Popular denuncia el mal estado de algunas zonas del Ensanche - COPE Alcoy","isPartOf":{"@id":"https:\/\/www.copealcoy.es\/es\/#website"},"primaryImageOfPage":{"@id":"https:\/\/www.copealcoy.es\/es\/partido-popular-denuncia-mal-estado-algunas-zonas-del-ensanche\/#primaryimage"},"image":{"@id":"https:\/\/www.copealcoy.es\/es\/partido-popular-denuncia-mal-estado-algunas-zonas-del-ensanche\/#primaryimage"},"thumbnailUrl":"https:\/\/www.copealcoy.es\/wp-content\/uploads\/2016\/08\/img_29785.jpg","datePublished":"2016-08-01T16:14:52+00:00","author":{"@id":"https:\/\/www.copealcoy.es\/es\/#\/schema\/person\/e777c87fa024e57d40170af9df39882c"},"breadcrumb":{"@id":"https:\/\/www.copealcoy.es\/es\/partido-popular-denuncia-mal-estado-algunas-zonas-del-ensanche\/#breadcrumb"},"inLanguage":"es","potentialAction":[{"@type":"ReadAction","target":["https:\/\/www.copealcoy.es\/es\/partido-popular-denuncia-mal-estado-algunas-zonas-del-ensanche\/"]}]},{"@type":"ImageObject","inLanguage":"es","@id":"https:\/\/www.copealcoy.es\/es\/partido-popular-denuncia-mal-estado-algunas-zonas-del-ensanche\/#primaryimage","url":"https:\/\/www.copealcoy.es\/wp-content\/uploads\/2016\/08\/img_29785.jpg","contentUrl":"https:\/\/www.copealcoy.es\/wp-content\/uploads\/2016\/08\/img_29785.jpg","width":670,"height":377,"caption":"El PP denuncia que algunos bolardos han sido arrancados \/ Foto: PP Alcoy"},{"@type":"BreadcrumbList","@id":"https:\/\/www.copealcoy.es\/es\/partido-popular-denuncia-mal-estado-algunas-zonas-del-ensanche\/#breadcrumb","itemListElement":[{"@type":"ListItem","position":1,"name":"Portada","item":"https:\/\/www.copealcoy.es\/es\/"},{"@type":"ListItem","position":2,"name":"El Partido Popular denuncia el mal estado de algunas zonas del Ensanche"}]},{"@type":"WebSite","@id":"https:\/\/www.copealcoy.es\/es\/#website","url":"https:\/\/www.copealcoy.es\/es\/","name":"COPE Alcoy","description":"Emisora COPE de radio local con emisi\u00f3n online. Pont de Sant Jordi 8-10 03803 Alcoy","potentialAction":[{"@type":"SearchAction","target":{"@type":"EntryPoint","urlTemplate":"https:\/\/www.copealcoy.es\/es\/?s={search_term_string}"},"query-input":{"@type":"PropertyValueSpecification","valueRequired":true,"valueName":"search_term_string"}}],"inLanguage":"es"},{"@type":"Person","@id":"https:\/\/www.copealcoy.es\/es\/#\/schema\/person\/e777c87fa024e57d40170af9df39882c","name":"Cope Alcoy","image":{"@type":"ImageObject","inLanguage":"es","@id":"https:\/\/secure.gravatar.com\/avatar\/bb65d0283347e303893ba14f0692005417c1e0e690a325a4c5d8bb2b3943ee14?s=96&d=mm&r=g","url":"https:\/\/secure.gravatar.com\/avatar\/bb65d0283347e303893ba14f0692005417c1e0e690a325a4c5d8bb2b3943ee14?s=96&d=mm&r=g","contentUrl":"https:\/\/secure.gravatar.com\/avatar\/bb65d0283347e303893ba14f0692005417c1e0e690a325a4c5d8bb2b3943ee14?s=96&d=mm&r=g","caption":"Cope Alcoy"}}]}},"_links":{"self":[{"href":"https:\/\/www.copealcoy.es\/es\/wp-json\/wp\/v2\/posts\/24076","targetHints":{"allow":["GET"]}}],"collection":[{"href":"https:\/\/www.copealcoy.es\/es\/wp-json\/wp\/v2\/posts"}],"about":[{"href":"https:\/\/www.copealcoy.es\/es\/wp-json\/wp\/v2\/types\/post"}],"author":[{"embeddable":true,"href":"https:\/\/www.copealcoy.es\/es\/wp-json\/wp\/v2\/users\/1"}],"replies":[{"embeddable":true,"href":"https:\/\/www.copealcoy.es\/es\/wp-json\/wp\/v2\/comments?post=24076"}],"version-history":[{"count":0,"href":"https:\/\/www.copealcoy.es\/es\/wp-json\/wp\/v2\/posts\/24076\/revisions"}],"wp:featuredmedia":[{"embeddable":true,"href":"https:\/\/www.copealcoy.es\/es\/wp-json\/wp\/v2\/media\/24077"}],"wp:attachment":[{"href":"https:\/\/www.copealcoy.es\/es\/wp-json\/wp\/v2\/media?parent=24076"}],"wp:term":[{"taxonomy":"category","embeddable":true,"href":"https:\/\/www.copealcoy.es\/es\/wp-json\/wp\/v2\/categories?post=24076"},{"taxonomy":"post_tag","embeddable":true,"href":"https:\/\/www.copealcoy.es\/es\/wp-json\/wp\/v2\/tags?post=24076"}],"curies":[{"name":"wp","href":"https:\/\/api.w.org\/{rel}","templated":true}]}}