{"id":23913,"date":"2016-07-26T06:01:01","date_gmt":"2016-07-26T06:01:01","guid":{"rendered":"http:\/\/copealcoi.es\/new\/?p=23913"},"modified":"2016-07-25T22:32:20","modified_gmt":"2016-07-25T22:32:20","slug":"la-fila-sahorins-cocentaina-celebra-75-aniversario","status":"publish","type":"post","link":"https:\/\/www.copealcoy.es\/es\/la-fila-sahorins-cocentaina-celebra-75-aniversario\/","title":{"rendered":"La Fil\u00e0 Sahorins de Cocentaina celebra su 75 aniversario"},"content":{"rendered":"<p style=\"text-align: justify;\">La <strong>Fil\u00e0 Guardia Jalifiana de Cocentaina,<\/strong> conocidos popularmente como Els Sahor\u00edns, celebra este a\u00f1o el 75 aniversario se fundaci\u00f3n que se produjo en 1.941.<\/p>\n<p style=\"text-align: justify;\">Por este motivo se han preparado varias actividades que dar\u00e1n comienzo este s\u00e1bado treinta de julio con un <strong>concierto<\/strong> en el exterior del Centro Cultural El Teular en el que se recordar\u00e1n algunas de las composiciones\u00a0de m\u00fasica festera m\u00e1s emblem\u00e1ticas de esta fil\u00e0 contestana. Hay que destacar que <strong>Els Sahor\u00edns<\/strong> cuentan en su haber con varias piezas dedicadas y que fueron creadas por autores contestanos como Francisco Valor, Josep Vicent Egea Insa, Rafa Agull\u00f3, Rafael Lled\u00f3, Vicent Cort\u00e9s, Santiago Reig o Vicent Gen\u00eds. Adem\u00e1s entre ellas, destaca la marcha mora Guardia Jalifiana, de Jos\u00e9 P\u00e9rez Vilaplana, y que es un emblema para todos los festeros de la citada Fil\u00e0.\u00a0La jornada del s\u00e1bado seguir\u00e1 despu\u00e9s con una cena y una Volteta por el Passeig del Comtat<\/p>\n<p><iframe loading=\"lazy\" title=\"Guardia Jalifiana - Marcha Mora\" width=\"1200\" height=\"900\" src=\"https:\/\/www.youtube.com\/embed\/e6IxYnLxdAc?feature=oembed\" frameborder=\"0\" allow=\"accelerometer; autoplay; encrypted-media; gyroscope; picture-in-picture\" allowfullscreen><\/iframe><\/p>\n<p style=\"text-align: justify;\">Indicar tambi\u00e9n que con motivo de esta efem\u00e9ride la Guardia Jalifiana sacar\u00e1 una <strong>escuadra especial<\/strong> en la entrada de moros el pr\u00f3ximo 12 de agosto mientras que el pasado d\u00eda de La Publicaci\u00f3 estren\u00f3 un <strong>logotipo<\/strong> creado por Jaime P\u00e9rez y que se ha imprimido en unas camisetas especiales dise\u00f1adas para la ocasi\u00f3n.<\/p>\n<figure id=\"attachment_23915\" aria-describedby=\"caption-attachment-23915\" style=\"width: 652px\" class=\"wp-caption aligncenter\"><a href=\"https:\/\/www.copealcoy.es\/?attachment_id=23915\" rel=\"attachment wp-att-23915\"><img loading=\"lazy\" decoding=\"async\" class=\"wp-image-23915 size-full\" src=\"https:\/\/www.copealcoy.es\/wp-content\/uploads\/2016\/07\/13652380_10209932685814444_1848378359_n-e1469485738375.jpg\" alt=\"Logotipo Sahorins\" width=\"652\" height=\"926\" srcset=\"https:\/\/www.copealcoy.es\/wp-content\/uploads\/2016\/07\/13652380_10209932685814444_1848378359_n-e1469485738375.jpg 652w, https:\/\/www.copealcoy.es\/wp-content\/uploads\/2016\/07\/13652380_10209932685814444_1848378359_n-e1469485738375-211x300.jpg 211w\" sizes=\"auto, (max-width: 652px) 100vw, 652px\" \/><\/a><figcaption id=\"caption-attachment-23915\" class=\"wp-caption-text\">Logotipo Sahorins<\/figcaption><\/figure>\n<p style=\"text-align: justify;\">Por \u00faltimo la Fil\u00e0 Sahor\u00edns espera concluir este a\u00f1o con una <strong>Eucarist\u00eda de Acci\u00f3n de Gracias<\/strong> por estos 75 a\u00f1os y en recuerdo tambi\u00e9n de todos los festeros difuntos\u00a0de la misma.<\/p>\n","protected":false},"excerpt":{"rendered":"<p>La Fil\u00e0 Guardia Jalifiana de Cocentaina, conocidos popularmente como Els Sahor\u00edns, celebra este a\u00f1o el 75 aniversario se fundaci\u00f3n que&#8230;<\/p>\n","protected":false},"author":1,"featured_media":23914,"comment_status":"open","ping_status":"open","sticky":false,"template":"","format":"standard","meta":{"footnotes":""},"categories":[98,75],"tags":[2640,132,2639],"class_list":["post-23913","post","type-post","status-publish","format-standard","has-post-thumbnail","hentry","category-comarcas","category-noticias","tag-75-aniversario","tag-cocentaina","tag-la-fila-sahorins"],"yoast_head":"<!-- This site is optimized with the Yoast SEO plugin v27.3 - https:\/\/yoast.com\/product\/yoast-seo-wordpress\/ -->\n<title>La Fil\u00e0 Sahorins de Cocentaina celebra su 75 aniversario - COPE Alcoy<\/title>\n<meta name=\"robots\" content=\"index, follow, max-snippet:-1, max-image-preview:large, max-video-preview:-1\" \/>\n<link rel=\"canonical\" href=\"https:\/\/www.copealcoy.es\/es\/la-fila-sahorins-cocentaina-celebra-75-aniversario\/\" \/>\n<meta property=\"og:locale\" content=\"es_ES\" \/>\n<meta property=\"og:type\" content=\"article\" \/>\n<meta property=\"og:title\" content=\"La Fil\u00e0 Sahorins de Cocentaina celebra su 75 aniversario - COPE Alcoy\" \/>\n<meta property=\"og:description\" content=\"La Fil\u00e0 Guardia Jalifiana de Cocentaina, conocidos popularmente como Els Sahor\u00edns, celebra este a\u00f1o el 75 aniversario se fundaci\u00f3n que...\" \/>\n<meta property=\"og:url\" content=\"https:\/\/www.copealcoy.es\/es\/la-fila-sahorins-cocentaina-celebra-75-aniversario\/\" \/>\n<meta property=\"og:site_name\" content=\"COPE Alcoy\" \/>\n<meta property=\"article:published_time\" content=\"2016-07-26T06:01:01+00:00\" \/>\n<meta property=\"og:image\" content=\"https:\/\/www.copealcoy.es\/wp-content\/uploads\/2016\/07\/391765_285756828123945_74804544_n-e1469485394689.jpg\" \/>\n\t<meta property=\"og:image:width\" content=\"960\" \/>\n\t<meta property=\"og:image:height\" content=\"511\" \/>\n\t<meta property=\"og:image:type\" content=\"image\/jpeg\" \/>\n<meta name=\"author\" content=\"Cope Alcoy\" \/>\n<meta name=\"twitter:label1\" content=\"Escrito por\" \/>\n\t<meta name=\"twitter:data1\" content=\"Cope Alcoy\" \/>\n\t<meta name=\"twitter:label2\" content=\"Tiempo de lectura\" \/>\n\t<meta name=\"twitter:data2\" content=\"1 minuto\" \/>\n<script type=\"application\/ld+json\" class=\"yoast-schema-graph\">{\"@context\":\"https:\\\/\\\/schema.org\",\"@graph\":[{\"@type\":\"Article\",\"@id\":\"https:\\\/\\\/www.copealcoy.es\\\/es\\\/la-fila-sahorins-cocentaina-celebra-75-aniversario\\\/#article\",\"isPartOf\":{\"@id\":\"https:\\\/\\\/www.copealcoy.es\\\/es\\\/la-fila-sahorins-cocentaina-celebra-75-aniversario\\\/\"},\"author\":{\"name\":\"Cope Alcoy\",\"@id\":\"https:\\\/\\\/www.copealcoy.es\\\/es\\\/#\\\/schema\\\/person\\\/e777c87fa024e57d40170af9df39882c\"},\"headline\":\"La Fil\u00e0 Sahorins de Cocentaina celebra su 75 aniversario\",\"datePublished\":\"2016-07-26T06:01:01+00:00\",\"mainEntityOfPage\":{\"@id\":\"https:\\\/\\\/www.copealcoy.es\\\/es\\\/la-fila-sahorins-cocentaina-celebra-75-aniversario\\\/\"},\"wordCount\":286,\"commentCount\":0,\"image\":{\"@id\":\"https:\\\/\\\/www.copealcoy.es\\\/es\\\/la-fila-sahorins-cocentaina-celebra-75-aniversario\\\/#primaryimage\"},\"thumbnailUrl\":\"https:\\\/\\\/www.copealcoy.es\\\/wp-content\\\/uploads\\\/2016\\\/07\\\/391765_285756828123945_74804544_n-e1469485394689.jpg\",\"keywords\":[\"75 aniversario\",\"Cocentaina\",\"La Fil\u00e0 Sahorins\"],\"articleSection\":[\"Comarcas\",\"Noticias\"],\"inLanguage\":\"es\"},{\"@type\":\"WebPage\",\"@id\":\"https:\\\/\\\/www.copealcoy.es\\\/es\\\/la-fila-sahorins-cocentaina-celebra-75-aniversario\\\/\",\"url\":\"https:\\\/\\\/www.copealcoy.es\\\/es\\\/la-fila-sahorins-cocentaina-celebra-75-aniversario\\\/\",\"name\":\"La Fil\u00e0 Sahorins de Cocentaina celebra su 75 aniversario - COPE Alcoy\",\"isPartOf\":{\"@id\":\"https:\\\/\\\/www.copealcoy.es\\\/es\\\/#website\"},\"primaryImageOfPage\":{\"@id\":\"https:\\\/\\\/www.copealcoy.es\\\/es\\\/la-fila-sahorins-cocentaina-celebra-75-aniversario\\\/#primaryimage\"},\"image\":{\"@id\":\"https:\\\/\\\/www.copealcoy.es\\\/es\\\/la-fila-sahorins-cocentaina-celebra-75-aniversario\\\/#primaryimage\"},\"thumbnailUrl\":\"https:\\\/\\\/www.copealcoy.es\\\/wp-content\\\/uploads\\\/2016\\\/07\\\/391765_285756828123945_74804544_n-e1469485394689.jpg\",\"datePublished\":\"2016-07-26T06:01:01+00:00\",\"author\":{\"@id\":\"https:\\\/\\\/www.copealcoy.es\\\/es\\\/#\\\/schema\\\/person\\\/e777c87fa024e57d40170af9df39882c\"},\"breadcrumb\":{\"@id\":\"https:\\\/\\\/www.copealcoy.es\\\/es\\\/la-fila-sahorins-cocentaina-celebra-75-aniversario\\\/#breadcrumb\"},\"inLanguage\":\"es\",\"potentialAction\":[{\"@type\":\"ReadAction\",\"target\":[\"https:\\\/\\\/www.copealcoy.es\\\/es\\\/la-fila-sahorins-cocentaina-celebra-75-aniversario\\\/\"]}]},{\"@type\":\"ImageObject\",\"inLanguage\":\"es\",\"@id\":\"https:\\\/\\\/www.copealcoy.es\\\/es\\\/la-fila-sahorins-cocentaina-celebra-75-aniversario\\\/#primaryimage\",\"url\":\"https:\\\/\\\/www.copealcoy.es\\\/wp-content\\\/uploads\\\/2016\\\/07\\\/391765_285756828123945_74804544_n-e1469485394689.jpg\",\"contentUrl\":\"https:\\\/\\\/www.copealcoy.es\\\/wp-content\\\/uploads\\\/2016\\\/07\\\/391765_285756828123945_74804544_n-e1469485394689.jpg\",\"width\":960,\"height\":511,\"caption\":\"La Fil\u00e0 Sahorins en la Diana de Cocentaina\"},{\"@type\":\"BreadcrumbList\",\"@id\":\"https:\\\/\\\/www.copealcoy.es\\\/es\\\/la-fila-sahorins-cocentaina-celebra-75-aniversario\\\/#breadcrumb\",\"itemListElement\":[{\"@type\":\"ListItem\",\"position\":1,\"name\":\"Portada\",\"item\":\"https:\\\/\\\/www.copealcoy.es\\\/es\\\/\"},{\"@type\":\"ListItem\",\"position\":2,\"name\":\"La Fil\u00e0 Sahorins de Cocentaina celebra su 75 aniversario\"}]},{\"@type\":\"WebSite\",\"@id\":\"https:\\\/\\\/www.copealcoy.es\\\/es\\\/#website\",\"url\":\"https:\\\/\\\/www.copealcoy.es\\\/es\\\/\",\"name\":\"COPE Alcoy\",\"description\":\"Emisora COPE de radio local con emisi\u00f3n online. Pont de Sant Jordi 8-10 03803 Alcoy\",\"potentialAction\":[{\"@type\":\"SearchAction\",\"target\":{\"@type\":\"EntryPoint\",\"urlTemplate\":\"https:\\\/\\\/www.copealcoy.es\\\/es\\\/?s={search_term_string}\"},\"query-input\":{\"@type\":\"PropertyValueSpecification\",\"valueRequired\":true,\"valueName\":\"search_term_string\"}}],\"inLanguage\":\"es\"},{\"@type\":\"Person\",\"@id\":\"https:\\\/\\\/www.copealcoy.es\\\/es\\\/#\\\/schema\\\/person\\\/e777c87fa024e57d40170af9df39882c\",\"name\":\"Cope Alcoy\",\"image\":{\"@type\":\"ImageObject\",\"inLanguage\":\"es\",\"@id\":\"https:\\\/\\\/secure.gravatar.com\\\/avatar\\\/bb65d0283347e303893ba14f0692005417c1e0e690a325a4c5d8bb2b3943ee14?s=96&d=mm&r=g\",\"url\":\"https:\\\/\\\/secure.gravatar.com\\\/avatar\\\/bb65d0283347e303893ba14f0692005417c1e0e690a325a4c5d8bb2b3943ee14?s=96&d=mm&r=g\",\"contentUrl\":\"https:\\\/\\\/secure.gravatar.com\\\/avatar\\\/bb65d0283347e303893ba14f0692005417c1e0e690a325a4c5d8bb2b3943ee14?s=96&d=mm&r=g\",\"caption\":\"Cope Alcoy\"}}]}<\/script>\n<!-- \/ Yoast SEO plugin. -->","yoast_head_json":{"title":"La Fil\u00e0 Sahorins de Cocentaina celebra su 75 aniversario - COPE Alcoy","robots":{"index":"index","follow":"follow","max-snippet":"max-snippet:-1","max-image-preview":"max-image-preview:large","max-video-preview":"max-video-preview:-1"},"canonical":"https:\/\/www.copealcoy.es\/es\/la-fila-sahorins-cocentaina-celebra-75-aniversario\/","og_locale":"es_ES","og_type":"article","og_title":"La Fil\u00e0 Sahorins de Cocentaina celebra su 75 aniversario - COPE Alcoy","og_description":"La Fil\u00e0 Guardia Jalifiana de Cocentaina, conocidos popularmente como Els Sahor\u00edns, celebra este a\u00f1o el 75 aniversario se fundaci\u00f3n que...","og_url":"https:\/\/www.copealcoy.es\/es\/la-fila-sahorins-cocentaina-celebra-75-aniversario\/","og_site_name":"COPE Alcoy","article_published_time":"2016-07-26T06:01:01+00:00","og_image":[{"width":960,"height":511,"url":"https:\/\/www.copealcoy.es\/wp-content\/uploads\/2016\/07\/391765_285756828123945_74804544_n-e1469485394689.jpg","type":"image\/jpeg"}],"author":"Cope Alcoy","twitter_misc":{"Escrito por":"Cope Alcoy","Tiempo de lectura":"1 minuto"},"schema":{"@context":"https:\/\/schema.org","@graph":[{"@type":"Article","@id":"https:\/\/www.copealcoy.es\/es\/la-fila-sahorins-cocentaina-celebra-75-aniversario\/#article","isPartOf":{"@id":"https:\/\/www.copealcoy.es\/es\/la-fila-sahorins-cocentaina-celebra-75-aniversario\/"},"author":{"name":"Cope Alcoy","@id":"https:\/\/www.copealcoy.es\/es\/#\/schema\/person\/e777c87fa024e57d40170af9df39882c"},"headline":"La Fil\u00e0 Sahorins de Cocentaina celebra su 75 aniversario","datePublished":"2016-07-26T06:01:01+00:00","mainEntityOfPage":{"@id":"https:\/\/www.copealcoy.es\/es\/la-fila-sahorins-cocentaina-celebra-75-aniversario\/"},"wordCount":286,"commentCount":0,"image":{"@id":"https:\/\/www.copealcoy.es\/es\/la-fila-sahorins-cocentaina-celebra-75-aniversario\/#primaryimage"},"thumbnailUrl":"https:\/\/www.copealcoy.es\/wp-content\/uploads\/2016\/07\/391765_285756828123945_74804544_n-e1469485394689.jpg","keywords":["75 aniversario","Cocentaina","La Fil\u00e0 Sahorins"],"articleSection":["Comarcas","Noticias"],"inLanguage":"es"},{"@type":"WebPage","@id":"https:\/\/www.copealcoy.es\/es\/la-fila-sahorins-cocentaina-celebra-75-aniversario\/","url":"https:\/\/www.copealcoy.es\/es\/la-fila-sahorins-cocentaina-celebra-75-aniversario\/","name":"La Fil\u00e0 Sahorins de Cocentaina celebra su 75 aniversario - COPE Alcoy","isPartOf":{"@id":"https:\/\/www.copealcoy.es\/es\/#website"},"primaryImageOfPage":{"@id":"https:\/\/www.copealcoy.es\/es\/la-fila-sahorins-cocentaina-celebra-75-aniversario\/#primaryimage"},"image":{"@id":"https:\/\/www.copealcoy.es\/es\/la-fila-sahorins-cocentaina-celebra-75-aniversario\/#primaryimage"},"thumbnailUrl":"https:\/\/www.copealcoy.es\/wp-content\/uploads\/2016\/07\/391765_285756828123945_74804544_n-e1469485394689.jpg","datePublished":"2016-07-26T06:01:01+00:00","author":{"@id":"https:\/\/www.copealcoy.es\/es\/#\/schema\/person\/e777c87fa024e57d40170af9df39882c"},"breadcrumb":{"@id":"https:\/\/www.copealcoy.es\/es\/la-fila-sahorins-cocentaina-celebra-75-aniversario\/#breadcrumb"},"inLanguage":"es","potentialAction":[{"@type":"ReadAction","target":["https:\/\/www.copealcoy.es\/es\/la-fila-sahorins-cocentaina-celebra-75-aniversario\/"]}]},{"@type":"ImageObject","inLanguage":"es","@id":"https:\/\/www.copealcoy.es\/es\/la-fila-sahorins-cocentaina-celebra-75-aniversario\/#primaryimage","url":"https:\/\/www.copealcoy.es\/wp-content\/uploads\/2016\/07\/391765_285756828123945_74804544_n-e1469485394689.jpg","contentUrl":"https:\/\/www.copealcoy.es\/wp-content\/uploads\/2016\/07\/391765_285756828123945_74804544_n-e1469485394689.jpg","width":960,"height":511,"caption":"La Fil\u00e0 Sahorins en la Diana de Cocentaina"},{"@type":"BreadcrumbList","@id":"https:\/\/www.copealcoy.es\/es\/la-fila-sahorins-cocentaina-celebra-75-aniversario\/#breadcrumb","itemListElement":[{"@type":"ListItem","position":1,"name":"Portada","item":"https:\/\/www.copealcoy.es\/es\/"},{"@type":"ListItem","position":2,"name":"La Fil\u00e0 Sahorins de Cocentaina celebra su 75 aniversario"}]},{"@type":"WebSite","@id":"https:\/\/www.copealcoy.es\/es\/#website","url":"https:\/\/www.copealcoy.es\/es\/","name":"COPE Alcoy","description":"Emisora COPE de radio local con emisi\u00f3n online. Pont de Sant Jordi 8-10 03803 Alcoy","potentialAction":[{"@type":"SearchAction","target":{"@type":"EntryPoint","urlTemplate":"https:\/\/www.copealcoy.es\/es\/?s={search_term_string}"},"query-input":{"@type":"PropertyValueSpecification","valueRequired":true,"valueName":"search_term_string"}}],"inLanguage":"es"},{"@type":"Person","@id":"https:\/\/www.copealcoy.es\/es\/#\/schema\/person\/e777c87fa024e57d40170af9df39882c","name":"Cope Alcoy","image":{"@type":"ImageObject","inLanguage":"es","@id":"https:\/\/secure.gravatar.com\/avatar\/bb65d0283347e303893ba14f0692005417c1e0e690a325a4c5d8bb2b3943ee14?s=96&d=mm&r=g","url":"https:\/\/secure.gravatar.com\/avatar\/bb65d0283347e303893ba14f0692005417c1e0e690a325a4c5d8bb2b3943ee14?s=96&d=mm&r=g","contentUrl":"https:\/\/secure.gravatar.com\/avatar\/bb65d0283347e303893ba14f0692005417c1e0e690a325a4c5d8bb2b3943ee14?s=96&d=mm&r=g","caption":"Cope Alcoy"}}]}},"_links":{"self":[{"href":"https:\/\/www.copealcoy.es\/es\/wp-json\/wp\/v2\/posts\/23913","targetHints":{"allow":["GET"]}}],"collection":[{"href":"https:\/\/www.copealcoy.es\/es\/wp-json\/wp\/v2\/posts"}],"about":[{"href":"https:\/\/www.copealcoy.es\/es\/wp-json\/wp\/v2\/types\/post"}],"author":[{"embeddable":true,"href":"https:\/\/www.copealcoy.es\/es\/wp-json\/wp\/v2\/users\/1"}],"replies":[{"embeddable":true,"href":"https:\/\/www.copealcoy.es\/es\/wp-json\/wp\/v2\/comments?post=23913"}],"version-history":[{"count":0,"href":"https:\/\/www.copealcoy.es\/es\/wp-json\/wp\/v2\/posts\/23913\/revisions"}],"wp:featuredmedia":[{"embeddable":true,"href":"https:\/\/www.copealcoy.es\/es\/wp-json\/wp\/v2\/media\/23914"}],"wp:attachment":[{"href":"https:\/\/www.copealcoy.es\/es\/wp-json\/wp\/v2\/media?parent=23913"}],"wp:term":[{"taxonomy":"category","embeddable":true,"href":"https:\/\/www.copealcoy.es\/es\/wp-json\/wp\/v2\/categories?post=23913"},{"taxonomy":"post_tag","embeddable":true,"href":"https:\/\/www.copealcoy.es\/es\/wp-json\/wp\/v2\/tags?post=23913"}],"curies":[{"name":"wp","href":"https:\/\/api.w.org\/{rel}","templated":true}]}}