{"id":23818,"date":"2016-07-21T20:59:51","date_gmt":"2016-07-21T20:59:51","guid":{"rendered":"http:\/\/copealcoi.es\/new\/?p=23818"},"modified":"2016-07-21T21:01:09","modified_gmt":"2016-07-21T21:01:09","slug":"ciudadanos-vuelve-pedir-la-guardia-civil-se-ubique-la-colonia","status":"publish","type":"post","link":"https:\/\/www.copealcoy.es\/es\/ciudadanos-vuelve-pedir-la-guardia-civil-se-ubique-la-colonia\/","title":{"rendered":"Ciudadanos vuelve a pedir que la Guardia Civil se ubique en la Colonia"},"content":{"rendered":"<p style=\"text-align: justify;\">El <strong>Grupo Municipal de Ciudadanos<\/strong> ha\u00a0mostrado su satisfacci\u00f3n por el acuerdo alcanzado entre el Ministerio de Defensa y el Ayuntamiento de Alcoy para integrar la <strong>Colonia de Aviaci\u00f3n<\/strong> en el barrio de Santa Rosa. Adem\u00e1s desde la formaci\u00f3n naranja recuerdan al Ayuntamiento que en el pleno del pasado mes de mayo trasladaron la propuesta\u00a0de <strong>trasladar<\/strong> a esta zona de la ciudad <strong>el cuartel de la Guardia Civil<\/strong> <em>&#8220;una iniciativa que qued\u00f3 en estudiarse con Defensa&#8221;<\/em>, explica el portavoz, Jorge Sedano.<\/p>\n<p style=\"text-align: justify;\">Adem\u00e1s Sedano se\u00f1ala que el citado traslado de la Guardia Civil a Santa Rosa persigue un objetivo doble <em>&#8220;por una parte\u00a0dejar la Plaza de Al-Azraq m\u00e1s libre para poder dise\u00f1ar una plaza m\u00e1s di\u00e1fana, sin el viejo cuartel; y por otra consolidar definitivamente estos servicios y dignificar, por fin, las instalaciones actuales, que est\u00e1n en p\u00e9simas condiciones\u201d<\/em>,\u00a0apunta.<\/p>\n<p style=\"text-align: justify;\">Desde Ciudadanos expresan tambi\u00e9n su <strong>predisposici\u00f3n<\/strong> para trabajar con el Gobierno Local y los diferentes agentes implicados de cara a definir la reurbanizaci\u00f3n de la Colonia de Aviaci\u00f3n.<\/p>\n","protected":false},"excerpt":{"rendered":"<p>El Grupo Municipal de Ciudadanos ha\u00a0mostrado su satisfacci\u00f3n por el acuerdo alcanzado entre el Ministerio de Defensa y el Ayuntamiento&#8230;<\/p>\n","protected":false},"author":1,"featured_media":14965,"comment_status":"open","ping_status":"open","sticky":false,"template":"","format":"standard","meta":{"footnotes":""},"categories":[97,75,79],"tags":[1494,349,1024,2187,2605],"class_list":["post-23818","post","type-post","status-publish","format-standard","has-post-thumbnail","hentry","category-alcoy","category-noticias","category-politicayeconomia","tag-alcoy","tag-ciudadanos","tag-colonia","tag-guardia-civil","tag-vuelve-a-pedir"],"yoast_head":"<!-- This site is optimized with the Yoast SEO plugin v27.3 - https:\/\/yoast.com\/product\/yoast-seo-wordpress\/ -->\n<title>Ciudadanos vuelve a pedir que la Guardia Civil se ubique en la Colonia - COPE Alcoy<\/title>\n<meta name=\"robots\" content=\"index, follow, max-snippet:-1, max-image-preview:large, max-video-preview:-1\" \/>\n<link rel=\"canonical\" href=\"https:\/\/www.copealcoy.es\/es\/ciudadanos-vuelve-pedir-la-guardia-civil-se-ubique-la-colonia\/\" \/>\n<meta property=\"og:locale\" content=\"es_ES\" \/>\n<meta property=\"og:type\" content=\"article\" \/>\n<meta property=\"og:title\" content=\"Ciudadanos vuelve a pedir que la Guardia Civil se ubique en la Colonia - COPE Alcoy\" \/>\n<meta property=\"og:description\" content=\"El Grupo Municipal de Ciudadanos ha\u00a0mostrado su satisfacci\u00f3n por el acuerdo alcanzado entre el Ministerio de Defensa y el Ayuntamiento...\" \/>\n<meta property=\"og:url\" content=\"https:\/\/www.copealcoy.es\/es\/ciudadanos-vuelve-pedir-la-guardia-civil-se-ubique-la-colonia\/\" \/>\n<meta property=\"og:site_name\" content=\"COPE Alcoy\" \/>\n<meta property=\"article:published_time\" content=\"2016-07-21T20:59:51+00:00\" \/>\n<meta property=\"article:modified_time\" content=\"2016-07-21T21:01:09+00:00\" \/>\n<meta property=\"og:image\" content=\"https:\/\/www.copealcoy.es\/wp-content\/uploads\/2015\/08\/yPr7rYR.jpg\" \/>\n\t<meta property=\"og:image:width\" content=\"2048\" \/>\n\t<meta property=\"og:image:height\" content=\"1536\" \/>\n\t<meta property=\"og:image:type\" content=\"image\/jpeg\" \/>\n<meta name=\"author\" content=\"Cope Alcoy\" \/>\n<meta name=\"twitter:label1\" content=\"Escrito por\" \/>\n\t<meta name=\"twitter:data1\" content=\"Cope Alcoy\" \/>\n\t<meta name=\"twitter:label2\" content=\"Tiempo de lectura\" \/>\n\t<meta name=\"twitter:data2\" content=\"1 minuto\" \/>\n<script type=\"application\/ld+json\" class=\"yoast-schema-graph\">{\"@context\":\"https:\\\/\\\/schema.org\",\"@graph\":[{\"@type\":\"Article\",\"@id\":\"https:\\\/\\\/www.copealcoy.es\\\/es\\\/ciudadanos-vuelve-pedir-la-guardia-civil-se-ubique-la-colonia\\\/#article\",\"isPartOf\":{\"@id\":\"https:\\\/\\\/www.copealcoy.es\\\/es\\\/ciudadanos-vuelve-pedir-la-guardia-civil-se-ubique-la-colonia\\\/\"},\"author\":{\"name\":\"Cope Alcoy\",\"@id\":\"https:\\\/\\\/www.copealcoy.es\\\/es\\\/#\\\/schema\\\/person\\\/e777c87fa024e57d40170af9df39882c\"},\"headline\":\"Ciudadanos vuelve a pedir que la Guardia Civil se ubique en la Colonia\",\"datePublished\":\"2016-07-21T20:59:51+00:00\",\"dateModified\":\"2016-07-21T21:01:09+00:00\",\"mainEntityOfPage\":{\"@id\":\"https:\\\/\\\/www.copealcoy.es\\\/es\\\/ciudadanos-vuelve-pedir-la-guardia-civil-se-ubique-la-colonia\\\/\"},\"wordCount\":198,\"commentCount\":0,\"image\":{\"@id\":\"https:\\\/\\\/www.copealcoy.es\\\/es\\\/ciudadanos-vuelve-pedir-la-guardia-civil-se-ubique-la-colonia\\\/#primaryimage\"},\"thumbnailUrl\":\"https:\\\/\\\/www.copealcoy.es\\\/wp-content\\\/uploads\\\/2015\\\/08\\\/yPr7rYR.jpg\",\"keywords\":[\"Alcoy\",\"Ciudadanos\",\"Colonia\",\"Guardia Civil\",\"vuelve a pedir\"],\"articleSection\":[\"Alcoy\",\"Noticias\",\"Pol\u00edtica y Econom\u00eda\"],\"inLanguage\":\"es\"},{\"@type\":\"WebPage\",\"@id\":\"https:\\\/\\\/www.copealcoy.es\\\/es\\\/ciudadanos-vuelve-pedir-la-guardia-civil-se-ubique-la-colonia\\\/\",\"url\":\"https:\\\/\\\/www.copealcoy.es\\\/es\\\/ciudadanos-vuelve-pedir-la-guardia-civil-se-ubique-la-colonia\\\/\",\"name\":\"Ciudadanos vuelve a pedir que la Guardia Civil se ubique en la Colonia - COPE Alcoy\",\"isPartOf\":{\"@id\":\"https:\\\/\\\/www.copealcoy.es\\\/es\\\/#website\"},\"primaryImageOfPage\":{\"@id\":\"https:\\\/\\\/www.copealcoy.es\\\/es\\\/ciudadanos-vuelve-pedir-la-guardia-civil-se-ubique-la-colonia\\\/#primaryimage\"},\"image\":{\"@id\":\"https:\\\/\\\/www.copealcoy.es\\\/es\\\/ciudadanos-vuelve-pedir-la-guardia-civil-se-ubique-la-colonia\\\/#primaryimage\"},\"thumbnailUrl\":\"https:\\\/\\\/www.copealcoy.es\\\/wp-content\\\/uploads\\\/2015\\\/08\\\/yPr7rYR.jpg\",\"datePublished\":\"2016-07-21T20:59:51+00:00\",\"dateModified\":\"2016-07-21T21:01:09+00:00\",\"author\":{\"@id\":\"https:\\\/\\\/www.copealcoy.es\\\/es\\\/#\\\/schema\\\/person\\\/e777c87fa024e57d40170af9df39882c\"},\"breadcrumb\":{\"@id\":\"https:\\\/\\\/www.copealcoy.es\\\/es\\\/ciudadanos-vuelve-pedir-la-guardia-civil-se-ubique-la-colonia\\\/#breadcrumb\"},\"inLanguage\":\"es\",\"potentialAction\":[{\"@type\":\"ReadAction\",\"target\":[\"https:\\\/\\\/www.copealcoy.es\\\/es\\\/ciudadanos-vuelve-pedir-la-guardia-civil-se-ubique-la-colonia\\\/\"]}]},{\"@type\":\"ImageObject\",\"inLanguage\":\"es\",\"@id\":\"https:\\\/\\\/www.copealcoy.es\\\/es\\\/ciudadanos-vuelve-pedir-la-guardia-civil-se-ubique-la-colonia\\\/#primaryimage\",\"url\":\"https:\\\/\\\/www.copealcoy.es\\\/wp-content\\\/uploads\\\/2015\\\/08\\\/yPr7rYR.jpg\",\"contentUrl\":\"https:\\\/\\\/www.copealcoy.es\\\/wp-content\\\/uploads\\\/2015\\\/08\\\/yPr7rYR.jpg\",\"width\":1440,\"height\":1080,\"caption\":\"El proyecto contempla la rehabilitaci\u00f3n de las actuales viviendas\"},{\"@type\":\"BreadcrumbList\",\"@id\":\"https:\\\/\\\/www.copealcoy.es\\\/es\\\/ciudadanos-vuelve-pedir-la-guardia-civil-se-ubique-la-colonia\\\/#breadcrumb\",\"itemListElement\":[{\"@type\":\"ListItem\",\"position\":1,\"name\":\"Portada\",\"item\":\"https:\\\/\\\/www.copealcoy.es\\\/es\\\/\"},{\"@type\":\"ListItem\",\"position\":2,\"name\":\"Ciudadanos vuelve a pedir que la Guardia Civil se ubique en la Colonia\"}]},{\"@type\":\"WebSite\",\"@id\":\"https:\\\/\\\/www.copealcoy.es\\\/es\\\/#website\",\"url\":\"https:\\\/\\\/www.copealcoy.es\\\/es\\\/\",\"name\":\"COPE Alcoy\",\"description\":\"Emisora COPE de radio local con emisi\u00f3n online. Pont de Sant Jordi 8-10 03803 Alcoy\",\"potentialAction\":[{\"@type\":\"SearchAction\",\"target\":{\"@type\":\"EntryPoint\",\"urlTemplate\":\"https:\\\/\\\/www.copealcoy.es\\\/es\\\/?s={search_term_string}\"},\"query-input\":{\"@type\":\"PropertyValueSpecification\",\"valueRequired\":true,\"valueName\":\"search_term_string\"}}],\"inLanguage\":\"es\"},{\"@type\":\"Person\",\"@id\":\"https:\\\/\\\/www.copealcoy.es\\\/es\\\/#\\\/schema\\\/person\\\/e777c87fa024e57d40170af9df39882c\",\"name\":\"Cope Alcoy\",\"image\":{\"@type\":\"ImageObject\",\"inLanguage\":\"es\",\"@id\":\"https:\\\/\\\/secure.gravatar.com\\\/avatar\\\/bb65d0283347e303893ba14f0692005417c1e0e690a325a4c5d8bb2b3943ee14?s=96&d=mm&r=g\",\"url\":\"https:\\\/\\\/secure.gravatar.com\\\/avatar\\\/bb65d0283347e303893ba14f0692005417c1e0e690a325a4c5d8bb2b3943ee14?s=96&d=mm&r=g\",\"contentUrl\":\"https:\\\/\\\/secure.gravatar.com\\\/avatar\\\/bb65d0283347e303893ba14f0692005417c1e0e690a325a4c5d8bb2b3943ee14?s=96&d=mm&r=g\",\"caption\":\"Cope Alcoy\"}}]}<\/script>\n<!-- \/ Yoast SEO plugin. -->","yoast_head_json":{"title":"Ciudadanos vuelve a pedir que la Guardia Civil se ubique en la Colonia - COPE Alcoy","robots":{"index":"index","follow":"follow","max-snippet":"max-snippet:-1","max-image-preview":"max-image-preview:large","max-video-preview":"max-video-preview:-1"},"canonical":"https:\/\/www.copealcoy.es\/es\/ciudadanos-vuelve-pedir-la-guardia-civil-se-ubique-la-colonia\/","og_locale":"es_ES","og_type":"article","og_title":"Ciudadanos vuelve a pedir que la Guardia Civil se ubique en la Colonia - COPE Alcoy","og_description":"El Grupo Municipal de Ciudadanos ha\u00a0mostrado su satisfacci\u00f3n por el acuerdo alcanzado entre el Ministerio de Defensa y el Ayuntamiento...","og_url":"https:\/\/www.copealcoy.es\/es\/ciudadanos-vuelve-pedir-la-guardia-civil-se-ubique-la-colonia\/","og_site_name":"COPE Alcoy","article_published_time":"2016-07-21T20:59:51+00:00","article_modified_time":"2016-07-21T21:01:09+00:00","og_image":[{"width":2048,"height":1536,"url":"https:\/\/www.copealcoy.es\/wp-content\/uploads\/2015\/08\/yPr7rYR.jpg","type":"image\/jpeg"}],"author":"Cope Alcoy","twitter_misc":{"Escrito por":"Cope Alcoy","Tiempo de lectura":"1 minuto"},"schema":{"@context":"https:\/\/schema.org","@graph":[{"@type":"Article","@id":"https:\/\/www.copealcoy.es\/es\/ciudadanos-vuelve-pedir-la-guardia-civil-se-ubique-la-colonia\/#article","isPartOf":{"@id":"https:\/\/www.copealcoy.es\/es\/ciudadanos-vuelve-pedir-la-guardia-civil-se-ubique-la-colonia\/"},"author":{"name":"Cope Alcoy","@id":"https:\/\/www.copealcoy.es\/es\/#\/schema\/person\/e777c87fa024e57d40170af9df39882c"},"headline":"Ciudadanos vuelve a pedir que la Guardia Civil se ubique en la Colonia","datePublished":"2016-07-21T20:59:51+00:00","dateModified":"2016-07-21T21:01:09+00:00","mainEntityOfPage":{"@id":"https:\/\/www.copealcoy.es\/es\/ciudadanos-vuelve-pedir-la-guardia-civil-se-ubique-la-colonia\/"},"wordCount":198,"commentCount":0,"image":{"@id":"https:\/\/www.copealcoy.es\/es\/ciudadanos-vuelve-pedir-la-guardia-civil-se-ubique-la-colonia\/#primaryimage"},"thumbnailUrl":"https:\/\/www.copealcoy.es\/wp-content\/uploads\/2015\/08\/yPr7rYR.jpg","keywords":["Alcoy","Ciudadanos","Colonia","Guardia Civil","vuelve a pedir"],"articleSection":["Alcoy","Noticias","Pol\u00edtica y Econom\u00eda"],"inLanguage":"es"},{"@type":"WebPage","@id":"https:\/\/www.copealcoy.es\/es\/ciudadanos-vuelve-pedir-la-guardia-civil-se-ubique-la-colonia\/","url":"https:\/\/www.copealcoy.es\/es\/ciudadanos-vuelve-pedir-la-guardia-civil-se-ubique-la-colonia\/","name":"Ciudadanos vuelve a pedir que la Guardia Civil se ubique en la Colonia - COPE Alcoy","isPartOf":{"@id":"https:\/\/www.copealcoy.es\/es\/#website"},"primaryImageOfPage":{"@id":"https:\/\/www.copealcoy.es\/es\/ciudadanos-vuelve-pedir-la-guardia-civil-se-ubique-la-colonia\/#primaryimage"},"image":{"@id":"https:\/\/www.copealcoy.es\/es\/ciudadanos-vuelve-pedir-la-guardia-civil-se-ubique-la-colonia\/#primaryimage"},"thumbnailUrl":"https:\/\/www.copealcoy.es\/wp-content\/uploads\/2015\/08\/yPr7rYR.jpg","datePublished":"2016-07-21T20:59:51+00:00","dateModified":"2016-07-21T21:01:09+00:00","author":{"@id":"https:\/\/www.copealcoy.es\/es\/#\/schema\/person\/e777c87fa024e57d40170af9df39882c"},"breadcrumb":{"@id":"https:\/\/www.copealcoy.es\/es\/ciudadanos-vuelve-pedir-la-guardia-civil-se-ubique-la-colonia\/#breadcrumb"},"inLanguage":"es","potentialAction":[{"@type":"ReadAction","target":["https:\/\/www.copealcoy.es\/es\/ciudadanos-vuelve-pedir-la-guardia-civil-se-ubique-la-colonia\/"]}]},{"@type":"ImageObject","inLanguage":"es","@id":"https:\/\/www.copealcoy.es\/es\/ciudadanos-vuelve-pedir-la-guardia-civil-se-ubique-la-colonia\/#primaryimage","url":"https:\/\/www.copealcoy.es\/wp-content\/uploads\/2015\/08\/yPr7rYR.jpg","contentUrl":"https:\/\/www.copealcoy.es\/wp-content\/uploads\/2015\/08\/yPr7rYR.jpg","width":1440,"height":1080,"caption":"El proyecto contempla la rehabilitaci\u00f3n de las actuales viviendas"},{"@type":"BreadcrumbList","@id":"https:\/\/www.copealcoy.es\/es\/ciudadanos-vuelve-pedir-la-guardia-civil-se-ubique-la-colonia\/#breadcrumb","itemListElement":[{"@type":"ListItem","position":1,"name":"Portada","item":"https:\/\/www.copealcoy.es\/es\/"},{"@type":"ListItem","position":2,"name":"Ciudadanos vuelve a pedir que la Guardia Civil se ubique en la Colonia"}]},{"@type":"WebSite","@id":"https:\/\/www.copealcoy.es\/es\/#website","url":"https:\/\/www.copealcoy.es\/es\/","name":"COPE Alcoy","description":"Emisora COPE de radio local con emisi\u00f3n online. Pont de Sant Jordi 8-10 03803 Alcoy","potentialAction":[{"@type":"SearchAction","target":{"@type":"EntryPoint","urlTemplate":"https:\/\/www.copealcoy.es\/es\/?s={search_term_string}"},"query-input":{"@type":"PropertyValueSpecification","valueRequired":true,"valueName":"search_term_string"}}],"inLanguage":"es"},{"@type":"Person","@id":"https:\/\/www.copealcoy.es\/es\/#\/schema\/person\/e777c87fa024e57d40170af9df39882c","name":"Cope Alcoy","image":{"@type":"ImageObject","inLanguage":"es","@id":"https:\/\/secure.gravatar.com\/avatar\/bb65d0283347e303893ba14f0692005417c1e0e690a325a4c5d8bb2b3943ee14?s=96&d=mm&r=g","url":"https:\/\/secure.gravatar.com\/avatar\/bb65d0283347e303893ba14f0692005417c1e0e690a325a4c5d8bb2b3943ee14?s=96&d=mm&r=g","contentUrl":"https:\/\/secure.gravatar.com\/avatar\/bb65d0283347e303893ba14f0692005417c1e0e690a325a4c5d8bb2b3943ee14?s=96&d=mm&r=g","caption":"Cope Alcoy"}}]}},"_links":{"self":[{"href":"https:\/\/www.copealcoy.es\/es\/wp-json\/wp\/v2\/posts\/23818","targetHints":{"allow":["GET"]}}],"collection":[{"href":"https:\/\/www.copealcoy.es\/es\/wp-json\/wp\/v2\/posts"}],"about":[{"href":"https:\/\/www.copealcoy.es\/es\/wp-json\/wp\/v2\/types\/post"}],"author":[{"embeddable":true,"href":"https:\/\/www.copealcoy.es\/es\/wp-json\/wp\/v2\/users\/1"}],"replies":[{"embeddable":true,"href":"https:\/\/www.copealcoy.es\/es\/wp-json\/wp\/v2\/comments?post=23818"}],"version-history":[{"count":0,"href":"https:\/\/www.copealcoy.es\/es\/wp-json\/wp\/v2\/posts\/23818\/revisions"}],"wp:featuredmedia":[{"embeddable":true,"href":"https:\/\/www.copealcoy.es\/es\/wp-json\/wp\/v2\/media\/14965"}],"wp:attachment":[{"href":"https:\/\/www.copealcoy.es\/es\/wp-json\/wp\/v2\/media?parent=23818"}],"wp:term":[{"taxonomy":"category","embeddable":true,"href":"https:\/\/www.copealcoy.es\/es\/wp-json\/wp\/v2\/categories?post=23818"},{"taxonomy":"post_tag","embeddable":true,"href":"https:\/\/www.copealcoy.es\/es\/wp-json\/wp\/v2\/tags?post=23818"}],"curies":[{"name":"wp","href":"https:\/\/api.w.org\/{rel}","templated":true}]}}