{"id":23810,"date":"2016-07-21T20:11:06","date_gmt":"2016-07-21T20:11:06","guid":{"rendered":"http:\/\/copealcoi.es\/new\/?p=23810"},"modified":"2016-07-26T16:26:07","modified_gmt":"2016-07-26T16:26:07","slug":"correos-dedica-matasellos-la-imagen-del-castillo-cocentaina","status":"publish","type":"post","link":"https:\/\/www.copealcoy.es\/es\/correos-dedica-matasellos-la-imagen-del-castillo-cocentaina\/","title":{"rendered":"Correos dedica un matasellos con la imagen del Castillo de Cocentaina"},"content":{"rendered":"<p style=\"text-align: justify;\">La <strong>Sala Daurada del Palau Comtal<\/strong> de Cocentaina ha acogido esta ma\u00f1ana la presentaci\u00f3n del <strong>matasellos que Correos<\/strong>, con el apoyo de la Asociaci\u00f3n Filat\u00e9lica y Numism\u00e1tica de Cocentaina, ha dedicado a la Villa Condal con la imagen de su castillo.<\/p>\n<p style=\"text-align: justify;\">Al acto de presentaci\u00f3n han acudido la <strong>Directora de la Oficina de Correos contestana,<\/strong> Rosa Mar\u00eda Mart\u00ednez; <strong>la alcaldesa de Cocentaina,<\/strong> Mireia Estepa y el <strong>presidente de FASFILCOVA,<\/strong> Juan A. Ll\u00e0cer. En la misma se ha recordado que Correos conmemora en esta primera quincena del mes de julio su <strong>300 aniversario<\/strong> y se ha destacado que desde el pasado a\u00f1o se han emitido varios matasellos para colaborar con la difusi\u00f3n tur\u00edstica de lugares emblem\u00e1ticos y festividades de diferentes poblaciones, a trav\u00e9s de los env\u00edos postales.<\/p>\n<p style=\"text-align: justify;\"><a href=\"https:\/\/www.copealcoy.es\/correos-dedica-matasellos-la-imagen-del-castillo-cocentaina\/13754261_878681788941974_1381585020963910123_n\/\" rel=\"attachment wp-att-23812\"><img loading=\"lazy\" decoding=\"async\" class=\"aligncenter size-full wp-image-23812\" src=\"https:\/\/www.copealcoy.es\/wp-content\/uploads\/2016\/07\/13754261_878681788941974_1381585020963910123_n.jpg\" alt=\"Matasellos Castillo de Cocentaina \" width=\"800\" height=\"533\" srcset=\"https:\/\/www.copealcoy.es\/wp-content\/uploads\/2016\/07\/13754261_878681788941974_1381585020963910123_n.jpg 800w, https:\/\/www.copealcoy.es\/wp-content\/uploads\/2016\/07\/13754261_878681788941974_1381585020963910123_n-300x200.jpg 300w, https:\/\/www.copealcoy.es\/wp-content\/uploads\/2016\/07\/13754261_878681788941974_1381585020963910123_n-768x512.jpg 768w\" sizes=\"auto, (max-width: 800px) 100vw, 800px\" \/><\/a><\/p>\n<p style=\"text-align: justify;\">La responsable de comunicaci\u00f3n de Correos<strong>, Flor Fern\u00e1ndez,<\/strong> explicaba en Cope Alcoy que con este matasellos se difundir\u00e1 este emblem\u00e1tico monumento contestano <em>&#8220;ya que todo aquel que lo utilice en sus cartas contribuir\u00e1 a promocionar los atractivos del municipio&#8221;<\/em>, apunta. Por \u00faltimo ha recordado que el citado matasellos estar\u00e1 disponible de forma permanente desde ya mismo en la oficina de Correos para quien lo solicite en el momento de realizar sus env\u00edos.<\/p>\n<p>&nbsp;<\/p>\n<p>&nbsp;<\/p>\n","protected":false},"excerpt":{"rendered":"<p>La Sala Daurada del Palau Comtal de Cocentaina ha acogido esta ma\u00f1ana la presentaci\u00f3n del matasellos que Correos, con el&#8230;<\/p>\n","protected":false},"author":1,"featured_media":23811,"comment_status":"open","ping_status":"open","sticky":false,"template":"","format":"standard","meta":{"footnotes":""},"categories":[98,75],"tags":[2602,406,2601,2151,1799,2577],"class_list":["post-23810","post","type-post","status-publish","format-standard","has-post-thumbnail","hentry","category-comarcas","category-noticias","tag-castillo-de-cocentaina","tag-correos","tag-dedica","tag-matasellos","tag-mireia-estepa","tag-un"],"yoast_head":"<!-- This site is optimized with the Yoast SEO plugin v27.3 - https:\/\/yoast.com\/product\/yoast-seo-wordpress\/ -->\n<title>Correos dedica un matasellos con la imagen del Castillo de Cocentaina - COPE Alcoy<\/title>\n<meta name=\"robots\" content=\"index, follow, max-snippet:-1, max-image-preview:large, max-video-preview:-1\" \/>\n<link rel=\"canonical\" href=\"https:\/\/www.copealcoy.es\/es\/correos-dedica-matasellos-la-imagen-del-castillo-cocentaina\/\" \/>\n<meta property=\"og:locale\" content=\"es_ES\" \/>\n<meta property=\"og:type\" content=\"article\" \/>\n<meta property=\"og:title\" content=\"Correos dedica un matasellos con la imagen del Castillo de Cocentaina - COPE Alcoy\" \/>\n<meta property=\"og:description\" content=\"La Sala Daurada del Palau Comtal de Cocentaina ha acogido esta ma\u00f1ana la presentaci\u00f3n del matasellos que Correos, con el...\" \/>\n<meta property=\"og:url\" content=\"https:\/\/www.copealcoy.es\/es\/correos-dedica-matasellos-la-imagen-del-castillo-cocentaina\/\" \/>\n<meta property=\"og:site_name\" content=\"COPE Alcoy\" \/>\n<meta property=\"article:published_time\" content=\"2016-07-21T20:11:06+00:00\" \/>\n<meta property=\"article:modified_time\" content=\"2016-07-26T16:26:07+00:00\" \/>\n<meta property=\"og:image\" content=\"https:\/\/www.copealcoy.es\/wp-content\/uploads\/2016\/07\/13700018_878681808941972_5166510702576362126_n.jpg\" \/>\n\t<meta property=\"og:image:width\" content=\"640\" \/>\n\t<meta property=\"og:image:height\" content=\"427\" \/>\n\t<meta property=\"og:image:type\" content=\"image\/jpeg\" \/>\n<meta name=\"author\" content=\"Cope Alcoy\" \/>\n<meta name=\"twitter:label1\" content=\"Escrito por\" \/>\n\t<meta name=\"twitter:data1\" content=\"Cope Alcoy\" \/>\n\t<meta name=\"twitter:label2\" content=\"Tiempo de lectura\" \/>\n\t<meta name=\"twitter:data2\" content=\"1 minuto\" \/>\n<script type=\"application\/ld+json\" class=\"yoast-schema-graph\">{\"@context\":\"https:\\\/\\\/schema.org\",\"@graph\":[{\"@type\":\"Article\",\"@id\":\"https:\\\/\\\/www.copealcoy.es\\\/es\\\/correos-dedica-matasellos-la-imagen-del-castillo-cocentaina\\\/#article\",\"isPartOf\":{\"@id\":\"https:\\\/\\\/www.copealcoy.es\\\/es\\\/correos-dedica-matasellos-la-imagen-del-castillo-cocentaina\\\/\"},\"author\":{\"name\":\"Cope Alcoy\",\"@id\":\"https:\\\/\\\/www.copealcoy.es\\\/es\\\/#\\\/schema\\\/person\\\/e777c87fa024e57d40170af9df39882c\"},\"headline\":\"Correos dedica un matasellos con la imagen del Castillo de Cocentaina\",\"datePublished\":\"2016-07-21T20:11:06+00:00\",\"dateModified\":\"2016-07-26T16:26:07+00:00\",\"mainEntityOfPage\":{\"@id\":\"https:\\\/\\\/www.copealcoy.es\\\/es\\\/correos-dedica-matasellos-la-imagen-del-castillo-cocentaina\\\/\"},\"wordCount\":229,\"commentCount\":0,\"image\":{\"@id\":\"https:\\\/\\\/www.copealcoy.es\\\/es\\\/correos-dedica-matasellos-la-imagen-del-castillo-cocentaina\\\/#primaryimage\"},\"thumbnailUrl\":\"https:\\\/\\\/www.copealcoy.es\\\/wp-content\\\/uploads\\\/2016\\\/07\\\/13700018_878681808941972_5166510702576362126_n.jpg\",\"keywords\":[\"Castillo de Cocentaina\",\"Correos\",\"dedica\",\"Matasellos\",\"Mireia Estepa\",\"Un\"],\"articleSection\":[\"Comarcas\",\"Noticias\"],\"inLanguage\":\"es\"},{\"@type\":\"WebPage\",\"@id\":\"https:\\\/\\\/www.copealcoy.es\\\/es\\\/correos-dedica-matasellos-la-imagen-del-castillo-cocentaina\\\/\",\"url\":\"https:\\\/\\\/www.copealcoy.es\\\/es\\\/correos-dedica-matasellos-la-imagen-del-castillo-cocentaina\\\/\",\"name\":\"Correos dedica un matasellos con la imagen del Castillo de Cocentaina - COPE Alcoy\",\"isPartOf\":{\"@id\":\"https:\\\/\\\/www.copealcoy.es\\\/es\\\/#website\"},\"primaryImageOfPage\":{\"@id\":\"https:\\\/\\\/www.copealcoy.es\\\/es\\\/correos-dedica-matasellos-la-imagen-del-castillo-cocentaina\\\/#primaryimage\"},\"image\":{\"@id\":\"https:\\\/\\\/www.copealcoy.es\\\/es\\\/correos-dedica-matasellos-la-imagen-del-castillo-cocentaina\\\/#primaryimage\"},\"thumbnailUrl\":\"https:\\\/\\\/www.copealcoy.es\\\/wp-content\\\/uploads\\\/2016\\\/07\\\/13700018_878681808941972_5166510702576362126_n.jpg\",\"datePublished\":\"2016-07-21T20:11:06+00:00\",\"dateModified\":\"2016-07-26T16:26:07+00:00\",\"author\":{\"@id\":\"https:\\\/\\\/www.copealcoy.es\\\/es\\\/#\\\/schema\\\/person\\\/e777c87fa024e57d40170af9df39882c\"},\"breadcrumb\":{\"@id\":\"https:\\\/\\\/www.copealcoy.es\\\/es\\\/correos-dedica-matasellos-la-imagen-del-castillo-cocentaina\\\/#breadcrumb\"},\"inLanguage\":\"es\",\"potentialAction\":[{\"@type\":\"ReadAction\",\"target\":[\"https:\\\/\\\/www.copealcoy.es\\\/es\\\/correos-dedica-matasellos-la-imagen-del-castillo-cocentaina\\\/\"]}]},{\"@type\":\"ImageObject\",\"inLanguage\":\"es\",\"@id\":\"https:\\\/\\\/www.copealcoy.es\\\/es\\\/correos-dedica-matasellos-la-imagen-del-castillo-cocentaina\\\/#primaryimage\",\"url\":\"https:\\\/\\\/www.copealcoy.es\\\/wp-content\\\/uploads\\\/2016\\\/07\\\/13700018_878681808941972_5166510702576362126_n.jpg\",\"contentUrl\":\"https:\\\/\\\/www.copealcoy.es\\\/wp-content\\\/uploads\\\/2016\\\/07\\\/13700018_878681808941972_5166510702576362126_n.jpg\",\"width\":640,\"height\":427,\"caption\":\"La presentaci\u00f3n del Matasellos ha tenido lugar en la Sala Daurada del Palau\"},{\"@type\":\"BreadcrumbList\",\"@id\":\"https:\\\/\\\/www.copealcoy.es\\\/es\\\/correos-dedica-matasellos-la-imagen-del-castillo-cocentaina\\\/#breadcrumb\",\"itemListElement\":[{\"@type\":\"ListItem\",\"position\":1,\"name\":\"Portada\",\"item\":\"https:\\\/\\\/www.copealcoy.es\\\/es\\\/\"},{\"@type\":\"ListItem\",\"position\":2,\"name\":\"Correos dedica un matasellos con la imagen del Castillo de Cocentaina\"}]},{\"@type\":\"WebSite\",\"@id\":\"https:\\\/\\\/www.copealcoy.es\\\/es\\\/#website\",\"url\":\"https:\\\/\\\/www.copealcoy.es\\\/es\\\/\",\"name\":\"COPE Alcoy\",\"description\":\"Emisora COPE de radio local con emisi\u00f3n online. Pont de Sant Jordi 8-10 03803 Alcoy\",\"potentialAction\":[{\"@type\":\"SearchAction\",\"target\":{\"@type\":\"EntryPoint\",\"urlTemplate\":\"https:\\\/\\\/www.copealcoy.es\\\/es\\\/?s={search_term_string}\"},\"query-input\":{\"@type\":\"PropertyValueSpecification\",\"valueRequired\":true,\"valueName\":\"search_term_string\"}}],\"inLanguage\":\"es\"},{\"@type\":\"Person\",\"@id\":\"https:\\\/\\\/www.copealcoy.es\\\/es\\\/#\\\/schema\\\/person\\\/e777c87fa024e57d40170af9df39882c\",\"name\":\"Cope Alcoy\",\"image\":{\"@type\":\"ImageObject\",\"inLanguage\":\"es\",\"@id\":\"https:\\\/\\\/secure.gravatar.com\\\/avatar\\\/bb65d0283347e303893ba14f0692005417c1e0e690a325a4c5d8bb2b3943ee14?s=96&d=mm&r=g\",\"url\":\"https:\\\/\\\/secure.gravatar.com\\\/avatar\\\/bb65d0283347e303893ba14f0692005417c1e0e690a325a4c5d8bb2b3943ee14?s=96&d=mm&r=g\",\"contentUrl\":\"https:\\\/\\\/secure.gravatar.com\\\/avatar\\\/bb65d0283347e303893ba14f0692005417c1e0e690a325a4c5d8bb2b3943ee14?s=96&d=mm&r=g\",\"caption\":\"Cope Alcoy\"}}]}<\/script>\n<!-- \/ Yoast SEO plugin. -->","yoast_head_json":{"title":"Correos dedica un matasellos con la imagen del Castillo de Cocentaina - COPE Alcoy","robots":{"index":"index","follow":"follow","max-snippet":"max-snippet:-1","max-image-preview":"max-image-preview:large","max-video-preview":"max-video-preview:-1"},"canonical":"https:\/\/www.copealcoy.es\/es\/correos-dedica-matasellos-la-imagen-del-castillo-cocentaina\/","og_locale":"es_ES","og_type":"article","og_title":"Correos dedica un matasellos con la imagen del Castillo de Cocentaina - COPE Alcoy","og_description":"La Sala Daurada del Palau Comtal de Cocentaina ha acogido esta ma\u00f1ana la presentaci\u00f3n del matasellos que Correos, con el...","og_url":"https:\/\/www.copealcoy.es\/es\/correos-dedica-matasellos-la-imagen-del-castillo-cocentaina\/","og_site_name":"COPE Alcoy","article_published_time":"2016-07-21T20:11:06+00:00","article_modified_time":"2016-07-26T16:26:07+00:00","og_image":[{"width":640,"height":427,"url":"https:\/\/www.copealcoy.es\/wp-content\/uploads\/2016\/07\/13700018_878681808941972_5166510702576362126_n.jpg","type":"image\/jpeg"}],"author":"Cope Alcoy","twitter_misc":{"Escrito por":"Cope Alcoy","Tiempo de lectura":"1 minuto"},"schema":{"@context":"https:\/\/schema.org","@graph":[{"@type":"Article","@id":"https:\/\/www.copealcoy.es\/es\/correos-dedica-matasellos-la-imagen-del-castillo-cocentaina\/#article","isPartOf":{"@id":"https:\/\/www.copealcoy.es\/es\/correos-dedica-matasellos-la-imagen-del-castillo-cocentaina\/"},"author":{"name":"Cope Alcoy","@id":"https:\/\/www.copealcoy.es\/es\/#\/schema\/person\/e777c87fa024e57d40170af9df39882c"},"headline":"Correos dedica un matasellos con la imagen del Castillo de Cocentaina","datePublished":"2016-07-21T20:11:06+00:00","dateModified":"2016-07-26T16:26:07+00:00","mainEntityOfPage":{"@id":"https:\/\/www.copealcoy.es\/es\/correos-dedica-matasellos-la-imagen-del-castillo-cocentaina\/"},"wordCount":229,"commentCount":0,"image":{"@id":"https:\/\/www.copealcoy.es\/es\/correos-dedica-matasellos-la-imagen-del-castillo-cocentaina\/#primaryimage"},"thumbnailUrl":"https:\/\/www.copealcoy.es\/wp-content\/uploads\/2016\/07\/13700018_878681808941972_5166510702576362126_n.jpg","keywords":["Castillo de Cocentaina","Correos","dedica","Matasellos","Mireia Estepa","Un"],"articleSection":["Comarcas","Noticias"],"inLanguage":"es"},{"@type":"WebPage","@id":"https:\/\/www.copealcoy.es\/es\/correos-dedica-matasellos-la-imagen-del-castillo-cocentaina\/","url":"https:\/\/www.copealcoy.es\/es\/correos-dedica-matasellos-la-imagen-del-castillo-cocentaina\/","name":"Correos dedica un matasellos con la imagen del Castillo de Cocentaina - COPE Alcoy","isPartOf":{"@id":"https:\/\/www.copealcoy.es\/es\/#website"},"primaryImageOfPage":{"@id":"https:\/\/www.copealcoy.es\/es\/correos-dedica-matasellos-la-imagen-del-castillo-cocentaina\/#primaryimage"},"image":{"@id":"https:\/\/www.copealcoy.es\/es\/correos-dedica-matasellos-la-imagen-del-castillo-cocentaina\/#primaryimage"},"thumbnailUrl":"https:\/\/www.copealcoy.es\/wp-content\/uploads\/2016\/07\/13700018_878681808941972_5166510702576362126_n.jpg","datePublished":"2016-07-21T20:11:06+00:00","dateModified":"2016-07-26T16:26:07+00:00","author":{"@id":"https:\/\/www.copealcoy.es\/es\/#\/schema\/person\/e777c87fa024e57d40170af9df39882c"},"breadcrumb":{"@id":"https:\/\/www.copealcoy.es\/es\/correos-dedica-matasellos-la-imagen-del-castillo-cocentaina\/#breadcrumb"},"inLanguage":"es","potentialAction":[{"@type":"ReadAction","target":["https:\/\/www.copealcoy.es\/es\/correos-dedica-matasellos-la-imagen-del-castillo-cocentaina\/"]}]},{"@type":"ImageObject","inLanguage":"es","@id":"https:\/\/www.copealcoy.es\/es\/correos-dedica-matasellos-la-imagen-del-castillo-cocentaina\/#primaryimage","url":"https:\/\/www.copealcoy.es\/wp-content\/uploads\/2016\/07\/13700018_878681808941972_5166510702576362126_n.jpg","contentUrl":"https:\/\/www.copealcoy.es\/wp-content\/uploads\/2016\/07\/13700018_878681808941972_5166510702576362126_n.jpg","width":640,"height":427,"caption":"La presentaci\u00f3n del Matasellos ha tenido lugar en la Sala Daurada del Palau"},{"@type":"BreadcrumbList","@id":"https:\/\/www.copealcoy.es\/es\/correos-dedica-matasellos-la-imagen-del-castillo-cocentaina\/#breadcrumb","itemListElement":[{"@type":"ListItem","position":1,"name":"Portada","item":"https:\/\/www.copealcoy.es\/es\/"},{"@type":"ListItem","position":2,"name":"Correos dedica un matasellos con la imagen del Castillo de Cocentaina"}]},{"@type":"WebSite","@id":"https:\/\/www.copealcoy.es\/es\/#website","url":"https:\/\/www.copealcoy.es\/es\/","name":"COPE Alcoy","description":"Emisora COPE de radio local con emisi\u00f3n online. Pont de Sant Jordi 8-10 03803 Alcoy","potentialAction":[{"@type":"SearchAction","target":{"@type":"EntryPoint","urlTemplate":"https:\/\/www.copealcoy.es\/es\/?s={search_term_string}"},"query-input":{"@type":"PropertyValueSpecification","valueRequired":true,"valueName":"search_term_string"}}],"inLanguage":"es"},{"@type":"Person","@id":"https:\/\/www.copealcoy.es\/es\/#\/schema\/person\/e777c87fa024e57d40170af9df39882c","name":"Cope Alcoy","image":{"@type":"ImageObject","inLanguage":"es","@id":"https:\/\/secure.gravatar.com\/avatar\/bb65d0283347e303893ba14f0692005417c1e0e690a325a4c5d8bb2b3943ee14?s=96&d=mm&r=g","url":"https:\/\/secure.gravatar.com\/avatar\/bb65d0283347e303893ba14f0692005417c1e0e690a325a4c5d8bb2b3943ee14?s=96&d=mm&r=g","contentUrl":"https:\/\/secure.gravatar.com\/avatar\/bb65d0283347e303893ba14f0692005417c1e0e690a325a4c5d8bb2b3943ee14?s=96&d=mm&r=g","caption":"Cope Alcoy"}}]}},"_links":{"self":[{"href":"https:\/\/www.copealcoy.es\/es\/wp-json\/wp\/v2\/posts\/23810","targetHints":{"allow":["GET"]}}],"collection":[{"href":"https:\/\/www.copealcoy.es\/es\/wp-json\/wp\/v2\/posts"}],"about":[{"href":"https:\/\/www.copealcoy.es\/es\/wp-json\/wp\/v2\/types\/post"}],"author":[{"embeddable":true,"href":"https:\/\/www.copealcoy.es\/es\/wp-json\/wp\/v2\/users\/1"}],"replies":[{"embeddable":true,"href":"https:\/\/www.copealcoy.es\/es\/wp-json\/wp\/v2\/comments?post=23810"}],"version-history":[{"count":0,"href":"https:\/\/www.copealcoy.es\/es\/wp-json\/wp\/v2\/posts\/23810\/revisions"}],"wp:featuredmedia":[{"embeddable":true,"href":"https:\/\/www.copealcoy.es\/es\/wp-json\/wp\/v2\/media\/23811"}],"wp:attachment":[{"href":"https:\/\/www.copealcoy.es\/es\/wp-json\/wp\/v2\/media?parent=23810"}],"wp:term":[{"taxonomy":"category","embeddable":true,"href":"https:\/\/www.copealcoy.es\/es\/wp-json\/wp\/v2\/categories?post=23810"},{"taxonomy":"post_tag","embeddable":true,"href":"https:\/\/www.copealcoy.es\/es\/wp-json\/wp\/v2\/tags?post=23810"}],"curies":[{"name":"wp","href":"https:\/\/api.w.org\/{rel}","templated":true}]}}