{"id":23791,"date":"2016-07-20T18:38:57","date_gmt":"2016-07-20T18:38:57","guid":{"rendered":"http:\/\/copealcoi.es\/new\/?p=23791"},"modified":"2016-07-20T18:38:57","modified_gmt":"2016-07-20T18:38:57","slug":"cesar-sanchez-balance-del-primer-ano-al-frente-la-diputacion","status":"publish","type":"post","link":"https:\/\/www.copealcoy.es\/es\/cesar-sanchez-balance-del-primer-ano-al-frente-la-diputacion\/","title":{"rendered":"C\u00e9sar S\u00e1nchez hace balance del primer a\u00f1o al frente de la Diputaci\u00f3n"},"content":{"rendered":"<p style=\"text-align: justify;\">El presidente de la Diputaci\u00f3n de Alicante<strong>, \u00a0C\u00e9sar S\u00e1nchez,<\/strong> ha hecho balance de su primer a\u00f1o al frente de la instituci\u00f3n provincial y ha destacado como principal reto impulsado en los \u00faltimos doce meses\u00a0\u00a0las <strong>215 obras aprobadas<\/strong> durante este tiempo por importe de <strong>35 millones de euros<\/strong> y los 15 en los que est\u00e1 dotado el <strong>Plan de Obras y Servicios 2016-2017<\/strong> del que se benefician 61 localidades.<\/p>\n<p style=\"text-align: justify;\">Adem\u00e1s ha indicado que el <strong>impulso de la iniciativa privada,<\/strong> el <strong>apoyo al crecimiento de diversos sectores<\/strong> y la <strong>potenciaci\u00f3n del desarrollo econ\u00f3mico provincial<\/strong> han marcado la hoja de ruta de Diputaci\u00f3n. Entre los proyectos realizados C\u00e9sar S\u00e1nchez ha incidido en la creaci\u00f3n del Observatorio Socio-Econ\u00f3mico y del Observatorio Financiero y en materia de transparencia se ha referido, entre otras cosas, a la exclusi\u00f3n de los pol\u00edticos de las mesas de contrataci\u00f3n, de las que han salido aprobados 47 contratos por un importe cercano a los 17,5 millones de euros. En este sentido afirm\u00f3 que\u00a0conseguido una administraci\u00f3n <em>\u00abcercana\u00bb<\/em> que ha recibido a 81 alcaldes de los 141 municipios en tan s\u00f3lo un a\u00f1o, que ha convocado por primera vez un pleno en homenaje a los alcaldes de la provincia y que ha realizado ya tres juntas de Gobierno en tres comarcas diferentes (L&#8217;Alcoi\u00e0, marina Baixa y Vega Baja).<\/p>\n<p style=\"text-align: justify;\">De igual forma indic\u00f3 que en este \u00faltimo a\u00f1o se ha trabajado\u00a0en hacer una <strong>Diputaci\u00f3n<\/strong> m\u00e1s\u00a0<em>\u00ababierta, transparente y participativa\u00bb<\/em>\u00a0sacando adelante m\u00e1s de 300.000 expedientes electr\u00f3nicos y m\u00e1s de 1.000.000 de archivos electr\u00f3nicos, lo que ha permitido obtener el Premio Sapiens de la Administraci\u00f3n P\u00fablica. Destac\u00f3 tambi\u00e9n los 400.000 euros comprometidos en convenios de &#8216;coworking&#8217;.<\/p>\n<p style=\"text-align: justify;\">En materia de <strong>Bienestar Social,\u00a0<\/strong>S\u00e1nchez record\u00f3 que se ha realizado\u00a0una inversi\u00f3n de 35 millones de euros habi\u00e9ndose invertido 1 de cada 5 euros del los presupuestos anuales en programas \u00abpara las personas\u00bb, con especial referencia al programa de teleasistencia.<\/p>\n<p style=\"text-align: justify;\">Por \u00faltimo<strong> C\u00e9sar S\u00e1nchez\u00a0<\/strong>en el balance de su primer a\u00f1o de gobierno tambi\u00e9n hizo hincapi\u00e9 en las inversiones puestas en marcha desde la Diputaci\u00f3n de Alicante <em>&#8220;la instituci\u00f3n\u00a0se ha convertido en la locomotora de inversi\u00f3n p\u00fablica en la provincia, aumentado la aportaci\u00f3n institucional con dos claros objetivos. Por un lado, garantizar las mismas oportunidades de desarrollo en todos los municipios y, por otro, mejorar la calidad de vida de las personas\u201d. \u201cHemos invertido de forma directa en los municipios 75 millones de euros, ayudas e inversiones que garantizan a las poblaciones sus servicios b\u00e1sicos\u201d.<\/em><\/p>\n<audio class=\"wp-audio-shortcode\" id=\"audio-23791-1\" preload=\"none\" style=\"width: 100%;\" controls=\"controls\"><source type=\"audio\/mpeg\" src=\"https:\/\/www.copealcoy.es\/wp-content\/uploads\/2016\/07\/RP-Primer-A\u00f1o-Corte-Presi-1.mp3?_=1\" \/><a href=\"https:\/\/www.copealcoy.es\/wp-content\/uploads\/2016\/07\/RP-Primer-A\u00f1o-Corte-Presi-1.mp3\">https:\/\/www.copealcoy.es\/wp-content\/uploads\/2016\/07\/RP-Primer-A\u00f1o-Corte-Presi-1.mp3<\/a><\/audio>\n","protected":false},"excerpt":{"rendered":"<p>El presidente de la Diputaci\u00f3n de Alicante, \u00a0C\u00e9sar S\u00e1nchez, ha hecho balance de su primer a\u00f1o al frente de la&#8230;<\/p>\n","protected":false},"author":1,"featured_media":23792,"comment_status":"open","ping_status":"open","sticky":false,"template":"","format":"standard","meta":{"footnotes":""},"categories":[75,125],"tags":[2597,430,1759,2596],"class_list":["post-23791","post","type-post","status-publish","format-standard","has-post-thumbnail","hentry","category-noticias","category-portada","tag-al-frente-de-la-diputacion","tag-balance","tag-cesar-sanchez","tag-primer-ano"],"yoast_head":"<!-- This site is optimized with the Yoast SEO plugin v27.3 - https:\/\/yoast.com\/product\/yoast-seo-wordpress\/ -->\n<title>C\u00e9sar S\u00e1nchez hace balance del primer a\u00f1o al frente de la Diputaci\u00f3n - COPE Alcoy<\/title>\n<meta name=\"robots\" content=\"index, follow, max-snippet:-1, max-image-preview:large, max-video-preview:-1\" \/>\n<link rel=\"canonical\" href=\"https:\/\/www.copealcoy.es\/es\/cesar-sanchez-balance-del-primer-ano-al-frente-la-diputacion\/\" \/>\n<meta property=\"og:locale\" content=\"es_ES\" \/>\n<meta property=\"og:type\" content=\"article\" \/>\n<meta property=\"og:title\" content=\"C\u00e9sar S\u00e1nchez hace balance del primer a\u00f1o al frente de la Diputaci\u00f3n - COPE Alcoy\" \/>\n<meta property=\"og:description\" content=\"El presidente de la Diputaci\u00f3n de Alicante, \u00a0C\u00e9sar S\u00e1nchez, ha hecho balance de su primer a\u00f1o al frente de la...\" \/>\n<meta property=\"og:url\" content=\"https:\/\/www.copealcoy.es\/es\/cesar-sanchez-balance-del-primer-ano-al-frente-la-diputacion\/\" \/>\n<meta property=\"og:site_name\" content=\"COPE Alcoy\" \/>\n<meta property=\"article:published_time\" content=\"2016-07-20T18:38:57+00:00\" \/>\n<meta property=\"og:image\" content=\"https:\/\/www.copealcoy.es\/wp-content\/uploads\/2016\/07\/activa-diputacion-balance-750x375.jpg\" \/>\n\t<meta property=\"og:image:width\" content=\"750\" \/>\n\t<meta property=\"og:image:height\" content=\"375\" \/>\n\t<meta property=\"og:image:type\" content=\"image\/jpeg\" \/>\n<meta name=\"author\" content=\"Cope Alcoy\" \/>\n<meta name=\"twitter:label1\" content=\"Escrito por\" \/>\n\t<meta name=\"twitter:data1\" content=\"Cope Alcoy\" \/>\n\t<meta name=\"twitter:label2\" content=\"Tiempo de lectura\" \/>\n\t<meta name=\"twitter:data2\" content=\"2 minutos\" \/>\n<script type=\"application\/ld+json\" class=\"yoast-schema-graph\">{\"@context\":\"https:\\\/\\\/schema.org\",\"@graph\":[{\"@type\":\"Article\",\"@id\":\"https:\\\/\\\/www.copealcoy.es\\\/es\\\/cesar-sanchez-balance-del-primer-ano-al-frente-la-diputacion\\\/#article\",\"isPartOf\":{\"@id\":\"https:\\\/\\\/www.copealcoy.es\\\/es\\\/cesar-sanchez-balance-del-primer-ano-al-frente-la-diputacion\\\/\"},\"author\":{\"name\":\"Cope Alcoy\",\"@id\":\"https:\\\/\\\/www.copealcoy.es\\\/es\\\/#\\\/schema\\\/person\\\/e777c87fa024e57d40170af9df39882c\"},\"headline\":\"C\u00e9sar S\u00e1nchez hace balance del primer a\u00f1o al frente de la Diputaci\u00f3n\",\"datePublished\":\"2016-07-20T18:38:57+00:00\",\"mainEntityOfPage\":{\"@id\":\"https:\\\/\\\/www.copealcoy.es\\\/es\\\/cesar-sanchez-balance-del-primer-ano-al-frente-la-diputacion\\\/\"},\"wordCount\":468,\"commentCount\":0,\"image\":{\"@id\":\"https:\\\/\\\/www.copealcoy.es\\\/es\\\/cesar-sanchez-balance-del-primer-ano-al-frente-la-diputacion\\\/#primaryimage\"},\"thumbnailUrl\":\"https:\\\/\\\/www.copealcoy.es\\\/wp-content\\\/uploads\\\/2016\\\/07\\\/activa-diputacion-balance-750x375.jpg\",\"keywords\":[\"al frente de la Diputaci\u00f3n\",\"Balance\",\"C\u00e9sar S\u00e1nchez\",\"primer a\u00f1o\"],\"articleSection\":[\"Noticias\",\"Portada\"],\"inLanguage\":\"es\"},{\"@type\":\"WebPage\",\"@id\":\"https:\\\/\\\/www.copealcoy.es\\\/es\\\/cesar-sanchez-balance-del-primer-ano-al-frente-la-diputacion\\\/\",\"url\":\"https:\\\/\\\/www.copealcoy.es\\\/es\\\/cesar-sanchez-balance-del-primer-ano-al-frente-la-diputacion\\\/\",\"name\":\"C\u00e9sar S\u00e1nchez hace balance del primer a\u00f1o al frente de la Diputaci\u00f3n - COPE Alcoy\",\"isPartOf\":{\"@id\":\"https:\\\/\\\/www.copealcoy.es\\\/es\\\/#website\"},\"primaryImageOfPage\":{\"@id\":\"https:\\\/\\\/www.copealcoy.es\\\/es\\\/cesar-sanchez-balance-del-primer-ano-al-frente-la-diputacion\\\/#primaryimage\"},\"image\":{\"@id\":\"https:\\\/\\\/www.copealcoy.es\\\/es\\\/cesar-sanchez-balance-del-primer-ano-al-frente-la-diputacion\\\/#primaryimage\"},\"thumbnailUrl\":\"https:\\\/\\\/www.copealcoy.es\\\/wp-content\\\/uploads\\\/2016\\\/07\\\/activa-diputacion-balance-750x375.jpg\",\"datePublished\":\"2016-07-20T18:38:57+00:00\",\"author\":{\"@id\":\"https:\\\/\\\/www.copealcoy.es\\\/es\\\/#\\\/schema\\\/person\\\/e777c87fa024e57d40170af9df39882c\"},\"breadcrumb\":{\"@id\":\"https:\\\/\\\/www.copealcoy.es\\\/es\\\/cesar-sanchez-balance-del-primer-ano-al-frente-la-diputacion\\\/#breadcrumb\"},\"inLanguage\":\"es\",\"potentialAction\":[{\"@type\":\"ReadAction\",\"target\":[\"https:\\\/\\\/www.copealcoy.es\\\/es\\\/cesar-sanchez-balance-del-primer-ano-al-frente-la-diputacion\\\/\"]}]},{\"@type\":\"ImageObject\",\"inLanguage\":\"es\",\"@id\":\"https:\\\/\\\/www.copealcoy.es\\\/es\\\/cesar-sanchez-balance-del-primer-ano-al-frente-la-diputacion\\\/#primaryimage\",\"url\":\"https:\\\/\\\/www.copealcoy.es\\\/wp-content\\\/uploads\\\/2016\\\/07\\\/activa-diputacion-balance-750x375.jpg\",\"contentUrl\":\"https:\\\/\\\/www.copealcoy.es\\\/wp-content\\\/uploads\\\/2016\\\/07\\\/activa-diputacion-balance-750x375.jpg\",\"width\":750,\"height\":375},{\"@type\":\"BreadcrumbList\",\"@id\":\"https:\\\/\\\/www.copealcoy.es\\\/es\\\/cesar-sanchez-balance-del-primer-ano-al-frente-la-diputacion\\\/#breadcrumb\",\"itemListElement\":[{\"@type\":\"ListItem\",\"position\":1,\"name\":\"Portada\",\"item\":\"https:\\\/\\\/www.copealcoy.es\\\/es\\\/\"},{\"@type\":\"ListItem\",\"position\":2,\"name\":\"C\u00e9sar S\u00e1nchez hace balance del primer a\u00f1o al frente de la Diputaci\u00f3n\"}]},{\"@type\":\"WebSite\",\"@id\":\"https:\\\/\\\/www.copealcoy.es\\\/es\\\/#website\",\"url\":\"https:\\\/\\\/www.copealcoy.es\\\/es\\\/\",\"name\":\"COPE Alcoy\",\"description\":\"Emisora COPE de radio local con emisi\u00f3n online. Pont de Sant Jordi 8-10 03803 Alcoy\",\"potentialAction\":[{\"@type\":\"SearchAction\",\"target\":{\"@type\":\"EntryPoint\",\"urlTemplate\":\"https:\\\/\\\/www.copealcoy.es\\\/es\\\/?s={search_term_string}\"},\"query-input\":{\"@type\":\"PropertyValueSpecification\",\"valueRequired\":true,\"valueName\":\"search_term_string\"}}],\"inLanguage\":\"es\"},{\"@type\":\"Person\",\"@id\":\"https:\\\/\\\/www.copealcoy.es\\\/es\\\/#\\\/schema\\\/person\\\/e777c87fa024e57d40170af9df39882c\",\"name\":\"Cope Alcoy\",\"image\":{\"@type\":\"ImageObject\",\"inLanguage\":\"es\",\"@id\":\"https:\\\/\\\/secure.gravatar.com\\\/avatar\\\/bb65d0283347e303893ba14f0692005417c1e0e690a325a4c5d8bb2b3943ee14?s=96&d=mm&r=g\",\"url\":\"https:\\\/\\\/secure.gravatar.com\\\/avatar\\\/bb65d0283347e303893ba14f0692005417c1e0e690a325a4c5d8bb2b3943ee14?s=96&d=mm&r=g\",\"contentUrl\":\"https:\\\/\\\/secure.gravatar.com\\\/avatar\\\/bb65d0283347e303893ba14f0692005417c1e0e690a325a4c5d8bb2b3943ee14?s=96&d=mm&r=g\",\"caption\":\"Cope Alcoy\"}}]}<\/script>\n<!-- \/ Yoast SEO plugin. -->","yoast_head_json":{"title":"C\u00e9sar S\u00e1nchez hace balance del primer a\u00f1o al frente de la Diputaci\u00f3n - COPE Alcoy","robots":{"index":"index","follow":"follow","max-snippet":"max-snippet:-1","max-image-preview":"max-image-preview:large","max-video-preview":"max-video-preview:-1"},"canonical":"https:\/\/www.copealcoy.es\/es\/cesar-sanchez-balance-del-primer-ano-al-frente-la-diputacion\/","og_locale":"es_ES","og_type":"article","og_title":"C\u00e9sar S\u00e1nchez hace balance del primer a\u00f1o al frente de la Diputaci\u00f3n - COPE Alcoy","og_description":"El presidente de la Diputaci\u00f3n de Alicante, \u00a0C\u00e9sar S\u00e1nchez, ha hecho balance de su primer a\u00f1o al frente de la...","og_url":"https:\/\/www.copealcoy.es\/es\/cesar-sanchez-balance-del-primer-ano-al-frente-la-diputacion\/","og_site_name":"COPE Alcoy","article_published_time":"2016-07-20T18:38:57+00:00","og_image":[{"width":750,"height":375,"url":"https:\/\/www.copealcoy.es\/wp-content\/uploads\/2016\/07\/activa-diputacion-balance-750x375.jpg","type":"image\/jpeg"}],"author":"Cope Alcoy","twitter_misc":{"Escrito por":"Cope Alcoy","Tiempo de lectura":"2 minutos"},"schema":{"@context":"https:\/\/schema.org","@graph":[{"@type":"Article","@id":"https:\/\/www.copealcoy.es\/es\/cesar-sanchez-balance-del-primer-ano-al-frente-la-diputacion\/#article","isPartOf":{"@id":"https:\/\/www.copealcoy.es\/es\/cesar-sanchez-balance-del-primer-ano-al-frente-la-diputacion\/"},"author":{"name":"Cope Alcoy","@id":"https:\/\/www.copealcoy.es\/es\/#\/schema\/person\/e777c87fa024e57d40170af9df39882c"},"headline":"C\u00e9sar S\u00e1nchez hace balance del primer a\u00f1o al frente de la Diputaci\u00f3n","datePublished":"2016-07-20T18:38:57+00:00","mainEntityOfPage":{"@id":"https:\/\/www.copealcoy.es\/es\/cesar-sanchez-balance-del-primer-ano-al-frente-la-diputacion\/"},"wordCount":468,"commentCount":0,"image":{"@id":"https:\/\/www.copealcoy.es\/es\/cesar-sanchez-balance-del-primer-ano-al-frente-la-diputacion\/#primaryimage"},"thumbnailUrl":"https:\/\/www.copealcoy.es\/wp-content\/uploads\/2016\/07\/activa-diputacion-balance-750x375.jpg","keywords":["al frente de la Diputaci\u00f3n","Balance","C\u00e9sar S\u00e1nchez","primer a\u00f1o"],"articleSection":["Noticias","Portada"],"inLanguage":"es"},{"@type":"WebPage","@id":"https:\/\/www.copealcoy.es\/es\/cesar-sanchez-balance-del-primer-ano-al-frente-la-diputacion\/","url":"https:\/\/www.copealcoy.es\/es\/cesar-sanchez-balance-del-primer-ano-al-frente-la-diputacion\/","name":"C\u00e9sar S\u00e1nchez hace balance del primer a\u00f1o al frente de la Diputaci\u00f3n - COPE Alcoy","isPartOf":{"@id":"https:\/\/www.copealcoy.es\/es\/#website"},"primaryImageOfPage":{"@id":"https:\/\/www.copealcoy.es\/es\/cesar-sanchez-balance-del-primer-ano-al-frente-la-diputacion\/#primaryimage"},"image":{"@id":"https:\/\/www.copealcoy.es\/es\/cesar-sanchez-balance-del-primer-ano-al-frente-la-diputacion\/#primaryimage"},"thumbnailUrl":"https:\/\/www.copealcoy.es\/wp-content\/uploads\/2016\/07\/activa-diputacion-balance-750x375.jpg","datePublished":"2016-07-20T18:38:57+00:00","author":{"@id":"https:\/\/www.copealcoy.es\/es\/#\/schema\/person\/e777c87fa024e57d40170af9df39882c"},"breadcrumb":{"@id":"https:\/\/www.copealcoy.es\/es\/cesar-sanchez-balance-del-primer-ano-al-frente-la-diputacion\/#breadcrumb"},"inLanguage":"es","potentialAction":[{"@type":"ReadAction","target":["https:\/\/www.copealcoy.es\/es\/cesar-sanchez-balance-del-primer-ano-al-frente-la-diputacion\/"]}]},{"@type":"ImageObject","inLanguage":"es","@id":"https:\/\/www.copealcoy.es\/es\/cesar-sanchez-balance-del-primer-ano-al-frente-la-diputacion\/#primaryimage","url":"https:\/\/www.copealcoy.es\/wp-content\/uploads\/2016\/07\/activa-diputacion-balance-750x375.jpg","contentUrl":"https:\/\/www.copealcoy.es\/wp-content\/uploads\/2016\/07\/activa-diputacion-balance-750x375.jpg","width":750,"height":375},{"@type":"BreadcrumbList","@id":"https:\/\/www.copealcoy.es\/es\/cesar-sanchez-balance-del-primer-ano-al-frente-la-diputacion\/#breadcrumb","itemListElement":[{"@type":"ListItem","position":1,"name":"Portada","item":"https:\/\/www.copealcoy.es\/es\/"},{"@type":"ListItem","position":2,"name":"C\u00e9sar S\u00e1nchez hace balance del primer a\u00f1o al frente de la Diputaci\u00f3n"}]},{"@type":"WebSite","@id":"https:\/\/www.copealcoy.es\/es\/#website","url":"https:\/\/www.copealcoy.es\/es\/","name":"COPE Alcoy","description":"Emisora COPE de radio local con emisi\u00f3n online. Pont de Sant Jordi 8-10 03803 Alcoy","potentialAction":[{"@type":"SearchAction","target":{"@type":"EntryPoint","urlTemplate":"https:\/\/www.copealcoy.es\/es\/?s={search_term_string}"},"query-input":{"@type":"PropertyValueSpecification","valueRequired":true,"valueName":"search_term_string"}}],"inLanguage":"es"},{"@type":"Person","@id":"https:\/\/www.copealcoy.es\/es\/#\/schema\/person\/e777c87fa024e57d40170af9df39882c","name":"Cope Alcoy","image":{"@type":"ImageObject","inLanguage":"es","@id":"https:\/\/secure.gravatar.com\/avatar\/bb65d0283347e303893ba14f0692005417c1e0e690a325a4c5d8bb2b3943ee14?s=96&d=mm&r=g","url":"https:\/\/secure.gravatar.com\/avatar\/bb65d0283347e303893ba14f0692005417c1e0e690a325a4c5d8bb2b3943ee14?s=96&d=mm&r=g","contentUrl":"https:\/\/secure.gravatar.com\/avatar\/bb65d0283347e303893ba14f0692005417c1e0e690a325a4c5d8bb2b3943ee14?s=96&d=mm&r=g","caption":"Cope Alcoy"}}]}},"_links":{"self":[{"href":"https:\/\/www.copealcoy.es\/es\/wp-json\/wp\/v2\/posts\/23791","targetHints":{"allow":["GET"]}}],"collection":[{"href":"https:\/\/www.copealcoy.es\/es\/wp-json\/wp\/v2\/posts"}],"about":[{"href":"https:\/\/www.copealcoy.es\/es\/wp-json\/wp\/v2\/types\/post"}],"author":[{"embeddable":true,"href":"https:\/\/www.copealcoy.es\/es\/wp-json\/wp\/v2\/users\/1"}],"replies":[{"embeddable":true,"href":"https:\/\/www.copealcoy.es\/es\/wp-json\/wp\/v2\/comments?post=23791"}],"version-history":[{"count":0,"href":"https:\/\/www.copealcoy.es\/es\/wp-json\/wp\/v2\/posts\/23791\/revisions"}],"wp:featuredmedia":[{"embeddable":true,"href":"https:\/\/www.copealcoy.es\/es\/wp-json\/wp\/v2\/media\/23792"}],"wp:attachment":[{"href":"https:\/\/www.copealcoy.es\/es\/wp-json\/wp\/v2\/media?parent=23791"}],"wp:term":[{"taxonomy":"category","embeddable":true,"href":"https:\/\/www.copealcoy.es\/es\/wp-json\/wp\/v2\/categories?post=23791"},{"taxonomy":"post_tag","embeddable":true,"href":"https:\/\/www.copealcoy.es\/es\/wp-json\/wp\/v2\/tags?post=23791"}],"curies":[{"name":"wp","href":"https:\/\/api.w.org\/{rel}","templated":true}]}}