{"id":23759,"date":"2016-07-19T17:13:28","date_gmt":"2016-07-19T17:13:28","guid":{"rendered":"http:\/\/copealcoi.es\/new\/?p=23759"},"modified":"2016-07-19T17:13:28","modified_gmt":"2016-07-19T17:13:28","slug":"disco-recopilara-la-musica-del-nadal-alcoia","status":"publish","type":"post","link":"https:\/\/www.copealcoy.es\/es\/disco-recopilara-la-musica-del-nadal-alcoia\/","title":{"rendered":"Un disco recopilar\u00e1 la m\u00fasica del Nadal Alcoi\u00e0"},"content":{"rendered":"<p style=\"text-align: justify;\">Las<strong> entidades musicales de la ciudad<\/strong> se han unido para impulsar conjuntamente la grabaci\u00f3n de un <strong>disco\u00a0<\/strong>que recoger\u00e1 las piezas m\u00e1s emblem\u00e1ticas que se interpretan en la <strong>trilog\u00eda navide\u00f1a alcoyana,<\/strong> es decir, les Pastoretes, el Bando y la Cabalgata.<\/p>\n<p style=\"text-align: justify;\">El trabajo discogr\u00e1fico estar\u00e1 dirigido por el m\u00fasico y compositor <strong>Jos\u00e9 Mar\u00eda Valls Satorres<\/strong> y el pintor alcoyano<strong>, Ignacio Trelis,<\/strong> asumir\u00e1 la tarea de realizar las ilustraciones y tambi\u00e9n la portada del mismo. Adem\u00e1s, con motivo del Centenario de Joan Valls en el 2017, se quiere registrar uno de los bandos realizados en su momento por el escritor <em>&#8220;una tarea que ha sido encargada al actor alcoyano Juli Mira y estamos convencidos que todo el disco en su conjunto gustar\u00e1 mucho y contribuir\u00e1 a recopilar para la historia la banda sonora del Nadal Alcoi\u00e0&#8221;<\/em>, explica el edil de Fiestas y Cultura, Ra\u00fcl Llopis.<\/p>\n<p style=\"text-align: justify;\">Apuntar que en la grabaci\u00f3n del disco <strong>participar\u00e1n<\/strong> la Corporaci\u00f3 Musical Primitiv, la Societat Musical Nova, la Uni\u00f3 Musical d&#8217;Alcoi, la Agrupaci\u00f3 Musical Serpis d&#8217;Alcoi, Grup de danses Carrascal d\u2019Alcoi, Grup de Danses Sant Jordi d&#8217;Alcoi, Grup de Dol\u00e7ainers i Tabaleters La Degoll\u00e0 d\u2019Alcoi, Grup Dol\u00e7aines i Tabals Barxell d\u2019Alcoi, Grup de Dol\u00e7ainers i Tabaleters La Cordeta d\u2019Alcoi, Colla de Dol\u00e7ainers y Tabaleters Rebuig d&#8217;Alcoi.<\/p>\n<div class=\"box_share row\"><\/div>\n","protected":false},"excerpt":{"rendered":"<p>Las entidades musicales de la ciudad se han unido para impulsar conjuntamente la grabaci\u00f3n de un disco\u00a0que recoger\u00e1 las piezas&#8230;<\/p>\n","protected":false},"author":1,"featured_media":23763,"comment_status":"open","ping_status":"open","sticky":false,"template":"","format":"standard","meta":{"footnotes":""},"categories":[97,78,75,1],"tags":[2578,2580,377,1717,2579,2577],"class_list":["post-23759","post","type-post","status-publish","format-standard","has-post-thumbnail","hentry","category-alcoy","category-fiestaycultura","category-noticias","category-sin-categorizar","tag-disco","tag-joan-valls","tag-musica","tag-nadal-alcoia","tag-recopilara","tag-un"],"yoast_head":"<!-- This site is optimized with the Yoast SEO plugin v27.3 - https:\/\/yoast.com\/product\/yoast-seo-wordpress\/ -->\n<title>Un disco recopilar\u00e1 la m\u00fasica del Nadal Alcoi\u00e0 - COPE Alcoy<\/title>\n<meta name=\"robots\" content=\"index, follow, max-snippet:-1, max-image-preview:large, max-video-preview:-1\" \/>\n<link rel=\"canonical\" href=\"https:\/\/www.copealcoy.es\/es\/disco-recopilara-la-musica-del-nadal-alcoia\/\" \/>\n<meta property=\"og:locale\" content=\"es_ES\" \/>\n<meta property=\"og:type\" content=\"article\" \/>\n<meta property=\"og:title\" content=\"Un disco recopilar\u00e1 la m\u00fasica del Nadal Alcoi\u00e0 - COPE Alcoy\" \/>\n<meta property=\"og:description\" content=\"Las entidades musicales de la ciudad se han unido para impulsar conjuntamente la grabaci\u00f3n de un disco\u00a0que recoger\u00e1 las piezas...\" \/>\n<meta property=\"og:url\" content=\"https:\/\/www.copealcoy.es\/es\/disco-recopilara-la-musica-del-nadal-alcoia\/\" \/>\n<meta property=\"og:site_name\" content=\"COPE Alcoy\" \/>\n<meta property=\"article:published_time\" content=\"2016-07-19T17:13:28+00:00\" \/>\n<meta property=\"og:image\" content=\"https:\/\/www.copealcoy.es\/wp-content\/uploads\/2016\/07\/20160715_bandasonoranadal_20160718125339.jpg\" \/>\n\t<meta property=\"og:image:width\" content=\"1200\" \/>\n\t<meta property=\"og:image:height\" content=\"900\" \/>\n\t<meta property=\"og:image:type\" content=\"image\/jpeg\" \/>\n<meta name=\"author\" content=\"Cope Alcoy\" \/>\n<meta name=\"twitter:label1\" content=\"Escrito por\" \/>\n\t<meta name=\"twitter:data1\" content=\"Cope Alcoy\" \/>\n\t<meta name=\"twitter:label2\" content=\"Tiempo de lectura\" \/>\n\t<meta name=\"twitter:data2\" content=\"1 minuto\" \/>\n<script type=\"application\/ld+json\" class=\"yoast-schema-graph\">{\"@context\":\"https:\\\/\\\/schema.org\",\"@graph\":[{\"@type\":\"Article\",\"@id\":\"https:\\\/\\\/www.copealcoy.es\\\/es\\\/disco-recopilara-la-musica-del-nadal-alcoia\\\/#article\",\"isPartOf\":{\"@id\":\"https:\\\/\\\/www.copealcoy.es\\\/es\\\/disco-recopilara-la-musica-del-nadal-alcoia\\\/\"},\"author\":{\"name\":\"Cope Alcoy\",\"@id\":\"https:\\\/\\\/www.copealcoy.es\\\/es\\\/#\\\/schema\\\/person\\\/e777c87fa024e57d40170af9df39882c\"},\"headline\":\"Un disco recopilar\u00e1 la m\u00fasica del Nadal Alcoi\u00e0\",\"datePublished\":\"2016-07-19T17:13:28+00:00\",\"mainEntityOfPage\":{\"@id\":\"https:\\\/\\\/www.copealcoy.es\\\/es\\\/disco-recopilara-la-musica-del-nadal-alcoia\\\/\"},\"wordCount\":241,\"commentCount\":0,\"image\":{\"@id\":\"https:\\\/\\\/www.copealcoy.es\\\/es\\\/disco-recopilara-la-musica-del-nadal-alcoia\\\/#primaryimage\"},\"thumbnailUrl\":\"https:\\\/\\\/www.copealcoy.es\\\/wp-content\\\/uploads\\\/2016\\\/07\\\/20160715_bandasonoranadal_20160718125339.jpg\",\"keywords\":[\"disco\",\"Joan Valls\",\"M\u00fasica\",\"Nadal Alcoi\u00e0\",\"recopilar\u00e1\",\"Un\"],\"articleSection\":[\"Alcoy\",\"Fiesta y Cultura\",\"Noticias\",\"Sin categorizar\"],\"inLanguage\":\"es\"},{\"@type\":\"WebPage\",\"@id\":\"https:\\\/\\\/www.copealcoy.es\\\/es\\\/disco-recopilara-la-musica-del-nadal-alcoia\\\/\",\"url\":\"https:\\\/\\\/www.copealcoy.es\\\/es\\\/disco-recopilara-la-musica-del-nadal-alcoia\\\/\",\"name\":\"Un disco recopilar\u00e1 la m\u00fasica del Nadal Alcoi\u00e0 - COPE Alcoy\",\"isPartOf\":{\"@id\":\"https:\\\/\\\/www.copealcoy.es\\\/es\\\/#website\"},\"primaryImageOfPage\":{\"@id\":\"https:\\\/\\\/www.copealcoy.es\\\/es\\\/disco-recopilara-la-musica-del-nadal-alcoia\\\/#primaryimage\"},\"image\":{\"@id\":\"https:\\\/\\\/www.copealcoy.es\\\/es\\\/disco-recopilara-la-musica-del-nadal-alcoia\\\/#primaryimage\"},\"thumbnailUrl\":\"https:\\\/\\\/www.copealcoy.es\\\/wp-content\\\/uploads\\\/2016\\\/07\\\/20160715_bandasonoranadal_20160718125339.jpg\",\"datePublished\":\"2016-07-19T17:13:28+00:00\",\"author\":{\"@id\":\"https:\\\/\\\/www.copealcoy.es\\\/es\\\/#\\\/schema\\\/person\\\/e777c87fa024e57d40170af9df39882c\"},\"breadcrumb\":{\"@id\":\"https:\\\/\\\/www.copealcoy.es\\\/es\\\/disco-recopilara-la-musica-del-nadal-alcoia\\\/#breadcrumb\"},\"inLanguage\":\"es\",\"potentialAction\":[{\"@type\":\"ReadAction\",\"target\":[\"https:\\\/\\\/www.copealcoy.es\\\/es\\\/disco-recopilara-la-musica-del-nadal-alcoia\\\/\"]}]},{\"@type\":\"ImageObject\",\"inLanguage\":\"es\",\"@id\":\"https:\\\/\\\/www.copealcoy.es\\\/es\\\/disco-recopilara-la-musica-del-nadal-alcoia\\\/#primaryimage\",\"url\":\"https:\\\/\\\/www.copealcoy.es\\\/wp-content\\\/uploads\\\/2016\\\/07\\\/20160715_bandasonoranadal_20160718125339.jpg\",\"contentUrl\":\"https:\\\/\\\/www.copealcoy.es\\\/wp-content\\\/uploads\\\/2016\\\/07\\\/20160715_bandasonoranadal_20160718125339.jpg\",\"width\":1200,\"height\":900,\"caption\":\"Las entidades musicales se han unido para impulsar este proyecto\"},{\"@type\":\"BreadcrumbList\",\"@id\":\"https:\\\/\\\/www.copealcoy.es\\\/es\\\/disco-recopilara-la-musica-del-nadal-alcoia\\\/#breadcrumb\",\"itemListElement\":[{\"@type\":\"ListItem\",\"position\":1,\"name\":\"Portada\",\"item\":\"https:\\\/\\\/www.copealcoy.es\\\/es\\\/\"},{\"@type\":\"ListItem\",\"position\":2,\"name\":\"Un disco recopilar\u00e1 la m\u00fasica del Nadal Alcoi\u00e0\"}]},{\"@type\":\"WebSite\",\"@id\":\"https:\\\/\\\/www.copealcoy.es\\\/es\\\/#website\",\"url\":\"https:\\\/\\\/www.copealcoy.es\\\/es\\\/\",\"name\":\"COPE Alcoy\",\"description\":\"Emisora COPE de radio local con emisi\u00f3n online. Pont de Sant Jordi 8-10 03803 Alcoy\",\"potentialAction\":[{\"@type\":\"SearchAction\",\"target\":{\"@type\":\"EntryPoint\",\"urlTemplate\":\"https:\\\/\\\/www.copealcoy.es\\\/es\\\/?s={search_term_string}\"},\"query-input\":{\"@type\":\"PropertyValueSpecification\",\"valueRequired\":true,\"valueName\":\"search_term_string\"}}],\"inLanguage\":\"es\"},{\"@type\":\"Person\",\"@id\":\"https:\\\/\\\/www.copealcoy.es\\\/es\\\/#\\\/schema\\\/person\\\/e777c87fa024e57d40170af9df39882c\",\"name\":\"Cope Alcoy\",\"image\":{\"@type\":\"ImageObject\",\"inLanguage\":\"es\",\"@id\":\"https:\\\/\\\/secure.gravatar.com\\\/avatar\\\/bb65d0283347e303893ba14f0692005417c1e0e690a325a4c5d8bb2b3943ee14?s=96&d=mm&r=g\",\"url\":\"https:\\\/\\\/secure.gravatar.com\\\/avatar\\\/bb65d0283347e303893ba14f0692005417c1e0e690a325a4c5d8bb2b3943ee14?s=96&d=mm&r=g\",\"contentUrl\":\"https:\\\/\\\/secure.gravatar.com\\\/avatar\\\/bb65d0283347e303893ba14f0692005417c1e0e690a325a4c5d8bb2b3943ee14?s=96&d=mm&r=g\",\"caption\":\"Cope Alcoy\"}}]}<\/script>\n<!-- \/ Yoast SEO plugin. -->","yoast_head_json":{"title":"Un disco recopilar\u00e1 la m\u00fasica del Nadal Alcoi\u00e0 - COPE Alcoy","robots":{"index":"index","follow":"follow","max-snippet":"max-snippet:-1","max-image-preview":"max-image-preview:large","max-video-preview":"max-video-preview:-1"},"canonical":"https:\/\/www.copealcoy.es\/es\/disco-recopilara-la-musica-del-nadal-alcoia\/","og_locale":"es_ES","og_type":"article","og_title":"Un disco recopilar\u00e1 la m\u00fasica del Nadal Alcoi\u00e0 - COPE Alcoy","og_description":"Las entidades musicales de la ciudad se han unido para impulsar conjuntamente la grabaci\u00f3n de un disco\u00a0que recoger\u00e1 las piezas...","og_url":"https:\/\/www.copealcoy.es\/es\/disco-recopilara-la-musica-del-nadal-alcoia\/","og_site_name":"COPE Alcoy","article_published_time":"2016-07-19T17:13:28+00:00","og_image":[{"width":1200,"height":900,"url":"https:\/\/www.copealcoy.es\/wp-content\/uploads\/2016\/07\/20160715_bandasonoranadal_20160718125339.jpg","type":"image\/jpeg"}],"author":"Cope Alcoy","twitter_misc":{"Escrito por":"Cope Alcoy","Tiempo de lectura":"1 minuto"},"schema":{"@context":"https:\/\/schema.org","@graph":[{"@type":"Article","@id":"https:\/\/www.copealcoy.es\/es\/disco-recopilara-la-musica-del-nadal-alcoia\/#article","isPartOf":{"@id":"https:\/\/www.copealcoy.es\/es\/disco-recopilara-la-musica-del-nadal-alcoia\/"},"author":{"name":"Cope Alcoy","@id":"https:\/\/www.copealcoy.es\/es\/#\/schema\/person\/e777c87fa024e57d40170af9df39882c"},"headline":"Un disco recopilar\u00e1 la m\u00fasica del Nadal Alcoi\u00e0","datePublished":"2016-07-19T17:13:28+00:00","mainEntityOfPage":{"@id":"https:\/\/www.copealcoy.es\/es\/disco-recopilara-la-musica-del-nadal-alcoia\/"},"wordCount":241,"commentCount":0,"image":{"@id":"https:\/\/www.copealcoy.es\/es\/disco-recopilara-la-musica-del-nadal-alcoia\/#primaryimage"},"thumbnailUrl":"https:\/\/www.copealcoy.es\/wp-content\/uploads\/2016\/07\/20160715_bandasonoranadal_20160718125339.jpg","keywords":["disco","Joan Valls","M\u00fasica","Nadal Alcoi\u00e0","recopilar\u00e1","Un"],"articleSection":["Alcoy","Fiesta y Cultura","Noticias","Sin categorizar"],"inLanguage":"es"},{"@type":"WebPage","@id":"https:\/\/www.copealcoy.es\/es\/disco-recopilara-la-musica-del-nadal-alcoia\/","url":"https:\/\/www.copealcoy.es\/es\/disco-recopilara-la-musica-del-nadal-alcoia\/","name":"Un disco recopilar\u00e1 la m\u00fasica del Nadal Alcoi\u00e0 - COPE Alcoy","isPartOf":{"@id":"https:\/\/www.copealcoy.es\/es\/#website"},"primaryImageOfPage":{"@id":"https:\/\/www.copealcoy.es\/es\/disco-recopilara-la-musica-del-nadal-alcoia\/#primaryimage"},"image":{"@id":"https:\/\/www.copealcoy.es\/es\/disco-recopilara-la-musica-del-nadal-alcoia\/#primaryimage"},"thumbnailUrl":"https:\/\/www.copealcoy.es\/wp-content\/uploads\/2016\/07\/20160715_bandasonoranadal_20160718125339.jpg","datePublished":"2016-07-19T17:13:28+00:00","author":{"@id":"https:\/\/www.copealcoy.es\/es\/#\/schema\/person\/e777c87fa024e57d40170af9df39882c"},"breadcrumb":{"@id":"https:\/\/www.copealcoy.es\/es\/disco-recopilara-la-musica-del-nadal-alcoia\/#breadcrumb"},"inLanguage":"es","potentialAction":[{"@type":"ReadAction","target":["https:\/\/www.copealcoy.es\/es\/disco-recopilara-la-musica-del-nadal-alcoia\/"]}]},{"@type":"ImageObject","inLanguage":"es","@id":"https:\/\/www.copealcoy.es\/es\/disco-recopilara-la-musica-del-nadal-alcoia\/#primaryimage","url":"https:\/\/www.copealcoy.es\/wp-content\/uploads\/2016\/07\/20160715_bandasonoranadal_20160718125339.jpg","contentUrl":"https:\/\/www.copealcoy.es\/wp-content\/uploads\/2016\/07\/20160715_bandasonoranadal_20160718125339.jpg","width":1200,"height":900,"caption":"Las entidades musicales se han unido para impulsar este proyecto"},{"@type":"BreadcrumbList","@id":"https:\/\/www.copealcoy.es\/es\/disco-recopilara-la-musica-del-nadal-alcoia\/#breadcrumb","itemListElement":[{"@type":"ListItem","position":1,"name":"Portada","item":"https:\/\/www.copealcoy.es\/es\/"},{"@type":"ListItem","position":2,"name":"Un disco recopilar\u00e1 la m\u00fasica del Nadal Alcoi\u00e0"}]},{"@type":"WebSite","@id":"https:\/\/www.copealcoy.es\/es\/#website","url":"https:\/\/www.copealcoy.es\/es\/","name":"COPE Alcoy","description":"Emisora COPE de radio local con emisi\u00f3n online. Pont de Sant Jordi 8-10 03803 Alcoy","potentialAction":[{"@type":"SearchAction","target":{"@type":"EntryPoint","urlTemplate":"https:\/\/www.copealcoy.es\/es\/?s={search_term_string}"},"query-input":{"@type":"PropertyValueSpecification","valueRequired":true,"valueName":"search_term_string"}}],"inLanguage":"es"},{"@type":"Person","@id":"https:\/\/www.copealcoy.es\/es\/#\/schema\/person\/e777c87fa024e57d40170af9df39882c","name":"Cope Alcoy","image":{"@type":"ImageObject","inLanguage":"es","@id":"https:\/\/secure.gravatar.com\/avatar\/bb65d0283347e303893ba14f0692005417c1e0e690a325a4c5d8bb2b3943ee14?s=96&d=mm&r=g","url":"https:\/\/secure.gravatar.com\/avatar\/bb65d0283347e303893ba14f0692005417c1e0e690a325a4c5d8bb2b3943ee14?s=96&d=mm&r=g","contentUrl":"https:\/\/secure.gravatar.com\/avatar\/bb65d0283347e303893ba14f0692005417c1e0e690a325a4c5d8bb2b3943ee14?s=96&d=mm&r=g","caption":"Cope Alcoy"}}]}},"_links":{"self":[{"href":"https:\/\/www.copealcoy.es\/es\/wp-json\/wp\/v2\/posts\/23759","targetHints":{"allow":["GET"]}}],"collection":[{"href":"https:\/\/www.copealcoy.es\/es\/wp-json\/wp\/v2\/posts"}],"about":[{"href":"https:\/\/www.copealcoy.es\/es\/wp-json\/wp\/v2\/types\/post"}],"author":[{"embeddable":true,"href":"https:\/\/www.copealcoy.es\/es\/wp-json\/wp\/v2\/users\/1"}],"replies":[{"embeddable":true,"href":"https:\/\/www.copealcoy.es\/es\/wp-json\/wp\/v2\/comments?post=23759"}],"version-history":[{"count":0,"href":"https:\/\/www.copealcoy.es\/es\/wp-json\/wp\/v2\/posts\/23759\/revisions"}],"wp:featuredmedia":[{"embeddable":true,"href":"https:\/\/www.copealcoy.es\/es\/wp-json\/wp\/v2\/media\/23763"}],"wp:attachment":[{"href":"https:\/\/www.copealcoy.es\/es\/wp-json\/wp\/v2\/media?parent=23759"}],"wp:term":[{"taxonomy":"category","embeddable":true,"href":"https:\/\/www.copealcoy.es\/es\/wp-json\/wp\/v2\/categories?post=23759"},{"taxonomy":"post_tag","embeddable":true,"href":"https:\/\/www.copealcoy.es\/es\/wp-json\/wp\/v2\/tags?post=23759"}],"curies":[{"name":"wp","href":"https:\/\/api.w.org\/{rel}","templated":true}]}}