{"id":23626,"date":"2016-07-14T14:36:33","date_gmt":"2016-07-14T14:36:33","guid":{"rendered":"http:\/\/copealcoi.es\/new\/?p=23626"},"modified":"2016-07-14T14:59:30","modified_gmt":"2016-07-14T14:59:30","slug":"muro-pedira-a-conselleria-un-aulario-de-la-escuela-oficial-de-idiomas","status":"publish","type":"post","link":"https:\/\/www.copealcoy.es\/es\/muro-pedira-a-conselleria-un-aulario-de-la-escuela-oficial-de-idiomas\/","title":{"rendered":"Muro pedir\u00e1 a Conseller\u00eda un aulario de la Escuela Oficial de Idiomas"},"content":{"rendered":"<p style=\"text-align: justify;\">El <strong>Ayuntamiento de Muro<\/strong> quiere pedir\u00a0a la <strong>Conseller\u00eda de Educaci\u00f3n<\/strong> que establezca en el municipio una <strong>extensi\u00f3n de la Escuela Oficial de Idiomas<\/strong>\u00a0(EOI) para ofertar <strong>ingl\u00e9s<\/strong> a los vecinos de la localidad y tambi\u00e9n de otras poblaciones cercanas tanto de la comarca del Comtat como de la de la Vall d\u00b4Albaida.<\/p>\n<p style=\"text-align: justify;\">La edil de Educaci\u00f3n<strong>, Fani Juan,<\/strong> explicaba este jueves en Cope Alcoy que \u00a0Conseller\u00eda se mostr\u00f3 dispuesta a implantar esta iniciativa y recuerda que la propuesta viene motivada porque son muchos los alumnos que se desplazan hasta Alcoy para cursar los estudios de este idioma <em>&#8220;podr\u00edamos estar hablando de cerca de 200 y lo que queremos es que se pueda prestar este servicio aqu\u00ed para\u00a0que as\u00ed se cubra la demanda de plazas existentes y tambi\u00e9n\u00a0que se eviten las molestias que algunos tienen a la hora de acudir hasta Alcoy&#8221;<\/em>, apunta.<\/p>\n<audio class=\"wp-audio-shortcode\" id=\"audio-23626-1\" preload=\"none\" style=\"width: 100%;\" controls=\"controls\"><source type=\"audio\/mpeg\" src=\"https:\/\/www.copealcoy.es\/wp-content\/uploads\/2016\/07\/bruto-Fani-Juan.mp3?_=1\" \/><a href=\"https:\/\/www.copealcoy.es\/wp-content\/uploads\/2016\/07\/bruto-Fani-Juan.mp3\">https:\/\/www.copealcoy.es\/wp-content\/uploads\/2016\/07\/bruto-Fani-Juan.mp3<\/a><\/audio>\n<p style=\"text-align: justify;\">La extensi\u00f3n de la Escuela Oficial de Idiomas, tal y como confirma Fani Juan, \u00a0se ubicar\u00eda en <strong>el Instituto Serra de Mariola<\/strong> con dos aulas que contar\u00edan con dos cursos y que podr\u00edan albergar hasta sesenta alumnos. La propuesta se debatir\u00e1 en el <strong>pleno municipal<\/strong> previsto para este viernes 15 de julio a las 18:30 horas.<\/p>\n","protected":false},"excerpt":{"rendered":"<p>El Ayuntamiento de Muro quiere pedir\u00a0a la Conseller\u00eda de Educaci\u00f3n que establezca en el municipio una extensi\u00f3n de la Escuela&#8230;<\/p>\n","protected":false},"author":1,"featured_media":23627,"comment_status":"open","ping_status":"open","sticky":false,"template":"","format":"standard","meta":{"footnotes":""},"categories":[98,75],"tags":[2538,561,2539,135,2537],"class_list":["post-23626","post","type-post","status-publish","format-standard","has-post-thumbnail","hentry","category-comarcas","category-noticias","tag-aulario","tag-conselleria","tag-escuela-oficial-de-idiomas","tag-muro","tag-reclama"],"yoast_head":"<!-- This site is optimized with the Yoast SEO plugin v27.3 - https:\/\/yoast.com\/product\/yoast-seo-wordpress\/ -->\n<title>Muro pedir\u00e1 a Conseller\u00eda un aulario de la Escuela Oficial de Idiomas - COPE Alcoy<\/title>\n<meta name=\"robots\" content=\"index, follow, max-snippet:-1, max-image-preview:large, max-video-preview:-1\" \/>\n<link rel=\"canonical\" href=\"https:\/\/www.copealcoy.es\/es\/muro-pedira-a-conselleria-un-aulario-de-la-escuela-oficial-de-idiomas\/\" \/>\n<meta property=\"og:locale\" content=\"es_ES\" \/>\n<meta property=\"og:type\" content=\"article\" \/>\n<meta property=\"og:title\" content=\"Muro pedir\u00e1 a Conseller\u00eda un aulario de la Escuela Oficial de Idiomas - COPE Alcoy\" \/>\n<meta property=\"og:description\" content=\"El Ayuntamiento de Muro quiere pedir\u00a0a la Conseller\u00eda de Educaci\u00f3n que establezca en el municipio una extensi\u00f3n de la Escuela...\" \/>\n<meta property=\"og:url\" content=\"https:\/\/www.copealcoy.es\/es\/muro-pedira-a-conselleria-un-aulario-de-la-escuela-oficial-de-idiomas\/\" \/>\n<meta property=\"og:site_name\" content=\"COPE Alcoy\" \/>\n<meta property=\"article:published_time\" content=\"2016-07-14T14:36:33+00:00\" \/>\n<meta property=\"article:modified_time\" content=\"2016-07-14T14:59:30+00:00\" \/>\n<meta property=\"og:image\" content=\"https:\/\/www.copealcoy.es\/wp-content\/uploads\/2016\/07\/73784112-e1468506946422.jpg\" \/>\n\t<meta property=\"og:image:width\" content=\"772\" \/>\n\t<meta property=\"og:image:height\" content=\"434\" \/>\n\t<meta property=\"og:image:type\" content=\"image\/jpeg\" \/>\n<meta name=\"author\" content=\"Cope Alcoy\" \/>\n<meta name=\"twitter:label1\" content=\"Escrito por\" \/>\n\t<meta name=\"twitter:data1\" content=\"Cope Alcoy\" \/>\n\t<meta name=\"twitter:label2\" content=\"Tiempo de lectura\" \/>\n\t<meta name=\"twitter:data2\" content=\"1 minuto\" \/>\n<script type=\"application\/ld+json\" class=\"yoast-schema-graph\">{\"@context\":\"https:\\\/\\\/schema.org\",\"@graph\":[{\"@type\":\"Article\",\"@id\":\"https:\\\/\\\/www.copealcoy.es\\\/es\\\/muro-pedira-a-conselleria-un-aulario-de-la-escuela-oficial-de-idiomas\\\/#article\",\"isPartOf\":{\"@id\":\"https:\\\/\\\/www.copealcoy.es\\\/es\\\/muro-pedira-a-conselleria-un-aulario-de-la-escuela-oficial-de-idiomas\\\/\"},\"author\":{\"name\":\"Cope Alcoy\",\"@id\":\"https:\\\/\\\/www.copealcoy.es\\\/es\\\/#\\\/schema\\\/person\\\/e777c87fa024e57d40170af9df39882c\"},\"headline\":\"Muro pedir\u00e1 a Conseller\u00eda un aulario de la Escuela Oficial de Idiomas\",\"datePublished\":\"2016-07-14T14:36:33+00:00\",\"dateModified\":\"2016-07-14T14:59:30+00:00\",\"mainEntityOfPage\":{\"@id\":\"https:\\\/\\\/www.copealcoy.es\\\/es\\\/muro-pedira-a-conselleria-un-aulario-de-la-escuela-oficial-de-idiomas\\\/\"},\"wordCount\":236,\"commentCount\":0,\"image\":{\"@id\":\"https:\\\/\\\/www.copealcoy.es\\\/es\\\/muro-pedira-a-conselleria-un-aulario-de-la-escuela-oficial-de-idiomas\\\/#primaryimage\"},\"thumbnailUrl\":\"https:\\\/\\\/www.copealcoy.es\\\/wp-content\\\/uploads\\\/2016\\\/07\\\/73784112-e1468506946422.jpg\",\"keywords\":[\"Aulario\",\"Conseller\u00eda\",\"Escuela Oficial de Idiomas\",\"Muro\",\"reclama\"],\"articleSection\":[\"Comarcas\",\"Noticias\"],\"inLanguage\":\"es\"},{\"@type\":\"WebPage\",\"@id\":\"https:\\\/\\\/www.copealcoy.es\\\/es\\\/muro-pedira-a-conselleria-un-aulario-de-la-escuela-oficial-de-idiomas\\\/\",\"url\":\"https:\\\/\\\/www.copealcoy.es\\\/es\\\/muro-pedira-a-conselleria-un-aulario-de-la-escuela-oficial-de-idiomas\\\/\",\"name\":\"Muro pedir\u00e1 a Conseller\u00eda un aulario de la Escuela Oficial de Idiomas - COPE Alcoy\",\"isPartOf\":{\"@id\":\"https:\\\/\\\/www.copealcoy.es\\\/es\\\/#website\"},\"primaryImageOfPage\":{\"@id\":\"https:\\\/\\\/www.copealcoy.es\\\/es\\\/muro-pedira-a-conselleria-un-aulario-de-la-escuela-oficial-de-idiomas\\\/#primaryimage\"},\"image\":{\"@id\":\"https:\\\/\\\/www.copealcoy.es\\\/es\\\/muro-pedira-a-conselleria-un-aulario-de-la-escuela-oficial-de-idiomas\\\/#primaryimage\"},\"thumbnailUrl\":\"https:\\\/\\\/www.copealcoy.es\\\/wp-content\\\/uploads\\\/2016\\\/07\\\/73784112-e1468506946422.jpg\",\"datePublished\":\"2016-07-14T14:36:33+00:00\",\"dateModified\":\"2016-07-14T14:59:30+00:00\",\"author\":{\"@id\":\"https:\\\/\\\/www.copealcoy.es\\\/es\\\/#\\\/schema\\\/person\\\/e777c87fa024e57d40170af9df39882c\"},\"breadcrumb\":{\"@id\":\"https:\\\/\\\/www.copealcoy.es\\\/es\\\/muro-pedira-a-conselleria-un-aulario-de-la-escuela-oficial-de-idiomas\\\/#breadcrumb\"},\"inLanguage\":\"es\",\"potentialAction\":[{\"@type\":\"ReadAction\",\"target\":[\"https:\\\/\\\/www.copealcoy.es\\\/es\\\/muro-pedira-a-conselleria-un-aulario-de-la-escuela-oficial-de-idiomas\\\/\"]}]},{\"@type\":\"ImageObject\",\"inLanguage\":\"es\",\"@id\":\"https:\\\/\\\/www.copealcoy.es\\\/es\\\/muro-pedira-a-conselleria-un-aulario-de-la-escuela-oficial-de-idiomas\\\/#primaryimage\",\"url\":\"https:\\\/\\\/www.copealcoy.es\\\/wp-content\\\/uploads\\\/2016\\\/07\\\/73784112-e1468506946422.jpg\",\"contentUrl\":\"https:\\\/\\\/www.copealcoy.es\\\/wp-content\\\/uploads\\\/2016\\\/07\\\/73784112-e1468506946422.jpg\",\"width\":772,\"height\":434,\"caption\":\"IES Serra de Mariola de Muro\"},{\"@type\":\"BreadcrumbList\",\"@id\":\"https:\\\/\\\/www.copealcoy.es\\\/es\\\/muro-pedira-a-conselleria-un-aulario-de-la-escuela-oficial-de-idiomas\\\/#breadcrumb\",\"itemListElement\":[{\"@type\":\"ListItem\",\"position\":1,\"name\":\"Portada\",\"item\":\"https:\\\/\\\/www.copealcoy.es\\\/es\\\/\"},{\"@type\":\"ListItem\",\"position\":2,\"name\":\"Muro pedir\u00e1 a Conseller\u00eda un aulario de la Escuela Oficial de Idiomas\"}]},{\"@type\":\"WebSite\",\"@id\":\"https:\\\/\\\/www.copealcoy.es\\\/es\\\/#website\",\"url\":\"https:\\\/\\\/www.copealcoy.es\\\/es\\\/\",\"name\":\"COPE Alcoy\",\"description\":\"Emisora COPE de radio local con emisi\u00f3n online. Pont de Sant Jordi 8-10 03803 Alcoy\",\"potentialAction\":[{\"@type\":\"SearchAction\",\"target\":{\"@type\":\"EntryPoint\",\"urlTemplate\":\"https:\\\/\\\/www.copealcoy.es\\\/es\\\/?s={search_term_string}\"},\"query-input\":{\"@type\":\"PropertyValueSpecification\",\"valueRequired\":true,\"valueName\":\"search_term_string\"}}],\"inLanguage\":\"es\"},{\"@type\":\"Person\",\"@id\":\"https:\\\/\\\/www.copealcoy.es\\\/es\\\/#\\\/schema\\\/person\\\/e777c87fa024e57d40170af9df39882c\",\"name\":\"Cope Alcoy\",\"image\":{\"@type\":\"ImageObject\",\"inLanguage\":\"es\",\"@id\":\"https:\\\/\\\/secure.gravatar.com\\\/avatar\\\/bb65d0283347e303893ba14f0692005417c1e0e690a325a4c5d8bb2b3943ee14?s=96&d=mm&r=g\",\"url\":\"https:\\\/\\\/secure.gravatar.com\\\/avatar\\\/bb65d0283347e303893ba14f0692005417c1e0e690a325a4c5d8bb2b3943ee14?s=96&d=mm&r=g\",\"contentUrl\":\"https:\\\/\\\/secure.gravatar.com\\\/avatar\\\/bb65d0283347e303893ba14f0692005417c1e0e690a325a4c5d8bb2b3943ee14?s=96&d=mm&r=g\",\"caption\":\"Cope Alcoy\"}}]}<\/script>\n<!-- \/ Yoast SEO plugin. -->","yoast_head_json":{"title":"Muro pedir\u00e1 a Conseller\u00eda un aulario de la Escuela Oficial de Idiomas - COPE Alcoy","robots":{"index":"index","follow":"follow","max-snippet":"max-snippet:-1","max-image-preview":"max-image-preview:large","max-video-preview":"max-video-preview:-1"},"canonical":"https:\/\/www.copealcoy.es\/es\/muro-pedira-a-conselleria-un-aulario-de-la-escuela-oficial-de-idiomas\/","og_locale":"es_ES","og_type":"article","og_title":"Muro pedir\u00e1 a Conseller\u00eda un aulario de la Escuela Oficial de Idiomas - COPE Alcoy","og_description":"El Ayuntamiento de Muro quiere pedir\u00a0a la Conseller\u00eda de Educaci\u00f3n que establezca en el municipio una extensi\u00f3n de la Escuela...","og_url":"https:\/\/www.copealcoy.es\/es\/muro-pedira-a-conselleria-un-aulario-de-la-escuela-oficial-de-idiomas\/","og_site_name":"COPE Alcoy","article_published_time":"2016-07-14T14:36:33+00:00","article_modified_time":"2016-07-14T14:59:30+00:00","og_image":[{"width":772,"height":434,"url":"https:\/\/www.copealcoy.es\/wp-content\/uploads\/2016\/07\/73784112-e1468506946422.jpg","type":"image\/jpeg"}],"author":"Cope Alcoy","twitter_misc":{"Escrito por":"Cope Alcoy","Tiempo de lectura":"1 minuto"},"schema":{"@context":"https:\/\/schema.org","@graph":[{"@type":"Article","@id":"https:\/\/www.copealcoy.es\/es\/muro-pedira-a-conselleria-un-aulario-de-la-escuela-oficial-de-idiomas\/#article","isPartOf":{"@id":"https:\/\/www.copealcoy.es\/es\/muro-pedira-a-conselleria-un-aulario-de-la-escuela-oficial-de-idiomas\/"},"author":{"name":"Cope Alcoy","@id":"https:\/\/www.copealcoy.es\/es\/#\/schema\/person\/e777c87fa024e57d40170af9df39882c"},"headline":"Muro pedir\u00e1 a Conseller\u00eda un aulario de la Escuela Oficial de Idiomas","datePublished":"2016-07-14T14:36:33+00:00","dateModified":"2016-07-14T14:59:30+00:00","mainEntityOfPage":{"@id":"https:\/\/www.copealcoy.es\/es\/muro-pedira-a-conselleria-un-aulario-de-la-escuela-oficial-de-idiomas\/"},"wordCount":236,"commentCount":0,"image":{"@id":"https:\/\/www.copealcoy.es\/es\/muro-pedira-a-conselleria-un-aulario-de-la-escuela-oficial-de-idiomas\/#primaryimage"},"thumbnailUrl":"https:\/\/www.copealcoy.es\/wp-content\/uploads\/2016\/07\/73784112-e1468506946422.jpg","keywords":["Aulario","Conseller\u00eda","Escuela Oficial de Idiomas","Muro","reclama"],"articleSection":["Comarcas","Noticias"],"inLanguage":"es"},{"@type":"WebPage","@id":"https:\/\/www.copealcoy.es\/es\/muro-pedira-a-conselleria-un-aulario-de-la-escuela-oficial-de-idiomas\/","url":"https:\/\/www.copealcoy.es\/es\/muro-pedira-a-conselleria-un-aulario-de-la-escuela-oficial-de-idiomas\/","name":"Muro pedir\u00e1 a Conseller\u00eda un aulario de la Escuela Oficial de Idiomas - COPE Alcoy","isPartOf":{"@id":"https:\/\/www.copealcoy.es\/es\/#website"},"primaryImageOfPage":{"@id":"https:\/\/www.copealcoy.es\/es\/muro-pedira-a-conselleria-un-aulario-de-la-escuela-oficial-de-idiomas\/#primaryimage"},"image":{"@id":"https:\/\/www.copealcoy.es\/es\/muro-pedira-a-conselleria-un-aulario-de-la-escuela-oficial-de-idiomas\/#primaryimage"},"thumbnailUrl":"https:\/\/www.copealcoy.es\/wp-content\/uploads\/2016\/07\/73784112-e1468506946422.jpg","datePublished":"2016-07-14T14:36:33+00:00","dateModified":"2016-07-14T14:59:30+00:00","author":{"@id":"https:\/\/www.copealcoy.es\/es\/#\/schema\/person\/e777c87fa024e57d40170af9df39882c"},"breadcrumb":{"@id":"https:\/\/www.copealcoy.es\/es\/muro-pedira-a-conselleria-un-aulario-de-la-escuela-oficial-de-idiomas\/#breadcrumb"},"inLanguage":"es","potentialAction":[{"@type":"ReadAction","target":["https:\/\/www.copealcoy.es\/es\/muro-pedira-a-conselleria-un-aulario-de-la-escuela-oficial-de-idiomas\/"]}]},{"@type":"ImageObject","inLanguage":"es","@id":"https:\/\/www.copealcoy.es\/es\/muro-pedira-a-conselleria-un-aulario-de-la-escuela-oficial-de-idiomas\/#primaryimage","url":"https:\/\/www.copealcoy.es\/wp-content\/uploads\/2016\/07\/73784112-e1468506946422.jpg","contentUrl":"https:\/\/www.copealcoy.es\/wp-content\/uploads\/2016\/07\/73784112-e1468506946422.jpg","width":772,"height":434,"caption":"IES Serra de Mariola de Muro"},{"@type":"BreadcrumbList","@id":"https:\/\/www.copealcoy.es\/es\/muro-pedira-a-conselleria-un-aulario-de-la-escuela-oficial-de-idiomas\/#breadcrumb","itemListElement":[{"@type":"ListItem","position":1,"name":"Portada","item":"https:\/\/www.copealcoy.es\/es\/"},{"@type":"ListItem","position":2,"name":"Muro pedir\u00e1 a Conseller\u00eda un aulario de la Escuela Oficial de Idiomas"}]},{"@type":"WebSite","@id":"https:\/\/www.copealcoy.es\/es\/#website","url":"https:\/\/www.copealcoy.es\/es\/","name":"COPE Alcoy","description":"Emisora COPE de radio local con emisi\u00f3n online. Pont de Sant Jordi 8-10 03803 Alcoy","potentialAction":[{"@type":"SearchAction","target":{"@type":"EntryPoint","urlTemplate":"https:\/\/www.copealcoy.es\/es\/?s={search_term_string}"},"query-input":{"@type":"PropertyValueSpecification","valueRequired":true,"valueName":"search_term_string"}}],"inLanguage":"es"},{"@type":"Person","@id":"https:\/\/www.copealcoy.es\/es\/#\/schema\/person\/e777c87fa024e57d40170af9df39882c","name":"Cope Alcoy","image":{"@type":"ImageObject","inLanguage":"es","@id":"https:\/\/secure.gravatar.com\/avatar\/bb65d0283347e303893ba14f0692005417c1e0e690a325a4c5d8bb2b3943ee14?s=96&d=mm&r=g","url":"https:\/\/secure.gravatar.com\/avatar\/bb65d0283347e303893ba14f0692005417c1e0e690a325a4c5d8bb2b3943ee14?s=96&d=mm&r=g","contentUrl":"https:\/\/secure.gravatar.com\/avatar\/bb65d0283347e303893ba14f0692005417c1e0e690a325a4c5d8bb2b3943ee14?s=96&d=mm&r=g","caption":"Cope Alcoy"}}]}},"_links":{"self":[{"href":"https:\/\/www.copealcoy.es\/es\/wp-json\/wp\/v2\/posts\/23626","targetHints":{"allow":["GET"]}}],"collection":[{"href":"https:\/\/www.copealcoy.es\/es\/wp-json\/wp\/v2\/posts"}],"about":[{"href":"https:\/\/www.copealcoy.es\/es\/wp-json\/wp\/v2\/types\/post"}],"author":[{"embeddable":true,"href":"https:\/\/www.copealcoy.es\/es\/wp-json\/wp\/v2\/users\/1"}],"replies":[{"embeddable":true,"href":"https:\/\/www.copealcoy.es\/es\/wp-json\/wp\/v2\/comments?post=23626"}],"version-history":[{"count":0,"href":"https:\/\/www.copealcoy.es\/es\/wp-json\/wp\/v2\/posts\/23626\/revisions"}],"wp:featuredmedia":[{"embeddable":true,"href":"https:\/\/www.copealcoy.es\/es\/wp-json\/wp\/v2\/media\/23627"}],"wp:attachment":[{"href":"https:\/\/www.copealcoy.es\/es\/wp-json\/wp\/v2\/media?parent=23626"}],"wp:term":[{"taxonomy":"category","embeddable":true,"href":"https:\/\/www.copealcoy.es\/es\/wp-json\/wp\/v2\/categories?post=23626"},{"taxonomy":"post_tag","embeddable":true,"href":"https:\/\/www.copealcoy.es\/es\/wp-json\/wp\/v2\/tags?post=23626"}],"curies":[{"name":"wp","href":"https:\/\/api.w.org\/{rel}","templated":true}]}}