{"id":23587,"date":"2016-07-13T16:13:46","date_gmt":"2016-07-13T16:13:46","guid":{"rendered":"http:\/\/copealcoi.es\/new\/?p=23587"},"modified":"2016-07-13T16:19:20","modified_gmt":"2016-07-13T16:19:20","slug":"puente-fernando-reig-se-cerrara-al-trafico-septiembre","status":"publish","type":"post","link":"https:\/\/www.copealcoy.es\/es\/puente-fernando-reig-se-cerrara-al-trafico-septiembre\/","title":{"rendered":"El puente Fernando Reig se cerrar\u00e1 al tr\u00e1fico en septiembre"},"content":{"rendered":"<p style=\"text-align: justify;\">La Demarcaci\u00f3n de Carreteras del Ministerio de Fomento ha comunicado al Ayuntamiento de Alcoy que a partir del mes de <strong>septiembre<\/strong> se llevar\u00e1 a cabo un <strong>corte al tr\u00e1fico del puente Fernando Reig<\/strong> que podr\u00eda alargarse entre <strong>cuatro y cinco\u00a0semanas <\/strong>aunque se espera que este tiempo se pueda finalmente reducir. De esta forma se completar\u00e1 la intervenci\u00f3n de urgencia que se est\u00e1 llevando a cabo en el vial desde principios de este a\u00f1o y que tenia inicialmente un plazo de ejecuci\u00f3n de unos dos meses pero que finalmente se ha alargado en el tiempo al aparecer varios contratiempos en la propia obra.<\/p>\n<p style=\"text-align: justify;\">El alcalde<strong>, Antonio Franc\u00e9s,<\/strong> ha explicado en Cope Alcoy que mientras duren los trabajos\u00a0se aplicar\u00e1 una <strong>reordenaci\u00f3n del tr\u00e1fico<\/strong> para poder causar las m\u00ednimas molestias a los conductores &#8220;<em>se estudiar\u00e1 aplicar un doble sentido en Cervantes y en la parte baja de la Beniata para ello vamos a agilizar cuanto antes el derrumbe de las antiguas naves de la Maquinaria Ceres para as\u00ed poder recuperar una parte del carril de la Avenida de Alicante que lleva cortado m\u00e1s de un a\u00f1o&#8221;<\/em>, indica el primer edil.<\/p>\n<audio class=\"wp-audio-shortcode\" id=\"audio-23587-1\" preload=\"none\" style=\"width: 100%;\" controls=\"controls\"><source type=\"audio\/mpeg\" src=\"https:\/\/www.copealcoy.es\/wp-content\/uploads\/2016\/07\/franc\u00e9s-pont.mp3?_=1\" \/><a href=\"https:\/\/www.copealcoy.es\/wp-content\/uploads\/2016\/07\/franc\u00e9s-pont.mp3\">https:\/\/www.copealcoy.es\/wp-content\/uploads\/2016\/07\/franc\u00e9s-pont.mp3<\/a><\/audio>\n<p style=\"text-align: justify;\">Recordar que <strong>el proyecto<\/strong> para adecuar la plataforma del Puente Fernando Reig <strong>tiene un coste <\/strong>en principio<strong> de 1\u00b45 millones de euros<\/strong>, seg\u00fan indic\u00f3 meses atr\u00e1s el Delegado del Gobierno en funciones Juan Carlos Moragues, y <strong>las obras se centran<\/strong> en consolidar los elementos de hormig\u00f3n, mejorar los tirantes y las barandillas as\u00ed como el pavimento o las aceras.<\/p>\n<p style=\"text-align: justify;\">\n","protected":false},"excerpt":{"rendered":"<p>La Demarcaci\u00f3n de Carreteras del Ministerio de Fomento ha comunicado al Ayuntamiento de Alcoy que a partir del mes de&#8230;<\/p>\n","protected":false},"author":1,"featured_media":20495,"comment_status":"open","ping_status":"open","sticky":false,"template":"","format":"standard","meta":{"footnotes":""},"categories":[97,75,125],"tags":[1494,145,1859,401],"class_list":["post-23587","post","type-post","status-publish","format-standard","has-post-thumbnail","hentry","category-alcoy","category-noticias","category-portada","tag-alcoy","tag-obras","tag-puente-fernando-reig","tag-trafico"],"yoast_head":"<!-- This site is optimized with the Yoast SEO plugin v27.3 - https:\/\/yoast.com\/product\/yoast-seo-wordpress\/ -->\n<title>El puente Fernando Reig se cerrar\u00e1 al tr\u00e1fico en septiembre - COPE Alcoy<\/title>\n<meta name=\"robots\" content=\"index, follow, max-snippet:-1, max-image-preview:large, max-video-preview:-1\" \/>\n<link rel=\"canonical\" href=\"https:\/\/www.copealcoy.es\/es\/puente-fernando-reig-se-cerrara-al-trafico-septiembre\/\" \/>\n<meta property=\"og:locale\" content=\"es_ES\" \/>\n<meta property=\"og:type\" content=\"article\" \/>\n<meta property=\"og:title\" content=\"El puente Fernando Reig se cerrar\u00e1 al tr\u00e1fico en septiembre - COPE Alcoy\" \/>\n<meta property=\"og:description\" content=\"La Demarcaci\u00f3n de Carreteras del Ministerio de Fomento ha comunicado al Ayuntamiento de Alcoy que a partir del mes de...\" \/>\n<meta property=\"og:url\" content=\"https:\/\/www.copealcoy.es\/es\/puente-fernando-reig-se-cerrara-al-trafico-septiembre\/\" \/>\n<meta property=\"og:site_name\" content=\"COPE Alcoy\" \/>\n<meta property=\"article:published_time\" content=\"2016-07-13T16:13:46+00:00\" \/>\n<meta property=\"article:modified_time\" content=\"2016-07-13T16:19:20+00:00\" \/>\n<meta property=\"og:image\" content=\"https:\/\/www.copealcoy.es\/wp-content\/uploads\/2016\/04\/fernando-reig.jpg\" \/>\n\t<meta property=\"og:image:width\" content=\"660\" \/>\n\t<meta property=\"og:image:height\" content=\"330\" \/>\n\t<meta property=\"og:image:type\" content=\"image\/jpeg\" \/>\n<meta name=\"author\" content=\"Cope Alcoy\" \/>\n<meta name=\"twitter:label1\" content=\"Escrito por\" \/>\n\t<meta name=\"twitter:data1\" content=\"Cope Alcoy\" \/>\n\t<meta name=\"twitter:label2\" content=\"Tiempo de lectura\" \/>\n\t<meta name=\"twitter:data2\" content=\"1 minuto\" \/>\n<script type=\"application\/ld+json\" class=\"yoast-schema-graph\">{\"@context\":\"https:\\\/\\\/schema.org\",\"@graph\":[{\"@type\":\"Article\",\"@id\":\"https:\\\/\\\/www.copealcoy.es\\\/es\\\/puente-fernando-reig-se-cerrara-al-trafico-septiembre\\\/#article\",\"isPartOf\":{\"@id\":\"https:\\\/\\\/www.copealcoy.es\\\/es\\\/puente-fernando-reig-se-cerrara-al-trafico-septiembre\\\/\"},\"author\":{\"name\":\"Cope Alcoy\",\"@id\":\"https:\\\/\\\/www.copealcoy.es\\\/es\\\/#\\\/schema\\\/person\\\/e777c87fa024e57d40170af9df39882c\"},\"headline\":\"El puente Fernando Reig se cerrar\u00e1 al tr\u00e1fico en septiembre\",\"datePublished\":\"2016-07-13T16:13:46+00:00\",\"dateModified\":\"2016-07-13T16:19:20+00:00\",\"mainEntityOfPage\":{\"@id\":\"https:\\\/\\\/www.copealcoy.es\\\/es\\\/puente-fernando-reig-se-cerrara-al-trafico-septiembre\\\/\"},\"wordCount\":285,\"commentCount\":0,\"image\":{\"@id\":\"https:\\\/\\\/www.copealcoy.es\\\/es\\\/puente-fernando-reig-se-cerrara-al-trafico-septiembre\\\/#primaryimage\"},\"thumbnailUrl\":\"https:\\\/\\\/www.copealcoy.es\\\/wp-content\\\/uploads\\\/2016\\\/04\\\/fernando-reig.jpg\",\"keywords\":[\"Alcoy\",\"Obras\",\"Puente Fernando Reig\",\"Tr\u00e1fico\"],\"articleSection\":[\"Alcoy\",\"Noticias\",\"Portada\"],\"inLanguage\":\"es\"},{\"@type\":\"WebPage\",\"@id\":\"https:\\\/\\\/www.copealcoy.es\\\/es\\\/puente-fernando-reig-se-cerrara-al-trafico-septiembre\\\/\",\"url\":\"https:\\\/\\\/www.copealcoy.es\\\/es\\\/puente-fernando-reig-se-cerrara-al-trafico-septiembre\\\/\",\"name\":\"El puente Fernando Reig se cerrar\u00e1 al tr\u00e1fico en septiembre - COPE Alcoy\",\"isPartOf\":{\"@id\":\"https:\\\/\\\/www.copealcoy.es\\\/es\\\/#website\"},\"primaryImageOfPage\":{\"@id\":\"https:\\\/\\\/www.copealcoy.es\\\/es\\\/puente-fernando-reig-se-cerrara-al-trafico-septiembre\\\/#primaryimage\"},\"image\":{\"@id\":\"https:\\\/\\\/www.copealcoy.es\\\/es\\\/puente-fernando-reig-se-cerrara-al-trafico-septiembre\\\/#primaryimage\"},\"thumbnailUrl\":\"https:\\\/\\\/www.copealcoy.es\\\/wp-content\\\/uploads\\\/2016\\\/04\\\/fernando-reig.jpg\",\"datePublished\":\"2016-07-13T16:13:46+00:00\",\"dateModified\":\"2016-07-13T16:19:20+00:00\",\"author\":{\"@id\":\"https:\\\/\\\/www.copealcoy.es\\\/es\\\/#\\\/schema\\\/person\\\/e777c87fa024e57d40170af9df39882c\"},\"breadcrumb\":{\"@id\":\"https:\\\/\\\/www.copealcoy.es\\\/es\\\/puente-fernando-reig-se-cerrara-al-trafico-septiembre\\\/#breadcrumb\"},\"inLanguage\":\"es\",\"potentialAction\":[{\"@type\":\"ReadAction\",\"target\":[\"https:\\\/\\\/www.copealcoy.es\\\/es\\\/puente-fernando-reig-se-cerrara-al-trafico-septiembre\\\/\"]}]},{\"@type\":\"ImageObject\",\"inLanguage\":\"es\",\"@id\":\"https:\\\/\\\/www.copealcoy.es\\\/es\\\/puente-fernando-reig-se-cerrara-al-trafico-septiembre\\\/#primaryimage\",\"url\":\"https:\\\/\\\/www.copealcoy.es\\\/wp-content\\\/uploads\\\/2016\\\/04\\\/fernando-reig.jpg\",\"contentUrl\":\"https:\\\/\\\/www.copealcoy.es\\\/wp-content\\\/uploads\\\/2016\\\/04\\\/fernando-reig.jpg\",\"width\":660,\"height\":330},{\"@type\":\"BreadcrumbList\",\"@id\":\"https:\\\/\\\/www.copealcoy.es\\\/es\\\/puente-fernando-reig-se-cerrara-al-trafico-septiembre\\\/#breadcrumb\",\"itemListElement\":[{\"@type\":\"ListItem\",\"position\":1,\"name\":\"Portada\",\"item\":\"https:\\\/\\\/www.copealcoy.es\\\/es\\\/\"},{\"@type\":\"ListItem\",\"position\":2,\"name\":\"El puente Fernando Reig se cerrar\u00e1 al tr\u00e1fico en septiembre\"}]},{\"@type\":\"WebSite\",\"@id\":\"https:\\\/\\\/www.copealcoy.es\\\/es\\\/#website\",\"url\":\"https:\\\/\\\/www.copealcoy.es\\\/es\\\/\",\"name\":\"COPE Alcoy\",\"description\":\"Emisora COPE de radio local con emisi\u00f3n online. Pont de Sant Jordi 8-10 03803 Alcoy\",\"potentialAction\":[{\"@type\":\"SearchAction\",\"target\":{\"@type\":\"EntryPoint\",\"urlTemplate\":\"https:\\\/\\\/www.copealcoy.es\\\/es\\\/?s={search_term_string}\"},\"query-input\":{\"@type\":\"PropertyValueSpecification\",\"valueRequired\":true,\"valueName\":\"search_term_string\"}}],\"inLanguage\":\"es\"},{\"@type\":\"Person\",\"@id\":\"https:\\\/\\\/www.copealcoy.es\\\/es\\\/#\\\/schema\\\/person\\\/e777c87fa024e57d40170af9df39882c\",\"name\":\"Cope Alcoy\",\"image\":{\"@type\":\"ImageObject\",\"inLanguage\":\"es\",\"@id\":\"https:\\\/\\\/secure.gravatar.com\\\/avatar\\\/bb65d0283347e303893ba14f0692005417c1e0e690a325a4c5d8bb2b3943ee14?s=96&d=mm&r=g\",\"url\":\"https:\\\/\\\/secure.gravatar.com\\\/avatar\\\/bb65d0283347e303893ba14f0692005417c1e0e690a325a4c5d8bb2b3943ee14?s=96&d=mm&r=g\",\"contentUrl\":\"https:\\\/\\\/secure.gravatar.com\\\/avatar\\\/bb65d0283347e303893ba14f0692005417c1e0e690a325a4c5d8bb2b3943ee14?s=96&d=mm&r=g\",\"caption\":\"Cope Alcoy\"}}]}<\/script>\n<!-- \/ Yoast SEO plugin. -->","yoast_head_json":{"title":"El puente Fernando Reig se cerrar\u00e1 al tr\u00e1fico en septiembre - COPE Alcoy","robots":{"index":"index","follow":"follow","max-snippet":"max-snippet:-1","max-image-preview":"max-image-preview:large","max-video-preview":"max-video-preview:-1"},"canonical":"https:\/\/www.copealcoy.es\/es\/puente-fernando-reig-se-cerrara-al-trafico-septiembre\/","og_locale":"es_ES","og_type":"article","og_title":"El puente Fernando Reig se cerrar\u00e1 al tr\u00e1fico en septiembre - COPE Alcoy","og_description":"La Demarcaci\u00f3n de Carreteras del Ministerio de Fomento ha comunicado al Ayuntamiento de Alcoy que a partir del mes de...","og_url":"https:\/\/www.copealcoy.es\/es\/puente-fernando-reig-se-cerrara-al-trafico-septiembre\/","og_site_name":"COPE Alcoy","article_published_time":"2016-07-13T16:13:46+00:00","article_modified_time":"2016-07-13T16:19:20+00:00","og_image":[{"width":660,"height":330,"url":"https:\/\/www.copealcoy.es\/wp-content\/uploads\/2016\/04\/fernando-reig.jpg","type":"image\/jpeg"}],"author":"Cope Alcoy","twitter_misc":{"Escrito por":"Cope Alcoy","Tiempo de lectura":"1 minuto"},"schema":{"@context":"https:\/\/schema.org","@graph":[{"@type":"Article","@id":"https:\/\/www.copealcoy.es\/es\/puente-fernando-reig-se-cerrara-al-trafico-septiembre\/#article","isPartOf":{"@id":"https:\/\/www.copealcoy.es\/es\/puente-fernando-reig-se-cerrara-al-trafico-septiembre\/"},"author":{"name":"Cope Alcoy","@id":"https:\/\/www.copealcoy.es\/es\/#\/schema\/person\/e777c87fa024e57d40170af9df39882c"},"headline":"El puente Fernando Reig se cerrar\u00e1 al tr\u00e1fico en septiembre","datePublished":"2016-07-13T16:13:46+00:00","dateModified":"2016-07-13T16:19:20+00:00","mainEntityOfPage":{"@id":"https:\/\/www.copealcoy.es\/es\/puente-fernando-reig-se-cerrara-al-trafico-septiembre\/"},"wordCount":285,"commentCount":0,"image":{"@id":"https:\/\/www.copealcoy.es\/es\/puente-fernando-reig-se-cerrara-al-trafico-septiembre\/#primaryimage"},"thumbnailUrl":"https:\/\/www.copealcoy.es\/wp-content\/uploads\/2016\/04\/fernando-reig.jpg","keywords":["Alcoy","Obras","Puente Fernando Reig","Tr\u00e1fico"],"articleSection":["Alcoy","Noticias","Portada"],"inLanguage":"es"},{"@type":"WebPage","@id":"https:\/\/www.copealcoy.es\/es\/puente-fernando-reig-se-cerrara-al-trafico-septiembre\/","url":"https:\/\/www.copealcoy.es\/es\/puente-fernando-reig-se-cerrara-al-trafico-septiembre\/","name":"El puente Fernando Reig se cerrar\u00e1 al tr\u00e1fico en septiembre - COPE Alcoy","isPartOf":{"@id":"https:\/\/www.copealcoy.es\/es\/#website"},"primaryImageOfPage":{"@id":"https:\/\/www.copealcoy.es\/es\/puente-fernando-reig-se-cerrara-al-trafico-septiembre\/#primaryimage"},"image":{"@id":"https:\/\/www.copealcoy.es\/es\/puente-fernando-reig-se-cerrara-al-trafico-septiembre\/#primaryimage"},"thumbnailUrl":"https:\/\/www.copealcoy.es\/wp-content\/uploads\/2016\/04\/fernando-reig.jpg","datePublished":"2016-07-13T16:13:46+00:00","dateModified":"2016-07-13T16:19:20+00:00","author":{"@id":"https:\/\/www.copealcoy.es\/es\/#\/schema\/person\/e777c87fa024e57d40170af9df39882c"},"breadcrumb":{"@id":"https:\/\/www.copealcoy.es\/es\/puente-fernando-reig-se-cerrara-al-trafico-septiembre\/#breadcrumb"},"inLanguage":"es","potentialAction":[{"@type":"ReadAction","target":["https:\/\/www.copealcoy.es\/es\/puente-fernando-reig-se-cerrara-al-trafico-septiembre\/"]}]},{"@type":"ImageObject","inLanguage":"es","@id":"https:\/\/www.copealcoy.es\/es\/puente-fernando-reig-se-cerrara-al-trafico-septiembre\/#primaryimage","url":"https:\/\/www.copealcoy.es\/wp-content\/uploads\/2016\/04\/fernando-reig.jpg","contentUrl":"https:\/\/www.copealcoy.es\/wp-content\/uploads\/2016\/04\/fernando-reig.jpg","width":660,"height":330},{"@type":"BreadcrumbList","@id":"https:\/\/www.copealcoy.es\/es\/puente-fernando-reig-se-cerrara-al-trafico-septiembre\/#breadcrumb","itemListElement":[{"@type":"ListItem","position":1,"name":"Portada","item":"https:\/\/www.copealcoy.es\/es\/"},{"@type":"ListItem","position":2,"name":"El puente Fernando Reig se cerrar\u00e1 al tr\u00e1fico en septiembre"}]},{"@type":"WebSite","@id":"https:\/\/www.copealcoy.es\/es\/#website","url":"https:\/\/www.copealcoy.es\/es\/","name":"COPE Alcoy","description":"Emisora COPE de radio local con emisi\u00f3n online. Pont de Sant Jordi 8-10 03803 Alcoy","potentialAction":[{"@type":"SearchAction","target":{"@type":"EntryPoint","urlTemplate":"https:\/\/www.copealcoy.es\/es\/?s={search_term_string}"},"query-input":{"@type":"PropertyValueSpecification","valueRequired":true,"valueName":"search_term_string"}}],"inLanguage":"es"},{"@type":"Person","@id":"https:\/\/www.copealcoy.es\/es\/#\/schema\/person\/e777c87fa024e57d40170af9df39882c","name":"Cope Alcoy","image":{"@type":"ImageObject","inLanguage":"es","@id":"https:\/\/secure.gravatar.com\/avatar\/bb65d0283347e303893ba14f0692005417c1e0e690a325a4c5d8bb2b3943ee14?s=96&d=mm&r=g","url":"https:\/\/secure.gravatar.com\/avatar\/bb65d0283347e303893ba14f0692005417c1e0e690a325a4c5d8bb2b3943ee14?s=96&d=mm&r=g","contentUrl":"https:\/\/secure.gravatar.com\/avatar\/bb65d0283347e303893ba14f0692005417c1e0e690a325a4c5d8bb2b3943ee14?s=96&d=mm&r=g","caption":"Cope Alcoy"}}]}},"_links":{"self":[{"href":"https:\/\/www.copealcoy.es\/es\/wp-json\/wp\/v2\/posts\/23587","targetHints":{"allow":["GET"]}}],"collection":[{"href":"https:\/\/www.copealcoy.es\/es\/wp-json\/wp\/v2\/posts"}],"about":[{"href":"https:\/\/www.copealcoy.es\/es\/wp-json\/wp\/v2\/types\/post"}],"author":[{"embeddable":true,"href":"https:\/\/www.copealcoy.es\/es\/wp-json\/wp\/v2\/users\/1"}],"replies":[{"embeddable":true,"href":"https:\/\/www.copealcoy.es\/es\/wp-json\/wp\/v2\/comments?post=23587"}],"version-history":[{"count":0,"href":"https:\/\/www.copealcoy.es\/es\/wp-json\/wp\/v2\/posts\/23587\/revisions"}],"wp:featuredmedia":[{"embeddable":true,"href":"https:\/\/www.copealcoy.es\/es\/wp-json\/wp\/v2\/media\/20495"}],"wp:attachment":[{"href":"https:\/\/www.copealcoy.es\/es\/wp-json\/wp\/v2\/media?parent=23587"}],"wp:term":[{"taxonomy":"category","embeddable":true,"href":"https:\/\/www.copealcoy.es\/es\/wp-json\/wp\/v2\/categories?post=23587"},{"taxonomy":"post_tag","embeddable":true,"href":"https:\/\/www.copealcoy.es\/es\/wp-json\/wp\/v2\/tags?post=23587"}],"curies":[{"name":"wp","href":"https:\/\/api.w.org\/{rel}","templated":true}]}}