{"id":23503,"date":"2016-07-11T16:39:59","date_gmt":"2016-07-11T16:39:59","guid":{"rendered":"http:\/\/copealcoi.es\/new\/?p=23503"},"modified":"2016-07-12T08:09:56","modified_gmt":"2016-07-12T08:09:56","slug":"el-ayuntamiento-descarta-recurrir-la-ultima-sentencia-sobre-alcoinnova","status":"publish","type":"post","link":"https:\/\/www.copealcoy.es\/es\/el-ayuntamiento-descarta-recurrir-la-ultima-sentencia-sobre-alcoinnova\/","title":{"rendered":"El Ayuntamiento descarta recurrir la \u00faltima sentencia sobre Alcoinnova"},"content":{"rendered":"<p style=\"text-align: justify;\">El <strong>Ayuntamiento de Alcoy<\/strong>, tal y como ped\u00edan Comprom\u00eds y Guanyar Alcoi, no recurrir\u00e1 finalmente la <strong>\u00faltima sentencia<\/strong> del <strong>Tribunal Superior de Justicia de la Comunidad Valenciana<\/strong> que rechaza la petici\u00f3n del Consistorio en la que solicitaba la paralizaci\u00f3n cautelar de las obras del parque empresarial. As\u00ed lo ha anunciado este lunes el alcalde<strong>, Antonio Franc\u00e9s,<\/strong> quien ha apuntado que una vez consultada esta opci\u00f3n con los t\u00e9cnicos municipales se descarta <em>&#8220;porque no tendr\u00eda ning\u00fan sentido desde el punto de vista\u00a0procesal y jur\u00eddico&#8221;<\/em>, ha afirmado.<\/p>\n<p style=\"text-align: justify;\">El primer edil ha explicado tambi\u00e9n en relaci\u00f3n a este asunto que <strong>un hipot\u00e9tico recurso<\/strong> <strong>tardar\u00eda m\u00e1s en resolverse<\/strong> <strong>que los dos contenciosos que interpuso en su momento el Ayuntamiento y que podr\u00edan estar resueltos a finales de a\u00f1o.<\/strong> Recordar que el primer de ellos, en el que el Consistorio reclamaba capacidad de decisi\u00f3n en la ATE de La Canal, se encuentra en el Tribunal Supremo tras recurrirse la resoluci\u00f3n del TSJ que retiraba a Alcoy\u00a0todas las competencias en materia urban\u00edstica relacionadas con la ubicaci\u00f3n del parque empresarial. El segundo, interpuesto contra la aprobaci\u00f3n de Alcoinnova, est\u00e1 pendiente todav\u00eda en el Tribunal Superior de Justicia.<\/p>\n<p style=\"text-align: justify;\">Por \u00faltimo Franc\u00e9s ha a\u00f1adido que <strong>el inicio de las obras no es inminente<\/strong> ya que la empresa est\u00e1 a la espera de presentar un nuevo proyecto de reparcelaci\u00f3n que tiene que incluir un estudio global de impacto ambienta el cual, requerir\u00e1 del correspondiente proceso de exposici\u00f3n p\u00fablica y alegaciones <em>&#8220;tenemos todav\u00eda que esperar la resoluci\u00f3n de los dos procesos judiciales pendientes y tenemos en el horizonte finales de a\u00f1o para saber si el proyecto va adelante o no&#8221;<\/em>, asegura.<\/p>\n<audio class=\"wp-audio-shortcode\" id=\"audio-23503-1\" preload=\"none\" style=\"width: 100%;\" controls=\"controls\"><source type=\"audio\/mpeg\" src=\"https:\/\/www.copealcoy.es\/wp-content\/uploads\/2016\/07\/FRANC\u00c9S-ALCOINNOVA.mp3?_=1\" \/><a href=\"https:\/\/www.copealcoy.es\/wp-content\/uploads\/2016\/07\/FRANC\u00c9S-ALCOINNOVA.mp3\">https:\/\/www.copealcoy.es\/wp-content\/uploads\/2016\/07\/FRANC\u00c9S-ALCOINNOVA.mp3<\/a><\/audio>\n<p style=\"text-align: justify;\">\u00a0<strong>Reacciones desde Ciudadanos<\/strong><\/p>\n<p style=\"text-align: justify;\">El <strong>Grupo Municipal de Ciudadanos<\/strong> ha valorado tambi\u00e9n la \u00faltima sentencia sobre el proyecto Alcoinnova emitida por el Tribunal Superior de Justicia de la Comunidad Valenciana en la que se rechaza la petici\u00f3n del consistorio para la suspensi\u00f3n cautelar\u00a0las obras. La formaci\u00f3n naranja destaca que Alcoinnova &#8220;<em>es la primera actuaci\u00f3n territorial estrat\u00e9gica de la Comunidad Valenciana&#8221;<\/em> y \u00a0su portavoz Jorge Sedano califica el proyecto como <em>&#8220;la iniciativa m\u00e1s vanguardista y tecnol\u00f3gica de nuestras comarcas&#8221;<\/em>. Adem\u00e1s\u00a0Sedano pide al alcalde y al resto de ediles de la Corporaci\u00f3n Municipal que act\u00faen con altura de miras ante Alcoinnova<em> &#8220;estamos hablando de creaci\u00f3n de puestos de trabajo y\u00a0con las cosas de comer no se juega\u201d<\/em>, concluye.<\/p>\n<audio class=\"wp-audio-shortcode\" id=\"audio-23503-2\" preload=\"none\" style=\"width: 100%;\" controls=\"controls\"><source type=\"audio\/mpeg\" src=\"https:\/\/www.copealcoy.es\/wp-content\/uploads\/2016\/07\/SEDANO-ALCOINNOVA.mp3?_=2\" \/><a href=\"https:\/\/www.copealcoy.es\/wp-content\/uploads\/2016\/07\/SEDANO-ALCOINNOVA.mp3\">https:\/\/www.copealcoy.es\/wp-content\/uploads\/2016\/07\/SEDANO-ALCOINNOVA.mp3<\/a><\/audio>\n","protected":false},"excerpt":{"rendered":"<p>El Ayuntamiento de Alcoy, tal y como ped\u00edan Comprom\u00eds y Guanyar Alcoi, no recurrir\u00e1 finalmente la \u00faltima sentencia del Tribunal&#8230;<\/p>\n","protected":false},"author":1,"featured_media":23507,"comment_status":"open","ping_status":"open","sticky":false,"template":"","format":"standard","meta":{"footnotes":""},"categories":[97,75,125],"tags":[478,1494,1793,516,658],"class_list":["post-23503","post","type-post","status-publish","format-standard","has-post-thumbnail","hentry","category-alcoy","category-noticias","category-portada","tag-alcoinnova","tag-alcoy","tag-antonio-frances","tag-sentencia","tag-tsj"],"yoast_head":"<!-- This site is optimized with the Yoast SEO plugin v27.3 - https:\/\/yoast.com\/product\/yoast-seo-wordpress\/ -->\n<title>El Ayuntamiento descarta recurrir la \u00faltima sentencia sobre Alcoinnova - COPE Alcoy<\/title>\n<meta name=\"robots\" content=\"index, follow, max-snippet:-1, max-image-preview:large, max-video-preview:-1\" \/>\n<link rel=\"canonical\" href=\"https:\/\/www.copealcoy.es\/es\/el-ayuntamiento-descarta-recurrir-la-ultima-sentencia-sobre-alcoinnova\/\" \/>\n<meta property=\"og:locale\" content=\"es_ES\" \/>\n<meta property=\"og:type\" content=\"article\" \/>\n<meta property=\"og:title\" content=\"El Ayuntamiento descarta recurrir la \u00faltima sentencia sobre Alcoinnova - COPE Alcoy\" \/>\n<meta property=\"og:description\" content=\"El Ayuntamiento de Alcoy, tal y como ped\u00edan Comprom\u00eds y Guanyar Alcoi, no recurrir\u00e1 finalmente la \u00faltima sentencia del Tribunal...\" \/>\n<meta property=\"og:url\" content=\"https:\/\/www.copealcoy.es\/es\/el-ayuntamiento-descarta-recurrir-la-ultima-sentencia-sobre-alcoinnova\/\" \/>\n<meta property=\"og:site_name\" content=\"COPE Alcoy\" \/>\n<meta property=\"article:published_time\" content=\"2016-07-11T16:39:59+00:00\" \/>\n<meta property=\"article:modified_time\" content=\"2016-07-12T08:09:56+00:00\" \/>\n<meta property=\"og:image\" content=\"https:\/\/www.copealcoy.es\/wp-content\/uploads\/2016\/07\/IMG_9302-1024x683.jpg\" \/>\n\t<meta property=\"og:image:width\" content=\"1024\" \/>\n\t<meta property=\"og:image:height\" content=\"683\" \/>\n\t<meta property=\"og:image:type\" content=\"image\/jpeg\" \/>\n<meta name=\"author\" content=\"Cope Alcoy\" \/>\n<meta name=\"twitter:label1\" content=\"Escrito por\" \/>\n\t<meta name=\"twitter:data1\" content=\"Cope Alcoy\" \/>\n\t<meta name=\"twitter:label2\" content=\"Tiempo de lectura\" \/>\n\t<meta name=\"twitter:data2\" content=\"2 minutos\" \/>\n<script type=\"application\/ld+json\" class=\"yoast-schema-graph\">{\"@context\":\"https:\\\/\\\/schema.org\",\"@graph\":[{\"@type\":\"Article\",\"@id\":\"https:\\\/\\\/www.copealcoy.es\\\/es\\\/el-ayuntamiento-descarta-recurrir-la-ultima-sentencia-sobre-alcoinnova\\\/#article\",\"isPartOf\":{\"@id\":\"https:\\\/\\\/www.copealcoy.es\\\/es\\\/el-ayuntamiento-descarta-recurrir-la-ultima-sentencia-sobre-alcoinnova\\\/\"},\"author\":{\"name\":\"Cope Alcoy\",\"@id\":\"https:\\\/\\\/www.copealcoy.es\\\/es\\\/#\\\/schema\\\/person\\\/e777c87fa024e57d40170af9df39882c\"},\"headline\":\"El Ayuntamiento descarta recurrir la \u00faltima sentencia sobre Alcoinnova\",\"datePublished\":\"2016-07-11T16:39:59+00:00\",\"dateModified\":\"2016-07-12T08:09:56+00:00\",\"mainEntityOfPage\":{\"@id\":\"https:\\\/\\\/www.copealcoy.es\\\/es\\\/el-ayuntamiento-descarta-recurrir-la-ultima-sentencia-sobre-alcoinnova\\\/\"},\"wordCount\":465,\"commentCount\":0,\"image\":{\"@id\":\"https:\\\/\\\/www.copealcoy.es\\\/es\\\/el-ayuntamiento-descarta-recurrir-la-ultima-sentencia-sobre-alcoinnova\\\/#primaryimage\"},\"thumbnailUrl\":\"https:\\\/\\\/www.copealcoy.es\\\/wp-content\\\/uploads\\\/2016\\\/07\\\/IMG_9302.jpg\",\"keywords\":[\"Alcoinnova\",\"Alcoy\",\"Antonio Franc\u00e9s\",\"Sentencia\",\"TSJ\"],\"articleSection\":[\"Alcoy\",\"Noticias\",\"Portada\"],\"inLanguage\":\"es\"},{\"@type\":\"WebPage\",\"@id\":\"https:\\\/\\\/www.copealcoy.es\\\/es\\\/el-ayuntamiento-descarta-recurrir-la-ultima-sentencia-sobre-alcoinnova\\\/\",\"url\":\"https:\\\/\\\/www.copealcoy.es\\\/es\\\/el-ayuntamiento-descarta-recurrir-la-ultima-sentencia-sobre-alcoinnova\\\/\",\"name\":\"El Ayuntamiento descarta recurrir la \u00faltima sentencia sobre Alcoinnova - COPE Alcoy\",\"isPartOf\":{\"@id\":\"https:\\\/\\\/www.copealcoy.es\\\/es\\\/#website\"},\"primaryImageOfPage\":{\"@id\":\"https:\\\/\\\/www.copealcoy.es\\\/es\\\/el-ayuntamiento-descarta-recurrir-la-ultima-sentencia-sobre-alcoinnova\\\/#primaryimage\"},\"image\":{\"@id\":\"https:\\\/\\\/www.copealcoy.es\\\/es\\\/el-ayuntamiento-descarta-recurrir-la-ultima-sentencia-sobre-alcoinnova\\\/#primaryimage\"},\"thumbnailUrl\":\"https:\\\/\\\/www.copealcoy.es\\\/wp-content\\\/uploads\\\/2016\\\/07\\\/IMG_9302.jpg\",\"datePublished\":\"2016-07-11T16:39:59+00:00\",\"dateModified\":\"2016-07-12T08:09:56+00:00\",\"author\":{\"@id\":\"https:\\\/\\\/www.copealcoy.es\\\/es\\\/#\\\/schema\\\/person\\\/e777c87fa024e57d40170af9df39882c\"},\"breadcrumb\":{\"@id\":\"https:\\\/\\\/www.copealcoy.es\\\/es\\\/el-ayuntamiento-descarta-recurrir-la-ultima-sentencia-sobre-alcoinnova\\\/#breadcrumb\"},\"inLanguage\":\"es\",\"potentialAction\":[{\"@type\":\"ReadAction\",\"target\":[\"https:\\\/\\\/www.copealcoy.es\\\/es\\\/el-ayuntamiento-descarta-recurrir-la-ultima-sentencia-sobre-alcoinnova\\\/\"]}]},{\"@type\":\"ImageObject\",\"inLanguage\":\"es\",\"@id\":\"https:\\\/\\\/www.copealcoy.es\\\/es\\\/el-ayuntamiento-descarta-recurrir-la-ultima-sentencia-sobre-alcoinnova\\\/#primaryimage\",\"url\":\"https:\\\/\\\/www.copealcoy.es\\\/wp-content\\\/uploads\\\/2016\\\/07\\\/IMG_9302.jpg\",\"contentUrl\":\"https:\\\/\\\/www.copealcoy.es\\\/wp-content\\\/uploads\\\/2016\\\/07\\\/IMG_9302.jpg\",\"width\":4272,\"height\":2848,\"caption\":\"Franc\u00e9s y Gomicia en el \u00c1gora este lunes\"},{\"@type\":\"BreadcrumbList\",\"@id\":\"https:\\\/\\\/www.copealcoy.es\\\/es\\\/el-ayuntamiento-descarta-recurrir-la-ultima-sentencia-sobre-alcoinnova\\\/#breadcrumb\",\"itemListElement\":[{\"@type\":\"ListItem\",\"position\":1,\"name\":\"Portada\",\"item\":\"https:\\\/\\\/www.copealcoy.es\\\/es\\\/\"},{\"@type\":\"ListItem\",\"position\":2,\"name\":\"El Ayuntamiento descarta recurrir la \u00faltima sentencia sobre Alcoinnova\"}]},{\"@type\":\"WebSite\",\"@id\":\"https:\\\/\\\/www.copealcoy.es\\\/es\\\/#website\",\"url\":\"https:\\\/\\\/www.copealcoy.es\\\/es\\\/\",\"name\":\"COPE Alcoy\",\"description\":\"Emisora COPE de radio local con emisi\u00f3n online. Pont de Sant Jordi 8-10 03803 Alcoy\",\"potentialAction\":[{\"@type\":\"SearchAction\",\"target\":{\"@type\":\"EntryPoint\",\"urlTemplate\":\"https:\\\/\\\/www.copealcoy.es\\\/es\\\/?s={search_term_string}\"},\"query-input\":{\"@type\":\"PropertyValueSpecification\",\"valueRequired\":true,\"valueName\":\"search_term_string\"}}],\"inLanguage\":\"es\"},{\"@type\":\"Person\",\"@id\":\"https:\\\/\\\/www.copealcoy.es\\\/es\\\/#\\\/schema\\\/person\\\/e777c87fa024e57d40170af9df39882c\",\"name\":\"Cope Alcoy\",\"image\":{\"@type\":\"ImageObject\",\"inLanguage\":\"es\",\"@id\":\"https:\\\/\\\/secure.gravatar.com\\\/avatar\\\/bb65d0283347e303893ba14f0692005417c1e0e690a325a4c5d8bb2b3943ee14?s=96&d=mm&r=g\",\"url\":\"https:\\\/\\\/secure.gravatar.com\\\/avatar\\\/bb65d0283347e303893ba14f0692005417c1e0e690a325a4c5d8bb2b3943ee14?s=96&d=mm&r=g\",\"contentUrl\":\"https:\\\/\\\/secure.gravatar.com\\\/avatar\\\/bb65d0283347e303893ba14f0692005417c1e0e690a325a4c5d8bb2b3943ee14?s=96&d=mm&r=g\",\"caption\":\"Cope Alcoy\"}}]}<\/script>\n<!-- \/ Yoast SEO plugin. -->","yoast_head_json":{"title":"El Ayuntamiento descarta recurrir la \u00faltima sentencia sobre Alcoinnova - COPE Alcoy","robots":{"index":"index","follow":"follow","max-snippet":"max-snippet:-1","max-image-preview":"max-image-preview:large","max-video-preview":"max-video-preview:-1"},"canonical":"https:\/\/www.copealcoy.es\/es\/el-ayuntamiento-descarta-recurrir-la-ultima-sentencia-sobre-alcoinnova\/","og_locale":"es_ES","og_type":"article","og_title":"El Ayuntamiento descarta recurrir la \u00faltima sentencia sobre Alcoinnova - COPE Alcoy","og_description":"El Ayuntamiento de Alcoy, tal y como ped\u00edan Comprom\u00eds y Guanyar Alcoi, no recurrir\u00e1 finalmente la \u00faltima sentencia del Tribunal...","og_url":"https:\/\/www.copealcoy.es\/es\/el-ayuntamiento-descarta-recurrir-la-ultima-sentencia-sobre-alcoinnova\/","og_site_name":"COPE Alcoy","article_published_time":"2016-07-11T16:39:59+00:00","article_modified_time":"2016-07-12T08:09:56+00:00","og_image":[{"width":1024,"height":683,"url":"https:\/\/www.copealcoy.es\/wp-content\/uploads\/2016\/07\/IMG_9302-1024x683.jpg","type":"image\/jpeg"}],"author":"Cope Alcoy","twitter_misc":{"Escrito por":"Cope Alcoy","Tiempo de lectura":"2 minutos"},"schema":{"@context":"https:\/\/schema.org","@graph":[{"@type":"Article","@id":"https:\/\/www.copealcoy.es\/es\/el-ayuntamiento-descarta-recurrir-la-ultima-sentencia-sobre-alcoinnova\/#article","isPartOf":{"@id":"https:\/\/www.copealcoy.es\/es\/el-ayuntamiento-descarta-recurrir-la-ultima-sentencia-sobre-alcoinnova\/"},"author":{"name":"Cope Alcoy","@id":"https:\/\/www.copealcoy.es\/es\/#\/schema\/person\/e777c87fa024e57d40170af9df39882c"},"headline":"El Ayuntamiento descarta recurrir la \u00faltima sentencia sobre Alcoinnova","datePublished":"2016-07-11T16:39:59+00:00","dateModified":"2016-07-12T08:09:56+00:00","mainEntityOfPage":{"@id":"https:\/\/www.copealcoy.es\/es\/el-ayuntamiento-descarta-recurrir-la-ultima-sentencia-sobre-alcoinnova\/"},"wordCount":465,"commentCount":0,"image":{"@id":"https:\/\/www.copealcoy.es\/es\/el-ayuntamiento-descarta-recurrir-la-ultima-sentencia-sobre-alcoinnova\/#primaryimage"},"thumbnailUrl":"https:\/\/www.copealcoy.es\/wp-content\/uploads\/2016\/07\/IMG_9302.jpg","keywords":["Alcoinnova","Alcoy","Antonio Franc\u00e9s","Sentencia","TSJ"],"articleSection":["Alcoy","Noticias","Portada"],"inLanguage":"es"},{"@type":"WebPage","@id":"https:\/\/www.copealcoy.es\/es\/el-ayuntamiento-descarta-recurrir-la-ultima-sentencia-sobre-alcoinnova\/","url":"https:\/\/www.copealcoy.es\/es\/el-ayuntamiento-descarta-recurrir-la-ultima-sentencia-sobre-alcoinnova\/","name":"El Ayuntamiento descarta recurrir la \u00faltima sentencia sobre Alcoinnova - COPE Alcoy","isPartOf":{"@id":"https:\/\/www.copealcoy.es\/es\/#website"},"primaryImageOfPage":{"@id":"https:\/\/www.copealcoy.es\/es\/el-ayuntamiento-descarta-recurrir-la-ultima-sentencia-sobre-alcoinnova\/#primaryimage"},"image":{"@id":"https:\/\/www.copealcoy.es\/es\/el-ayuntamiento-descarta-recurrir-la-ultima-sentencia-sobre-alcoinnova\/#primaryimage"},"thumbnailUrl":"https:\/\/www.copealcoy.es\/wp-content\/uploads\/2016\/07\/IMG_9302.jpg","datePublished":"2016-07-11T16:39:59+00:00","dateModified":"2016-07-12T08:09:56+00:00","author":{"@id":"https:\/\/www.copealcoy.es\/es\/#\/schema\/person\/e777c87fa024e57d40170af9df39882c"},"breadcrumb":{"@id":"https:\/\/www.copealcoy.es\/es\/el-ayuntamiento-descarta-recurrir-la-ultima-sentencia-sobre-alcoinnova\/#breadcrumb"},"inLanguage":"es","potentialAction":[{"@type":"ReadAction","target":["https:\/\/www.copealcoy.es\/es\/el-ayuntamiento-descarta-recurrir-la-ultima-sentencia-sobre-alcoinnova\/"]}]},{"@type":"ImageObject","inLanguage":"es","@id":"https:\/\/www.copealcoy.es\/es\/el-ayuntamiento-descarta-recurrir-la-ultima-sentencia-sobre-alcoinnova\/#primaryimage","url":"https:\/\/www.copealcoy.es\/wp-content\/uploads\/2016\/07\/IMG_9302.jpg","contentUrl":"https:\/\/www.copealcoy.es\/wp-content\/uploads\/2016\/07\/IMG_9302.jpg","width":4272,"height":2848,"caption":"Franc\u00e9s y Gomicia en el \u00c1gora este lunes"},{"@type":"BreadcrumbList","@id":"https:\/\/www.copealcoy.es\/es\/el-ayuntamiento-descarta-recurrir-la-ultima-sentencia-sobre-alcoinnova\/#breadcrumb","itemListElement":[{"@type":"ListItem","position":1,"name":"Portada","item":"https:\/\/www.copealcoy.es\/es\/"},{"@type":"ListItem","position":2,"name":"El Ayuntamiento descarta recurrir la \u00faltima sentencia sobre Alcoinnova"}]},{"@type":"WebSite","@id":"https:\/\/www.copealcoy.es\/es\/#website","url":"https:\/\/www.copealcoy.es\/es\/","name":"COPE Alcoy","description":"Emisora COPE de radio local con emisi\u00f3n online. Pont de Sant Jordi 8-10 03803 Alcoy","potentialAction":[{"@type":"SearchAction","target":{"@type":"EntryPoint","urlTemplate":"https:\/\/www.copealcoy.es\/es\/?s={search_term_string}"},"query-input":{"@type":"PropertyValueSpecification","valueRequired":true,"valueName":"search_term_string"}}],"inLanguage":"es"},{"@type":"Person","@id":"https:\/\/www.copealcoy.es\/es\/#\/schema\/person\/e777c87fa024e57d40170af9df39882c","name":"Cope Alcoy","image":{"@type":"ImageObject","inLanguage":"es","@id":"https:\/\/secure.gravatar.com\/avatar\/bb65d0283347e303893ba14f0692005417c1e0e690a325a4c5d8bb2b3943ee14?s=96&d=mm&r=g","url":"https:\/\/secure.gravatar.com\/avatar\/bb65d0283347e303893ba14f0692005417c1e0e690a325a4c5d8bb2b3943ee14?s=96&d=mm&r=g","contentUrl":"https:\/\/secure.gravatar.com\/avatar\/bb65d0283347e303893ba14f0692005417c1e0e690a325a4c5d8bb2b3943ee14?s=96&d=mm&r=g","caption":"Cope Alcoy"}}]}},"_links":{"self":[{"href":"https:\/\/www.copealcoy.es\/es\/wp-json\/wp\/v2\/posts\/23503","targetHints":{"allow":["GET"]}}],"collection":[{"href":"https:\/\/www.copealcoy.es\/es\/wp-json\/wp\/v2\/posts"}],"about":[{"href":"https:\/\/www.copealcoy.es\/es\/wp-json\/wp\/v2\/types\/post"}],"author":[{"embeddable":true,"href":"https:\/\/www.copealcoy.es\/es\/wp-json\/wp\/v2\/users\/1"}],"replies":[{"embeddable":true,"href":"https:\/\/www.copealcoy.es\/es\/wp-json\/wp\/v2\/comments?post=23503"}],"version-history":[{"count":0,"href":"https:\/\/www.copealcoy.es\/es\/wp-json\/wp\/v2\/posts\/23503\/revisions"}],"wp:featuredmedia":[{"embeddable":true,"href":"https:\/\/www.copealcoy.es\/es\/wp-json\/wp\/v2\/media\/23507"}],"wp:attachment":[{"href":"https:\/\/www.copealcoy.es\/es\/wp-json\/wp\/v2\/media?parent=23503"}],"wp:term":[{"taxonomy":"category","embeddable":true,"href":"https:\/\/www.copealcoy.es\/es\/wp-json\/wp\/v2\/categories?post=23503"},{"taxonomy":"post_tag","embeddable":true,"href":"https:\/\/www.copealcoy.es\/es\/wp-json\/wp\/v2\/tags?post=23503"}],"curies":[{"name":"wp","href":"https:\/\/api.w.org\/{rel}","templated":true}]}}