{"id":23444,"date":"2016-07-07T23:21:39","date_gmt":"2016-07-07T23:21:39","guid":{"rendered":"http:\/\/copealcoi.es\/new\/?p=23444"},"modified":"2016-07-07T23:21:39","modified_gmt":"2016-07-07T23:21:39","slug":"una-llamada-a-la-donacion-de-sangre","status":"publish","type":"post","link":"https:\/\/www.copealcoy.es\/es\/una-llamada-a-la-donacion-de-sangre\/","title":{"rendered":"Una llamada a la donaci\u00f3n de sangre"},"content":{"rendered":"<p style=\"text-align: justify;\">El <strong>Centro de Transfusiones de Alicante<\/strong> ha hecho un llamamiento para que se realicen donaciones de sangre ante la falta de reservas en los hospitales de la provincia de cara a los meses de verano. As\u00ed lo explicaba ayer jueves en La Ma\u00f1ana de Cope Alcoy <strong>Carmen Valverde,<\/strong> responsable de zona del citado Centro, quien se\u00f1al\u00f3 que en general hace falta sangre de todos los grupos; <strong>especialmente del 0- y A-<\/strong> <em>&#8220;cada d\u00eda precisamos de 250 bolsas de sangre y aunque llegue el verano la actividad sigue en los quir\u00f3fanos, contin\u00faan los tratamientos oncol\u00f3gicos y es importante que la ciudadan\u00eda acuda a donar porque con un simple gesto se pueden salvar tres vidas&#8221;,<\/em> apunta.<\/p>\n<p style=\"text-align: justify;\">Valverde tambi\u00e9n detall\u00f3 que en Alcoy y nuestras comarcas <strong>el \u00edndice de donantes de sangre roza el 3%,<\/strong> una cifra que califica como\u00a0baja, aunque remarca que la zona siempre responde a la llamada <em>&#8220;el n\u00famero de donantes se mantiene constante y si que notamos un incremento de asistentes en las acciones especiales que hemos realizado por ejemplo este a\u00f1o en los maratones solidarios. A\u00fan as\u00ed es necesario que se superen miedos y que tomemos conciencia todos de la importancia que tiene donar sangre durante todo el a\u00f1o y especialmente en estos meses estivales&#8221;<\/em>, indica.<\/p>\n<p style=\"text-align: justify;\">Recordar que\u00a0en este mes de julio podemos donar sangre en Alcoy <strong>cada jueves<\/strong> en el Hospital Virgen de los Lirios entre las 17:30h y las 20:30h. Tambi\u00e9n se han programado varias donaciones de sangre en nuestras comarcas que se pueden consultar en este <strong><a href=\"http:\/\/centro-transfusion.san.gva.es\/ctcv\/paginas\/cas\/dondedonar\/dondealicante.jsp\">enlace<\/a><\/strong>. Apuntar que <strong>para donar sangre\u00a0es necesario<\/strong> tener m\u00e1s\u00a0de 18 a\u00f1os, un peso de 50 kilos o superior y no se requiere\u00a0estar en ayunas. Desde\u00a0el Centro de Transfusiones de Alicante insisten tambi\u00e9n en que es muy importante ir hidratados para facilitar la donaci\u00f3n.<\/p>\n<p>&nbsp;<\/p>\n<p>&nbsp;<\/p>\n","protected":false},"excerpt":{"rendered":"<p>El Centro de Transfusiones de Alicante ha hecho un llamamiento para que se realicen donaciones de sangre ante la falta&#8230;<\/p>\n","protected":false},"author":1,"featured_media":23445,"comment_status":"open","ping_status":"open","sticky":false,"template":"","format":"standard","meta":{"footnotes":""},"categories":[97,75,125],"tags":[1494,2503,554,1149],"class_list":["post-23444","post","type-post","status-publish","format-standard","has-post-thumbnail","hentry","category-alcoy","category-noticias","category-portada","tag-alcoy","tag-donaciones-de-sangre","tag-transfusiones","tag-verano"],"yoast_head":"<!-- This site is optimized with the Yoast SEO plugin v27.3 - https:\/\/yoast.com\/product\/yoast-seo-wordpress\/ -->\n<title>Una llamada a la donaci\u00f3n de sangre - COPE Alcoy<\/title>\n<meta name=\"robots\" content=\"index, follow, max-snippet:-1, max-image-preview:large, max-video-preview:-1\" \/>\n<link rel=\"canonical\" href=\"https:\/\/www.copealcoy.es\/es\/una-llamada-a-la-donacion-de-sangre\/\" \/>\n<meta property=\"og:locale\" content=\"es_ES\" \/>\n<meta property=\"og:type\" content=\"article\" \/>\n<meta property=\"og:title\" content=\"Una llamada a la donaci\u00f3n de sangre - COPE Alcoy\" \/>\n<meta property=\"og:description\" content=\"El Centro de Transfusiones de Alicante ha hecho un llamamiento para que se realicen donaciones de sangre ante la falta...\" \/>\n<meta property=\"og:url\" content=\"https:\/\/www.copealcoy.es\/es\/una-llamada-a-la-donacion-de-sangre\/\" \/>\n<meta property=\"og:site_name\" content=\"COPE Alcoy\" \/>\n<meta property=\"article:published_time\" content=\"2016-07-07T23:21:39+00:00\" \/>\n<meta property=\"og:image\" content=\"https:\/\/www.copealcoy.es\/wp-content\/uploads\/2016\/07\/teaserbox_18752575.jpg\" \/>\n\t<meta property=\"og:image:width\" content=\"900\" \/>\n\t<meta property=\"og:image:height\" content=\"593\" \/>\n\t<meta property=\"og:image:type\" content=\"image\/jpeg\" \/>\n<meta name=\"author\" content=\"Cope Alcoy\" \/>\n<meta name=\"twitter:label1\" content=\"Escrito por\" \/>\n\t<meta name=\"twitter:data1\" content=\"Cope Alcoy\" \/>\n\t<meta name=\"twitter:label2\" content=\"Tiempo de lectura\" \/>\n\t<meta name=\"twitter:data2\" content=\"2 minutos\" \/>\n<script type=\"application\/ld+json\" class=\"yoast-schema-graph\">{\"@context\":\"https:\\\/\\\/schema.org\",\"@graph\":[{\"@type\":\"Article\",\"@id\":\"https:\\\/\\\/www.copealcoy.es\\\/es\\\/una-llamada-a-la-donacion-de-sangre\\\/#article\",\"isPartOf\":{\"@id\":\"https:\\\/\\\/www.copealcoy.es\\\/es\\\/una-llamada-a-la-donacion-de-sangre\\\/\"},\"author\":{\"name\":\"Cope Alcoy\",\"@id\":\"https:\\\/\\\/www.copealcoy.es\\\/es\\\/#\\\/schema\\\/person\\\/e777c87fa024e57d40170af9df39882c\"},\"headline\":\"Una llamada a la donaci\u00f3n de sangre\",\"datePublished\":\"2016-07-07T23:21:39+00:00\",\"mainEntityOfPage\":{\"@id\":\"https:\\\/\\\/www.copealcoy.es\\\/es\\\/una-llamada-a-la-donacion-de-sangre\\\/\"},\"wordCount\":323,\"commentCount\":0,\"image\":{\"@id\":\"https:\\\/\\\/www.copealcoy.es\\\/es\\\/una-llamada-a-la-donacion-de-sangre\\\/#primaryimage\"},\"thumbnailUrl\":\"https:\\\/\\\/www.copealcoy.es\\\/wp-content\\\/uploads\\\/2016\\\/07\\\/teaserbox_18752575.jpg\",\"keywords\":[\"Alcoy\",\"Donaciones de Sangre\",\"Transfusiones\",\"Verano\"],\"articleSection\":[\"Alcoy\",\"Noticias\",\"Portada\"],\"inLanguage\":\"es\"},{\"@type\":\"WebPage\",\"@id\":\"https:\\\/\\\/www.copealcoy.es\\\/es\\\/una-llamada-a-la-donacion-de-sangre\\\/\",\"url\":\"https:\\\/\\\/www.copealcoy.es\\\/es\\\/una-llamada-a-la-donacion-de-sangre\\\/\",\"name\":\"Una llamada a la donaci\u00f3n de sangre - COPE Alcoy\",\"isPartOf\":{\"@id\":\"https:\\\/\\\/www.copealcoy.es\\\/es\\\/#website\"},\"primaryImageOfPage\":{\"@id\":\"https:\\\/\\\/www.copealcoy.es\\\/es\\\/una-llamada-a-la-donacion-de-sangre\\\/#primaryimage\"},\"image\":{\"@id\":\"https:\\\/\\\/www.copealcoy.es\\\/es\\\/una-llamada-a-la-donacion-de-sangre\\\/#primaryimage\"},\"thumbnailUrl\":\"https:\\\/\\\/www.copealcoy.es\\\/wp-content\\\/uploads\\\/2016\\\/07\\\/teaserbox_18752575.jpg\",\"datePublished\":\"2016-07-07T23:21:39+00:00\",\"author\":{\"@id\":\"https:\\\/\\\/www.copealcoy.es\\\/es\\\/#\\\/schema\\\/person\\\/e777c87fa024e57d40170af9df39882c\"},\"breadcrumb\":{\"@id\":\"https:\\\/\\\/www.copealcoy.es\\\/es\\\/una-llamada-a-la-donacion-de-sangre\\\/#breadcrumb\"},\"inLanguage\":\"es\",\"potentialAction\":[{\"@type\":\"ReadAction\",\"target\":[\"https:\\\/\\\/www.copealcoy.es\\\/es\\\/una-llamada-a-la-donacion-de-sangre\\\/\"]}]},{\"@type\":\"ImageObject\",\"inLanguage\":\"es\",\"@id\":\"https:\\\/\\\/www.copealcoy.es\\\/es\\\/una-llamada-a-la-donacion-de-sangre\\\/#primaryimage\",\"url\":\"https:\\\/\\\/www.copealcoy.es\\\/wp-content\\\/uploads\\\/2016\\\/07\\\/teaserbox_18752575.jpg\",\"contentUrl\":\"https:\\\/\\\/www.copealcoy.es\\\/wp-content\\\/uploads\\\/2016\\\/07\\\/teaserbox_18752575.jpg\",\"width\":900,\"height\":593,\"caption\":\"Donaci\u00f3n de Sangre en Alcoy\"},{\"@type\":\"BreadcrumbList\",\"@id\":\"https:\\\/\\\/www.copealcoy.es\\\/es\\\/una-llamada-a-la-donacion-de-sangre\\\/#breadcrumb\",\"itemListElement\":[{\"@type\":\"ListItem\",\"position\":1,\"name\":\"Portada\",\"item\":\"https:\\\/\\\/www.copealcoy.es\\\/es\\\/\"},{\"@type\":\"ListItem\",\"position\":2,\"name\":\"Una llamada a la donaci\u00f3n de sangre\"}]},{\"@type\":\"WebSite\",\"@id\":\"https:\\\/\\\/www.copealcoy.es\\\/es\\\/#website\",\"url\":\"https:\\\/\\\/www.copealcoy.es\\\/es\\\/\",\"name\":\"COPE Alcoy\",\"description\":\"Emisora COPE de radio local con emisi\u00f3n online. Pont de Sant Jordi 8-10 03803 Alcoy\",\"potentialAction\":[{\"@type\":\"SearchAction\",\"target\":{\"@type\":\"EntryPoint\",\"urlTemplate\":\"https:\\\/\\\/www.copealcoy.es\\\/es\\\/?s={search_term_string}\"},\"query-input\":{\"@type\":\"PropertyValueSpecification\",\"valueRequired\":true,\"valueName\":\"search_term_string\"}}],\"inLanguage\":\"es\"},{\"@type\":\"Person\",\"@id\":\"https:\\\/\\\/www.copealcoy.es\\\/es\\\/#\\\/schema\\\/person\\\/e777c87fa024e57d40170af9df39882c\",\"name\":\"Cope Alcoy\",\"image\":{\"@type\":\"ImageObject\",\"inLanguage\":\"es\",\"@id\":\"https:\\\/\\\/secure.gravatar.com\\\/avatar\\\/bb65d0283347e303893ba14f0692005417c1e0e690a325a4c5d8bb2b3943ee14?s=96&d=mm&r=g\",\"url\":\"https:\\\/\\\/secure.gravatar.com\\\/avatar\\\/bb65d0283347e303893ba14f0692005417c1e0e690a325a4c5d8bb2b3943ee14?s=96&d=mm&r=g\",\"contentUrl\":\"https:\\\/\\\/secure.gravatar.com\\\/avatar\\\/bb65d0283347e303893ba14f0692005417c1e0e690a325a4c5d8bb2b3943ee14?s=96&d=mm&r=g\",\"caption\":\"Cope Alcoy\"}}]}<\/script>\n<!-- \/ Yoast SEO plugin. -->","yoast_head_json":{"title":"Una llamada a la donaci\u00f3n de sangre - COPE Alcoy","robots":{"index":"index","follow":"follow","max-snippet":"max-snippet:-1","max-image-preview":"max-image-preview:large","max-video-preview":"max-video-preview:-1"},"canonical":"https:\/\/www.copealcoy.es\/es\/una-llamada-a-la-donacion-de-sangre\/","og_locale":"es_ES","og_type":"article","og_title":"Una llamada a la donaci\u00f3n de sangre - COPE Alcoy","og_description":"El Centro de Transfusiones de Alicante ha hecho un llamamiento para que se realicen donaciones de sangre ante la falta...","og_url":"https:\/\/www.copealcoy.es\/es\/una-llamada-a-la-donacion-de-sangre\/","og_site_name":"COPE Alcoy","article_published_time":"2016-07-07T23:21:39+00:00","og_image":[{"width":900,"height":593,"url":"https:\/\/www.copealcoy.es\/wp-content\/uploads\/2016\/07\/teaserbox_18752575.jpg","type":"image\/jpeg"}],"author":"Cope Alcoy","twitter_misc":{"Escrito por":"Cope Alcoy","Tiempo de lectura":"2 minutos"},"schema":{"@context":"https:\/\/schema.org","@graph":[{"@type":"Article","@id":"https:\/\/www.copealcoy.es\/es\/una-llamada-a-la-donacion-de-sangre\/#article","isPartOf":{"@id":"https:\/\/www.copealcoy.es\/es\/una-llamada-a-la-donacion-de-sangre\/"},"author":{"name":"Cope Alcoy","@id":"https:\/\/www.copealcoy.es\/es\/#\/schema\/person\/e777c87fa024e57d40170af9df39882c"},"headline":"Una llamada a la donaci\u00f3n de sangre","datePublished":"2016-07-07T23:21:39+00:00","mainEntityOfPage":{"@id":"https:\/\/www.copealcoy.es\/es\/una-llamada-a-la-donacion-de-sangre\/"},"wordCount":323,"commentCount":0,"image":{"@id":"https:\/\/www.copealcoy.es\/es\/una-llamada-a-la-donacion-de-sangre\/#primaryimage"},"thumbnailUrl":"https:\/\/www.copealcoy.es\/wp-content\/uploads\/2016\/07\/teaserbox_18752575.jpg","keywords":["Alcoy","Donaciones de Sangre","Transfusiones","Verano"],"articleSection":["Alcoy","Noticias","Portada"],"inLanguage":"es"},{"@type":"WebPage","@id":"https:\/\/www.copealcoy.es\/es\/una-llamada-a-la-donacion-de-sangre\/","url":"https:\/\/www.copealcoy.es\/es\/una-llamada-a-la-donacion-de-sangre\/","name":"Una llamada a la donaci\u00f3n de sangre - COPE Alcoy","isPartOf":{"@id":"https:\/\/www.copealcoy.es\/es\/#website"},"primaryImageOfPage":{"@id":"https:\/\/www.copealcoy.es\/es\/una-llamada-a-la-donacion-de-sangre\/#primaryimage"},"image":{"@id":"https:\/\/www.copealcoy.es\/es\/una-llamada-a-la-donacion-de-sangre\/#primaryimage"},"thumbnailUrl":"https:\/\/www.copealcoy.es\/wp-content\/uploads\/2016\/07\/teaserbox_18752575.jpg","datePublished":"2016-07-07T23:21:39+00:00","author":{"@id":"https:\/\/www.copealcoy.es\/es\/#\/schema\/person\/e777c87fa024e57d40170af9df39882c"},"breadcrumb":{"@id":"https:\/\/www.copealcoy.es\/es\/una-llamada-a-la-donacion-de-sangre\/#breadcrumb"},"inLanguage":"es","potentialAction":[{"@type":"ReadAction","target":["https:\/\/www.copealcoy.es\/es\/una-llamada-a-la-donacion-de-sangre\/"]}]},{"@type":"ImageObject","inLanguage":"es","@id":"https:\/\/www.copealcoy.es\/es\/una-llamada-a-la-donacion-de-sangre\/#primaryimage","url":"https:\/\/www.copealcoy.es\/wp-content\/uploads\/2016\/07\/teaserbox_18752575.jpg","contentUrl":"https:\/\/www.copealcoy.es\/wp-content\/uploads\/2016\/07\/teaserbox_18752575.jpg","width":900,"height":593,"caption":"Donaci\u00f3n de Sangre en Alcoy"},{"@type":"BreadcrumbList","@id":"https:\/\/www.copealcoy.es\/es\/una-llamada-a-la-donacion-de-sangre\/#breadcrumb","itemListElement":[{"@type":"ListItem","position":1,"name":"Portada","item":"https:\/\/www.copealcoy.es\/es\/"},{"@type":"ListItem","position":2,"name":"Una llamada a la donaci\u00f3n de sangre"}]},{"@type":"WebSite","@id":"https:\/\/www.copealcoy.es\/es\/#website","url":"https:\/\/www.copealcoy.es\/es\/","name":"COPE Alcoy","description":"Emisora COPE de radio local con emisi\u00f3n online. Pont de Sant Jordi 8-10 03803 Alcoy","potentialAction":[{"@type":"SearchAction","target":{"@type":"EntryPoint","urlTemplate":"https:\/\/www.copealcoy.es\/es\/?s={search_term_string}"},"query-input":{"@type":"PropertyValueSpecification","valueRequired":true,"valueName":"search_term_string"}}],"inLanguage":"es"},{"@type":"Person","@id":"https:\/\/www.copealcoy.es\/es\/#\/schema\/person\/e777c87fa024e57d40170af9df39882c","name":"Cope Alcoy","image":{"@type":"ImageObject","inLanguage":"es","@id":"https:\/\/secure.gravatar.com\/avatar\/bb65d0283347e303893ba14f0692005417c1e0e690a325a4c5d8bb2b3943ee14?s=96&d=mm&r=g","url":"https:\/\/secure.gravatar.com\/avatar\/bb65d0283347e303893ba14f0692005417c1e0e690a325a4c5d8bb2b3943ee14?s=96&d=mm&r=g","contentUrl":"https:\/\/secure.gravatar.com\/avatar\/bb65d0283347e303893ba14f0692005417c1e0e690a325a4c5d8bb2b3943ee14?s=96&d=mm&r=g","caption":"Cope Alcoy"}}]}},"_links":{"self":[{"href":"https:\/\/www.copealcoy.es\/es\/wp-json\/wp\/v2\/posts\/23444","targetHints":{"allow":["GET"]}}],"collection":[{"href":"https:\/\/www.copealcoy.es\/es\/wp-json\/wp\/v2\/posts"}],"about":[{"href":"https:\/\/www.copealcoy.es\/es\/wp-json\/wp\/v2\/types\/post"}],"author":[{"embeddable":true,"href":"https:\/\/www.copealcoy.es\/es\/wp-json\/wp\/v2\/users\/1"}],"replies":[{"embeddable":true,"href":"https:\/\/www.copealcoy.es\/es\/wp-json\/wp\/v2\/comments?post=23444"}],"version-history":[{"count":0,"href":"https:\/\/www.copealcoy.es\/es\/wp-json\/wp\/v2\/posts\/23444\/revisions"}],"wp:featuredmedia":[{"embeddable":true,"href":"https:\/\/www.copealcoy.es\/es\/wp-json\/wp\/v2\/media\/23445"}],"wp:attachment":[{"href":"https:\/\/www.copealcoy.es\/es\/wp-json\/wp\/v2\/media?parent=23444"}],"wp:term":[{"taxonomy":"category","embeddable":true,"href":"https:\/\/www.copealcoy.es\/es\/wp-json\/wp\/v2\/categories?post=23444"},{"taxonomy":"post_tag","embeddable":true,"href":"https:\/\/www.copealcoy.es\/es\/wp-json\/wp\/v2\/tags?post=23444"}],"curies":[{"name":"wp","href":"https:\/\/api.w.org\/{rel}","templated":true}]}}