{"id":23382,"date":"2016-07-06T06:00:05","date_gmt":"2016-07-06T06:00:05","guid":{"rendered":"http:\/\/copealcoi.es\/new\/?p=23382"},"modified":"2016-07-05T20:02:33","modified_gmt":"2016-07-05T20:02:33","slug":"cocentaina-acoge-una-jornada-oncologia","status":"publish","type":"post","link":"https:\/\/www.copealcoy.es\/es\/cocentaina-acoge-una-jornada-oncologia\/","title":{"rendered":"Cocentaina acoge una Jornada de Oncolog\u00eda"},"content":{"rendered":"<p style=\"text-align: justify;\">El Centro Cultural El Teular de Cocentaina acoge este mi\u00e9rcoles las octavas\u00a0<strong>Jornadas de Oncolog\u00eda<\/strong> que organiza la Universidad de Alicante. La edici\u00f3n de este 2016 se enmarca bajo el lema\u00a0<em>Recursos para afrontar mejor la enfermedad<\/em>, y la misma va dirigida a enfermos de c\u00e1ncer pero tambi\u00e9n a otro p\u00fablico objetivo como estudiantes de Psicolog\u00eda, Enfermer\u00eda, Trabajo Social, Medicina, profesionales sanitarios o familiares.<\/p>\n<p style=\"text-align: justify;\">Durante el d\u00eda de hoy se hablar\u00e1 sobre el programa de detecci\u00f3n precoz del <strong>c\u00e1ncer de colon<\/strong> y Mar Marcobal impartir\u00e1 una charla sobre la <strong>osteopat\u00eda<\/strong> para el c\u00e1ncer y el papel que desempe\u00f1a el oste\u00f3pata. Por \u00faltimo se efectuar\u00e1 una conferencia sobre la importancia del\u00a0<strong>mindfulnessen<\/strong> en el tratamiento del c\u00e1ncer.<\/p>\n<p style=\"text-align: justify;\">Se\u00f1alar que todos los participantes en las actividades de hoy recibir\u00e1n un <strong>diploma<\/strong> acreditativo de su asistencia a las jornadas.<\/p>\n<p>&nbsp;<\/p>\n","protected":false},"excerpt":{"rendered":"<p>El Centro Cultural El Teular de Cocentaina acoge este mi\u00e9rcoles las octavas\u00a0Jornadas de Oncolog\u00eda que organiza la Universidad de Alicante&#8230;.<\/p>\n","protected":false},"author":1,"featured_media":22708,"comment_status":"open","ping_status":"open","sticky":false,"template":"","format":"standard","meta":{"footnotes":""},"categories":[98,75],"tags":[2491,132,2004,2489,2490],"class_list":["post-23382","post","type-post","status-publish","format-standard","has-post-thumbnail","hentry","category-comarcas","category-noticias","tag-centre-cultural-el-teular","tag-cocentaina","tag-jornada","tag-oncologia","tag-osteopatia"],"yoast_head":"<!-- This site is optimized with the Yoast SEO plugin v27.3 - https:\/\/yoast.com\/product\/yoast-seo-wordpress\/ -->\n<title>Cocentaina acoge una Jornada de Oncolog\u00eda - COPE Alcoy<\/title>\n<meta name=\"robots\" content=\"index, follow, max-snippet:-1, max-image-preview:large, max-video-preview:-1\" \/>\n<link rel=\"canonical\" href=\"https:\/\/www.copealcoy.es\/es\/cocentaina-acoge-una-jornada-oncologia\/\" \/>\n<meta property=\"og:locale\" content=\"es_ES\" \/>\n<meta property=\"og:type\" content=\"article\" \/>\n<meta property=\"og:title\" content=\"Cocentaina acoge una Jornada de Oncolog\u00eda - COPE Alcoy\" \/>\n<meta property=\"og:description\" content=\"El Centro Cultural El Teular de Cocentaina acoge este mi\u00e9rcoles las octavas\u00a0Jornadas de Oncolog\u00eda que organiza la Universidad de Alicante....\" \/>\n<meta property=\"og:url\" content=\"https:\/\/www.copealcoy.es\/es\/cocentaina-acoge-una-jornada-oncologia\/\" \/>\n<meta property=\"og:site_name\" content=\"COPE Alcoy\" \/>\n<meta property=\"article:published_time\" content=\"2016-07-06T06:00:05+00:00\" \/>\n<meta property=\"og:image\" content=\"https:\/\/www.copealcoy.es\/wp-content\/uploads\/2016\/06\/21053795-e1466107453205.jpg\" \/>\n\t<meta property=\"og:image:width\" content=\"1024\" \/>\n\t<meta property=\"og:image:height\" content=\"578\" \/>\n\t<meta property=\"og:image:type\" content=\"image\/jpeg\" \/>\n<meta name=\"author\" content=\"Cope Alcoy\" \/>\n<meta name=\"twitter:label1\" content=\"Escrito por\" \/>\n\t<meta name=\"twitter:data1\" content=\"Cope Alcoy\" \/>\n\t<meta name=\"twitter:label2\" content=\"Tiempo de lectura\" \/>\n\t<meta name=\"twitter:data2\" content=\"1 minuto\" \/>\n<script type=\"application\/ld+json\" class=\"yoast-schema-graph\">{\"@context\":\"https:\\\/\\\/schema.org\",\"@graph\":[{\"@type\":\"Article\",\"@id\":\"https:\\\/\\\/www.copealcoy.es\\\/es\\\/cocentaina-acoge-una-jornada-oncologia\\\/#article\",\"isPartOf\":{\"@id\":\"https:\\\/\\\/www.copealcoy.es\\\/es\\\/cocentaina-acoge-una-jornada-oncologia\\\/\"},\"author\":{\"name\":\"Cope Alcoy\",\"@id\":\"https:\\\/\\\/www.copealcoy.es\\\/es\\\/#\\\/schema\\\/person\\\/e777c87fa024e57d40170af9df39882c\"},\"headline\":\"Cocentaina acoge una Jornada de Oncolog\u00eda\",\"datePublished\":\"2016-07-06T06:00:05+00:00\",\"mainEntityOfPage\":{\"@id\":\"https:\\\/\\\/www.copealcoy.es\\\/es\\\/cocentaina-acoge-una-jornada-oncologia\\\/\"},\"wordCount\":161,\"commentCount\":0,\"image\":{\"@id\":\"https:\\\/\\\/www.copealcoy.es\\\/es\\\/cocentaina-acoge-una-jornada-oncologia\\\/#primaryimage\"},\"thumbnailUrl\":\"https:\\\/\\\/www.copealcoy.es\\\/wp-content\\\/uploads\\\/2016\\\/06\\\/21053795-e1466107453205.jpg\",\"keywords\":[\"Centre Cultural El Teular\",\"Cocentaina\",\"Jornada\",\"Oncolog\u00eda\",\"Osteopat\u00eda\"],\"articleSection\":[\"Comarcas\",\"Noticias\"],\"inLanguage\":\"es\"},{\"@type\":\"WebPage\",\"@id\":\"https:\\\/\\\/www.copealcoy.es\\\/es\\\/cocentaina-acoge-una-jornada-oncologia\\\/\",\"url\":\"https:\\\/\\\/www.copealcoy.es\\\/es\\\/cocentaina-acoge-una-jornada-oncologia\\\/\",\"name\":\"Cocentaina acoge una Jornada de Oncolog\u00eda - COPE Alcoy\",\"isPartOf\":{\"@id\":\"https:\\\/\\\/www.copealcoy.es\\\/es\\\/#website\"},\"primaryImageOfPage\":{\"@id\":\"https:\\\/\\\/www.copealcoy.es\\\/es\\\/cocentaina-acoge-una-jornada-oncologia\\\/#primaryimage\"},\"image\":{\"@id\":\"https:\\\/\\\/www.copealcoy.es\\\/es\\\/cocentaina-acoge-una-jornada-oncologia\\\/#primaryimage\"},\"thumbnailUrl\":\"https:\\\/\\\/www.copealcoy.es\\\/wp-content\\\/uploads\\\/2016\\\/06\\\/21053795-e1466107453205.jpg\",\"datePublished\":\"2016-07-06T06:00:05+00:00\",\"author\":{\"@id\":\"https:\\\/\\\/www.copealcoy.es\\\/es\\\/#\\\/schema\\\/person\\\/e777c87fa024e57d40170af9df39882c\"},\"breadcrumb\":{\"@id\":\"https:\\\/\\\/www.copealcoy.es\\\/es\\\/cocentaina-acoge-una-jornada-oncologia\\\/#breadcrumb\"},\"inLanguage\":\"es\",\"potentialAction\":[{\"@type\":\"ReadAction\",\"target\":[\"https:\\\/\\\/www.copealcoy.es\\\/es\\\/cocentaina-acoge-una-jornada-oncologia\\\/\"]}]},{\"@type\":\"ImageObject\",\"inLanguage\":\"es\",\"@id\":\"https:\\\/\\\/www.copealcoy.es\\\/es\\\/cocentaina-acoge-una-jornada-oncologia\\\/#primaryimage\",\"url\":\"https:\\\/\\\/www.copealcoy.es\\\/wp-content\\\/uploads\\\/2016\\\/06\\\/21053795-e1466107453205.jpg\",\"contentUrl\":\"https:\\\/\\\/www.copealcoy.es\\\/wp-content\\\/uploads\\\/2016\\\/06\\\/21053795-e1466107453205.jpg\",\"width\":1024,\"height\":578,\"caption\":\"Centro Cultural El Teular de Cocentaina\"},{\"@type\":\"BreadcrumbList\",\"@id\":\"https:\\\/\\\/www.copealcoy.es\\\/es\\\/cocentaina-acoge-una-jornada-oncologia\\\/#breadcrumb\",\"itemListElement\":[{\"@type\":\"ListItem\",\"position\":1,\"name\":\"Portada\",\"item\":\"https:\\\/\\\/www.copealcoy.es\\\/es\\\/\"},{\"@type\":\"ListItem\",\"position\":2,\"name\":\"Cocentaina acoge una Jornada de Oncolog\u00eda\"}]},{\"@type\":\"WebSite\",\"@id\":\"https:\\\/\\\/www.copealcoy.es\\\/es\\\/#website\",\"url\":\"https:\\\/\\\/www.copealcoy.es\\\/es\\\/\",\"name\":\"COPE Alcoy\",\"description\":\"Emisora COPE de radio local con emisi\u00f3n online. Pont de Sant Jordi 8-10 03803 Alcoy\",\"potentialAction\":[{\"@type\":\"SearchAction\",\"target\":{\"@type\":\"EntryPoint\",\"urlTemplate\":\"https:\\\/\\\/www.copealcoy.es\\\/es\\\/?s={search_term_string}\"},\"query-input\":{\"@type\":\"PropertyValueSpecification\",\"valueRequired\":true,\"valueName\":\"search_term_string\"}}],\"inLanguage\":\"es\"},{\"@type\":\"Person\",\"@id\":\"https:\\\/\\\/www.copealcoy.es\\\/es\\\/#\\\/schema\\\/person\\\/e777c87fa024e57d40170af9df39882c\",\"name\":\"Cope Alcoy\",\"image\":{\"@type\":\"ImageObject\",\"inLanguage\":\"es\",\"@id\":\"https:\\\/\\\/secure.gravatar.com\\\/avatar\\\/bb65d0283347e303893ba14f0692005417c1e0e690a325a4c5d8bb2b3943ee14?s=96&d=mm&r=g\",\"url\":\"https:\\\/\\\/secure.gravatar.com\\\/avatar\\\/bb65d0283347e303893ba14f0692005417c1e0e690a325a4c5d8bb2b3943ee14?s=96&d=mm&r=g\",\"contentUrl\":\"https:\\\/\\\/secure.gravatar.com\\\/avatar\\\/bb65d0283347e303893ba14f0692005417c1e0e690a325a4c5d8bb2b3943ee14?s=96&d=mm&r=g\",\"caption\":\"Cope Alcoy\"}}]}<\/script>\n<!-- \/ Yoast SEO plugin. -->","yoast_head_json":{"title":"Cocentaina acoge una Jornada de Oncolog\u00eda - COPE Alcoy","robots":{"index":"index","follow":"follow","max-snippet":"max-snippet:-1","max-image-preview":"max-image-preview:large","max-video-preview":"max-video-preview:-1"},"canonical":"https:\/\/www.copealcoy.es\/es\/cocentaina-acoge-una-jornada-oncologia\/","og_locale":"es_ES","og_type":"article","og_title":"Cocentaina acoge una Jornada de Oncolog\u00eda - COPE Alcoy","og_description":"El Centro Cultural El Teular de Cocentaina acoge este mi\u00e9rcoles las octavas\u00a0Jornadas de Oncolog\u00eda que organiza la Universidad de Alicante....","og_url":"https:\/\/www.copealcoy.es\/es\/cocentaina-acoge-una-jornada-oncologia\/","og_site_name":"COPE Alcoy","article_published_time":"2016-07-06T06:00:05+00:00","og_image":[{"width":1024,"height":578,"url":"https:\/\/www.copealcoy.es\/wp-content\/uploads\/2016\/06\/21053795-e1466107453205.jpg","type":"image\/jpeg"}],"author":"Cope Alcoy","twitter_misc":{"Escrito por":"Cope Alcoy","Tiempo de lectura":"1 minuto"},"schema":{"@context":"https:\/\/schema.org","@graph":[{"@type":"Article","@id":"https:\/\/www.copealcoy.es\/es\/cocentaina-acoge-una-jornada-oncologia\/#article","isPartOf":{"@id":"https:\/\/www.copealcoy.es\/es\/cocentaina-acoge-una-jornada-oncologia\/"},"author":{"name":"Cope Alcoy","@id":"https:\/\/www.copealcoy.es\/es\/#\/schema\/person\/e777c87fa024e57d40170af9df39882c"},"headline":"Cocentaina acoge una Jornada de Oncolog\u00eda","datePublished":"2016-07-06T06:00:05+00:00","mainEntityOfPage":{"@id":"https:\/\/www.copealcoy.es\/es\/cocentaina-acoge-una-jornada-oncologia\/"},"wordCount":161,"commentCount":0,"image":{"@id":"https:\/\/www.copealcoy.es\/es\/cocentaina-acoge-una-jornada-oncologia\/#primaryimage"},"thumbnailUrl":"https:\/\/www.copealcoy.es\/wp-content\/uploads\/2016\/06\/21053795-e1466107453205.jpg","keywords":["Centre Cultural El Teular","Cocentaina","Jornada","Oncolog\u00eda","Osteopat\u00eda"],"articleSection":["Comarcas","Noticias"],"inLanguage":"es"},{"@type":"WebPage","@id":"https:\/\/www.copealcoy.es\/es\/cocentaina-acoge-una-jornada-oncologia\/","url":"https:\/\/www.copealcoy.es\/es\/cocentaina-acoge-una-jornada-oncologia\/","name":"Cocentaina acoge una Jornada de Oncolog\u00eda - COPE Alcoy","isPartOf":{"@id":"https:\/\/www.copealcoy.es\/es\/#website"},"primaryImageOfPage":{"@id":"https:\/\/www.copealcoy.es\/es\/cocentaina-acoge-una-jornada-oncologia\/#primaryimage"},"image":{"@id":"https:\/\/www.copealcoy.es\/es\/cocentaina-acoge-una-jornada-oncologia\/#primaryimage"},"thumbnailUrl":"https:\/\/www.copealcoy.es\/wp-content\/uploads\/2016\/06\/21053795-e1466107453205.jpg","datePublished":"2016-07-06T06:00:05+00:00","author":{"@id":"https:\/\/www.copealcoy.es\/es\/#\/schema\/person\/e777c87fa024e57d40170af9df39882c"},"breadcrumb":{"@id":"https:\/\/www.copealcoy.es\/es\/cocentaina-acoge-una-jornada-oncologia\/#breadcrumb"},"inLanguage":"es","potentialAction":[{"@type":"ReadAction","target":["https:\/\/www.copealcoy.es\/es\/cocentaina-acoge-una-jornada-oncologia\/"]}]},{"@type":"ImageObject","inLanguage":"es","@id":"https:\/\/www.copealcoy.es\/es\/cocentaina-acoge-una-jornada-oncologia\/#primaryimage","url":"https:\/\/www.copealcoy.es\/wp-content\/uploads\/2016\/06\/21053795-e1466107453205.jpg","contentUrl":"https:\/\/www.copealcoy.es\/wp-content\/uploads\/2016\/06\/21053795-e1466107453205.jpg","width":1024,"height":578,"caption":"Centro Cultural El Teular de Cocentaina"},{"@type":"BreadcrumbList","@id":"https:\/\/www.copealcoy.es\/es\/cocentaina-acoge-una-jornada-oncologia\/#breadcrumb","itemListElement":[{"@type":"ListItem","position":1,"name":"Portada","item":"https:\/\/www.copealcoy.es\/es\/"},{"@type":"ListItem","position":2,"name":"Cocentaina acoge una Jornada de Oncolog\u00eda"}]},{"@type":"WebSite","@id":"https:\/\/www.copealcoy.es\/es\/#website","url":"https:\/\/www.copealcoy.es\/es\/","name":"COPE Alcoy","description":"Emisora COPE de radio local con emisi\u00f3n online. Pont de Sant Jordi 8-10 03803 Alcoy","potentialAction":[{"@type":"SearchAction","target":{"@type":"EntryPoint","urlTemplate":"https:\/\/www.copealcoy.es\/es\/?s={search_term_string}"},"query-input":{"@type":"PropertyValueSpecification","valueRequired":true,"valueName":"search_term_string"}}],"inLanguage":"es"},{"@type":"Person","@id":"https:\/\/www.copealcoy.es\/es\/#\/schema\/person\/e777c87fa024e57d40170af9df39882c","name":"Cope Alcoy","image":{"@type":"ImageObject","inLanguage":"es","@id":"https:\/\/secure.gravatar.com\/avatar\/bb65d0283347e303893ba14f0692005417c1e0e690a325a4c5d8bb2b3943ee14?s=96&d=mm&r=g","url":"https:\/\/secure.gravatar.com\/avatar\/bb65d0283347e303893ba14f0692005417c1e0e690a325a4c5d8bb2b3943ee14?s=96&d=mm&r=g","contentUrl":"https:\/\/secure.gravatar.com\/avatar\/bb65d0283347e303893ba14f0692005417c1e0e690a325a4c5d8bb2b3943ee14?s=96&d=mm&r=g","caption":"Cope Alcoy"}}]}},"_links":{"self":[{"href":"https:\/\/www.copealcoy.es\/es\/wp-json\/wp\/v2\/posts\/23382","targetHints":{"allow":["GET"]}}],"collection":[{"href":"https:\/\/www.copealcoy.es\/es\/wp-json\/wp\/v2\/posts"}],"about":[{"href":"https:\/\/www.copealcoy.es\/es\/wp-json\/wp\/v2\/types\/post"}],"author":[{"embeddable":true,"href":"https:\/\/www.copealcoy.es\/es\/wp-json\/wp\/v2\/users\/1"}],"replies":[{"embeddable":true,"href":"https:\/\/www.copealcoy.es\/es\/wp-json\/wp\/v2\/comments?post=23382"}],"version-history":[{"count":0,"href":"https:\/\/www.copealcoy.es\/es\/wp-json\/wp\/v2\/posts\/23382\/revisions"}],"wp:featuredmedia":[{"embeddable":true,"href":"https:\/\/www.copealcoy.es\/es\/wp-json\/wp\/v2\/media\/22708"}],"wp:attachment":[{"href":"https:\/\/www.copealcoy.es\/es\/wp-json\/wp\/v2\/media?parent=23382"}],"wp:term":[{"taxonomy":"category","embeddable":true,"href":"https:\/\/www.copealcoy.es\/es\/wp-json\/wp\/v2\/categories?post=23382"},{"taxonomy":"post_tag","embeddable":true,"href":"https:\/\/www.copealcoy.es\/es\/wp-json\/wp\/v2\/tags?post=23382"}],"curies":[{"name":"wp","href":"https:\/\/api.w.org\/{rel}","templated":true}]}}