{"id":23376,"date":"2016-07-05T16:10:47","date_gmt":"2016-07-05T16:10:47","guid":{"rendered":"http:\/\/copealcoi.es\/new\/?p=23376"},"modified":"2016-07-05T16:10:47","modified_gmt":"2016-07-05T16:10:47","slug":"para-el-monumento-de-cervantes","status":"publish","type":"post","link":"https:\/\/www.copealcoy.es\/es\/para-el-monumento-de-cervantes\/","title":{"rendered":"Nuevo alumbrado para el monumento de Cervantes"},"content":{"rendered":"<p style=\"text-align: justify;\">El <strong>monumento<\/strong> que Alcoy dedic\u00f3 a <strong>Miguel de Cervantes<\/strong> en 1905 luce <strong>nueva iluminaci\u00f3n<\/strong> con el fin de dignificar la escultura y rendir un homenaje al escritor con ocasi\u00f3n del 400 aniversario de su muerte.\u00a0Hay que recordar que a principios\u00a0del a\u00f1o 2015 se realiz\u00f3 la limpieza del citado monumento y se efectu\u00f3 la reposici\u00f3n de las letras de bronce que hab\u00edan sido sustra\u00eddas. En esta ocasi\u00f3n, <strong>los trabajos<\/strong> han estado a cargo de\u00a0<u><\/u>la Brigada El\u00e9ctrica<u><\/u>\u00a0Municipal, y tambi\u00e9n ha colaborado una empresa de la localidad que ha construido las estructuras met\u00e1licas que alojan los focos el\u00e9ctricos.<\/p>\n<p style=\"text-align: justify;\">Lorena Zamorano, edil de Patrimonio Hist\u00f3rico, ha se\u00f1alado que <strong>acciones de estas caracter\u00edsticas<\/strong> contribuyen a conservar y poner en valor los elementos culturales de la ciudad <em>&#8220;mediante acciones como esta se dignifica un monumento muy singular, obra del artista Fernando Cabrera Cant\u00f3, que este a\u00f1o cumple su 110 aniversario&#8221;<\/em>, indica.<\/p>\n<p>&nbsp;<\/p>\n<p>&nbsp;<\/p>\n","protected":false},"excerpt":{"rendered":"<p>El monumento que Alcoy dedic\u00f3 a Miguel de Cervantes en 1905 luce nueva iluminaci\u00f3n con el fin de dignificar la&#8230;<\/p>\n","protected":false},"author":1,"featured_media":23377,"comment_status":"open","ping_status":"open","sticky":false,"template":"","format":"standard","meta":{"footnotes":""},"categories":[97,78,75],"tags":[1494,2486,2485,2487,176],"class_list":["post-23376","post","type-post","status-publish","format-standard","has-post-thumbnail","hentry","category-alcoy","category-fiestaycultura","category-noticias","tag-alcoy","tag-miguel-de-cervantes","tag-monumento","tag-nueva-iluminacion","tag-patrimonio"],"yoast_head":"<!-- This site is optimized with the Yoast SEO plugin v27.3 - https:\/\/yoast.com\/product\/yoast-seo-wordpress\/ -->\n<title>Nuevo alumbrado para el monumento de Cervantes - COPE Alcoy<\/title>\n<meta name=\"robots\" content=\"index, follow, max-snippet:-1, max-image-preview:large, max-video-preview:-1\" \/>\n<link rel=\"canonical\" href=\"https:\/\/www.copealcoy.es\/es\/para-el-monumento-de-cervantes\/\" \/>\n<meta property=\"og:locale\" content=\"es_ES\" \/>\n<meta property=\"og:type\" content=\"article\" \/>\n<meta property=\"og:title\" content=\"Nuevo alumbrado para el monumento de Cervantes - COPE Alcoy\" \/>\n<meta property=\"og:description\" content=\"El monumento que Alcoy dedic\u00f3 a Miguel de Cervantes en 1905 luce nueva iluminaci\u00f3n con el fin de dignificar la...\" \/>\n<meta property=\"og:url\" content=\"https:\/\/www.copealcoy.es\/es\/para-el-monumento-de-cervantes\/\" \/>\n<meta property=\"og:site_name\" content=\"COPE Alcoy\" \/>\n<meta property=\"article:published_time\" content=\"2016-07-05T16:10:47+00:00\" \/>\n<meta property=\"og:image\" content=\"https:\/\/www.copealcoy.es\/wp-content\/uploads\/2016\/07\/Monument-Cervantes_1-1024x768.jpg\" \/>\n\t<meta property=\"og:image:width\" content=\"1024\" \/>\n\t<meta property=\"og:image:height\" content=\"768\" \/>\n\t<meta property=\"og:image:type\" content=\"image\/jpeg\" \/>\n<meta name=\"author\" content=\"Cope Alcoy\" \/>\n<meta name=\"twitter:label1\" content=\"Escrito por\" \/>\n\t<meta name=\"twitter:data1\" content=\"Cope Alcoy\" \/>\n\t<meta name=\"twitter:label2\" content=\"Tiempo de lectura\" \/>\n\t<meta name=\"twitter:data2\" content=\"1 minuto\" \/>\n<script type=\"application\/ld+json\" class=\"yoast-schema-graph\">{\"@context\":\"https:\\\/\\\/schema.org\",\"@graph\":[{\"@type\":\"Article\",\"@id\":\"https:\\\/\\\/www.copealcoy.es\\\/es\\\/para-el-monumento-de-cervantes\\\/#article\",\"isPartOf\":{\"@id\":\"https:\\\/\\\/www.copealcoy.es\\\/es\\\/para-el-monumento-de-cervantes\\\/\"},\"author\":{\"name\":\"Cope Alcoy\",\"@id\":\"https:\\\/\\\/www.copealcoy.es\\\/es\\\/#\\\/schema\\\/person\\\/e777c87fa024e57d40170af9df39882c\"},\"headline\":\"Nuevo alumbrado para el monumento de Cervantes\",\"datePublished\":\"2016-07-05T16:10:47+00:00\",\"mainEntityOfPage\":{\"@id\":\"https:\\\/\\\/www.copealcoy.es\\\/es\\\/para-el-monumento-de-cervantes\\\/\"},\"wordCount\":169,\"commentCount\":0,\"image\":{\"@id\":\"https:\\\/\\\/www.copealcoy.es\\\/es\\\/para-el-monumento-de-cervantes\\\/#primaryimage\"},\"thumbnailUrl\":\"https:\\\/\\\/www.copealcoy.es\\\/wp-content\\\/uploads\\\/2016\\\/07\\\/Monument-Cervantes_1.jpg\",\"keywords\":[\"Alcoy\",\"Miguel de Cervantes\",\"Monumento\",\"Nueva Iluminaci\u00f3n\",\"Patrimonio\"],\"articleSection\":[\"Alcoy\",\"Fiesta y Cultura\",\"Noticias\"],\"inLanguage\":\"es\"},{\"@type\":\"WebPage\",\"@id\":\"https:\\\/\\\/www.copealcoy.es\\\/es\\\/para-el-monumento-de-cervantes\\\/\",\"url\":\"https:\\\/\\\/www.copealcoy.es\\\/es\\\/para-el-monumento-de-cervantes\\\/\",\"name\":\"Nuevo alumbrado para el monumento de Cervantes - COPE Alcoy\",\"isPartOf\":{\"@id\":\"https:\\\/\\\/www.copealcoy.es\\\/es\\\/#website\"},\"primaryImageOfPage\":{\"@id\":\"https:\\\/\\\/www.copealcoy.es\\\/es\\\/para-el-monumento-de-cervantes\\\/#primaryimage\"},\"image\":{\"@id\":\"https:\\\/\\\/www.copealcoy.es\\\/es\\\/para-el-monumento-de-cervantes\\\/#primaryimage\"},\"thumbnailUrl\":\"https:\\\/\\\/www.copealcoy.es\\\/wp-content\\\/uploads\\\/2016\\\/07\\\/Monument-Cervantes_1.jpg\",\"datePublished\":\"2016-07-05T16:10:47+00:00\",\"author\":{\"@id\":\"https:\\\/\\\/www.copealcoy.es\\\/es\\\/#\\\/schema\\\/person\\\/e777c87fa024e57d40170af9df39882c\"},\"breadcrumb\":{\"@id\":\"https:\\\/\\\/www.copealcoy.es\\\/es\\\/para-el-monumento-de-cervantes\\\/#breadcrumb\"},\"inLanguage\":\"es\",\"potentialAction\":[{\"@type\":\"ReadAction\",\"target\":[\"https:\\\/\\\/www.copealcoy.es\\\/es\\\/para-el-monumento-de-cervantes\\\/\"]}]},{\"@type\":\"ImageObject\",\"inLanguage\":\"es\",\"@id\":\"https:\\\/\\\/www.copealcoy.es\\\/es\\\/para-el-monumento-de-cervantes\\\/#primaryimage\",\"url\":\"https:\\\/\\\/www.copealcoy.es\\\/wp-content\\\/uploads\\\/2016\\\/07\\\/Monument-Cervantes_1.jpg\",\"contentUrl\":\"https:\\\/\\\/www.copealcoy.es\\\/wp-content\\\/uploads\\\/2016\\\/07\\\/Monument-Cervantes_1.jpg\",\"width\":2560,\"height\":1920,\"caption\":\"El Monumento a Cervantes luce ya con nueva iluminaci\u00f3n \\\/ Foto: Ajuntament Alcoi\"},{\"@type\":\"BreadcrumbList\",\"@id\":\"https:\\\/\\\/www.copealcoy.es\\\/es\\\/para-el-monumento-de-cervantes\\\/#breadcrumb\",\"itemListElement\":[{\"@type\":\"ListItem\",\"position\":1,\"name\":\"Portada\",\"item\":\"https:\\\/\\\/www.copealcoy.es\\\/es\\\/\"},{\"@type\":\"ListItem\",\"position\":2,\"name\":\"Nuevo alumbrado para el monumento de Cervantes\"}]},{\"@type\":\"WebSite\",\"@id\":\"https:\\\/\\\/www.copealcoy.es\\\/es\\\/#website\",\"url\":\"https:\\\/\\\/www.copealcoy.es\\\/es\\\/\",\"name\":\"COPE Alcoy\",\"description\":\"Emisora COPE de radio local con emisi\u00f3n online. Pont de Sant Jordi 8-10 03803 Alcoy\",\"potentialAction\":[{\"@type\":\"SearchAction\",\"target\":{\"@type\":\"EntryPoint\",\"urlTemplate\":\"https:\\\/\\\/www.copealcoy.es\\\/es\\\/?s={search_term_string}\"},\"query-input\":{\"@type\":\"PropertyValueSpecification\",\"valueRequired\":true,\"valueName\":\"search_term_string\"}}],\"inLanguage\":\"es\"},{\"@type\":\"Person\",\"@id\":\"https:\\\/\\\/www.copealcoy.es\\\/es\\\/#\\\/schema\\\/person\\\/e777c87fa024e57d40170af9df39882c\",\"name\":\"Cope Alcoy\",\"image\":{\"@type\":\"ImageObject\",\"inLanguage\":\"es\",\"@id\":\"https:\\\/\\\/secure.gravatar.com\\\/avatar\\\/bb65d0283347e303893ba14f0692005417c1e0e690a325a4c5d8bb2b3943ee14?s=96&d=mm&r=g\",\"url\":\"https:\\\/\\\/secure.gravatar.com\\\/avatar\\\/bb65d0283347e303893ba14f0692005417c1e0e690a325a4c5d8bb2b3943ee14?s=96&d=mm&r=g\",\"contentUrl\":\"https:\\\/\\\/secure.gravatar.com\\\/avatar\\\/bb65d0283347e303893ba14f0692005417c1e0e690a325a4c5d8bb2b3943ee14?s=96&d=mm&r=g\",\"caption\":\"Cope Alcoy\"}}]}<\/script>\n<!-- \/ Yoast SEO plugin. -->","yoast_head_json":{"title":"Nuevo alumbrado para el monumento de Cervantes - COPE Alcoy","robots":{"index":"index","follow":"follow","max-snippet":"max-snippet:-1","max-image-preview":"max-image-preview:large","max-video-preview":"max-video-preview:-1"},"canonical":"https:\/\/www.copealcoy.es\/es\/para-el-monumento-de-cervantes\/","og_locale":"es_ES","og_type":"article","og_title":"Nuevo alumbrado para el monumento de Cervantes - COPE Alcoy","og_description":"El monumento que Alcoy dedic\u00f3 a Miguel de Cervantes en 1905 luce nueva iluminaci\u00f3n con el fin de dignificar la...","og_url":"https:\/\/www.copealcoy.es\/es\/para-el-monumento-de-cervantes\/","og_site_name":"COPE Alcoy","article_published_time":"2016-07-05T16:10:47+00:00","og_image":[{"width":1024,"height":768,"url":"https:\/\/www.copealcoy.es\/wp-content\/uploads\/2016\/07\/Monument-Cervantes_1-1024x768.jpg","type":"image\/jpeg"}],"author":"Cope Alcoy","twitter_misc":{"Escrito por":"Cope Alcoy","Tiempo de lectura":"1 minuto"},"schema":{"@context":"https:\/\/schema.org","@graph":[{"@type":"Article","@id":"https:\/\/www.copealcoy.es\/es\/para-el-monumento-de-cervantes\/#article","isPartOf":{"@id":"https:\/\/www.copealcoy.es\/es\/para-el-monumento-de-cervantes\/"},"author":{"name":"Cope Alcoy","@id":"https:\/\/www.copealcoy.es\/es\/#\/schema\/person\/e777c87fa024e57d40170af9df39882c"},"headline":"Nuevo alumbrado para el monumento de Cervantes","datePublished":"2016-07-05T16:10:47+00:00","mainEntityOfPage":{"@id":"https:\/\/www.copealcoy.es\/es\/para-el-monumento-de-cervantes\/"},"wordCount":169,"commentCount":0,"image":{"@id":"https:\/\/www.copealcoy.es\/es\/para-el-monumento-de-cervantes\/#primaryimage"},"thumbnailUrl":"https:\/\/www.copealcoy.es\/wp-content\/uploads\/2016\/07\/Monument-Cervantes_1.jpg","keywords":["Alcoy","Miguel de Cervantes","Monumento","Nueva Iluminaci\u00f3n","Patrimonio"],"articleSection":["Alcoy","Fiesta y Cultura","Noticias"],"inLanguage":"es"},{"@type":"WebPage","@id":"https:\/\/www.copealcoy.es\/es\/para-el-monumento-de-cervantes\/","url":"https:\/\/www.copealcoy.es\/es\/para-el-monumento-de-cervantes\/","name":"Nuevo alumbrado para el monumento de Cervantes - COPE Alcoy","isPartOf":{"@id":"https:\/\/www.copealcoy.es\/es\/#website"},"primaryImageOfPage":{"@id":"https:\/\/www.copealcoy.es\/es\/para-el-monumento-de-cervantes\/#primaryimage"},"image":{"@id":"https:\/\/www.copealcoy.es\/es\/para-el-monumento-de-cervantes\/#primaryimage"},"thumbnailUrl":"https:\/\/www.copealcoy.es\/wp-content\/uploads\/2016\/07\/Monument-Cervantes_1.jpg","datePublished":"2016-07-05T16:10:47+00:00","author":{"@id":"https:\/\/www.copealcoy.es\/es\/#\/schema\/person\/e777c87fa024e57d40170af9df39882c"},"breadcrumb":{"@id":"https:\/\/www.copealcoy.es\/es\/para-el-monumento-de-cervantes\/#breadcrumb"},"inLanguage":"es","potentialAction":[{"@type":"ReadAction","target":["https:\/\/www.copealcoy.es\/es\/para-el-monumento-de-cervantes\/"]}]},{"@type":"ImageObject","inLanguage":"es","@id":"https:\/\/www.copealcoy.es\/es\/para-el-monumento-de-cervantes\/#primaryimage","url":"https:\/\/www.copealcoy.es\/wp-content\/uploads\/2016\/07\/Monument-Cervantes_1.jpg","contentUrl":"https:\/\/www.copealcoy.es\/wp-content\/uploads\/2016\/07\/Monument-Cervantes_1.jpg","width":2560,"height":1920,"caption":"El Monumento a Cervantes luce ya con nueva iluminaci\u00f3n \/ Foto: Ajuntament Alcoi"},{"@type":"BreadcrumbList","@id":"https:\/\/www.copealcoy.es\/es\/para-el-monumento-de-cervantes\/#breadcrumb","itemListElement":[{"@type":"ListItem","position":1,"name":"Portada","item":"https:\/\/www.copealcoy.es\/es\/"},{"@type":"ListItem","position":2,"name":"Nuevo alumbrado para el monumento de Cervantes"}]},{"@type":"WebSite","@id":"https:\/\/www.copealcoy.es\/es\/#website","url":"https:\/\/www.copealcoy.es\/es\/","name":"COPE Alcoy","description":"Emisora COPE de radio local con emisi\u00f3n online. Pont de Sant Jordi 8-10 03803 Alcoy","potentialAction":[{"@type":"SearchAction","target":{"@type":"EntryPoint","urlTemplate":"https:\/\/www.copealcoy.es\/es\/?s={search_term_string}"},"query-input":{"@type":"PropertyValueSpecification","valueRequired":true,"valueName":"search_term_string"}}],"inLanguage":"es"},{"@type":"Person","@id":"https:\/\/www.copealcoy.es\/es\/#\/schema\/person\/e777c87fa024e57d40170af9df39882c","name":"Cope Alcoy","image":{"@type":"ImageObject","inLanguage":"es","@id":"https:\/\/secure.gravatar.com\/avatar\/bb65d0283347e303893ba14f0692005417c1e0e690a325a4c5d8bb2b3943ee14?s=96&d=mm&r=g","url":"https:\/\/secure.gravatar.com\/avatar\/bb65d0283347e303893ba14f0692005417c1e0e690a325a4c5d8bb2b3943ee14?s=96&d=mm&r=g","contentUrl":"https:\/\/secure.gravatar.com\/avatar\/bb65d0283347e303893ba14f0692005417c1e0e690a325a4c5d8bb2b3943ee14?s=96&d=mm&r=g","caption":"Cope Alcoy"}}]}},"_links":{"self":[{"href":"https:\/\/www.copealcoy.es\/es\/wp-json\/wp\/v2\/posts\/23376","targetHints":{"allow":["GET"]}}],"collection":[{"href":"https:\/\/www.copealcoy.es\/es\/wp-json\/wp\/v2\/posts"}],"about":[{"href":"https:\/\/www.copealcoy.es\/es\/wp-json\/wp\/v2\/types\/post"}],"author":[{"embeddable":true,"href":"https:\/\/www.copealcoy.es\/es\/wp-json\/wp\/v2\/users\/1"}],"replies":[{"embeddable":true,"href":"https:\/\/www.copealcoy.es\/es\/wp-json\/wp\/v2\/comments?post=23376"}],"version-history":[{"count":0,"href":"https:\/\/www.copealcoy.es\/es\/wp-json\/wp\/v2\/posts\/23376\/revisions"}],"wp:featuredmedia":[{"embeddable":true,"href":"https:\/\/www.copealcoy.es\/es\/wp-json\/wp\/v2\/media\/23377"}],"wp:attachment":[{"href":"https:\/\/www.copealcoy.es\/es\/wp-json\/wp\/v2\/media?parent=23376"}],"wp:term":[{"taxonomy":"category","embeddable":true,"href":"https:\/\/www.copealcoy.es\/es\/wp-json\/wp\/v2\/categories?post=23376"},{"taxonomy":"post_tag","embeddable":true,"href":"https:\/\/www.copealcoy.es\/es\/wp-json\/wp\/v2\/tags?post=23376"}],"curies":[{"name":"wp","href":"https:\/\/api.w.org\/{rel}","templated":true}]}}