{"id":23282,"date":"2016-06-24T17:32:09","date_gmt":"2016-06-24T17:32:09","guid":{"rendered":"http:\/\/copealcoi.es\/new\/?p=23282"},"modified":"2017-03-25T09:43:43","modified_gmt":"2017-03-25T09:43:43","slug":"una-oportunidad-adentrarse-la-cuina-la-serra-mariola","status":"publish","type":"post","link":"https:\/\/www.copealcoy.es\/es\/una-oportunidad-adentrarse-la-cuina-la-serra-mariola\/","title":{"rendered":"Una oportunidad para adentrarse en La Cuina de la Serra de Mariola"},"content":{"rendered":"<p style=\"text-align: justify;\"><strong>Ana y Mila Valls<\/strong> han presentado este viernes en <strong>La Ma\u00f1ana de Cope Alcoy<\/strong> su libro, impulsado conjuntamente, y titulado <em>La cuina de la Serra de Mariola. Receptes i gastroliteratura.<\/em>\u00a0La publicaci\u00f3n se adentra en las <strong>particularidades<\/strong> de la gastronom\u00eda de las comarcas del Comtat y de l\u00b4Alcoi\u00e0 abarcando desde las cl\u00e1sicas tapas a platos caseros hasta postres, bebidas tradicionales o reposter\u00eda. Todo ello se ilustra con fotograf\u00edas de Siena Botella y se acompa\u00f1a tambi\u00e9n de singulares\u00a0<strong>textos<\/strong> en un curioso ejercicio de gastroliteratura que da inicio con el pr\u00f3logo a cargo del historiador valenciano Vicent Baydal. A partir de ah\u00ed \u00a0Silvestre Vilaplana, Sergi Castillo, Am\u00e0lia Garrig\u00f3s, Francesc Gisbert, Pepe Sastre, Ivan Carbonell, Merc\u00e8 Climent, Pep Jord\u00e0 o Francesc Jover se adentran en las particularidades de nuestra gastronom\u00eda, su relaci\u00f3n con fiestas como la navidad o los moros y cristianos as\u00ed como la uni\u00f3n entre la comarca y productos t\u00edpicos como el aceite o las bebidas espirituosas.<\/p>\n<p style=\"text-align: justify;\"><em>La cuina de la Serra de Mariola. Receptes i gastroliteratura\u00a0<\/em><strong>se puede encontrar<\/strong> en librer\u00edas de Alcoy y de la comarca mientras que en la p\u00e1gina de Facebook dedicada al libro podemos acceder a\u00a0m\u00e1s informaci\u00f3n sobre todo lo que nos ofrece as\u00ed como del proceso de creaci\u00f3n de este peculiar trabajo literario y gastron\u00f3mico.<\/p>\n<p><iframe loading=\"lazy\" title=\"La Ma\u00f1ana En Alcoy Viernes 24 De Junio\" width=\"100%\" height=\"120\" src=\"https:\/\/www.mixcloud.com\/widget\/iframe\/?feed=https%3A%2F%2Fwww.mixcloud.com%2FCOPEAlcoy%2Fla-ma%25C3%25B1ana-en-alcoy-viernes-24-de-junio%2F&amp;hide_cover=1\" frameborder=\"0\"><\/iframe><\/p>\n<p style=\"text-align: justify;\">\n<p>&nbsp;<\/p>\n","protected":false},"excerpt":{"rendered":"<p>Ana y Mila Valls han presentado este viernes en La Ma\u00f1ana de Cope Alcoy su libro, impulsado conjuntamente, y titulado&#8230;<\/p>\n","protected":false},"author":1,"featured_media":23283,"comment_status":"open","ping_status":"open","sticky":false,"template":"","format":"standard","meta":{"footnotes":""},"categories":[86],"tags":[482,2460,237,716,2461,1387],"class_list":["post-23282","post","type-post","status-publish","format-standard","has-post-thumbnail","hentry","category-encopealcoyteayudamos","tag-alcoia","tag-ana-valls","tag-comtat","tag-gastronomia","tag-mila-valls","tag-serra-mariola"],"yoast_head":"<!-- This site is optimized with the Yoast SEO plugin v27.3 - https:\/\/yoast.com\/product\/yoast-seo-wordpress\/ -->\n<title>Una oportunidad para adentrarse en La Cuina de la Serra de Mariola - COPE Alcoy<\/title>\n<meta name=\"robots\" content=\"index, follow, max-snippet:-1, max-image-preview:large, max-video-preview:-1\" \/>\n<link rel=\"canonical\" href=\"https:\/\/www.copealcoy.es\/es\/una-oportunidad-adentrarse-la-cuina-la-serra-mariola\/\" \/>\n<meta property=\"og:locale\" content=\"es_ES\" \/>\n<meta property=\"og:type\" content=\"article\" \/>\n<meta property=\"og:title\" content=\"Una oportunidad para adentrarse en La Cuina de la Serra de Mariola - COPE Alcoy\" \/>\n<meta property=\"og:description\" content=\"Ana y Mila Valls han presentado este viernes en La Ma\u00f1ana de Cope Alcoy su libro, impulsado conjuntamente, y titulado...\" \/>\n<meta property=\"og:url\" content=\"https:\/\/www.copealcoy.es\/es\/una-oportunidad-adentrarse-la-cuina-la-serra-mariola\/\" \/>\n<meta property=\"og:site_name\" content=\"COPE Alcoy\" \/>\n<meta property=\"article:published_time\" content=\"2016-06-24T17:32:09+00:00\" \/>\n<meta property=\"article:modified_time\" content=\"2017-03-25T09:43:43+00:00\" \/>\n<meta property=\"og:image\" content=\"https:\/\/www.copealcoy.es\/wp-content\/uploads\/2016\/07\/13529177_258597004518232_6261580229930683412_n.jpg\" \/>\n\t<meta property=\"og:image:width\" content=\"960\" \/>\n\t<meta property=\"og:image:height\" content=\"719\" \/>\n\t<meta property=\"og:image:type\" content=\"image\/jpeg\" \/>\n<meta name=\"author\" content=\"Cope Alcoy\" \/>\n<meta name=\"twitter:label1\" content=\"Escrito por\" \/>\n\t<meta name=\"twitter:data1\" content=\"Cope Alcoy\" \/>\n\t<meta name=\"twitter:label2\" content=\"Tiempo de lectura\" \/>\n\t<meta name=\"twitter:data2\" content=\"1 minuto\" \/>\n<script type=\"application\/ld+json\" class=\"yoast-schema-graph\">{\"@context\":\"https:\\\/\\\/schema.org\",\"@graph\":[{\"@type\":\"Article\",\"@id\":\"https:\\\/\\\/www.copealcoy.es\\\/es\\\/una-oportunidad-adentrarse-la-cuina-la-serra-mariola\\\/#article\",\"isPartOf\":{\"@id\":\"https:\\\/\\\/www.copealcoy.es\\\/es\\\/una-oportunidad-adentrarse-la-cuina-la-serra-mariola\\\/\"},\"author\":{\"name\":\"Cope Alcoy\",\"@id\":\"https:\\\/\\\/www.copealcoy.es\\\/es\\\/#\\\/schema\\\/person\\\/e777c87fa024e57d40170af9df39882c\"},\"headline\":\"Una oportunidad para adentrarse en La Cuina de la Serra de Mariola\",\"datePublished\":\"2016-06-24T17:32:09+00:00\",\"dateModified\":\"2017-03-25T09:43:43+00:00\",\"mainEntityOfPage\":{\"@id\":\"https:\\\/\\\/www.copealcoy.es\\\/es\\\/una-oportunidad-adentrarse-la-cuina-la-serra-mariola\\\/\"},\"wordCount\":257,\"commentCount\":0,\"image\":{\"@id\":\"https:\\\/\\\/www.copealcoy.es\\\/es\\\/una-oportunidad-adentrarse-la-cuina-la-serra-mariola\\\/#primaryimage\"},\"thumbnailUrl\":\"https:\\\/\\\/www.copealcoy.es\\\/wp-content\\\/uploads\\\/2016\\\/07\\\/13529177_258597004518232_6261580229930683412_n.jpg\",\"keywords\":[\"Alcoi\u00e0\",\"Ana Valls\",\"Comtat\",\"Gastronom\u00eda\",\"Mila Valls\",\"Serra Mariola\"],\"articleSection\":[\"En COPE Alcoy te ayudamos\"],\"inLanguage\":\"es\"},{\"@type\":\"WebPage\",\"@id\":\"https:\\\/\\\/www.copealcoy.es\\\/es\\\/una-oportunidad-adentrarse-la-cuina-la-serra-mariola\\\/\",\"url\":\"https:\\\/\\\/www.copealcoy.es\\\/es\\\/una-oportunidad-adentrarse-la-cuina-la-serra-mariola\\\/\",\"name\":\"Una oportunidad para adentrarse en La Cuina de la Serra de Mariola - COPE Alcoy\",\"isPartOf\":{\"@id\":\"https:\\\/\\\/www.copealcoy.es\\\/es\\\/#website\"},\"primaryImageOfPage\":{\"@id\":\"https:\\\/\\\/www.copealcoy.es\\\/es\\\/una-oportunidad-adentrarse-la-cuina-la-serra-mariola\\\/#primaryimage\"},\"image\":{\"@id\":\"https:\\\/\\\/www.copealcoy.es\\\/es\\\/una-oportunidad-adentrarse-la-cuina-la-serra-mariola\\\/#primaryimage\"},\"thumbnailUrl\":\"https:\\\/\\\/www.copealcoy.es\\\/wp-content\\\/uploads\\\/2016\\\/07\\\/13529177_258597004518232_6261580229930683412_n.jpg\",\"datePublished\":\"2016-06-24T17:32:09+00:00\",\"dateModified\":\"2017-03-25T09:43:43+00:00\",\"author\":{\"@id\":\"https:\\\/\\\/www.copealcoy.es\\\/es\\\/#\\\/schema\\\/person\\\/e777c87fa024e57d40170af9df39882c\"},\"breadcrumb\":{\"@id\":\"https:\\\/\\\/www.copealcoy.es\\\/es\\\/una-oportunidad-adentrarse-la-cuina-la-serra-mariola\\\/#breadcrumb\"},\"inLanguage\":\"es\",\"potentialAction\":[{\"@type\":\"ReadAction\",\"target\":[\"https:\\\/\\\/www.copealcoy.es\\\/es\\\/una-oportunidad-adentrarse-la-cuina-la-serra-mariola\\\/\"]}]},{\"@type\":\"ImageObject\",\"inLanguage\":\"es\",\"@id\":\"https:\\\/\\\/www.copealcoy.es\\\/es\\\/una-oportunidad-adentrarse-la-cuina-la-serra-mariola\\\/#primaryimage\",\"url\":\"https:\\\/\\\/www.copealcoy.es\\\/wp-content\\\/uploads\\\/2016\\\/07\\\/13529177_258597004518232_6261580229930683412_n.jpg\",\"contentUrl\":\"https:\\\/\\\/www.copealcoy.es\\\/wp-content\\\/uploads\\\/2016\\\/07\\\/13529177_258597004518232_6261580229930683412_n.jpg\",\"width\":960,\"height\":719,\"caption\":\"Mila Valls presentando su libro en La Ma\u00f1ana de Cope Alcoy\"},{\"@type\":\"BreadcrumbList\",\"@id\":\"https:\\\/\\\/www.copealcoy.es\\\/es\\\/una-oportunidad-adentrarse-la-cuina-la-serra-mariola\\\/#breadcrumb\",\"itemListElement\":[{\"@type\":\"ListItem\",\"position\":1,\"name\":\"Portada\",\"item\":\"https:\\\/\\\/www.copealcoy.es\\\/es\\\/\"},{\"@type\":\"ListItem\",\"position\":2,\"name\":\"Una oportunidad para adentrarse en La Cuina de la Serra de Mariola\"}]},{\"@type\":\"WebSite\",\"@id\":\"https:\\\/\\\/www.copealcoy.es\\\/es\\\/#website\",\"url\":\"https:\\\/\\\/www.copealcoy.es\\\/es\\\/\",\"name\":\"COPE Alcoy\",\"description\":\"Emisora COPE de radio local con emisi\u00f3n online. Pont de Sant Jordi 8-10 03803 Alcoy\",\"potentialAction\":[{\"@type\":\"SearchAction\",\"target\":{\"@type\":\"EntryPoint\",\"urlTemplate\":\"https:\\\/\\\/www.copealcoy.es\\\/es\\\/?s={search_term_string}\"},\"query-input\":{\"@type\":\"PropertyValueSpecification\",\"valueRequired\":true,\"valueName\":\"search_term_string\"}}],\"inLanguage\":\"es\"},{\"@type\":\"Person\",\"@id\":\"https:\\\/\\\/www.copealcoy.es\\\/es\\\/#\\\/schema\\\/person\\\/e777c87fa024e57d40170af9df39882c\",\"name\":\"Cope Alcoy\",\"image\":{\"@type\":\"ImageObject\",\"inLanguage\":\"es\",\"@id\":\"https:\\\/\\\/secure.gravatar.com\\\/avatar\\\/bb65d0283347e303893ba14f0692005417c1e0e690a325a4c5d8bb2b3943ee14?s=96&d=mm&r=g\",\"url\":\"https:\\\/\\\/secure.gravatar.com\\\/avatar\\\/bb65d0283347e303893ba14f0692005417c1e0e690a325a4c5d8bb2b3943ee14?s=96&d=mm&r=g\",\"contentUrl\":\"https:\\\/\\\/secure.gravatar.com\\\/avatar\\\/bb65d0283347e303893ba14f0692005417c1e0e690a325a4c5d8bb2b3943ee14?s=96&d=mm&r=g\",\"caption\":\"Cope Alcoy\"}}]}<\/script>\n<!-- \/ Yoast SEO plugin. -->","yoast_head_json":{"title":"Una oportunidad para adentrarse en La Cuina de la Serra de Mariola - COPE Alcoy","robots":{"index":"index","follow":"follow","max-snippet":"max-snippet:-1","max-image-preview":"max-image-preview:large","max-video-preview":"max-video-preview:-1"},"canonical":"https:\/\/www.copealcoy.es\/es\/una-oportunidad-adentrarse-la-cuina-la-serra-mariola\/","og_locale":"es_ES","og_type":"article","og_title":"Una oportunidad para adentrarse en La Cuina de la Serra de Mariola - COPE Alcoy","og_description":"Ana y Mila Valls han presentado este viernes en La Ma\u00f1ana de Cope Alcoy su libro, impulsado conjuntamente, y titulado...","og_url":"https:\/\/www.copealcoy.es\/es\/una-oportunidad-adentrarse-la-cuina-la-serra-mariola\/","og_site_name":"COPE Alcoy","article_published_time":"2016-06-24T17:32:09+00:00","article_modified_time":"2017-03-25T09:43:43+00:00","og_image":[{"width":960,"height":719,"url":"https:\/\/www.copealcoy.es\/wp-content\/uploads\/2016\/07\/13529177_258597004518232_6261580229930683412_n.jpg","type":"image\/jpeg"}],"author":"Cope Alcoy","twitter_misc":{"Escrito por":"Cope Alcoy","Tiempo de lectura":"1 minuto"},"schema":{"@context":"https:\/\/schema.org","@graph":[{"@type":"Article","@id":"https:\/\/www.copealcoy.es\/es\/una-oportunidad-adentrarse-la-cuina-la-serra-mariola\/#article","isPartOf":{"@id":"https:\/\/www.copealcoy.es\/es\/una-oportunidad-adentrarse-la-cuina-la-serra-mariola\/"},"author":{"name":"Cope Alcoy","@id":"https:\/\/www.copealcoy.es\/es\/#\/schema\/person\/e777c87fa024e57d40170af9df39882c"},"headline":"Una oportunidad para adentrarse en La Cuina de la Serra de Mariola","datePublished":"2016-06-24T17:32:09+00:00","dateModified":"2017-03-25T09:43:43+00:00","mainEntityOfPage":{"@id":"https:\/\/www.copealcoy.es\/es\/una-oportunidad-adentrarse-la-cuina-la-serra-mariola\/"},"wordCount":257,"commentCount":0,"image":{"@id":"https:\/\/www.copealcoy.es\/es\/una-oportunidad-adentrarse-la-cuina-la-serra-mariola\/#primaryimage"},"thumbnailUrl":"https:\/\/www.copealcoy.es\/wp-content\/uploads\/2016\/07\/13529177_258597004518232_6261580229930683412_n.jpg","keywords":["Alcoi\u00e0","Ana Valls","Comtat","Gastronom\u00eda","Mila Valls","Serra Mariola"],"articleSection":["En COPE Alcoy te ayudamos"],"inLanguage":"es"},{"@type":"WebPage","@id":"https:\/\/www.copealcoy.es\/es\/una-oportunidad-adentrarse-la-cuina-la-serra-mariola\/","url":"https:\/\/www.copealcoy.es\/es\/una-oportunidad-adentrarse-la-cuina-la-serra-mariola\/","name":"Una oportunidad para adentrarse en La Cuina de la Serra de Mariola - COPE Alcoy","isPartOf":{"@id":"https:\/\/www.copealcoy.es\/es\/#website"},"primaryImageOfPage":{"@id":"https:\/\/www.copealcoy.es\/es\/una-oportunidad-adentrarse-la-cuina-la-serra-mariola\/#primaryimage"},"image":{"@id":"https:\/\/www.copealcoy.es\/es\/una-oportunidad-adentrarse-la-cuina-la-serra-mariola\/#primaryimage"},"thumbnailUrl":"https:\/\/www.copealcoy.es\/wp-content\/uploads\/2016\/07\/13529177_258597004518232_6261580229930683412_n.jpg","datePublished":"2016-06-24T17:32:09+00:00","dateModified":"2017-03-25T09:43:43+00:00","author":{"@id":"https:\/\/www.copealcoy.es\/es\/#\/schema\/person\/e777c87fa024e57d40170af9df39882c"},"breadcrumb":{"@id":"https:\/\/www.copealcoy.es\/es\/una-oportunidad-adentrarse-la-cuina-la-serra-mariola\/#breadcrumb"},"inLanguage":"es","potentialAction":[{"@type":"ReadAction","target":["https:\/\/www.copealcoy.es\/es\/una-oportunidad-adentrarse-la-cuina-la-serra-mariola\/"]}]},{"@type":"ImageObject","inLanguage":"es","@id":"https:\/\/www.copealcoy.es\/es\/una-oportunidad-adentrarse-la-cuina-la-serra-mariola\/#primaryimage","url":"https:\/\/www.copealcoy.es\/wp-content\/uploads\/2016\/07\/13529177_258597004518232_6261580229930683412_n.jpg","contentUrl":"https:\/\/www.copealcoy.es\/wp-content\/uploads\/2016\/07\/13529177_258597004518232_6261580229930683412_n.jpg","width":960,"height":719,"caption":"Mila Valls presentando su libro en La Ma\u00f1ana de Cope Alcoy"},{"@type":"BreadcrumbList","@id":"https:\/\/www.copealcoy.es\/es\/una-oportunidad-adentrarse-la-cuina-la-serra-mariola\/#breadcrumb","itemListElement":[{"@type":"ListItem","position":1,"name":"Portada","item":"https:\/\/www.copealcoy.es\/es\/"},{"@type":"ListItem","position":2,"name":"Una oportunidad para adentrarse en La Cuina de la Serra de Mariola"}]},{"@type":"WebSite","@id":"https:\/\/www.copealcoy.es\/es\/#website","url":"https:\/\/www.copealcoy.es\/es\/","name":"COPE Alcoy","description":"Emisora COPE de radio local con emisi\u00f3n online. Pont de Sant Jordi 8-10 03803 Alcoy","potentialAction":[{"@type":"SearchAction","target":{"@type":"EntryPoint","urlTemplate":"https:\/\/www.copealcoy.es\/es\/?s={search_term_string}"},"query-input":{"@type":"PropertyValueSpecification","valueRequired":true,"valueName":"search_term_string"}}],"inLanguage":"es"},{"@type":"Person","@id":"https:\/\/www.copealcoy.es\/es\/#\/schema\/person\/e777c87fa024e57d40170af9df39882c","name":"Cope Alcoy","image":{"@type":"ImageObject","inLanguage":"es","@id":"https:\/\/secure.gravatar.com\/avatar\/bb65d0283347e303893ba14f0692005417c1e0e690a325a4c5d8bb2b3943ee14?s=96&d=mm&r=g","url":"https:\/\/secure.gravatar.com\/avatar\/bb65d0283347e303893ba14f0692005417c1e0e690a325a4c5d8bb2b3943ee14?s=96&d=mm&r=g","contentUrl":"https:\/\/secure.gravatar.com\/avatar\/bb65d0283347e303893ba14f0692005417c1e0e690a325a4c5d8bb2b3943ee14?s=96&d=mm&r=g","caption":"Cope Alcoy"}}]}},"_links":{"self":[{"href":"https:\/\/www.copealcoy.es\/es\/wp-json\/wp\/v2\/posts\/23282","targetHints":{"allow":["GET"]}}],"collection":[{"href":"https:\/\/www.copealcoy.es\/es\/wp-json\/wp\/v2\/posts"}],"about":[{"href":"https:\/\/www.copealcoy.es\/es\/wp-json\/wp\/v2\/types\/post"}],"author":[{"embeddable":true,"href":"https:\/\/www.copealcoy.es\/es\/wp-json\/wp\/v2\/users\/1"}],"replies":[{"embeddable":true,"href":"https:\/\/www.copealcoy.es\/es\/wp-json\/wp\/v2\/comments?post=23282"}],"version-history":[{"count":0,"href":"https:\/\/www.copealcoy.es\/es\/wp-json\/wp\/v2\/posts\/23282\/revisions"}],"wp:featuredmedia":[{"embeddable":true,"href":"https:\/\/www.copealcoy.es\/es\/wp-json\/wp\/v2\/media\/23283"}],"wp:attachment":[{"href":"https:\/\/www.copealcoy.es\/es\/wp-json\/wp\/v2\/media?parent=23282"}],"wp:term":[{"taxonomy":"category","embeddable":true,"href":"https:\/\/www.copealcoy.es\/es\/wp-json\/wp\/v2\/categories?post=23282"},{"taxonomy":"post_tag","embeddable":true,"href":"https:\/\/www.copealcoy.es\/es\/wp-json\/wp\/v2\/tags?post=23282"}],"curies":[{"name":"wp","href":"https:\/\/api.w.org\/{rel}","templated":true}]}}