{"id":23231,"date":"2016-06-29T22:25:09","date_gmt":"2016-06-29T22:25:09","guid":{"rendered":"http:\/\/copealcoi.es\/new\/?p=23231"},"modified":"2016-06-29T22:25:37","modified_gmt":"2016-06-29T22:25:37","slug":"arrancan-las-obras-adecuar-los-juzgados-la-mare-deu","status":"publish","type":"post","link":"https:\/\/www.copealcoy.es\/es\/arrancan-las-obras-adecuar-los-juzgados-la-mare-deu\/","title":{"rendered":"Arrancan las obras para adecuar los juzgados de la Mare de D\u00e9u"},"content":{"rendered":"<p style=\"text-align: justify;\">El Ayuntamiento de Alcoy iniciaba el pasado viernes los trabajos para adecuar el edificio de la <strong>Placeta de la Mare de D\u00e9u<\/strong> que albergar\u00e1 el futuro <strong>Palacio de Justicia<\/strong>. La intervenci\u00f3n se centra en <strong>adecentar<\/strong> algunos de los espacios que hab\u00edan sufrido actos vand\u00e1licos como los exteriores as\u00ed como en reparar cristales rotos y reponer bajantes o baldosas que fueron sustra\u00eddas tiempo atr\u00e1s. Adem\u00e1s una de las primeras medidas adoptadas ha sido\u00a0tumbar el forjado del registro civil, que no cumpl\u00eda con la altura reglamentaria.<\/p>\n<p style=\"text-align: justify;\">La edil de R\u00e9gimen Jur\u00eddico, <strong>Lorena Zamorano<\/strong>, valora positivamente que los plazos se est\u00e9n cumpliendo y conf\u00edan en que durante este verano se pueda realizar el traslado <em>&#8220;para poder dejar cuanto antes el inmueble de la Plaza Al- Azraq y empezar ya a funcionar el nuevo en septiembre con total normalidad&#8221;<\/em>, indica. De igual forma la concejala espera que se firme el convenio definitivo e insiste en la necesidad de que se establezca un quinto juzgado <em>&#8220;se est\u00e1n realizando las oportunas gestiones con Conseller\u00eda para que a los cuatro juzgados de primera instancia e instrucci\u00f3n se incorpore el quinto con el fin de\u00a0poder facilitar la tarea de los profesionales de la justicia. Es algo que\u00a0hace mucha falta, como denuncia el Tribunal Superior de Justicia con su informe\u00bb&#8221;<\/em> afirma.<\/p>\n<p style=\"text-align: justify;\">Recordar que el <strong>Ayuntamiento<\/strong> y la <strong>Generalitat<\/strong> firmaron semanas atr\u00e1s el <a href=\"https:\/\/www.copealcoy.es\/acuerdo-para-el-traslado-de-los-juzgados-a-la-verge-maria\/\" target=\"_blank\"><strong>convenio<\/strong><\/a> para hacer una realidad este traslado de los juzgados al centro de Alcoy y mediante el cual ambas administraciones se han dado un plazo de un a\u00f1o para buscar la f\u00f3rmula m\u00e1s adecuada que permita al Consistorio recuperar la inversi\u00f3n de <strong>3\u00b45 millones<\/strong> de euros que en su momento hizo para adecuar el edificio de la Verge Mar\u00eda. En el caso de que no se encuentre un acuerdo el Gobierno Valenciano pagar\u00e1 un alquiler de 32.000 \u00a0euros anuales por un m\u00e1ximo de cuatro a\u00f1os, finalizados los cuales acabar\u00eda el contrato.<\/p>\n<p style=\"text-align: justify;\">\n","protected":false},"excerpt":{"rendered":"<p>El Ayuntamiento de Alcoy iniciaba el pasado viernes los trabajos para adecuar el edificio de la Placeta de la Mare&#8230;<\/p>\n","protected":false},"author":1,"featured_media":23232,"comment_status":"open","ping_status":"open","sticky":false,"template":"","format":"standard","meta":{"footnotes":""},"categories":[97,75,125],"tags":[1494,245,1796,145],"class_list":["post-23231","post","type-post","status-publish","format-standard","has-post-thumbnail","hentry","category-alcoy","category-noticias","category-portada","tag-alcoy","tag-juzgados","tag-lorena-zamorano","tag-obras"],"yoast_head":"<!-- This site is optimized with the Yoast SEO plugin v27.3 - https:\/\/yoast.com\/product\/yoast-seo-wordpress\/ -->\n<title>Arrancan las obras para adecuar los juzgados de la Mare de D\u00e9u - COPE Alcoy<\/title>\n<meta name=\"robots\" content=\"index, follow, max-snippet:-1, max-image-preview:large, max-video-preview:-1\" \/>\n<link rel=\"canonical\" href=\"https:\/\/www.copealcoy.es\/es\/arrancan-las-obras-adecuar-los-juzgados-la-mare-deu\/\" \/>\n<meta property=\"og:locale\" content=\"es_ES\" \/>\n<meta property=\"og:type\" content=\"article\" \/>\n<meta property=\"og:title\" content=\"Arrancan las obras para adecuar los juzgados de la Mare de D\u00e9u - COPE Alcoy\" \/>\n<meta property=\"og:description\" content=\"El Ayuntamiento de Alcoy iniciaba el pasado viernes los trabajos para adecuar el edificio de la Placeta de la Mare...\" \/>\n<meta property=\"og:url\" content=\"https:\/\/www.copealcoy.es\/es\/arrancan-las-obras-adecuar-los-juzgados-la-mare-deu\/\" \/>\n<meta property=\"og:site_name\" content=\"COPE Alcoy\" \/>\n<meta property=\"article:published_time\" content=\"2016-06-29T22:25:09+00:00\" \/>\n<meta property=\"article:modified_time\" content=\"2016-06-29T22:25:37+00:00\" \/>\n<meta property=\"og:image\" content=\"https:\/\/www.copealcoy.es\/wp-content\/uploads\/2016\/06\/Jutjats_Obres_3_20160629020647.jpg\" \/>\n\t<meta property=\"og:image:width\" content=\"1024\" \/>\n\t<meta property=\"og:image:height\" content=\"637\" \/>\n\t<meta property=\"og:image:type\" content=\"image\/jpeg\" \/>\n<meta name=\"author\" content=\"Cope Alcoy\" \/>\n<meta name=\"twitter:label1\" content=\"Escrito por\" \/>\n\t<meta name=\"twitter:data1\" content=\"Cope Alcoy\" \/>\n\t<meta name=\"twitter:label2\" content=\"Tiempo de lectura\" \/>\n\t<meta name=\"twitter:data2\" content=\"2 minutos\" \/>\n<script type=\"application\/ld+json\" class=\"yoast-schema-graph\">{\"@context\":\"https:\\\/\\\/schema.org\",\"@graph\":[{\"@type\":\"Article\",\"@id\":\"https:\\\/\\\/www.copealcoy.es\\\/es\\\/arrancan-las-obras-adecuar-los-juzgados-la-mare-deu\\\/#article\",\"isPartOf\":{\"@id\":\"https:\\\/\\\/www.copealcoy.es\\\/es\\\/arrancan-las-obras-adecuar-los-juzgados-la-mare-deu\\\/\"},\"author\":{\"name\":\"Cope Alcoy\",\"@id\":\"https:\\\/\\\/www.copealcoy.es\\\/es\\\/#\\\/schema\\\/person\\\/e777c87fa024e57d40170af9df39882c\"},\"headline\":\"Arrancan las obras para adecuar los juzgados de la Mare de D\u00e9u\",\"datePublished\":\"2016-06-29T22:25:09+00:00\",\"dateModified\":\"2016-06-29T22:25:37+00:00\",\"mainEntityOfPage\":{\"@id\":\"https:\\\/\\\/www.copealcoy.es\\\/es\\\/arrancan-las-obras-adecuar-los-juzgados-la-mare-deu\\\/\"},\"wordCount\":352,\"commentCount\":0,\"image\":{\"@id\":\"https:\\\/\\\/www.copealcoy.es\\\/es\\\/arrancan-las-obras-adecuar-los-juzgados-la-mare-deu\\\/#primaryimage\"},\"thumbnailUrl\":\"https:\\\/\\\/www.copealcoy.es\\\/wp-content\\\/uploads\\\/2016\\\/06\\\/Jutjats_Obres_3_20160629020647.jpg\",\"keywords\":[\"Alcoy\",\"Juzgados\",\"Lorena Zamorano\",\"Obras\"],\"articleSection\":[\"Alcoy\",\"Noticias\",\"Portada\"],\"inLanguage\":\"es\"},{\"@type\":\"WebPage\",\"@id\":\"https:\\\/\\\/www.copealcoy.es\\\/es\\\/arrancan-las-obras-adecuar-los-juzgados-la-mare-deu\\\/\",\"url\":\"https:\\\/\\\/www.copealcoy.es\\\/es\\\/arrancan-las-obras-adecuar-los-juzgados-la-mare-deu\\\/\",\"name\":\"Arrancan las obras para adecuar los juzgados de la Mare de D\u00e9u - COPE Alcoy\",\"isPartOf\":{\"@id\":\"https:\\\/\\\/www.copealcoy.es\\\/es\\\/#website\"},\"primaryImageOfPage\":{\"@id\":\"https:\\\/\\\/www.copealcoy.es\\\/es\\\/arrancan-las-obras-adecuar-los-juzgados-la-mare-deu\\\/#primaryimage\"},\"image\":{\"@id\":\"https:\\\/\\\/www.copealcoy.es\\\/es\\\/arrancan-las-obras-adecuar-los-juzgados-la-mare-deu\\\/#primaryimage\"},\"thumbnailUrl\":\"https:\\\/\\\/www.copealcoy.es\\\/wp-content\\\/uploads\\\/2016\\\/06\\\/Jutjats_Obres_3_20160629020647.jpg\",\"datePublished\":\"2016-06-29T22:25:09+00:00\",\"dateModified\":\"2016-06-29T22:25:37+00:00\",\"author\":{\"@id\":\"https:\\\/\\\/www.copealcoy.es\\\/es\\\/#\\\/schema\\\/person\\\/e777c87fa024e57d40170af9df39882c\"},\"breadcrumb\":{\"@id\":\"https:\\\/\\\/www.copealcoy.es\\\/es\\\/arrancan-las-obras-adecuar-los-juzgados-la-mare-deu\\\/#breadcrumb\"},\"inLanguage\":\"es\",\"potentialAction\":[{\"@type\":\"ReadAction\",\"target\":[\"https:\\\/\\\/www.copealcoy.es\\\/es\\\/arrancan-las-obras-adecuar-los-juzgados-la-mare-deu\\\/\"]}]},{\"@type\":\"ImageObject\",\"inLanguage\":\"es\",\"@id\":\"https:\\\/\\\/www.copealcoy.es\\\/es\\\/arrancan-las-obras-adecuar-los-juzgados-la-mare-deu\\\/#primaryimage\",\"url\":\"https:\\\/\\\/www.copealcoy.es\\\/wp-content\\\/uploads\\\/2016\\\/06\\\/Jutjats_Obres_3_20160629020647.jpg\",\"contentUrl\":\"https:\\\/\\\/www.copealcoy.es\\\/wp-content\\\/uploads\\\/2016\\\/06\\\/Jutjats_Obres_3_20160629020647.jpg\",\"width\":1024,\"height\":637,\"caption\":\"La edil Lorena Zamorano visita las obras\"},{\"@type\":\"BreadcrumbList\",\"@id\":\"https:\\\/\\\/www.copealcoy.es\\\/es\\\/arrancan-las-obras-adecuar-los-juzgados-la-mare-deu\\\/#breadcrumb\",\"itemListElement\":[{\"@type\":\"ListItem\",\"position\":1,\"name\":\"Portada\",\"item\":\"https:\\\/\\\/www.copealcoy.es\\\/es\\\/\"},{\"@type\":\"ListItem\",\"position\":2,\"name\":\"Arrancan las obras para adecuar los juzgados de la Mare de D\u00e9u\"}]},{\"@type\":\"WebSite\",\"@id\":\"https:\\\/\\\/www.copealcoy.es\\\/es\\\/#website\",\"url\":\"https:\\\/\\\/www.copealcoy.es\\\/es\\\/\",\"name\":\"COPE Alcoy\",\"description\":\"Emisora COPE de radio local con emisi\u00f3n online. Pont de Sant Jordi 8-10 03803 Alcoy\",\"potentialAction\":[{\"@type\":\"SearchAction\",\"target\":{\"@type\":\"EntryPoint\",\"urlTemplate\":\"https:\\\/\\\/www.copealcoy.es\\\/es\\\/?s={search_term_string}\"},\"query-input\":{\"@type\":\"PropertyValueSpecification\",\"valueRequired\":true,\"valueName\":\"search_term_string\"}}],\"inLanguage\":\"es\"},{\"@type\":\"Person\",\"@id\":\"https:\\\/\\\/www.copealcoy.es\\\/es\\\/#\\\/schema\\\/person\\\/e777c87fa024e57d40170af9df39882c\",\"name\":\"Cope Alcoy\",\"image\":{\"@type\":\"ImageObject\",\"inLanguage\":\"es\",\"@id\":\"https:\\\/\\\/secure.gravatar.com\\\/avatar\\\/bb65d0283347e303893ba14f0692005417c1e0e690a325a4c5d8bb2b3943ee14?s=96&d=mm&r=g\",\"url\":\"https:\\\/\\\/secure.gravatar.com\\\/avatar\\\/bb65d0283347e303893ba14f0692005417c1e0e690a325a4c5d8bb2b3943ee14?s=96&d=mm&r=g\",\"contentUrl\":\"https:\\\/\\\/secure.gravatar.com\\\/avatar\\\/bb65d0283347e303893ba14f0692005417c1e0e690a325a4c5d8bb2b3943ee14?s=96&d=mm&r=g\",\"caption\":\"Cope Alcoy\"}}]}<\/script>\n<!-- \/ Yoast SEO plugin. -->","yoast_head_json":{"title":"Arrancan las obras para adecuar los juzgados de la Mare de D\u00e9u - COPE Alcoy","robots":{"index":"index","follow":"follow","max-snippet":"max-snippet:-1","max-image-preview":"max-image-preview:large","max-video-preview":"max-video-preview:-1"},"canonical":"https:\/\/www.copealcoy.es\/es\/arrancan-las-obras-adecuar-los-juzgados-la-mare-deu\/","og_locale":"es_ES","og_type":"article","og_title":"Arrancan las obras para adecuar los juzgados de la Mare de D\u00e9u - COPE Alcoy","og_description":"El Ayuntamiento de Alcoy iniciaba el pasado viernes los trabajos para adecuar el edificio de la Placeta de la Mare...","og_url":"https:\/\/www.copealcoy.es\/es\/arrancan-las-obras-adecuar-los-juzgados-la-mare-deu\/","og_site_name":"COPE Alcoy","article_published_time":"2016-06-29T22:25:09+00:00","article_modified_time":"2016-06-29T22:25:37+00:00","og_image":[{"width":1024,"height":637,"url":"https:\/\/www.copealcoy.es\/wp-content\/uploads\/2016\/06\/Jutjats_Obres_3_20160629020647.jpg","type":"image\/jpeg"}],"author":"Cope Alcoy","twitter_misc":{"Escrito por":"Cope Alcoy","Tiempo de lectura":"2 minutos"},"schema":{"@context":"https:\/\/schema.org","@graph":[{"@type":"Article","@id":"https:\/\/www.copealcoy.es\/es\/arrancan-las-obras-adecuar-los-juzgados-la-mare-deu\/#article","isPartOf":{"@id":"https:\/\/www.copealcoy.es\/es\/arrancan-las-obras-adecuar-los-juzgados-la-mare-deu\/"},"author":{"name":"Cope Alcoy","@id":"https:\/\/www.copealcoy.es\/es\/#\/schema\/person\/e777c87fa024e57d40170af9df39882c"},"headline":"Arrancan las obras para adecuar los juzgados de la Mare de D\u00e9u","datePublished":"2016-06-29T22:25:09+00:00","dateModified":"2016-06-29T22:25:37+00:00","mainEntityOfPage":{"@id":"https:\/\/www.copealcoy.es\/es\/arrancan-las-obras-adecuar-los-juzgados-la-mare-deu\/"},"wordCount":352,"commentCount":0,"image":{"@id":"https:\/\/www.copealcoy.es\/es\/arrancan-las-obras-adecuar-los-juzgados-la-mare-deu\/#primaryimage"},"thumbnailUrl":"https:\/\/www.copealcoy.es\/wp-content\/uploads\/2016\/06\/Jutjats_Obres_3_20160629020647.jpg","keywords":["Alcoy","Juzgados","Lorena Zamorano","Obras"],"articleSection":["Alcoy","Noticias","Portada"],"inLanguage":"es"},{"@type":"WebPage","@id":"https:\/\/www.copealcoy.es\/es\/arrancan-las-obras-adecuar-los-juzgados-la-mare-deu\/","url":"https:\/\/www.copealcoy.es\/es\/arrancan-las-obras-adecuar-los-juzgados-la-mare-deu\/","name":"Arrancan las obras para adecuar los juzgados de la Mare de D\u00e9u - COPE Alcoy","isPartOf":{"@id":"https:\/\/www.copealcoy.es\/es\/#website"},"primaryImageOfPage":{"@id":"https:\/\/www.copealcoy.es\/es\/arrancan-las-obras-adecuar-los-juzgados-la-mare-deu\/#primaryimage"},"image":{"@id":"https:\/\/www.copealcoy.es\/es\/arrancan-las-obras-adecuar-los-juzgados-la-mare-deu\/#primaryimage"},"thumbnailUrl":"https:\/\/www.copealcoy.es\/wp-content\/uploads\/2016\/06\/Jutjats_Obres_3_20160629020647.jpg","datePublished":"2016-06-29T22:25:09+00:00","dateModified":"2016-06-29T22:25:37+00:00","author":{"@id":"https:\/\/www.copealcoy.es\/es\/#\/schema\/person\/e777c87fa024e57d40170af9df39882c"},"breadcrumb":{"@id":"https:\/\/www.copealcoy.es\/es\/arrancan-las-obras-adecuar-los-juzgados-la-mare-deu\/#breadcrumb"},"inLanguage":"es","potentialAction":[{"@type":"ReadAction","target":["https:\/\/www.copealcoy.es\/es\/arrancan-las-obras-adecuar-los-juzgados-la-mare-deu\/"]}]},{"@type":"ImageObject","inLanguage":"es","@id":"https:\/\/www.copealcoy.es\/es\/arrancan-las-obras-adecuar-los-juzgados-la-mare-deu\/#primaryimage","url":"https:\/\/www.copealcoy.es\/wp-content\/uploads\/2016\/06\/Jutjats_Obres_3_20160629020647.jpg","contentUrl":"https:\/\/www.copealcoy.es\/wp-content\/uploads\/2016\/06\/Jutjats_Obres_3_20160629020647.jpg","width":1024,"height":637,"caption":"La edil Lorena Zamorano visita las obras"},{"@type":"BreadcrumbList","@id":"https:\/\/www.copealcoy.es\/es\/arrancan-las-obras-adecuar-los-juzgados-la-mare-deu\/#breadcrumb","itemListElement":[{"@type":"ListItem","position":1,"name":"Portada","item":"https:\/\/www.copealcoy.es\/es\/"},{"@type":"ListItem","position":2,"name":"Arrancan las obras para adecuar los juzgados de la Mare de D\u00e9u"}]},{"@type":"WebSite","@id":"https:\/\/www.copealcoy.es\/es\/#website","url":"https:\/\/www.copealcoy.es\/es\/","name":"COPE Alcoy","description":"Emisora COPE de radio local con emisi\u00f3n online. Pont de Sant Jordi 8-10 03803 Alcoy","potentialAction":[{"@type":"SearchAction","target":{"@type":"EntryPoint","urlTemplate":"https:\/\/www.copealcoy.es\/es\/?s={search_term_string}"},"query-input":{"@type":"PropertyValueSpecification","valueRequired":true,"valueName":"search_term_string"}}],"inLanguage":"es"},{"@type":"Person","@id":"https:\/\/www.copealcoy.es\/es\/#\/schema\/person\/e777c87fa024e57d40170af9df39882c","name":"Cope Alcoy","image":{"@type":"ImageObject","inLanguage":"es","@id":"https:\/\/secure.gravatar.com\/avatar\/bb65d0283347e303893ba14f0692005417c1e0e690a325a4c5d8bb2b3943ee14?s=96&d=mm&r=g","url":"https:\/\/secure.gravatar.com\/avatar\/bb65d0283347e303893ba14f0692005417c1e0e690a325a4c5d8bb2b3943ee14?s=96&d=mm&r=g","contentUrl":"https:\/\/secure.gravatar.com\/avatar\/bb65d0283347e303893ba14f0692005417c1e0e690a325a4c5d8bb2b3943ee14?s=96&d=mm&r=g","caption":"Cope Alcoy"}}]}},"_links":{"self":[{"href":"https:\/\/www.copealcoy.es\/es\/wp-json\/wp\/v2\/posts\/23231","targetHints":{"allow":["GET"]}}],"collection":[{"href":"https:\/\/www.copealcoy.es\/es\/wp-json\/wp\/v2\/posts"}],"about":[{"href":"https:\/\/www.copealcoy.es\/es\/wp-json\/wp\/v2\/types\/post"}],"author":[{"embeddable":true,"href":"https:\/\/www.copealcoy.es\/es\/wp-json\/wp\/v2\/users\/1"}],"replies":[{"embeddable":true,"href":"https:\/\/www.copealcoy.es\/es\/wp-json\/wp\/v2\/comments?post=23231"}],"version-history":[{"count":0,"href":"https:\/\/www.copealcoy.es\/es\/wp-json\/wp\/v2\/posts\/23231\/revisions"}],"wp:featuredmedia":[{"embeddable":true,"href":"https:\/\/www.copealcoy.es\/es\/wp-json\/wp\/v2\/media\/23232"}],"wp:attachment":[{"href":"https:\/\/www.copealcoy.es\/es\/wp-json\/wp\/v2\/media?parent=23231"}],"wp:term":[{"taxonomy":"category","embeddable":true,"href":"https:\/\/www.copealcoy.es\/es\/wp-json\/wp\/v2\/categories?post=23231"},{"taxonomy":"post_tag","embeddable":true,"href":"https:\/\/www.copealcoy.es\/es\/wp-json\/wp\/v2\/tags?post=23231"}],"curies":[{"name":"wp","href":"https:\/\/api.w.org\/{rel}","templated":true}]}}