{"id":22989,"date":"2016-06-23T21:36:59","date_gmt":"2016-06-23T21:36:59","guid":{"rendered":"http:\/\/copealcoi.es\/new\/?p=22989"},"modified":"2016-06-23T21:36:59","modified_gmt":"2016-06-23T21:36:59","slug":"adjudicadas-las-obras-mejora-la-calle-virgen-del-pilar-alcoy","status":"publish","type":"post","link":"https:\/\/www.copealcoy.es\/es\/adjudicadas-las-obras-mejora-la-calle-virgen-del-pilar-alcoy\/","title":{"rendered":"Adjudicadas las obras de mejora de la calle Virgen del Pilar de Alcoy"},"content":{"rendered":"<p style=\"text-align: justify;\">El Ayuntamiento de Alcoy ha adjudicado las obras de mejora de la calle Virgen del Pilar de Alcoy por un importe de 140.775 euros. Los trabajos, seg\u00fan ha detallado el edil de Obras y Servicios Jordi Mart\u00ednez en Cope Alcoy, consistir\u00e1 en renovar la red de agua potable y la mejora del pavimento. Adem\u00e1s Mart\u00ednez indica que con esta intervenci\u00f3n &#8220;se solventar\u00e1n los problemas de filtraciones que sufre esta v\u00eda y que se agravaron a\u00f1os atr\u00e1s por el paso de veh\u00edculos pesados durante unas obras en la zona de Toscaret&#8221;, explica.<\/p>\n<p style=\"text-align: justify;\">Las obras tendr\u00e1n un plazo de ejecuci\u00f3n de dos meses y el propio Mart\u00ednez apunta tambi\u00e9n que se mejorar\u00e1 el parque infantil del Viaducto con una inversi\u00f3n de 50.198, un proyecto surgido de los presupuestos participativos, mientras que se destinar\u00e1n otros 80.000 a completar la renovaci\u00f3n del alcantarillado en la calle M\u00e9dico Salvador Garc\u00eda Mu\u00f1oz.<\/p>\n<p style=\"text-align: justify;\">\n<p>&nbsp;<\/p>\n","protected":false},"excerpt":{"rendered":"<p>El Ayuntamiento de Alcoy ha adjudicado las obras de mejora de la calle Virgen del Pilar de Alcoy por un&#8230;<\/p>\n","protected":false},"author":1,"featured_media":22990,"comment_status":"open","ping_status":"open","sticky":false,"template":"","format":"standard","meta":{"footnotes":""},"categories":[97,75],"tags":[1494,927,145,2277,2430],"class_list":["post-22989","post","type-post","status-publish","format-standard","has-post-thumbnail","hentry","category-alcoy","category-noticias","tag-alcoy","tag-jordi-martinez","tag-obras","tag-viaducto","tag-virgen-del-pilar"],"yoast_head":"<!-- This site is optimized with the Yoast SEO plugin v27.3 - https:\/\/yoast.com\/product\/yoast-seo-wordpress\/ -->\n<title>Adjudicadas las obras de mejora de la calle Virgen del Pilar de Alcoy - COPE Alcoy<\/title>\n<meta name=\"robots\" content=\"index, follow, max-snippet:-1, max-image-preview:large, max-video-preview:-1\" \/>\n<link rel=\"canonical\" href=\"https:\/\/www.copealcoy.es\/es\/adjudicadas-las-obras-mejora-la-calle-virgen-del-pilar-alcoy\/\" \/>\n<meta property=\"og:locale\" content=\"es_ES\" \/>\n<meta property=\"og:type\" content=\"article\" \/>\n<meta property=\"og:title\" content=\"Adjudicadas las obras de mejora de la calle Virgen del Pilar de Alcoy - COPE Alcoy\" \/>\n<meta property=\"og:description\" content=\"El Ayuntamiento de Alcoy ha adjudicado las obras de mejora de la calle Virgen del Pilar de Alcoy por un...\" \/>\n<meta property=\"og:url\" content=\"https:\/\/www.copealcoy.es\/es\/adjudicadas-las-obras-mejora-la-calle-virgen-del-pilar-alcoy\/\" \/>\n<meta property=\"og:site_name\" content=\"COPE Alcoy\" \/>\n<meta property=\"article:published_time\" content=\"2016-06-23T21:36:59+00:00\" \/>\n<meta property=\"og:image\" content=\"https:\/\/www.copealcoy.es\/wp-content\/uploads\/2016\/06\/2010-11-23_IMG_2010-11-16_01.36.32__M0601ALCOY.jpg.jpg\" \/>\n\t<meta property=\"og:image:width\" content=\"646\" \/>\n\t<meta property=\"og:image:height\" content=\"392\" \/>\n\t<meta property=\"og:image:type\" content=\"image\/jpeg\" \/>\n<meta name=\"author\" content=\"Cope Alcoy\" \/>\n<meta name=\"twitter:label1\" content=\"Escrito por\" \/>\n\t<meta name=\"twitter:data1\" content=\"Cope Alcoy\" \/>\n\t<meta name=\"twitter:label2\" content=\"Tiempo de lectura\" \/>\n\t<meta name=\"twitter:data2\" content=\"1 minuto\" \/>\n<script type=\"application\/ld+json\" class=\"yoast-schema-graph\">{\"@context\":\"https:\\\/\\\/schema.org\",\"@graph\":[{\"@type\":\"Article\",\"@id\":\"https:\\\/\\\/www.copealcoy.es\\\/es\\\/adjudicadas-las-obras-mejora-la-calle-virgen-del-pilar-alcoy\\\/#article\",\"isPartOf\":{\"@id\":\"https:\\\/\\\/www.copealcoy.es\\\/es\\\/adjudicadas-las-obras-mejora-la-calle-virgen-del-pilar-alcoy\\\/\"},\"author\":{\"name\":\"Cope Alcoy\",\"@id\":\"https:\\\/\\\/www.copealcoy.es\\\/es\\\/#\\\/schema\\\/person\\\/e777c87fa024e57d40170af9df39882c\"},\"headline\":\"Adjudicadas las obras de mejora de la calle Virgen del Pilar de Alcoy\",\"datePublished\":\"2016-06-23T21:36:59+00:00\",\"mainEntityOfPage\":{\"@id\":\"https:\\\/\\\/www.copealcoy.es\\\/es\\\/adjudicadas-las-obras-mejora-la-calle-virgen-del-pilar-alcoy\\\/\"},\"wordCount\":177,\"commentCount\":0,\"image\":{\"@id\":\"https:\\\/\\\/www.copealcoy.es\\\/es\\\/adjudicadas-las-obras-mejora-la-calle-virgen-del-pilar-alcoy\\\/#primaryimage\"},\"thumbnailUrl\":\"https:\\\/\\\/www.copealcoy.es\\\/wp-content\\\/uploads\\\/2016\\\/06\\\/2010-11-23_IMG_2010-11-16_01.36.32__M0601ALCOY.jpg.jpg\",\"keywords\":[\"Alcoy\",\"Jordi Mart\u00ednez\",\"Obras\",\"viaducto\",\"Virgen del Pilar\"],\"articleSection\":[\"Alcoy\",\"Noticias\"],\"inLanguage\":\"es\"},{\"@type\":\"WebPage\",\"@id\":\"https:\\\/\\\/www.copealcoy.es\\\/es\\\/adjudicadas-las-obras-mejora-la-calle-virgen-del-pilar-alcoy\\\/\",\"url\":\"https:\\\/\\\/www.copealcoy.es\\\/es\\\/adjudicadas-las-obras-mejora-la-calle-virgen-del-pilar-alcoy\\\/\",\"name\":\"Adjudicadas las obras de mejora de la calle Virgen del Pilar de Alcoy - COPE Alcoy\",\"isPartOf\":{\"@id\":\"https:\\\/\\\/www.copealcoy.es\\\/es\\\/#website\"},\"primaryImageOfPage\":{\"@id\":\"https:\\\/\\\/www.copealcoy.es\\\/es\\\/adjudicadas-las-obras-mejora-la-calle-virgen-del-pilar-alcoy\\\/#primaryimage\"},\"image\":{\"@id\":\"https:\\\/\\\/www.copealcoy.es\\\/es\\\/adjudicadas-las-obras-mejora-la-calle-virgen-del-pilar-alcoy\\\/#primaryimage\"},\"thumbnailUrl\":\"https:\\\/\\\/www.copealcoy.es\\\/wp-content\\\/uploads\\\/2016\\\/06\\\/2010-11-23_IMG_2010-11-16_01.36.32__M0601ALCOY.jpg.jpg\",\"datePublished\":\"2016-06-23T21:36:59+00:00\",\"author\":{\"@id\":\"https:\\\/\\\/www.copealcoy.es\\\/es\\\/#\\\/schema\\\/person\\\/e777c87fa024e57d40170af9df39882c\"},\"breadcrumb\":{\"@id\":\"https:\\\/\\\/www.copealcoy.es\\\/es\\\/adjudicadas-las-obras-mejora-la-calle-virgen-del-pilar-alcoy\\\/#breadcrumb\"},\"inLanguage\":\"es\",\"potentialAction\":[{\"@type\":\"ReadAction\",\"target\":[\"https:\\\/\\\/www.copealcoy.es\\\/es\\\/adjudicadas-las-obras-mejora-la-calle-virgen-del-pilar-alcoy\\\/\"]}]},{\"@type\":\"ImageObject\",\"inLanguage\":\"es\",\"@id\":\"https:\\\/\\\/www.copealcoy.es\\\/es\\\/adjudicadas-las-obras-mejora-la-calle-virgen-del-pilar-alcoy\\\/#primaryimage\",\"url\":\"https:\\\/\\\/www.copealcoy.es\\\/wp-content\\\/uploads\\\/2016\\\/06\\\/2010-11-23_IMG_2010-11-16_01.36.32__M0601ALCOY.jpg.jpg\",\"contentUrl\":\"https:\\\/\\\/www.copealcoy.es\\\/wp-content\\\/uploads\\\/2016\\\/06\\\/2010-11-23_IMG_2010-11-16_01.36.32__M0601ALCOY.jpg.jpg\",\"width\":646,\"height\":392},{\"@type\":\"BreadcrumbList\",\"@id\":\"https:\\\/\\\/www.copealcoy.es\\\/es\\\/adjudicadas-las-obras-mejora-la-calle-virgen-del-pilar-alcoy\\\/#breadcrumb\",\"itemListElement\":[{\"@type\":\"ListItem\",\"position\":1,\"name\":\"Portada\",\"item\":\"https:\\\/\\\/www.copealcoy.es\\\/es\\\/\"},{\"@type\":\"ListItem\",\"position\":2,\"name\":\"Adjudicadas las obras de mejora de la calle Virgen del Pilar de Alcoy\"}]},{\"@type\":\"WebSite\",\"@id\":\"https:\\\/\\\/www.copealcoy.es\\\/es\\\/#website\",\"url\":\"https:\\\/\\\/www.copealcoy.es\\\/es\\\/\",\"name\":\"COPE Alcoy\",\"description\":\"Emisora COPE de radio local con emisi\u00f3n online. Pont de Sant Jordi 8-10 03803 Alcoy\",\"potentialAction\":[{\"@type\":\"SearchAction\",\"target\":{\"@type\":\"EntryPoint\",\"urlTemplate\":\"https:\\\/\\\/www.copealcoy.es\\\/es\\\/?s={search_term_string}\"},\"query-input\":{\"@type\":\"PropertyValueSpecification\",\"valueRequired\":true,\"valueName\":\"search_term_string\"}}],\"inLanguage\":\"es\"},{\"@type\":\"Person\",\"@id\":\"https:\\\/\\\/www.copealcoy.es\\\/es\\\/#\\\/schema\\\/person\\\/e777c87fa024e57d40170af9df39882c\",\"name\":\"Cope Alcoy\",\"image\":{\"@type\":\"ImageObject\",\"inLanguage\":\"es\",\"@id\":\"https:\\\/\\\/secure.gravatar.com\\\/avatar\\\/bb65d0283347e303893ba14f0692005417c1e0e690a325a4c5d8bb2b3943ee14?s=96&d=mm&r=g\",\"url\":\"https:\\\/\\\/secure.gravatar.com\\\/avatar\\\/bb65d0283347e303893ba14f0692005417c1e0e690a325a4c5d8bb2b3943ee14?s=96&d=mm&r=g\",\"contentUrl\":\"https:\\\/\\\/secure.gravatar.com\\\/avatar\\\/bb65d0283347e303893ba14f0692005417c1e0e690a325a4c5d8bb2b3943ee14?s=96&d=mm&r=g\",\"caption\":\"Cope Alcoy\"}}]}<\/script>\n<!-- \/ Yoast SEO plugin. -->","yoast_head_json":{"title":"Adjudicadas las obras de mejora de la calle Virgen del Pilar de Alcoy - COPE Alcoy","robots":{"index":"index","follow":"follow","max-snippet":"max-snippet:-1","max-image-preview":"max-image-preview:large","max-video-preview":"max-video-preview:-1"},"canonical":"https:\/\/www.copealcoy.es\/es\/adjudicadas-las-obras-mejora-la-calle-virgen-del-pilar-alcoy\/","og_locale":"es_ES","og_type":"article","og_title":"Adjudicadas las obras de mejora de la calle Virgen del Pilar de Alcoy - COPE Alcoy","og_description":"El Ayuntamiento de Alcoy ha adjudicado las obras de mejora de la calle Virgen del Pilar de Alcoy por un...","og_url":"https:\/\/www.copealcoy.es\/es\/adjudicadas-las-obras-mejora-la-calle-virgen-del-pilar-alcoy\/","og_site_name":"COPE Alcoy","article_published_time":"2016-06-23T21:36:59+00:00","og_image":[{"width":646,"height":392,"url":"https:\/\/www.copealcoy.es\/wp-content\/uploads\/2016\/06\/2010-11-23_IMG_2010-11-16_01.36.32__M0601ALCOY.jpg.jpg","type":"image\/jpeg"}],"author":"Cope Alcoy","twitter_misc":{"Escrito por":"Cope Alcoy","Tiempo de lectura":"1 minuto"},"schema":{"@context":"https:\/\/schema.org","@graph":[{"@type":"Article","@id":"https:\/\/www.copealcoy.es\/es\/adjudicadas-las-obras-mejora-la-calle-virgen-del-pilar-alcoy\/#article","isPartOf":{"@id":"https:\/\/www.copealcoy.es\/es\/adjudicadas-las-obras-mejora-la-calle-virgen-del-pilar-alcoy\/"},"author":{"name":"Cope Alcoy","@id":"https:\/\/www.copealcoy.es\/es\/#\/schema\/person\/e777c87fa024e57d40170af9df39882c"},"headline":"Adjudicadas las obras de mejora de la calle Virgen del Pilar de Alcoy","datePublished":"2016-06-23T21:36:59+00:00","mainEntityOfPage":{"@id":"https:\/\/www.copealcoy.es\/es\/adjudicadas-las-obras-mejora-la-calle-virgen-del-pilar-alcoy\/"},"wordCount":177,"commentCount":0,"image":{"@id":"https:\/\/www.copealcoy.es\/es\/adjudicadas-las-obras-mejora-la-calle-virgen-del-pilar-alcoy\/#primaryimage"},"thumbnailUrl":"https:\/\/www.copealcoy.es\/wp-content\/uploads\/2016\/06\/2010-11-23_IMG_2010-11-16_01.36.32__M0601ALCOY.jpg.jpg","keywords":["Alcoy","Jordi Mart\u00ednez","Obras","viaducto","Virgen del Pilar"],"articleSection":["Alcoy","Noticias"],"inLanguage":"es"},{"@type":"WebPage","@id":"https:\/\/www.copealcoy.es\/es\/adjudicadas-las-obras-mejora-la-calle-virgen-del-pilar-alcoy\/","url":"https:\/\/www.copealcoy.es\/es\/adjudicadas-las-obras-mejora-la-calle-virgen-del-pilar-alcoy\/","name":"Adjudicadas las obras de mejora de la calle Virgen del Pilar de Alcoy - COPE Alcoy","isPartOf":{"@id":"https:\/\/www.copealcoy.es\/es\/#website"},"primaryImageOfPage":{"@id":"https:\/\/www.copealcoy.es\/es\/adjudicadas-las-obras-mejora-la-calle-virgen-del-pilar-alcoy\/#primaryimage"},"image":{"@id":"https:\/\/www.copealcoy.es\/es\/adjudicadas-las-obras-mejora-la-calle-virgen-del-pilar-alcoy\/#primaryimage"},"thumbnailUrl":"https:\/\/www.copealcoy.es\/wp-content\/uploads\/2016\/06\/2010-11-23_IMG_2010-11-16_01.36.32__M0601ALCOY.jpg.jpg","datePublished":"2016-06-23T21:36:59+00:00","author":{"@id":"https:\/\/www.copealcoy.es\/es\/#\/schema\/person\/e777c87fa024e57d40170af9df39882c"},"breadcrumb":{"@id":"https:\/\/www.copealcoy.es\/es\/adjudicadas-las-obras-mejora-la-calle-virgen-del-pilar-alcoy\/#breadcrumb"},"inLanguage":"es","potentialAction":[{"@type":"ReadAction","target":["https:\/\/www.copealcoy.es\/es\/adjudicadas-las-obras-mejora-la-calle-virgen-del-pilar-alcoy\/"]}]},{"@type":"ImageObject","inLanguage":"es","@id":"https:\/\/www.copealcoy.es\/es\/adjudicadas-las-obras-mejora-la-calle-virgen-del-pilar-alcoy\/#primaryimage","url":"https:\/\/www.copealcoy.es\/wp-content\/uploads\/2016\/06\/2010-11-23_IMG_2010-11-16_01.36.32__M0601ALCOY.jpg.jpg","contentUrl":"https:\/\/www.copealcoy.es\/wp-content\/uploads\/2016\/06\/2010-11-23_IMG_2010-11-16_01.36.32__M0601ALCOY.jpg.jpg","width":646,"height":392},{"@type":"BreadcrumbList","@id":"https:\/\/www.copealcoy.es\/es\/adjudicadas-las-obras-mejora-la-calle-virgen-del-pilar-alcoy\/#breadcrumb","itemListElement":[{"@type":"ListItem","position":1,"name":"Portada","item":"https:\/\/www.copealcoy.es\/es\/"},{"@type":"ListItem","position":2,"name":"Adjudicadas las obras de mejora de la calle Virgen del Pilar de Alcoy"}]},{"@type":"WebSite","@id":"https:\/\/www.copealcoy.es\/es\/#website","url":"https:\/\/www.copealcoy.es\/es\/","name":"COPE Alcoy","description":"Emisora COPE de radio local con emisi\u00f3n online. Pont de Sant Jordi 8-10 03803 Alcoy","potentialAction":[{"@type":"SearchAction","target":{"@type":"EntryPoint","urlTemplate":"https:\/\/www.copealcoy.es\/es\/?s={search_term_string}"},"query-input":{"@type":"PropertyValueSpecification","valueRequired":true,"valueName":"search_term_string"}}],"inLanguage":"es"},{"@type":"Person","@id":"https:\/\/www.copealcoy.es\/es\/#\/schema\/person\/e777c87fa024e57d40170af9df39882c","name":"Cope Alcoy","image":{"@type":"ImageObject","inLanguage":"es","@id":"https:\/\/secure.gravatar.com\/avatar\/bb65d0283347e303893ba14f0692005417c1e0e690a325a4c5d8bb2b3943ee14?s=96&d=mm&r=g","url":"https:\/\/secure.gravatar.com\/avatar\/bb65d0283347e303893ba14f0692005417c1e0e690a325a4c5d8bb2b3943ee14?s=96&d=mm&r=g","contentUrl":"https:\/\/secure.gravatar.com\/avatar\/bb65d0283347e303893ba14f0692005417c1e0e690a325a4c5d8bb2b3943ee14?s=96&d=mm&r=g","caption":"Cope Alcoy"}}]}},"_links":{"self":[{"href":"https:\/\/www.copealcoy.es\/es\/wp-json\/wp\/v2\/posts\/22989","targetHints":{"allow":["GET"]}}],"collection":[{"href":"https:\/\/www.copealcoy.es\/es\/wp-json\/wp\/v2\/posts"}],"about":[{"href":"https:\/\/www.copealcoy.es\/es\/wp-json\/wp\/v2\/types\/post"}],"author":[{"embeddable":true,"href":"https:\/\/www.copealcoy.es\/es\/wp-json\/wp\/v2\/users\/1"}],"replies":[{"embeddable":true,"href":"https:\/\/www.copealcoy.es\/es\/wp-json\/wp\/v2\/comments?post=22989"}],"version-history":[{"count":0,"href":"https:\/\/www.copealcoy.es\/es\/wp-json\/wp\/v2\/posts\/22989\/revisions"}],"wp:featuredmedia":[{"embeddable":true,"href":"https:\/\/www.copealcoy.es\/es\/wp-json\/wp\/v2\/media\/22990"}],"wp:attachment":[{"href":"https:\/\/www.copealcoy.es\/es\/wp-json\/wp\/v2\/media?parent=22989"}],"wp:term":[{"taxonomy":"category","embeddable":true,"href":"https:\/\/www.copealcoy.es\/es\/wp-json\/wp\/v2\/categories?post=22989"},{"taxonomy":"post_tag","embeddable":true,"href":"https:\/\/www.copealcoy.es\/es\/wp-json\/wp\/v2\/tags?post=22989"}],"curies":[{"name":"wp","href":"https:\/\/api.w.org\/{rel}","templated":true}]}}