{"id":22980,"date":"2016-06-23T21:05:05","date_gmt":"2016-06-23T21:05:05","guid":{"rendered":"http:\/\/copealcoi.es\/new\/?p=22980"},"modified":"2016-06-24T17:16:00","modified_gmt":"2016-06-24T17:16:00","slug":"juan-jose-olcina-elegido-nuevo-presidente-la-asociacion-san-jorge","status":"publish","type":"post","link":"https:\/\/www.copealcoy.es\/es\/juan-jose-olcina-elegido-nuevo-presidente-la-asociacion-san-jorge\/","title":{"rendered":"Juan Jos\u00e9 Olcina es elegido nuevo Presidente de la Asociaci\u00f3n de San Jorge"},"content":{"rendered":"<p style=\"text-align: justify;\">La Asamblea de la Asociaci\u00f3n de San Jorge, celebrada este jueves en el Casal, ha elegido a Juan Jos\u00e9 Olcina como nuevo presidente de la entidad tomando as\u00ed el relevo de Carlos Aracil.<\/p>\n<p style=\"text-align: justify;\">Olcina, festero de la Fil\u00e0 Moz\u00e1rabes y apodado cari\u00f1osamente como\u00a0<em>Miki,\u00a0<\/em>ha recibido 47 votos a favor, cuatro en contra y tres abstenciones. Tambi\u00e9n han sido escogidos para integrar su Junta Directiva\u00a0Vicente Jorge Bas (como vicepresidente segundo; Rafael Torregrosa (como vicesecretario); Gonzalo Juan Abad (tesorero) y Juan Antonio Dom\u00ednguez, Juan Antonio Canalejas, Pau Acosta y Victor Hugo Ribes (vocales).<\/p>\n<p style=\"text-align: justify;\">Todos ellos tomar\u00e1n posesi\u00f3n de su cargo oficialmente el domingo, a partir de las diez y media de la ma\u00f1ana en el transcurso de la eucarist\u00eda que se celebrar\u00e1 en la iglesia de San Jorge.<\/p>\n","protected":false},"excerpt":{"rendered":"<p>La Asamblea de la Asociaci\u00f3n de San Jorge, celebrada este jueves en el Casal, ha elegido a Juan Jos\u00e9 Olcina&#8230;<\/p>\n","protected":false},"author":1,"featured_media":22993,"comment_status":"open","ping_status":"open","sticky":false,"template":"","format":"standard","meta":{"footnotes":""},"categories":[97,78,75,125],"tags":[1494,1468,2354,856,1170],"class_list":["post-22980","post","type-post","status-publish","format-standard","has-post-thumbnail","hentry","category-alcoy","category-fiestaycultura","category-noticias","category-portada","tag-alcoy","tag-asociacion-san-jorge","tag-juan-jose-olcina","tag-moros-i-cristians","tag-presidente"],"yoast_head":"<!-- This site is optimized with the Yoast SEO plugin v27.3 - https:\/\/yoast.com\/product\/yoast-seo-wordpress\/ -->\n<title>Juan Jos\u00e9 Olcina es elegido nuevo Presidente de la Asociaci\u00f3n de San Jorge - COPE Alcoy<\/title>\n<meta name=\"robots\" content=\"index, follow, max-snippet:-1, max-image-preview:large, max-video-preview:-1\" \/>\n<link rel=\"canonical\" href=\"https:\/\/www.copealcoy.es\/es\/juan-jose-olcina-elegido-nuevo-presidente-la-asociacion-san-jorge\/\" \/>\n<meta property=\"og:locale\" content=\"es_ES\" \/>\n<meta property=\"og:type\" content=\"article\" \/>\n<meta property=\"og:title\" content=\"Juan Jos\u00e9 Olcina es elegido nuevo Presidente de la Asociaci\u00f3n de San Jorge - COPE Alcoy\" \/>\n<meta property=\"og:description\" content=\"La Asamblea de la Asociaci\u00f3n de San Jorge, celebrada este jueves en el Casal, ha elegido a Juan Jos\u00e9 Olcina...\" \/>\n<meta property=\"og:url\" content=\"https:\/\/www.copealcoy.es\/es\/juan-jose-olcina-elegido-nuevo-presidente-la-asociacion-san-jorge\/\" \/>\n<meta property=\"og:site_name\" content=\"COPE Alcoy\" \/>\n<meta property=\"article:published_time\" content=\"2016-06-23T21:05:05+00:00\" \/>\n<meta property=\"article:modified_time\" content=\"2016-06-24T17:16:00+00:00\" \/>\n<meta property=\"og:image\" content=\"https:\/\/www.copealcoy.es\/wp-content\/uploads\/2016\/06\/Captura-de-pantalla-2016-06-24-a-las-12.38.55.png\" \/>\n\t<meta property=\"og:image:width\" content=\"583\" \/>\n\t<meta property=\"og:image:height\" content=\"372\" \/>\n\t<meta property=\"og:image:type\" content=\"image\/png\" \/>\n<meta name=\"author\" content=\"Cope Alcoy\" \/>\n<meta name=\"twitter:label1\" content=\"Escrito por\" \/>\n\t<meta name=\"twitter:data1\" content=\"Cope Alcoy\" \/>\n\t<meta name=\"twitter:label2\" content=\"Tiempo de lectura\" \/>\n\t<meta name=\"twitter:data2\" content=\"1 minuto\" \/>\n<script type=\"application\/ld+json\" class=\"yoast-schema-graph\">{\"@context\":\"https:\\\/\\\/schema.org\",\"@graph\":[{\"@type\":\"Article\",\"@id\":\"https:\\\/\\\/www.copealcoy.es\\\/es\\\/juan-jose-olcina-elegido-nuevo-presidente-la-asociacion-san-jorge\\\/#article\",\"isPartOf\":{\"@id\":\"https:\\\/\\\/www.copealcoy.es\\\/es\\\/juan-jose-olcina-elegido-nuevo-presidente-la-asociacion-san-jorge\\\/\"},\"author\":{\"name\":\"Cope Alcoy\",\"@id\":\"https:\\\/\\\/www.copealcoy.es\\\/es\\\/#\\\/schema\\\/person\\\/e777c87fa024e57d40170af9df39882c\"},\"headline\":\"Juan Jos\u00e9 Olcina es elegido nuevo Presidente de la Asociaci\u00f3n de San Jorge\",\"datePublished\":\"2016-06-23T21:05:05+00:00\",\"dateModified\":\"2016-06-24T17:16:00+00:00\",\"mainEntityOfPage\":{\"@id\":\"https:\\\/\\\/www.copealcoy.es\\\/es\\\/juan-jose-olcina-elegido-nuevo-presidente-la-asociacion-san-jorge\\\/\"},\"wordCount\":150,\"commentCount\":0,\"image\":{\"@id\":\"https:\\\/\\\/www.copealcoy.es\\\/es\\\/juan-jose-olcina-elegido-nuevo-presidente-la-asociacion-san-jorge\\\/#primaryimage\"},\"thumbnailUrl\":\"https:\\\/\\\/www.copealcoy.es\\\/wp-content\\\/uploads\\\/2016\\\/06\\\/Captura-de-pantalla-2016-06-24-a-las-12.38.55.png\",\"keywords\":[\"Alcoy\",\"Asociaci\u00f3n San Jorge\",\"Juan Jos\u00e9 Olcina\",\"Moros i Cristians\",\"Presidente\"],\"articleSection\":[\"Alcoy\",\"Fiesta y Cultura\",\"Noticias\",\"Portada\"],\"inLanguage\":\"es\"},{\"@type\":\"WebPage\",\"@id\":\"https:\\\/\\\/www.copealcoy.es\\\/es\\\/juan-jose-olcina-elegido-nuevo-presidente-la-asociacion-san-jorge\\\/\",\"url\":\"https:\\\/\\\/www.copealcoy.es\\\/es\\\/juan-jose-olcina-elegido-nuevo-presidente-la-asociacion-san-jorge\\\/\",\"name\":\"Juan Jos\u00e9 Olcina es elegido nuevo Presidente de la Asociaci\u00f3n de San Jorge - COPE Alcoy\",\"isPartOf\":{\"@id\":\"https:\\\/\\\/www.copealcoy.es\\\/es\\\/#website\"},\"primaryImageOfPage\":{\"@id\":\"https:\\\/\\\/www.copealcoy.es\\\/es\\\/juan-jose-olcina-elegido-nuevo-presidente-la-asociacion-san-jorge\\\/#primaryimage\"},\"image\":{\"@id\":\"https:\\\/\\\/www.copealcoy.es\\\/es\\\/juan-jose-olcina-elegido-nuevo-presidente-la-asociacion-san-jorge\\\/#primaryimage\"},\"thumbnailUrl\":\"https:\\\/\\\/www.copealcoy.es\\\/wp-content\\\/uploads\\\/2016\\\/06\\\/Captura-de-pantalla-2016-06-24-a-las-12.38.55.png\",\"datePublished\":\"2016-06-23T21:05:05+00:00\",\"dateModified\":\"2016-06-24T17:16:00+00:00\",\"author\":{\"@id\":\"https:\\\/\\\/www.copealcoy.es\\\/es\\\/#\\\/schema\\\/person\\\/e777c87fa024e57d40170af9df39882c\"},\"breadcrumb\":{\"@id\":\"https:\\\/\\\/www.copealcoy.es\\\/es\\\/juan-jose-olcina-elegido-nuevo-presidente-la-asociacion-san-jorge\\\/#breadcrumb\"},\"inLanguage\":\"es\",\"potentialAction\":[{\"@type\":\"ReadAction\",\"target\":[\"https:\\\/\\\/www.copealcoy.es\\\/es\\\/juan-jose-olcina-elegido-nuevo-presidente-la-asociacion-san-jorge\\\/\"]}]},{\"@type\":\"ImageObject\",\"inLanguage\":\"es\",\"@id\":\"https:\\\/\\\/www.copealcoy.es\\\/es\\\/juan-jose-olcina-elegido-nuevo-presidente-la-asociacion-san-jorge\\\/#primaryimage\",\"url\":\"https:\\\/\\\/www.copealcoy.es\\\/wp-content\\\/uploads\\\/2016\\\/06\\\/Captura-de-pantalla-2016-06-24-a-las-12.38.55.png\",\"contentUrl\":\"https:\\\/\\\/www.copealcoy.es\\\/wp-content\\\/uploads\\\/2016\\\/06\\\/Captura-de-pantalla-2016-06-24-a-las-12.38.55.png\",\"width\":583,\"height\":372,\"caption\":\"Juan Jos\u00e9 Olcina (nuevo presidente de la ASJ) junto a Carlos Aracil\"},{\"@type\":\"BreadcrumbList\",\"@id\":\"https:\\\/\\\/www.copealcoy.es\\\/es\\\/juan-jose-olcina-elegido-nuevo-presidente-la-asociacion-san-jorge\\\/#breadcrumb\",\"itemListElement\":[{\"@type\":\"ListItem\",\"position\":1,\"name\":\"Portada\",\"item\":\"https:\\\/\\\/www.copealcoy.es\\\/es\\\/\"},{\"@type\":\"ListItem\",\"position\":2,\"name\":\"Juan Jos\u00e9 Olcina es elegido nuevo Presidente de la Asociaci\u00f3n de San Jorge\"}]},{\"@type\":\"WebSite\",\"@id\":\"https:\\\/\\\/www.copealcoy.es\\\/es\\\/#website\",\"url\":\"https:\\\/\\\/www.copealcoy.es\\\/es\\\/\",\"name\":\"COPE Alcoy\",\"description\":\"Emisora COPE de radio local con emisi\u00f3n online. Pont de Sant Jordi 8-10 03803 Alcoy\",\"potentialAction\":[{\"@type\":\"SearchAction\",\"target\":{\"@type\":\"EntryPoint\",\"urlTemplate\":\"https:\\\/\\\/www.copealcoy.es\\\/es\\\/?s={search_term_string}\"},\"query-input\":{\"@type\":\"PropertyValueSpecification\",\"valueRequired\":true,\"valueName\":\"search_term_string\"}}],\"inLanguage\":\"es\"},{\"@type\":\"Person\",\"@id\":\"https:\\\/\\\/www.copealcoy.es\\\/es\\\/#\\\/schema\\\/person\\\/e777c87fa024e57d40170af9df39882c\",\"name\":\"Cope Alcoy\",\"image\":{\"@type\":\"ImageObject\",\"inLanguage\":\"es\",\"@id\":\"https:\\\/\\\/secure.gravatar.com\\\/avatar\\\/bb65d0283347e303893ba14f0692005417c1e0e690a325a4c5d8bb2b3943ee14?s=96&d=mm&r=g\",\"url\":\"https:\\\/\\\/secure.gravatar.com\\\/avatar\\\/bb65d0283347e303893ba14f0692005417c1e0e690a325a4c5d8bb2b3943ee14?s=96&d=mm&r=g\",\"contentUrl\":\"https:\\\/\\\/secure.gravatar.com\\\/avatar\\\/bb65d0283347e303893ba14f0692005417c1e0e690a325a4c5d8bb2b3943ee14?s=96&d=mm&r=g\",\"caption\":\"Cope Alcoy\"}}]}<\/script>\n<!-- \/ Yoast SEO plugin. -->","yoast_head_json":{"title":"Juan Jos\u00e9 Olcina es elegido nuevo Presidente de la Asociaci\u00f3n de San Jorge - COPE Alcoy","robots":{"index":"index","follow":"follow","max-snippet":"max-snippet:-1","max-image-preview":"max-image-preview:large","max-video-preview":"max-video-preview:-1"},"canonical":"https:\/\/www.copealcoy.es\/es\/juan-jose-olcina-elegido-nuevo-presidente-la-asociacion-san-jorge\/","og_locale":"es_ES","og_type":"article","og_title":"Juan Jos\u00e9 Olcina es elegido nuevo Presidente de la Asociaci\u00f3n de San Jorge - COPE Alcoy","og_description":"La Asamblea de la Asociaci\u00f3n de San Jorge, celebrada este jueves en el Casal, ha elegido a Juan Jos\u00e9 Olcina...","og_url":"https:\/\/www.copealcoy.es\/es\/juan-jose-olcina-elegido-nuevo-presidente-la-asociacion-san-jorge\/","og_site_name":"COPE Alcoy","article_published_time":"2016-06-23T21:05:05+00:00","article_modified_time":"2016-06-24T17:16:00+00:00","og_image":[{"width":583,"height":372,"url":"https:\/\/www.copealcoy.es\/wp-content\/uploads\/2016\/06\/Captura-de-pantalla-2016-06-24-a-las-12.38.55.png","type":"image\/png"}],"author":"Cope Alcoy","twitter_misc":{"Escrito por":"Cope Alcoy","Tiempo de lectura":"1 minuto"},"schema":{"@context":"https:\/\/schema.org","@graph":[{"@type":"Article","@id":"https:\/\/www.copealcoy.es\/es\/juan-jose-olcina-elegido-nuevo-presidente-la-asociacion-san-jorge\/#article","isPartOf":{"@id":"https:\/\/www.copealcoy.es\/es\/juan-jose-olcina-elegido-nuevo-presidente-la-asociacion-san-jorge\/"},"author":{"name":"Cope Alcoy","@id":"https:\/\/www.copealcoy.es\/es\/#\/schema\/person\/e777c87fa024e57d40170af9df39882c"},"headline":"Juan Jos\u00e9 Olcina es elegido nuevo Presidente de la Asociaci\u00f3n de San Jorge","datePublished":"2016-06-23T21:05:05+00:00","dateModified":"2016-06-24T17:16:00+00:00","mainEntityOfPage":{"@id":"https:\/\/www.copealcoy.es\/es\/juan-jose-olcina-elegido-nuevo-presidente-la-asociacion-san-jorge\/"},"wordCount":150,"commentCount":0,"image":{"@id":"https:\/\/www.copealcoy.es\/es\/juan-jose-olcina-elegido-nuevo-presidente-la-asociacion-san-jorge\/#primaryimage"},"thumbnailUrl":"https:\/\/www.copealcoy.es\/wp-content\/uploads\/2016\/06\/Captura-de-pantalla-2016-06-24-a-las-12.38.55.png","keywords":["Alcoy","Asociaci\u00f3n San Jorge","Juan Jos\u00e9 Olcina","Moros i Cristians","Presidente"],"articleSection":["Alcoy","Fiesta y Cultura","Noticias","Portada"],"inLanguage":"es"},{"@type":"WebPage","@id":"https:\/\/www.copealcoy.es\/es\/juan-jose-olcina-elegido-nuevo-presidente-la-asociacion-san-jorge\/","url":"https:\/\/www.copealcoy.es\/es\/juan-jose-olcina-elegido-nuevo-presidente-la-asociacion-san-jorge\/","name":"Juan Jos\u00e9 Olcina es elegido nuevo Presidente de la Asociaci\u00f3n de San Jorge - COPE Alcoy","isPartOf":{"@id":"https:\/\/www.copealcoy.es\/es\/#website"},"primaryImageOfPage":{"@id":"https:\/\/www.copealcoy.es\/es\/juan-jose-olcina-elegido-nuevo-presidente-la-asociacion-san-jorge\/#primaryimage"},"image":{"@id":"https:\/\/www.copealcoy.es\/es\/juan-jose-olcina-elegido-nuevo-presidente-la-asociacion-san-jorge\/#primaryimage"},"thumbnailUrl":"https:\/\/www.copealcoy.es\/wp-content\/uploads\/2016\/06\/Captura-de-pantalla-2016-06-24-a-las-12.38.55.png","datePublished":"2016-06-23T21:05:05+00:00","dateModified":"2016-06-24T17:16:00+00:00","author":{"@id":"https:\/\/www.copealcoy.es\/es\/#\/schema\/person\/e777c87fa024e57d40170af9df39882c"},"breadcrumb":{"@id":"https:\/\/www.copealcoy.es\/es\/juan-jose-olcina-elegido-nuevo-presidente-la-asociacion-san-jorge\/#breadcrumb"},"inLanguage":"es","potentialAction":[{"@type":"ReadAction","target":["https:\/\/www.copealcoy.es\/es\/juan-jose-olcina-elegido-nuevo-presidente-la-asociacion-san-jorge\/"]}]},{"@type":"ImageObject","inLanguage":"es","@id":"https:\/\/www.copealcoy.es\/es\/juan-jose-olcina-elegido-nuevo-presidente-la-asociacion-san-jorge\/#primaryimage","url":"https:\/\/www.copealcoy.es\/wp-content\/uploads\/2016\/06\/Captura-de-pantalla-2016-06-24-a-las-12.38.55.png","contentUrl":"https:\/\/www.copealcoy.es\/wp-content\/uploads\/2016\/06\/Captura-de-pantalla-2016-06-24-a-las-12.38.55.png","width":583,"height":372,"caption":"Juan Jos\u00e9 Olcina (nuevo presidente de la ASJ) junto a Carlos Aracil"},{"@type":"BreadcrumbList","@id":"https:\/\/www.copealcoy.es\/es\/juan-jose-olcina-elegido-nuevo-presidente-la-asociacion-san-jorge\/#breadcrumb","itemListElement":[{"@type":"ListItem","position":1,"name":"Portada","item":"https:\/\/www.copealcoy.es\/es\/"},{"@type":"ListItem","position":2,"name":"Juan Jos\u00e9 Olcina es elegido nuevo Presidente de la Asociaci\u00f3n de San Jorge"}]},{"@type":"WebSite","@id":"https:\/\/www.copealcoy.es\/es\/#website","url":"https:\/\/www.copealcoy.es\/es\/","name":"COPE Alcoy","description":"Emisora COPE de radio local con emisi\u00f3n online. Pont de Sant Jordi 8-10 03803 Alcoy","potentialAction":[{"@type":"SearchAction","target":{"@type":"EntryPoint","urlTemplate":"https:\/\/www.copealcoy.es\/es\/?s={search_term_string}"},"query-input":{"@type":"PropertyValueSpecification","valueRequired":true,"valueName":"search_term_string"}}],"inLanguage":"es"},{"@type":"Person","@id":"https:\/\/www.copealcoy.es\/es\/#\/schema\/person\/e777c87fa024e57d40170af9df39882c","name":"Cope Alcoy","image":{"@type":"ImageObject","inLanguage":"es","@id":"https:\/\/secure.gravatar.com\/avatar\/bb65d0283347e303893ba14f0692005417c1e0e690a325a4c5d8bb2b3943ee14?s=96&d=mm&r=g","url":"https:\/\/secure.gravatar.com\/avatar\/bb65d0283347e303893ba14f0692005417c1e0e690a325a4c5d8bb2b3943ee14?s=96&d=mm&r=g","contentUrl":"https:\/\/secure.gravatar.com\/avatar\/bb65d0283347e303893ba14f0692005417c1e0e690a325a4c5d8bb2b3943ee14?s=96&d=mm&r=g","caption":"Cope Alcoy"}}]}},"_links":{"self":[{"href":"https:\/\/www.copealcoy.es\/es\/wp-json\/wp\/v2\/posts\/22980","targetHints":{"allow":["GET"]}}],"collection":[{"href":"https:\/\/www.copealcoy.es\/es\/wp-json\/wp\/v2\/posts"}],"about":[{"href":"https:\/\/www.copealcoy.es\/es\/wp-json\/wp\/v2\/types\/post"}],"author":[{"embeddable":true,"href":"https:\/\/www.copealcoy.es\/es\/wp-json\/wp\/v2\/users\/1"}],"replies":[{"embeddable":true,"href":"https:\/\/www.copealcoy.es\/es\/wp-json\/wp\/v2\/comments?post=22980"}],"version-history":[{"count":0,"href":"https:\/\/www.copealcoy.es\/es\/wp-json\/wp\/v2\/posts\/22980\/revisions"}],"wp:featuredmedia":[{"embeddable":true,"href":"https:\/\/www.copealcoy.es\/es\/wp-json\/wp\/v2\/media\/22993"}],"wp:attachment":[{"href":"https:\/\/www.copealcoy.es\/es\/wp-json\/wp\/v2\/media?parent=22980"}],"wp:term":[{"taxonomy":"category","embeddable":true,"href":"https:\/\/www.copealcoy.es\/es\/wp-json\/wp\/v2\/categories?post=22980"},{"taxonomy":"post_tag","embeddable":true,"href":"https:\/\/www.copealcoy.es\/es\/wp-json\/wp\/v2\/tags?post=22980"}],"curies":[{"name":"wp","href":"https:\/\/api.w.org\/{rel}","templated":true}]}}