{"id":22679,"date":"2016-06-15T20:02:44","date_gmt":"2016-06-15T20:02:44","guid":{"rendered":"http:\/\/copealcoi.es\/new\/?p=22679"},"modified":"2016-06-15T20:02:44","modified_gmt":"2016-06-15T20:02:44","slug":"mejoras-varias-canalizaciones-agua-potable-alcoy","status":"publish","type":"post","link":"https:\/\/www.copealcoy.es\/es\/mejoras-varias-canalizaciones-agua-potable-alcoy\/","title":{"rendered":"Mejoras en varias canalizaciones de agua potable de Alcoy"},"content":{"rendered":"<p>&nbsp;<\/p>\n<p style=\"text-align: justify;\">El Ayuntamiento de Alcoy ha iniciado las obras para sustituir y reparar las canalizaciones de agua potable de dos calles del Centro, en concreto Roger de Ll\u00faria y Diego Fern\u00e1ndez Monta\u00f1\u00e9s.<\/p>\n<p style=\"text-align: justify;\">Desde el \u00e1rea de Obras y Servicios explican que la red en esta zona cuenta con m\u00e1s de setenta a\u00f1os de antig\u00fcedad al mismo tiempo que explican que las tuber\u00edas son de hierro galvanizado, un material considerado no apto para la conducci\u00f3n del Agua. Adem\u00e1s indican que\u00a0la nueva ca\u00f1er\u00eda es un PEAD PN-16 con un di\u00e1metro de 110 mm de polietileno y detallan que la actuaci\u00f3n permitir\u00e1 tambi\u00e9n renovar cinco tomas de agua potable, instalar dos v\u00e1lvulas de corte y una boca de riego. Todo ello con un presupuesto de 32.800 euros que incluir\u00e1 tambi\u00e9n procesos de limpieza y desinfecci\u00f3n para ajustarse a las exigencias sanitarias.<\/p>\n<p style=\"text-align: justify;\">El edil de Medio Ambiente, Jordi Mart\u00ednez, se\u00f1ala que estas intervenciones contribuir\u00e1n a mejorar la gesti\u00f3n del Servicio Municipal de Abastecimiento de Agua Potable de Alcoy &#8220;debido a la eliminaci\u00f3n de un tramo de la red que presentaba un importante envejecimiento y deterioro que en el caso de no haberse actuado existir\u00eda el riesgo de que en la tuber\u00eda entrase cualquier tipo de agente externo&#8221;, afirma. Finalmente el mun\u00edcipe apunta que la reparaci\u00f3n evitar\u00e1 tambi\u00e9n molestias &#8220;a causa de los cortes de suministro para reparar posibles aver\u00edas y los grandes costes econ\u00f3micos que generan los da\u00f1os por inundaci\u00f3n&#8221;, concluye.<\/p>\n","protected":false},"excerpt":{"rendered":"<p>&nbsp; El Ayuntamiento de Alcoy ha iniciado las obras para sustituir y reparar las canalizaciones de agua potable de dos&#8230;<\/p>\n","protected":false},"author":1,"featured_media":22680,"comment_status":"open","ping_status":"open","sticky":false,"template":"","format":"standard","meta":{"footnotes":""},"categories":[97,75,79],"tags":[1494,2398,295,2399],"class_list":["post-22679","post","type-post","status-publish","format-standard","has-post-thumbnail","hentry","category-alcoy","category-noticias","category-politicayeconomia","tag-alcoy","tag-canerias","tag-centro","tag-obras-y-servicios"],"yoast_head":"<!-- This site is optimized with the Yoast SEO plugin v27.3 - https:\/\/yoast.com\/product\/yoast-seo-wordpress\/ -->\n<title>Mejoras en varias canalizaciones de agua potable de Alcoy - COPE Alcoy<\/title>\n<meta name=\"robots\" content=\"index, follow, max-snippet:-1, max-image-preview:large, max-video-preview:-1\" \/>\n<link rel=\"canonical\" href=\"https:\/\/www.copealcoy.es\/es\/mejoras-varias-canalizaciones-agua-potable-alcoy\/\" \/>\n<meta property=\"og:locale\" content=\"es_ES\" \/>\n<meta property=\"og:type\" content=\"article\" \/>\n<meta property=\"og:title\" content=\"Mejoras en varias canalizaciones de agua potable de Alcoy - COPE Alcoy\" \/>\n<meta property=\"og:description\" content=\"&nbsp; El Ayuntamiento de Alcoy ha iniciado las obras para sustituir y reparar las canalizaciones de agua potable de dos...\" \/>\n<meta property=\"og:url\" content=\"https:\/\/www.copealcoy.es\/es\/mejoras-varias-canalizaciones-agua-potable-alcoy\/\" \/>\n<meta property=\"og:site_name\" content=\"COPE Alcoy\" \/>\n<meta property=\"article:published_time\" content=\"2016-06-15T20:02:44+00:00\" \/>\n<meta property=\"og:image\" content=\"https:\/\/www.copealcoy.es\/wp-content\/uploads\/2016\/06\/Captura-de-pantalla-2016-06-15-a-las-21.59.14.jpg\" \/>\n\t<meta property=\"og:image:width\" content=\"740\" \/>\n\t<meta property=\"og:image:height\" content=\"483\" \/>\n\t<meta property=\"og:image:type\" content=\"image\/jpeg\" \/>\n<meta name=\"author\" content=\"Cope Alcoy\" \/>\n<meta name=\"twitter:label1\" content=\"Escrito por\" \/>\n\t<meta name=\"twitter:data1\" content=\"Cope Alcoy\" \/>\n\t<meta name=\"twitter:label2\" content=\"Tiempo de lectura\" \/>\n\t<meta name=\"twitter:data2\" content=\"1 minuto\" \/>\n<script type=\"application\/ld+json\" class=\"yoast-schema-graph\">{\"@context\":\"https:\\\/\\\/schema.org\",\"@graph\":[{\"@type\":\"Article\",\"@id\":\"https:\\\/\\\/www.copealcoy.es\\\/es\\\/mejoras-varias-canalizaciones-agua-potable-alcoy\\\/#article\",\"isPartOf\":{\"@id\":\"https:\\\/\\\/www.copealcoy.es\\\/es\\\/mejoras-varias-canalizaciones-agua-potable-alcoy\\\/\"},\"author\":{\"name\":\"Cope Alcoy\",\"@id\":\"https:\\\/\\\/www.copealcoy.es\\\/es\\\/#\\\/schema\\\/person\\\/e777c87fa024e57d40170af9df39882c\"},\"headline\":\"Mejoras en varias canalizaciones de agua potable de Alcoy\",\"datePublished\":\"2016-06-15T20:02:44+00:00\",\"mainEntityOfPage\":{\"@id\":\"https:\\\/\\\/www.copealcoy.es\\\/es\\\/mejoras-varias-canalizaciones-agua-potable-alcoy\\\/\"},\"wordCount\":276,\"commentCount\":0,\"image\":{\"@id\":\"https:\\\/\\\/www.copealcoy.es\\\/es\\\/mejoras-varias-canalizaciones-agua-potable-alcoy\\\/#primaryimage\"},\"thumbnailUrl\":\"https:\\\/\\\/www.copealcoy.es\\\/wp-content\\\/uploads\\\/2016\\\/06\\\/Captura-de-pantalla-2016-06-15-a-las-21.59.14.jpg\",\"keywords\":[\"Alcoy\",\"Ca\u00f1er\u00edas\",\"Centro\",\"Obras y Servicios\"],\"articleSection\":[\"Alcoy\",\"Noticias\",\"Pol\u00edtica y Econom\u00eda\"],\"inLanguage\":\"es\"},{\"@type\":\"WebPage\",\"@id\":\"https:\\\/\\\/www.copealcoy.es\\\/es\\\/mejoras-varias-canalizaciones-agua-potable-alcoy\\\/\",\"url\":\"https:\\\/\\\/www.copealcoy.es\\\/es\\\/mejoras-varias-canalizaciones-agua-potable-alcoy\\\/\",\"name\":\"Mejoras en varias canalizaciones de agua potable de Alcoy - COPE Alcoy\",\"isPartOf\":{\"@id\":\"https:\\\/\\\/www.copealcoy.es\\\/es\\\/#website\"},\"primaryImageOfPage\":{\"@id\":\"https:\\\/\\\/www.copealcoy.es\\\/es\\\/mejoras-varias-canalizaciones-agua-potable-alcoy\\\/#primaryimage\"},\"image\":{\"@id\":\"https:\\\/\\\/www.copealcoy.es\\\/es\\\/mejoras-varias-canalizaciones-agua-potable-alcoy\\\/#primaryimage\"},\"thumbnailUrl\":\"https:\\\/\\\/www.copealcoy.es\\\/wp-content\\\/uploads\\\/2016\\\/06\\\/Captura-de-pantalla-2016-06-15-a-las-21.59.14.jpg\",\"datePublished\":\"2016-06-15T20:02:44+00:00\",\"author\":{\"@id\":\"https:\\\/\\\/www.copealcoy.es\\\/es\\\/#\\\/schema\\\/person\\\/e777c87fa024e57d40170af9df39882c\"},\"breadcrumb\":{\"@id\":\"https:\\\/\\\/www.copealcoy.es\\\/es\\\/mejoras-varias-canalizaciones-agua-potable-alcoy\\\/#breadcrumb\"},\"inLanguage\":\"es\",\"potentialAction\":[{\"@type\":\"ReadAction\",\"target\":[\"https:\\\/\\\/www.copealcoy.es\\\/es\\\/mejoras-varias-canalizaciones-agua-potable-alcoy\\\/\"]}]},{\"@type\":\"ImageObject\",\"inLanguage\":\"es\",\"@id\":\"https:\\\/\\\/www.copealcoy.es\\\/es\\\/mejoras-varias-canalizaciones-agua-potable-alcoy\\\/#primaryimage\",\"url\":\"https:\\\/\\\/www.copealcoy.es\\\/wp-content\\\/uploads\\\/2016\\\/06\\\/Captura-de-pantalla-2016-06-15-a-las-21.59.14.jpg\",\"contentUrl\":\"https:\\\/\\\/www.copealcoy.es\\\/wp-content\\\/uploads\\\/2016\\\/06\\\/Captura-de-pantalla-2016-06-15-a-las-21.59.14.jpg\",\"width\":740,\"height\":483,\"caption\":\"Mart\u00ednez y Franc\u00e9s supervisando el desarrollo de los trabajos \\\/ Foto: Aj. Alcoi\"},{\"@type\":\"BreadcrumbList\",\"@id\":\"https:\\\/\\\/www.copealcoy.es\\\/es\\\/mejoras-varias-canalizaciones-agua-potable-alcoy\\\/#breadcrumb\",\"itemListElement\":[{\"@type\":\"ListItem\",\"position\":1,\"name\":\"Portada\",\"item\":\"https:\\\/\\\/www.copealcoy.es\\\/es\\\/\"},{\"@type\":\"ListItem\",\"position\":2,\"name\":\"Mejoras en varias canalizaciones de agua potable de Alcoy\"}]},{\"@type\":\"WebSite\",\"@id\":\"https:\\\/\\\/www.copealcoy.es\\\/es\\\/#website\",\"url\":\"https:\\\/\\\/www.copealcoy.es\\\/es\\\/\",\"name\":\"COPE Alcoy\",\"description\":\"Emisora COPE de radio local con emisi\u00f3n online. Pont de Sant Jordi 8-10 03803 Alcoy\",\"potentialAction\":[{\"@type\":\"SearchAction\",\"target\":{\"@type\":\"EntryPoint\",\"urlTemplate\":\"https:\\\/\\\/www.copealcoy.es\\\/es\\\/?s={search_term_string}\"},\"query-input\":{\"@type\":\"PropertyValueSpecification\",\"valueRequired\":true,\"valueName\":\"search_term_string\"}}],\"inLanguage\":\"es\"},{\"@type\":\"Person\",\"@id\":\"https:\\\/\\\/www.copealcoy.es\\\/es\\\/#\\\/schema\\\/person\\\/e777c87fa024e57d40170af9df39882c\",\"name\":\"Cope Alcoy\",\"image\":{\"@type\":\"ImageObject\",\"inLanguage\":\"es\",\"@id\":\"https:\\\/\\\/secure.gravatar.com\\\/avatar\\\/bb65d0283347e303893ba14f0692005417c1e0e690a325a4c5d8bb2b3943ee14?s=96&d=mm&r=g\",\"url\":\"https:\\\/\\\/secure.gravatar.com\\\/avatar\\\/bb65d0283347e303893ba14f0692005417c1e0e690a325a4c5d8bb2b3943ee14?s=96&d=mm&r=g\",\"contentUrl\":\"https:\\\/\\\/secure.gravatar.com\\\/avatar\\\/bb65d0283347e303893ba14f0692005417c1e0e690a325a4c5d8bb2b3943ee14?s=96&d=mm&r=g\",\"caption\":\"Cope Alcoy\"}}]}<\/script>\n<!-- \/ Yoast SEO plugin. -->","yoast_head_json":{"title":"Mejoras en varias canalizaciones de agua potable de Alcoy - COPE Alcoy","robots":{"index":"index","follow":"follow","max-snippet":"max-snippet:-1","max-image-preview":"max-image-preview:large","max-video-preview":"max-video-preview:-1"},"canonical":"https:\/\/www.copealcoy.es\/es\/mejoras-varias-canalizaciones-agua-potable-alcoy\/","og_locale":"es_ES","og_type":"article","og_title":"Mejoras en varias canalizaciones de agua potable de Alcoy - COPE Alcoy","og_description":"&nbsp; El Ayuntamiento de Alcoy ha iniciado las obras para sustituir y reparar las canalizaciones de agua potable de dos...","og_url":"https:\/\/www.copealcoy.es\/es\/mejoras-varias-canalizaciones-agua-potable-alcoy\/","og_site_name":"COPE Alcoy","article_published_time":"2016-06-15T20:02:44+00:00","og_image":[{"width":740,"height":483,"url":"https:\/\/www.copealcoy.es\/wp-content\/uploads\/2016\/06\/Captura-de-pantalla-2016-06-15-a-las-21.59.14.jpg","type":"image\/jpeg"}],"author":"Cope Alcoy","twitter_misc":{"Escrito por":"Cope Alcoy","Tiempo de lectura":"1 minuto"},"schema":{"@context":"https:\/\/schema.org","@graph":[{"@type":"Article","@id":"https:\/\/www.copealcoy.es\/es\/mejoras-varias-canalizaciones-agua-potable-alcoy\/#article","isPartOf":{"@id":"https:\/\/www.copealcoy.es\/es\/mejoras-varias-canalizaciones-agua-potable-alcoy\/"},"author":{"name":"Cope Alcoy","@id":"https:\/\/www.copealcoy.es\/es\/#\/schema\/person\/e777c87fa024e57d40170af9df39882c"},"headline":"Mejoras en varias canalizaciones de agua potable de Alcoy","datePublished":"2016-06-15T20:02:44+00:00","mainEntityOfPage":{"@id":"https:\/\/www.copealcoy.es\/es\/mejoras-varias-canalizaciones-agua-potable-alcoy\/"},"wordCount":276,"commentCount":0,"image":{"@id":"https:\/\/www.copealcoy.es\/es\/mejoras-varias-canalizaciones-agua-potable-alcoy\/#primaryimage"},"thumbnailUrl":"https:\/\/www.copealcoy.es\/wp-content\/uploads\/2016\/06\/Captura-de-pantalla-2016-06-15-a-las-21.59.14.jpg","keywords":["Alcoy","Ca\u00f1er\u00edas","Centro","Obras y Servicios"],"articleSection":["Alcoy","Noticias","Pol\u00edtica y Econom\u00eda"],"inLanguage":"es"},{"@type":"WebPage","@id":"https:\/\/www.copealcoy.es\/es\/mejoras-varias-canalizaciones-agua-potable-alcoy\/","url":"https:\/\/www.copealcoy.es\/es\/mejoras-varias-canalizaciones-agua-potable-alcoy\/","name":"Mejoras en varias canalizaciones de agua potable de Alcoy - COPE Alcoy","isPartOf":{"@id":"https:\/\/www.copealcoy.es\/es\/#website"},"primaryImageOfPage":{"@id":"https:\/\/www.copealcoy.es\/es\/mejoras-varias-canalizaciones-agua-potable-alcoy\/#primaryimage"},"image":{"@id":"https:\/\/www.copealcoy.es\/es\/mejoras-varias-canalizaciones-agua-potable-alcoy\/#primaryimage"},"thumbnailUrl":"https:\/\/www.copealcoy.es\/wp-content\/uploads\/2016\/06\/Captura-de-pantalla-2016-06-15-a-las-21.59.14.jpg","datePublished":"2016-06-15T20:02:44+00:00","author":{"@id":"https:\/\/www.copealcoy.es\/es\/#\/schema\/person\/e777c87fa024e57d40170af9df39882c"},"breadcrumb":{"@id":"https:\/\/www.copealcoy.es\/es\/mejoras-varias-canalizaciones-agua-potable-alcoy\/#breadcrumb"},"inLanguage":"es","potentialAction":[{"@type":"ReadAction","target":["https:\/\/www.copealcoy.es\/es\/mejoras-varias-canalizaciones-agua-potable-alcoy\/"]}]},{"@type":"ImageObject","inLanguage":"es","@id":"https:\/\/www.copealcoy.es\/es\/mejoras-varias-canalizaciones-agua-potable-alcoy\/#primaryimage","url":"https:\/\/www.copealcoy.es\/wp-content\/uploads\/2016\/06\/Captura-de-pantalla-2016-06-15-a-las-21.59.14.jpg","contentUrl":"https:\/\/www.copealcoy.es\/wp-content\/uploads\/2016\/06\/Captura-de-pantalla-2016-06-15-a-las-21.59.14.jpg","width":740,"height":483,"caption":"Mart\u00ednez y Franc\u00e9s supervisando el desarrollo de los trabajos \/ Foto: Aj. Alcoi"},{"@type":"BreadcrumbList","@id":"https:\/\/www.copealcoy.es\/es\/mejoras-varias-canalizaciones-agua-potable-alcoy\/#breadcrumb","itemListElement":[{"@type":"ListItem","position":1,"name":"Portada","item":"https:\/\/www.copealcoy.es\/es\/"},{"@type":"ListItem","position":2,"name":"Mejoras en varias canalizaciones de agua potable de Alcoy"}]},{"@type":"WebSite","@id":"https:\/\/www.copealcoy.es\/es\/#website","url":"https:\/\/www.copealcoy.es\/es\/","name":"COPE Alcoy","description":"Emisora COPE de radio local con emisi\u00f3n online. Pont de Sant Jordi 8-10 03803 Alcoy","potentialAction":[{"@type":"SearchAction","target":{"@type":"EntryPoint","urlTemplate":"https:\/\/www.copealcoy.es\/es\/?s={search_term_string}"},"query-input":{"@type":"PropertyValueSpecification","valueRequired":true,"valueName":"search_term_string"}}],"inLanguage":"es"},{"@type":"Person","@id":"https:\/\/www.copealcoy.es\/es\/#\/schema\/person\/e777c87fa024e57d40170af9df39882c","name":"Cope Alcoy","image":{"@type":"ImageObject","inLanguage":"es","@id":"https:\/\/secure.gravatar.com\/avatar\/bb65d0283347e303893ba14f0692005417c1e0e690a325a4c5d8bb2b3943ee14?s=96&d=mm&r=g","url":"https:\/\/secure.gravatar.com\/avatar\/bb65d0283347e303893ba14f0692005417c1e0e690a325a4c5d8bb2b3943ee14?s=96&d=mm&r=g","contentUrl":"https:\/\/secure.gravatar.com\/avatar\/bb65d0283347e303893ba14f0692005417c1e0e690a325a4c5d8bb2b3943ee14?s=96&d=mm&r=g","caption":"Cope Alcoy"}}]}},"_links":{"self":[{"href":"https:\/\/www.copealcoy.es\/es\/wp-json\/wp\/v2\/posts\/22679","targetHints":{"allow":["GET"]}}],"collection":[{"href":"https:\/\/www.copealcoy.es\/es\/wp-json\/wp\/v2\/posts"}],"about":[{"href":"https:\/\/www.copealcoy.es\/es\/wp-json\/wp\/v2\/types\/post"}],"author":[{"embeddable":true,"href":"https:\/\/www.copealcoy.es\/es\/wp-json\/wp\/v2\/users\/1"}],"replies":[{"embeddable":true,"href":"https:\/\/www.copealcoy.es\/es\/wp-json\/wp\/v2\/comments?post=22679"}],"version-history":[{"count":0,"href":"https:\/\/www.copealcoy.es\/es\/wp-json\/wp\/v2\/posts\/22679\/revisions"}],"wp:featuredmedia":[{"embeddable":true,"href":"https:\/\/www.copealcoy.es\/es\/wp-json\/wp\/v2\/media\/22680"}],"wp:attachment":[{"href":"https:\/\/www.copealcoy.es\/es\/wp-json\/wp\/v2\/media?parent=22679"}],"wp:term":[{"taxonomy":"category","embeddable":true,"href":"https:\/\/www.copealcoy.es\/es\/wp-json\/wp\/v2\/categories?post=22679"},{"taxonomy":"post_tag","embeddable":true,"href":"https:\/\/www.copealcoy.es\/es\/wp-json\/wp\/v2\/tags?post=22679"}],"curies":[{"name":"wp","href":"https:\/\/api.w.org\/{rel}","templated":true}]}}