{"id":22606,"date":"2016-06-13T20:58:49","date_gmt":"2016-06-13T20:58:49","guid":{"rendered":"http:\/\/copealcoi.es\/new\/?p=22606"},"modified":"2016-06-13T21:00:18","modified_gmt":"2016-06-13T21:00:18","slug":"fiesta-san-antonio-padua-convento-cocentaina","status":"publish","type":"post","link":"https:\/\/www.copealcoy.es\/es\/fiesta-san-antonio-padua-convento-cocentaina\/","title":{"rendered":"Fiesta de San Antonio de Padua en el Convento de Cocentaina"},"content":{"rendered":"<p style=\"text-align: justify;\">El Convento de los Padres Franciscanos de Cocentaina ha celebrado este lunes 13 de junio la festividad de San Antonio de Padua, una tradici\u00f3n muy arraigada en el municipio, y que cuenta cada a\u00f1o con la participaci\u00f3n de numerosos fieles. Los actos comenzaron el pasado viernes por la tarde con\u00a0el triduo seguido de la misa y el serm\u00f3n, que cada jornada ha sido predicado por un fraile.<\/p>\n<p style=\"text-align: justify;\">Durante el d\u00eda de hoy se ha efectuado a partir de las seis y media de la tarde el rosario y la eucarist\u00eda concelebrada en la que han participado de forma activa los ni\u00f1os que este a\u00f1o han tomado la Primera Comuni\u00f3n. A ellos se les ha entrado lirios una vez ha finalizado la celebraci\u00f3n. Tras la misa se ha iniciado la procesi\u00f3n con la imagen del santo, que ha transcurrido por el recinto del Convent, y que ha contado tambi\u00e9n con la actuaci\u00f3n del Grup de Danses interpretando varios bailes tradicionales.<\/p>\n<p style=\"text-align: justify;\">Finalmente en el interior de la iglesia se ha dado a besar la reliquia de San Antonio de Padua y se ha repartido el pan bendito a todos los asistentes a esta festividad.<\/p>\n<p style=\"text-align: justify;\">\n","protected":false},"excerpt":{"rendered":"<p>El Convento de los Padres Franciscanos de Cocentaina ha celebrado este lunes 13 de junio la festividad de San Antonio&#8230;<\/p>\n","protected":false},"author":1,"featured_media":22607,"comment_status":"open","ping_status":"open","sticky":false,"template":"","format":"standard","meta":{"footnotes":""},"categories":[98,75],"tags":[132,237,2391,1739],"class_list":["post-22606","post","type-post","status-publish","format-standard","has-post-thumbnail","hentry","category-comarcas","category-noticias","tag-cocentaina","tag-comtat","tag-convento-franciscanos","tag-san-antonio"],"yoast_head":"<!-- This site is optimized with the Yoast SEO plugin v27.3 - https:\/\/yoast.com\/product\/yoast-seo-wordpress\/ -->\n<title>Fiesta de San Antonio de Padua en el Convento de Cocentaina - COPE Alcoy<\/title>\n<meta name=\"robots\" content=\"index, follow, max-snippet:-1, max-image-preview:large, max-video-preview:-1\" \/>\n<link rel=\"canonical\" href=\"https:\/\/www.copealcoy.es\/es\/fiesta-san-antonio-padua-convento-cocentaina\/\" \/>\n<meta property=\"og:locale\" content=\"es_ES\" \/>\n<meta property=\"og:type\" content=\"article\" \/>\n<meta property=\"og:title\" content=\"Fiesta de San Antonio de Padua en el Convento de Cocentaina - COPE Alcoy\" \/>\n<meta property=\"og:description\" content=\"El Convento de los Padres Franciscanos de Cocentaina ha celebrado este lunes 13 de junio la festividad de San Antonio...\" \/>\n<meta property=\"og:url\" content=\"https:\/\/www.copealcoy.es\/es\/fiesta-san-antonio-padua-convento-cocentaina\/\" \/>\n<meta property=\"og:site_name\" content=\"COPE Alcoy\" \/>\n<meta property=\"article:published_time\" content=\"2016-06-13T20:58:49+00:00\" \/>\n<meta property=\"article:modified_time\" content=\"2016-06-13T21:00:18+00:00\" \/>\n<meta property=\"og:image\" content=\"https:\/\/www.copealcoy.es\/wp-content\/uploads\/2016\/06\/13436062_10209562596802450_826890448_n.jpg\" \/>\n\t<meta property=\"og:image:width\" content=\"819\" \/>\n\t<meta property=\"og:image:height\" content=\"510\" \/>\n\t<meta property=\"og:image:type\" content=\"image\/jpeg\" \/>\n<meta name=\"author\" content=\"Cope Alcoy\" \/>\n<meta name=\"twitter:label1\" content=\"Escrito por\" \/>\n\t<meta name=\"twitter:data1\" content=\"Cope Alcoy\" \/>\n\t<meta name=\"twitter:label2\" content=\"Tiempo de lectura\" \/>\n\t<meta name=\"twitter:data2\" content=\"1 minuto\" \/>\n<script type=\"application\/ld+json\" class=\"yoast-schema-graph\">{\"@context\":\"https:\\\/\\\/schema.org\",\"@graph\":[{\"@type\":\"Article\",\"@id\":\"https:\\\/\\\/www.copealcoy.es\\\/es\\\/fiesta-san-antonio-padua-convento-cocentaina\\\/#article\",\"isPartOf\":{\"@id\":\"https:\\\/\\\/www.copealcoy.es\\\/es\\\/fiesta-san-antonio-padua-convento-cocentaina\\\/\"},\"author\":{\"name\":\"Cope Alcoy\",\"@id\":\"https:\\\/\\\/www.copealcoy.es\\\/es\\\/#\\\/schema\\\/person\\\/e777c87fa024e57d40170af9df39882c\"},\"headline\":\"Fiesta de San Antonio de Padua en el Convento de Cocentaina\",\"datePublished\":\"2016-06-13T20:58:49+00:00\",\"dateModified\":\"2016-06-13T21:00:18+00:00\",\"mainEntityOfPage\":{\"@id\":\"https:\\\/\\\/www.copealcoy.es\\\/es\\\/fiesta-san-antonio-padua-convento-cocentaina\\\/\"},\"wordCount\":216,\"commentCount\":0,\"image\":{\"@id\":\"https:\\\/\\\/www.copealcoy.es\\\/es\\\/fiesta-san-antonio-padua-convento-cocentaina\\\/#primaryimage\"},\"thumbnailUrl\":\"https:\\\/\\\/www.copealcoy.es\\\/wp-content\\\/uploads\\\/2016\\\/06\\\/13436062_10209562596802450_826890448_n.jpg\",\"keywords\":[\"Cocentaina\",\"Comtat\",\"Convento Franciscanos\",\"San Antonio\"],\"articleSection\":[\"Comarcas\",\"Noticias\"],\"inLanguage\":\"es\"},{\"@type\":\"WebPage\",\"@id\":\"https:\\\/\\\/www.copealcoy.es\\\/es\\\/fiesta-san-antonio-padua-convento-cocentaina\\\/\",\"url\":\"https:\\\/\\\/www.copealcoy.es\\\/es\\\/fiesta-san-antonio-padua-convento-cocentaina\\\/\",\"name\":\"Fiesta de San Antonio de Padua en el Convento de Cocentaina - COPE Alcoy\",\"isPartOf\":{\"@id\":\"https:\\\/\\\/www.copealcoy.es\\\/es\\\/#website\"},\"primaryImageOfPage\":{\"@id\":\"https:\\\/\\\/www.copealcoy.es\\\/es\\\/fiesta-san-antonio-padua-convento-cocentaina\\\/#primaryimage\"},\"image\":{\"@id\":\"https:\\\/\\\/www.copealcoy.es\\\/es\\\/fiesta-san-antonio-padua-convento-cocentaina\\\/#primaryimage\"},\"thumbnailUrl\":\"https:\\\/\\\/www.copealcoy.es\\\/wp-content\\\/uploads\\\/2016\\\/06\\\/13436062_10209562596802450_826890448_n.jpg\",\"datePublished\":\"2016-06-13T20:58:49+00:00\",\"dateModified\":\"2016-06-13T21:00:18+00:00\",\"author\":{\"@id\":\"https:\\\/\\\/www.copealcoy.es\\\/es\\\/#\\\/schema\\\/person\\\/e777c87fa024e57d40170af9df39882c\"},\"breadcrumb\":{\"@id\":\"https:\\\/\\\/www.copealcoy.es\\\/es\\\/fiesta-san-antonio-padua-convento-cocentaina\\\/#breadcrumb\"},\"inLanguage\":\"es\",\"potentialAction\":[{\"@type\":\"ReadAction\",\"target\":[\"https:\\\/\\\/www.copealcoy.es\\\/es\\\/fiesta-san-antonio-padua-convento-cocentaina\\\/\"]}]},{\"@type\":\"ImageObject\",\"inLanguage\":\"es\",\"@id\":\"https:\\\/\\\/www.copealcoy.es\\\/es\\\/fiesta-san-antonio-padua-convento-cocentaina\\\/#primaryimage\",\"url\":\"https:\\\/\\\/www.copealcoy.es\\\/wp-content\\\/uploads\\\/2016\\\/06\\\/13436062_10209562596802450_826890448_n.jpg\",\"contentUrl\":\"https:\\\/\\\/www.copealcoy.es\\\/wp-content\\\/uploads\\\/2016\\\/06\\\/13436062_10209562596802450_826890448_n.jpg\",\"width\":819,\"height\":510,\"caption\":\"La procesi\u00f3n recorri\u00f3 el recinto del Convento de Cocentaina\"},{\"@type\":\"BreadcrumbList\",\"@id\":\"https:\\\/\\\/www.copealcoy.es\\\/es\\\/fiesta-san-antonio-padua-convento-cocentaina\\\/#breadcrumb\",\"itemListElement\":[{\"@type\":\"ListItem\",\"position\":1,\"name\":\"Portada\",\"item\":\"https:\\\/\\\/www.copealcoy.es\\\/es\\\/\"},{\"@type\":\"ListItem\",\"position\":2,\"name\":\"Fiesta de San Antonio de Padua en el Convento de Cocentaina\"}]},{\"@type\":\"WebSite\",\"@id\":\"https:\\\/\\\/www.copealcoy.es\\\/es\\\/#website\",\"url\":\"https:\\\/\\\/www.copealcoy.es\\\/es\\\/\",\"name\":\"COPE Alcoy\",\"description\":\"Emisora COPE de radio local con emisi\u00f3n online. Pont de Sant Jordi 8-10 03803 Alcoy\",\"potentialAction\":[{\"@type\":\"SearchAction\",\"target\":{\"@type\":\"EntryPoint\",\"urlTemplate\":\"https:\\\/\\\/www.copealcoy.es\\\/es\\\/?s={search_term_string}\"},\"query-input\":{\"@type\":\"PropertyValueSpecification\",\"valueRequired\":true,\"valueName\":\"search_term_string\"}}],\"inLanguage\":\"es\"},{\"@type\":\"Person\",\"@id\":\"https:\\\/\\\/www.copealcoy.es\\\/es\\\/#\\\/schema\\\/person\\\/e777c87fa024e57d40170af9df39882c\",\"name\":\"Cope Alcoy\",\"image\":{\"@type\":\"ImageObject\",\"inLanguage\":\"es\",\"@id\":\"https:\\\/\\\/secure.gravatar.com\\\/avatar\\\/bb65d0283347e303893ba14f0692005417c1e0e690a325a4c5d8bb2b3943ee14?s=96&d=mm&r=g\",\"url\":\"https:\\\/\\\/secure.gravatar.com\\\/avatar\\\/bb65d0283347e303893ba14f0692005417c1e0e690a325a4c5d8bb2b3943ee14?s=96&d=mm&r=g\",\"contentUrl\":\"https:\\\/\\\/secure.gravatar.com\\\/avatar\\\/bb65d0283347e303893ba14f0692005417c1e0e690a325a4c5d8bb2b3943ee14?s=96&d=mm&r=g\",\"caption\":\"Cope Alcoy\"}}]}<\/script>\n<!-- \/ Yoast SEO plugin. -->","yoast_head_json":{"title":"Fiesta de San Antonio de Padua en el Convento de Cocentaina - COPE Alcoy","robots":{"index":"index","follow":"follow","max-snippet":"max-snippet:-1","max-image-preview":"max-image-preview:large","max-video-preview":"max-video-preview:-1"},"canonical":"https:\/\/www.copealcoy.es\/es\/fiesta-san-antonio-padua-convento-cocentaina\/","og_locale":"es_ES","og_type":"article","og_title":"Fiesta de San Antonio de Padua en el Convento de Cocentaina - COPE Alcoy","og_description":"El Convento de los Padres Franciscanos de Cocentaina ha celebrado este lunes 13 de junio la festividad de San Antonio...","og_url":"https:\/\/www.copealcoy.es\/es\/fiesta-san-antonio-padua-convento-cocentaina\/","og_site_name":"COPE Alcoy","article_published_time":"2016-06-13T20:58:49+00:00","article_modified_time":"2016-06-13T21:00:18+00:00","og_image":[{"width":819,"height":510,"url":"https:\/\/www.copealcoy.es\/wp-content\/uploads\/2016\/06\/13436062_10209562596802450_826890448_n.jpg","type":"image\/jpeg"}],"author":"Cope Alcoy","twitter_misc":{"Escrito por":"Cope Alcoy","Tiempo de lectura":"1 minuto"},"schema":{"@context":"https:\/\/schema.org","@graph":[{"@type":"Article","@id":"https:\/\/www.copealcoy.es\/es\/fiesta-san-antonio-padua-convento-cocentaina\/#article","isPartOf":{"@id":"https:\/\/www.copealcoy.es\/es\/fiesta-san-antonio-padua-convento-cocentaina\/"},"author":{"name":"Cope Alcoy","@id":"https:\/\/www.copealcoy.es\/es\/#\/schema\/person\/e777c87fa024e57d40170af9df39882c"},"headline":"Fiesta de San Antonio de Padua en el Convento de Cocentaina","datePublished":"2016-06-13T20:58:49+00:00","dateModified":"2016-06-13T21:00:18+00:00","mainEntityOfPage":{"@id":"https:\/\/www.copealcoy.es\/es\/fiesta-san-antonio-padua-convento-cocentaina\/"},"wordCount":216,"commentCount":0,"image":{"@id":"https:\/\/www.copealcoy.es\/es\/fiesta-san-antonio-padua-convento-cocentaina\/#primaryimage"},"thumbnailUrl":"https:\/\/www.copealcoy.es\/wp-content\/uploads\/2016\/06\/13436062_10209562596802450_826890448_n.jpg","keywords":["Cocentaina","Comtat","Convento Franciscanos","San Antonio"],"articleSection":["Comarcas","Noticias"],"inLanguage":"es"},{"@type":"WebPage","@id":"https:\/\/www.copealcoy.es\/es\/fiesta-san-antonio-padua-convento-cocentaina\/","url":"https:\/\/www.copealcoy.es\/es\/fiesta-san-antonio-padua-convento-cocentaina\/","name":"Fiesta de San Antonio de Padua en el Convento de Cocentaina - COPE Alcoy","isPartOf":{"@id":"https:\/\/www.copealcoy.es\/es\/#website"},"primaryImageOfPage":{"@id":"https:\/\/www.copealcoy.es\/es\/fiesta-san-antonio-padua-convento-cocentaina\/#primaryimage"},"image":{"@id":"https:\/\/www.copealcoy.es\/es\/fiesta-san-antonio-padua-convento-cocentaina\/#primaryimage"},"thumbnailUrl":"https:\/\/www.copealcoy.es\/wp-content\/uploads\/2016\/06\/13436062_10209562596802450_826890448_n.jpg","datePublished":"2016-06-13T20:58:49+00:00","dateModified":"2016-06-13T21:00:18+00:00","author":{"@id":"https:\/\/www.copealcoy.es\/es\/#\/schema\/person\/e777c87fa024e57d40170af9df39882c"},"breadcrumb":{"@id":"https:\/\/www.copealcoy.es\/es\/fiesta-san-antonio-padua-convento-cocentaina\/#breadcrumb"},"inLanguage":"es","potentialAction":[{"@type":"ReadAction","target":["https:\/\/www.copealcoy.es\/es\/fiesta-san-antonio-padua-convento-cocentaina\/"]}]},{"@type":"ImageObject","inLanguage":"es","@id":"https:\/\/www.copealcoy.es\/es\/fiesta-san-antonio-padua-convento-cocentaina\/#primaryimage","url":"https:\/\/www.copealcoy.es\/wp-content\/uploads\/2016\/06\/13436062_10209562596802450_826890448_n.jpg","contentUrl":"https:\/\/www.copealcoy.es\/wp-content\/uploads\/2016\/06\/13436062_10209562596802450_826890448_n.jpg","width":819,"height":510,"caption":"La procesi\u00f3n recorri\u00f3 el recinto del Convento de Cocentaina"},{"@type":"BreadcrumbList","@id":"https:\/\/www.copealcoy.es\/es\/fiesta-san-antonio-padua-convento-cocentaina\/#breadcrumb","itemListElement":[{"@type":"ListItem","position":1,"name":"Portada","item":"https:\/\/www.copealcoy.es\/es\/"},{"@type":"ListItem","position":2,"name":"Fiesta de San Antonio de Padua en el Convento de Cocentaina"}]},{"@type":"WebSite","@id":"https:\/\/www.copealcoy.es\/es\/#website","url":"https:\/\/www.copealcoy.es\/es\/","name":"COPE Alcoy","description":"Emisora COPE de radio local con emisi\u00f3n online. Pont de Sant Jordi 8-10 03803 Alcoy","potentialAction":[{"@type":"SearchAction","target":{"@type":"EntryPoint","urlTemplate":"https:\/\/www.copealcoy.es\/es\/?s={search_term_string}"},"query-input":{"@type":"PropertyValueSpecification","valueRequired":true,"valueName":"search_term_string"}}],"inLanguage":"es"},{"@type":"Person","@id":"https:\/\/www.copealcoy.es\/es\/#\/schema\/person\/e777c87fa024e57d40170af9df39882c","name":"Cope Alcoy","image":{"@type":"ImageObject","inLanguage":"es","@id":"https:\/\/secure.gravatar.com\/avatar\/bb65d0283347e303893ba14f0692005417c1e0e690a325a4c5d8bb2b3943ee14?s=96&d=mm&r=g","url":"https:\/\/secure.gravatar.com\/avatar\/bb65d0283347e303893ba14f0692005417c1e0e690a325a4c5d8bb2b3943ee14?s=96&d=mm&r=g","contentUrl":"https:\/\/secure.gravatar.com\/avatar\/bb65d0283347e303893ba14f0692005417c1e0e690a325a4c5d8bb2b3943ee14?s=96&d=mm&r=g","caption":"Cope Alcoy"}}]}},"_links":{"self":[{"href":"https:\/\/www.copealcoy.es\/es\/wp-json\/wp\/v2\/posts\/22606","targetHints":{"allow":["GET"]}}],"collection":[{"href":"https:\/\/www.copealcoy.es\/es\/wp-json\/wp\/v2\/posts"}],"about":[{"href":"https:\/\/www.copealcoy.es\/es\/wp-json\/wp\/v2\/types\/post"}],"author":[{"embeddable":true,"href":"https:\/\/www.copealcoy.es\/es\/wp-json\/wp\/v2\/users\/1"}],"replies":[{"embeddable":true,"href":"https:\/\/www.copealcoy.es\/es\/wp-json\/wp\/v2\/comments?post=22606"}],"version-history":[{"count":0,"href":"https:\/\/www.copealcoy.es\/es\/wp-json\/wp\/v2\/posts\/22606\/revisions"}],"wp:featuredmedia":[{"embeddable":true,"href":"https:\/\/www.copealcoy.es\/es\/wp-json\/wp\/v2\/media\/22607"}],"wp:attachment":[{"href":"https:\/\/www.copealcoy.es\/es\/wp-json\/wp\/v2\/media?parent=22606"}],"wp:term":[{"taxonomy":"category","embeddable":true,"href":"https:\/\/www.copealcoy.es\/es\/wp-json\/wp\/v2\/categories?post=22606"},{"taxonomy":"post_tag","embeddable":true,"href":"https:\/\/www.copealcoy.es\/es\/wp-json\/wp\/v2\/tags?post=22606"}],"curies":[{"name":"wp","href":"https:\/\/api.w.org\/{rel}","templated":true}]}}