{"id":22491,"date":"2016-06-10T06:00:14","date_gmt":"2016-06-10T06:00:14","guid":{"rendered":"http:\/\/copealcoi.es\/new\/?p=22491"},"modified":"2016-06-09T21:46:15","modified_gmt":"2016-06-09T21:46:15","slug":"guanyar-alcoi-insiste-pedir-la-dimision-sedano","status":"publish","type":"post","link":"https:\/\/www.copealcoy.es\/es\/guanyar-alcoi-insiste-pedir-la-dimision-sedano\/","title":{"rendered":"Guanyar Alcoi insiste en pedir la dimisi\u00f3n de Sedano"},"content":{"rendered":"<p style=\"text-align: justify;\">El Grupo Municipal de Guanyar Alcoi ha defendido la gesti\u00f3n realizada por Esquerra Unida, entre 2011-2015, en el \u00e1rea de Medio Ambiente del Ayuntamiento que incluye tambi\u00e9n la recogida de basuras y residuos s\u00f3lidos urbanos. Desde la Plataforma han destacado que la contrata de estos servicios lleva caducada desde 2010 y han puesto sobre la mesa los esfuerzos hechos por los concejales Jordi Tormo y Paco Agull\u00f3 para normalizar la situaci\u00f3n. Adem\u00e1s la portavoz, Estefan\u00eda Blanes, ha indicado que durante toda la legislatura, por acuerdo\u00a0de gobierno y mientras se gestionaba el nuevo pliego de condiciones, se pagaron facturas fuera de contrato\u00a0&#8220;han actuado siempre presentando cada una de las facturas ante la Junta de Gobierno y con la responsabilidad \u00faltima del alcalde que daba su visto bueno. Sedano form\u00f3 parte de estas juntas y nunca dijo nada en contra. Adem\u00e1s yo estuve solo un a\u00f1o como concejala, y no de Medio Ambiente, por lo que no tuve ninguna influencia en este \u00e1mbito&#8221;, ha se\u00f1alado.<\/p>\n<p style=\"text-align: justify;\">Estefan\u00eda Blanes tambi\u00e9n\u00a0se refiri\u00f3 al portavoz de Ciudadanos, Jorge Sedano, quien semana atr\u00e1s dijo en el Tiempo de An\u00e1lisis de La Ma\u00f1ana de Cope Alcoy que Jordi Tormo\u00a0dej\u00f3 de ser concejal para no seguir pagando estas facturas &#8220;el propio Tormo ha tenido una gesti\u00f3n excelente como edil, y ya anunci\u00f3 que dejaba el Ayuntamiento por razones profesionales, y despu\u00e9s sigui\u00f3 vinculado a EU primero, y a Guanyar despu\u00e9s, hasta cerrando la lista electoral&#8221;, indic\u00f3.<\/p>\n<p style=\"text-align: justify;\">Finalmente Blanes, arropada por todos los concejales del Grupo Municipal, insisti\u00f3 de nuevo en pedir la dimisi\u00f3n de Sedano &#8220;su gesti\u00f3n nefasta, con graves consecuencias para las arcas municipales. Aunque lance mentiras pensando que as\u00ed callaremos, seguiremos exigiendo su dimisi\u00f3n y seguiremos trabajando para que las alcoyanas y alcoyanos sepan como ha sido esta gesti\u00f3n&#8221;, concluy\u00f3.<\/p>\n<p style=\"text-align: justify;\">\n<p style=\"text-align: justify;\">\n<p>&nbsp;<\/p>\n","protected":false},"excerpt":{"rendered":"<p>El Grupo Municipal de Guanyar Alcoi ha defendido la gesti\u00f3n realizada por Esquerra Unida, entre 2011-2015, en el \u00e1rea de&#8230;<\/p>\n","protected":false},"author":1,"featured_media":22492,"comment_status":"open","ping_status":"open","sticky":false,"template":"","format":"standard","meta":{"footnotes":""},"categories":[97,75,79],"tags":[1494,1881,1325,2374,872],"class_list":["post-22491","post","type-post","status-publish","format-standard","has-post-thumbnail","hentry","category-alcoy","category-noticias","category-politicayeconomia","tag-alcoy","tag-estefania-blanes","tag-guanyar-alcoi","tag-recogida-de-basuras","tag-sedano"],"yoast_head":"<!-- This site is optimized with the Yoast SEO plugin v27.3 - https:\/\/yoast.com\/product\/yoast-seo-wordpress\/ -->\n<title>Guanyar Alcoi insiste en pedir la dimisi\u00f3n de Sedano - COPE Alcoy<\/title>\n<meta name=\"robots\" content=\"index, follow, max-snippet:-1, max-image-preview:large, max-video-preview:-1\" \/>\n<link rel=\"canonical\" href=\"https:\/\/www.copealcoy.es\/es\/guanyar-alcoi-insiste-pedir-la-dimision-sedano\/\" \/>\n<meta property=\"og:locale\" content=\"es_ES\" \/>\n<meta property=\"og:type\" content=\"article\" \/>\n<meta property=\"og:title\" content=\"Guanyar Alcoi insiste en pedir la dimisi\u00f3n de Sedano - COPE Alcoy\" \/>\n<meta property=\"og:description\" content=\"El Grupo Municipal de Guanyar Alcoi ha defendido la gesti\u00f3n realizada por Esquerra Unida, entre 2011-2015, en el \u00e1rea de...\" \/>\n<meta property=\"og:url\" content=\"https:\/\/www.copealcoy.es\/es\/guanyar-alcoi-insiste-pedir-la-dimision-sedano\/\" \/>\n<meta property=\"og:site_name\" content=\"COPE Alcoy\" \/>\n<meta property=\"article:published_time\" content=\"2016-06-10T06:00:14+00:00\" \/>\n<meta property=\"og:image\" content=\"https:\/\/www.copealcoy.es\/wp-content\/uploads\/2016\/06\/20160609-RdP-Gesti\u00f3-brossa-1-1024x576.jpg\" \/>\n\t<meta property=\"og:image:width\" content=\"1024\" \/>\n\t<meta property=\"og:image:height\" content=\"576\" \/>\n\t<meta property=\"og:image:type\" content=\"image\/jpeg\" \/>\n<meta name=\"author\" content=\"Cope Alcoy\" \/>\n<meta name=\"twitter:label1\" content=\"Escrito por\" \/>\n\t<meta name=\"twitter:data1\" content=\"Cope Alcoy\" \/>\n\t<meta name=\"twitter:label2\" content=\"Tiempo de lectura\" \/>\n\t<meta name=\"twitter:data2\" content=\"2 minutos\" \/>\n<script type=\"application\/ld+json\" class=\"yoast-schema-graph\">{\"@context\":\"https:\\\/\\\/schema.org\",\"@graph\":[{\"@type\":\"Article\",\"@id\":\"https:\\\/\\\/www.copealcoy.es\\\/es\\\/guanyar-alcoi-insiste-pedir-la-dimision-sedano\\\/#article\",\"isPartOf\":{\"@id\":\"https:\\\/\\\/www.copealcoy.es\\\/es\\\/guanyar-alcoi-insiste-pedir-la-dimision-sedano\\\/\"},\"author\":{\"name\":\"Cope Alcoy\",\"@id\":\"https:\\\/\\\/www.copealcoy.es\\\/es\\\/#\\\/schema\\\/person\\\/e777c87fa024e57d40170af9df39882c\"},\"headline\":\"Guanyar Alcoi insiste en pedir la dimisi\u00f3n de Sedano\",\"datePublished\":\"2016-06-10T06:00:14+00:00\",\"mainEntityOfPage\":{\"@id\":\"https:\\\/\\\/www.copealcoy.es\\\/es\\\/guanyar-alcoi-insiste-pedir-la-dimision-sedano\\\/\"},\"wordCount\":328,\"commentCount\":0,\"image\":{\"@id\":\"https:\\\/\\\/www.copealcoy.es\\\/es\\\/guanyar-alcoi-insiste-pedir-la-dimision-sedano\\\/#primaryimage\"},\"thumbnailUrl\":\"https:\\\/\\\/www.copealcoy.es\\\/wp-content\\\/uploads\\\/2016\\\/06\\\/20160609-RdP-Gesti\u00f3-brossa-1.jpg\",\"keywords\":[\"Alcoy\",\"Estefan\u00eda Blanes\",\"Guanyar Alcoi\",\"Recogida de Basuras\",\"Sedano\"],\"articleSection\":[\"Alcoy\",\"Noticias\",\"Pol\u00edtica y Econom\u00eda\"],\"inLanguage\":\"es\"},{\"@type\":\"WebPage\",\"@id\":\"https:\\\/\\\/www.copealcoy.es\\\/es\\\/guanyar-alcoi-insiste-pedir-la-dimision-sedano\\\/\",\"url\":\"https:\\\/\\\/www.copealcoy.es\\\/es\\\/guanyar-alcoi-insiste-pedir-la-dimision-sedano\\\/\",\"name\":\"Guanyar Alcoi insiste en pedir la dimisi\u00f3n de Sedano - COPE Alcoy\",\"isPartOf\":{\"@id\":\"https:\\\/\\\/www.copealcoy.es\\\/es\\\/#website\"},\"primaryImageOfPage\":{\"@id\":\"https:\\\/\\\/www.copealcoy.es\\\/es\\\/guanyar-alcoi-insiste-pedir-la-dimision-sedano\\\/#primaryimage\"},\"image\":{\"@id\":\"https:\\\/\\\/www.copealcoy.es\\\/es\\\/guanyar-alcoi-insiste-pedir-la-dimision-sedano\\\/#primaryimage\"},\"thumbnailUrl\":\"https:\\\/\\\/www.copealcoy.es\\\/wp-content\\\/uploads\\\/2016\\\/06\\\/20160609-RdP-Gesti\u00f3-brossa-1.jpg\",\"datePublished\":\"2016-06-10T06:00:14+00:00\",\"author\":{\"@id\":\"https:\\\/\\\/www.copealcoy.es\\\/es\\\/#\\\/schema\\\/person\\\/e777c87fa024e57d40170af9df39882c\"},\"breadcrumb\":{\"@id\":\"https:\\\/\\\/www.copealcoy.es\\\/es\\\/guanyar-alcoi-insiste-pedir-la-dimision-sedano\\\/#breadcrumb\"},\"inLanguage\":\"es\",\"potentialAction\":[{\"@type\":\"ReadAction\",\"target\":[\"https:\\\/\\\/www.copealcoy.es\\\/es\\\/guanyar-alcoi-insiste-pedir-la-dimision-sedano\\\/\"]}]},{\"@type\":\"ImageObject\",\"inLanguage\":\"es\",\"@id\":\"https:\\\/\\\/www.copealcoy.es\\\/es\\\/guanyar-alcoi-insiste-pedir-la-dimision-sedano\\\/#primaryimage\",\"url\":\"https:\\\/\\\/www.copealcoy.es\\\/wp-content\\\/uploads\\\/2016\\\/06\\\/20160609-RdP-Gesti\u00f3-brossa-1.jpg\",\"contentUrl\":\"https:\\\/\\\/www.copealcoy.es\\\/wp-content\\\/uploads\\\/2016\\\/06\\\/20160609-RdP-Gesti\u00f3-brossa-1.jpg\",\"width\":4864,\"height\":2736,\"caption\":\"Estefan\u00eda Blanes es portavoz de Guanyar Alcoi\"},{\"@type\":\"BreadcrumbList\",\"@id\":\"https:\\\/\\\/www.copealcoy.es\\\/es\\\/guanyar-alcoi-insiste-pedir-la-dimision-sedano\\\/#breadcrumb\",\"itemListElement\":[{\"@type\":\"ListItem\",\"position\":1,\"name\":\"Portada\",\"item\":\"https:\\\/\\\/www.copealcoy.es\\\/es\\\/\"},{\"@type\":\"ListItem\",\"position\":2,\"name\":\"Guanyar Alcoi insiste en pedir la dimisi\u00f3n de Sedano\"}]},{\"@type\":\"WebSite\",\"@id\":\"https:\\\/\\\/www.copealcoy.es\\\/es\\\/#website\",\"url\":\"https:\\\/\\\/www.copealcoy.es\\\/es\\\/\",\"name\":\"COPE Alcoy\",\"description\":\"Emisora COPE de radio local con emisi\u00f3n online. Pont de Sant Jordi 8-10 03803 Alcoy\",\"potentialAction\":[{\"@type\":\"SearchAction\",\"target\":{\"@type\":\"EntryPoint\",\"urlTemplate\":\"https:\\\/\\\/www.copealcoy.es\\\/es\\\/?s={search_term_string}\"},\"query-input\":{\"@type\":\"PropertyValueSpecification\",\"valueRequired\":true,\"valueName\":\"search_term_string\"}}],\"inLanguage\":\"es\"},{\"@type\":\"Person\",\"@id\":\"https:\\\/\\\/www.copealcoy.es\\\/es\\\/#\\\/schema\\\/person\\\/e777c87fa024e57d40170af9df39882c\",\"name\":\"Cope Alcoy\",\"image\":{\"@type\":\"ImageObject\",\"inLanguage\":\"es\",\"@id\":\"https:\\\/\\\/secure.gravatar.com\\\/avatar\\\/bb65d0283347e303893ba14f0692005417c1e0e690a325a4c5d8bb2b3943ee14?s=96&d=mm&r=g\",\"url\":\"https:\\\/\\\/secure.gravatar.com\\\/avatar\\\/bb65d0283347e303893ba14f0692005417c1e0e690a325a4c5d8bb2b3943ee14?s=96&d=mm&r=g\",\"contentUrl\":\"https:\\\/\\\/secure.gravatar.com\\\/avatar\\\/bb65d0283347e303893ba14f0692005417c1e0e690a325a4c5d8bb2b3943ee14?s=96&d=mm&r=g\",\"caption\":\"Cope Alcoy\"}}]}<\/script>\n<!-- \/ Yoast SEO plugin. -->","yoast_head_json":{"title":"Guanyar Alcoi insiste en pedir la dimisi\u00f3n de Sedano - COPE Alcoy","robots":{"index":"index","follow":"follow","max-snippet":"max-snippet:-1","max-image-preview":"max-image-preview:large","max-video-preview":"max-video-preview:-1"},"canonical":"https:\/\/www.copealcoy.es\/es\/guanyar-alcoi-insiste-pedir-la-dimision-sedano\/","og_locale":"es_ES","og_type":"article","og_title":"Guanyar Alcoi insiste en pedir la dimisi\u00f3n de Sedano - COPE Alcoy","og_description":"El Grupo Municipal de Guanyar Alcoi ha defendido la gesti\u00f3n realizada por Esquerra Unida, entre 2011-2015, en el \u00e1rea de...","og_url":"https:\/\/www.copealcoy.es\/es\/guanyar-alcoi-insiste-pedir-la-dimision-sedano\/","og_site_name":"COPE Alcoy","article_published_time":"2016-06-10T06:00:14+00:00","og_image":[{"width":1024,"height":576,"url":"https:\/\/www.copealcoy.es\/wp-content\/uploads\/2016\/06\/20160609-RdP-Gesti\u00f3-brossa-1-1024x576.jpg","type":"image\/jpeg"}],"author":"Cope Alcoy","twitter_misc":{"Escrito por":"Cope Alcoy","Tiempo de lectura":"2 minutos"},"schema":{"@context":"https:\/\/schema.org","@graph":[{"@type":"Article","@id":"https:\/\/www.copealcoy.es\/es\/guanyar-alcoi-insiste-pedir-la-dimision-sedano\/#article","isPartOf":{"@id":"https:\/\/www.copealcoy.es\/es\/guanyar-alcoi-insiste-pedir-la-dimision-sedano\/"},"author":{"name":"Cope Alcoy","@id":"https:\/\/www.copealcoy.es\/es\/#\/schema\/person\/e777c87fa024e57d40170af9df39882c"},"headline":"Guanyar Alcoi insiste en pedir la dimisi\u00f3n de Sedano","datePublished":"2016-06-10T06:00:14+00:00","mainEntityOfPage":{"@id":"https:\/\/www.copealcoy.es\/es\/guanyar-alcoi-insiste-pedir-la-dimision-sedano\/"},"wordCount":328,"commentCount":0,"image":{"@id":"https:\/\/www.copealcoy.es\/es\/guanyar-alcoi-insiste-pedir-la-dimision-sedano\/#primaryimage"},"thumbnailUrl":"https:\/\/www.copealcoy.es\/wp-content\/uploads\/2016\/06\/20160609-RdP-Gesti\u00f3-brossa-1.jpg","keywords":["Alcoy","Estefan\u00eda Blanes","Guanyar Alcoi","Recogida de Basuras","Sedano"],"articleSection":["Alcoy","Noticias","Pol\u00edtica y Econom\u00eda"],"inLanguage":"es"},{"@type":"WebPage","@id":"https:\/\/www.copealcoy.es\/es\/guanyar-alcoi-insiste-pedir-la-dimision-sedano\/","url":"https:\/\/www.copealcoy.es\/es\/guanyar-alcoi-insiste-pedir-la-dimision-sedano\/","name":"Guanyar Alcoi insiste en pedir la dimisi\u00f3n de Sedano - COPE Alcoy","isPartOf":{"@id":"https:\/\/www.copealcoy.es\/es\/#website"},"primaryImageOfPage":{"@id":"https:\/\/www.copealcoy.es\/es\/guanyar-alcoi-insiste-pedir-la-dimision-sedano\/#primaryimage"},"image":{"@id":"https:\/\/www.copealcoy.es\/es\/guanyar-alcoi-insiste-pedir-la-dimision-sedano\/#primaryimage"},"thumbnailUrl":"https:\/\/www.copealcoy.es\/wp-content\/uploads\/2016\/06\/20160609-RdP-Gesti\u00f3-brossa-1.jpg","datePublished":"2016-06-10T06:00:14+00:00","author":{"@id":"https:\/\/www.copealcoy.es\/es\/#\/schema\/person\/e777c87fa024e57d40170af9df39882c"},"breadcrumb":{"@id":"https:\/\/www.copealcoy.es\/es\/guanyar-alcoi-insiste-pedir-la-dimision-sedano\/#breadcrumb"},"inLanguage":"es","potentialAction":[{"@type":"ReadAction","target":["https:\/\/www.copealcoy.es\/es\/guanyar-alcoi-insiste-pedir-la-dimision-sedano\/"]}]},{"@type":"ImageObject","inLanguage":"es","@id":"https:\/\/www.copealcoy.es\/es\/guanyar-alcoi-insiste-pedir-la-dimision-sedano\/#primaryimage","url":"https:\/\/www.copealcoy.es\/wp-content\/uploads\/2016\/06\/20160609-RdP-Gesti\u00f3-brossa-1.jpg","contentUrl":"https:\/\/www.copealcoy.es\/wp-content\/uploads\/2016\/06\/20160609-RdP-Gesti\u00f3-brossa-1.jpg","width":4864,"height":2736,"caption":"Estefan\u00eda Blanes es portavoz de Guanyar Alcoi"},{"@type":"BreadcrumbList","@id":"https:\/\/www.copealcoy.es\/es\/guanyar-alcoi-insiste-pedir-la-dimision-sedano\/#breadcrumb","itemListElement":[{"@type":"ListItem","position":1,"name":"Portada","item":"https:\/\/www.copealcoy.es\/es\/"},{"@type":"ListItem","position":2,"name":"Guanyar Alcoi insiste en pedir la dimisi\u00f3n de Sedano"}]},{"@type":"WebSite","@id":"https:\/\/www.copealcoy.es\/es\/#website","url":"https:\/\/www.copealcoy.es\/es\/","name":"COPE Alcoy","description":"Emisora COPE de radio local con emisi\u00f3n online. Pont de Sant Jordi 8-10 03803 Alcoy","potentialAction":[{"@type":"SearchAction","target":{"@type":"EntryPoint","urlTemplate":"https:\/\/www.copealcoy.es\/es\/?s={search_term_string}"},"query-input":{"@type":"PropertyValueSpecification","valueRequired":true,"valueName":"search_term_string"}}],"inLanguage":"es"},{"@type":"Person","@id":"https:\/\/www.copealcoy.es\/es\/#\/schema\/person\/e777c87fa024e57d40170af9df39882c","name":"Cope Alcoy","image":{"@type":"ImageObject","inLanguage":"es","@id":"https:\/\/secure.gravatar.com\/avatar\/bb65d0283347e303893ba14f0692005417c1e0e690a325a4c5d8bb2b3943ee14?s=96&d=mm&r=g","url":"https:\/\/secure.gravatar.com\/avatar\/bb65d0283347e303893ba14f0692005417c1e0e690a325a4c5d8bb2b3943ee14?s=96&d=mm&r=g","contentUrl":"https:\/\/secure.gravatar.com\/avatar\/bb65d0283347e303893ba14f0692005417c1e0e690a325a4c5d8bb2b3943ee14?s=96&d=mm&r=g","caption":"Cope Alcoy"}}]}},"_links":{"self":[{"href":"https:\/\/www.copealcoy.es\/es\/wp-json\/wp\/v2\/posts\/22491","targetHints":{"allow":["GET"]}}],"collection":[{"href":"https:\/\/www.copealcoy.es\/es\/wp-json\/wp\/v2\/posts"}],"about":[{"href":"https:\/\/www.copealcoy.es\/es\/wp-json\/wp\/v2\/types\/post"}],"author":[{"embeddable":true,"href":"https:\/\/www.copealcoy.es\/es\/wp-json\/wp\/v2\/users\/1"}],"replies":[{"embeddable":true,"href":"https:\/\/www.copealcoy.es\/es\/wp-json\/wp\/v2\/comments?post=22491"}],"version-history":[{"count":0,"href":"https:\/\/www.copealcoy.es\/es\/wp-json\/wp\/v2\/posts\/22491\/revisions"}],"wp:featuredmedia":[{"embeddable":true,"href":"https:\/\/www.copealcoy.es\/es\/wp-json\/wp\/v2\/media\/22492"}],"wp:attachment":[{"href":"https:\/\/www.copealcoy.es\/es\/wp-json\/wp\/v2\/media?parent=22491"}],"wp:term":[{"taxonomy":"category","embeddable":true,"href":"https:\/\/www.copealcoy.es\/es\/wp-json\/wp\/v2\/categories?post=22491"},{"taxonomy":"post_tag","embeddable":true,"href":"https:\/\/www.copealcoy.es\/es\/wp-json\/wp\/v2\/tags?post=22491"}],"curies":[{"name":"wp","href":"https:\/\/api.w.org\/{rel}","templated":true}]}}