{"id":22443,"date":"2016-06-08T16:07:37","date_gmt":"2016-06-08T16:07:37","guid":{"rendered":"http:\/\/copealcoi.es\/new\/?p=22443"},"modified":"2016-06-08T16:07:37","modified_gmt":"2016-06-08T16:07:37","slug":"pp-apuesta-incluir-obras-la-ciudad-plan-la-diputacion","status":"publish","type":"post","link":"https:\/\/www.copealcoy.es\/es\/pp-apuesta-incluir-obras-la-ciudad-plan-la-diputacion\/","title":{"rendered":"El PP apuesta por incluir obras de la ciudad en el plan de la Diputaci\u00f3n"},"content":{"rendered":"<p style=\"text-align: justify;\">El Partido Popular de Alcoy quiere que las obras importantes para la ciudad se incluyan en las subvenciones de \u00a0la Diputaci\u00f3n de Alicante. Este organismo provincial ha aprobado recientemente el Plan de Obras Financieramente Sostenibles con un presupuesto que\u00a0\u00a0se cifra en 30 millones de euros. Su financiaci\u00f3n ser\u00e1\u00a0\u00edntegramente a trav\u00e9s\u00a0del remanente de tesorer\u00eda.<\/p>\n<p style=\"text-align: justify;\">Eduardo Tormo, edil del PP en el Ayuntamiento de Alcoy, se\u00f1ala que\u00a0\u201cel hecho de poner a disposici\u00f3n de los municipios de la\u00a0provincia 30 millones de euros, vuelve a poner de manifiesto la importancia y\u00a0necesidad de las diputaciones provinciales\u201d.<\/p>\n<p style=\"text-align: justify;\">Entre estas intervenciones que los populares quieren aprovechar est\u00e1 urbanizaci\u00f3n del barrio de <em>\u201cEls Clots\u201d<\/em>\u00a0 o en \u00a0la Calle Fernando El Cat\u00f3lico. Tambi\u00e9n est\u00e1n previstas\u00a0actuaciones en Batoy, en la Avenida Juan Gil-Albert y El Cam\u00ed.\u00a0El plazo para adherirse a este programa finaliza el pr\u00f3ximo d\u00eda 15 de junio.<\/p>\n<p style=\"text-align: justify;\"><strong>El Gobierno Municipal recoge el guante<\/strong><\/p>\n<p style=\"text-align: justify;\">La propuesta de los populares fue lanzada a trav\u00e9s de un ruego en la sesi\u00f3n plenaria del mes de mayo. A ella, el Gobierno Municipal acept\u00f3 la idea, aunque, por el momento no se han materializado estas intenciones.<\/p>\n","protected":false},"excerpt":{"rendered":"<p>El Partido Popular de Alcoy quiere que las obras importantes para la ciudad se incluyan en las subvenciones de \u00a0la&#8230;<\/p>\n","protected":false},"author":1,"featured_media":17796,"comment_status":"open","ping_status":"open","sticky":false,"template":"","format":"standard","meta":{"footnotes":""},"categories":[75,79],"tags":[947,1814,145,227],"class_list":["post-22443","post","type-post","status-publish","format-standard","has-post-thumbnail","hentry","category-noticias","category-politicayeconomia","tag-diputacion-de-alicante","tag-edu-tormo","tag-obras","tag-pp"],"yoast_head":"<!-- This site is optimized with the Yoast SEO plugin v27.3 - https:\/\/yoast.com\/product\/yoast-seo-wordpress\/ -->\n<title>El PP apuesta por incluir obras de la ciudad en el plan de la Diputaci\u00f3n - COPE Alcoy<\/title>\n<meta name=\"robots\" content=\"index, follow, max-snippet:-1, max-image-preview:large, max-video-preview:-1\" \/>\n<link rel=\"canonical\" href=\"https:\/\/www.copealcoy.es\/es\/pp-apuesta-incluir-obras-la-ciudad-plan-la-diputacion\/\" \/>\n<meta property=\"og:locale\" content=\"es_ES\" \/>\n<meta property=\"og:type\" content=\"article\" \/>\n<meta property=\"og:title\" content=\"El PP apuesta por incluir obras de la ciudad en el plan de la Diputaci\u00f3n - COPE Alcoy\" \/>\n<meta property=\"og:description\" content=\"El Partido Popular de Alcoy quiere que las obras importantes para la ciudad se incluyan en las subvenciones de \u00a0la...\" \/>\n<meta property=\"og:url\" content=\"https:\/\/www.copealcoy.es\/es\/pp-apuesta-incluir-obras-la-ciudad-plan-la-diputacion\/\" \/>\n<meta property=\"og:site_name\" content=\"COPE Alcoy\" \/>\n<meta property=\"article:published_time\" content=\"2016-06-08T16:07:37+00:00\" \/>\n<meta property=\"og:image\" content=\"https:\/\/www.copealcoy.es\/wp-content\/uploads\/2015\/12\/image4.jpeg\" \/>\n\t<meta property=\"og:image:width\" content=\"2048\" \/>\n\t<meta property=\"og:image:height\" content=\"1365\" \/>\n\t<meta property=\"og:image:type\" content=\"image\/jpeg\" \/>\n<meta name=\"author\" content=\"Cope Alcoy\" \/>\n<meta name=\"twitter:label1\" content=\"Escrito por\" \/>\n\t<meta name=\"twitter:data1\" content=\"Cope Alcoy\" \/>\n\t<meta name=\"twitter:label2\" content=\"Tiempo de lectura\" \/>\n\t<meta name=\"twitter:data2\" content=\"1 minuto\" \/>\n<script type=\"application\/ld+json\" class=\"yoast-schema-graph\">{\"@context\":\"https:\\\/\\\/schema.org\",\"@graph\":[{\"@type\":\"Article\",\"@id\":\"https:\\\/\\\/www.copealcoy.es\\\/es\\\/pp-apuesta-incluir-obras-la-ciudad-plan-la-diputacion\\\/#article\",\"isPartOf\":{\"@id\":\"https:\\\/\\\/www.copealcoy.es\\\/es\\\/pp-apuesta-incluir-obras-la-ciudad-plan-la-diputacion\\\/\"},\"author\":{\"name\":\"Cope Alcoy\",\"@id\":\"https:\\\/\\\/www.copealcoy.es\\\/es\\\/#\\\/schema\\\/person\\\/e777c87fa024e57d40170af9df39882c\"},\"headline\":\"El PP apuesta por incluir obras de la ciudad en el plan de la Diputaci\u00f3n\",\"datePublished\":\"2016-06-08T16:07:37+00:00\",\"mainEntityOfPage\":{\"@id\":\"https:\\\/\\\/www.copealcoy.es\\\/es\\\/pp-apuesta-incluir-obras-la-ciudad-plan-la-diputacion\\\/\"},\"wordCount\":218,\"commentCount\":0,\"image\":{\"@id\":\"https:\\\/\\\/www.copealcoy.es\\\/es\\\/pp-apuesta-incluir-obras-la-ciudad-plan-la-diputacion\\\/#primaryimage\"},\"thumbnailUrl\":\"https:\\\/\\\/www.copealcoy.es\\\/wp-content\\\/uploads\\\/2015\\\/12\\\/image4.jpeg\",\"keywords\":[\"Diputaci\u00f3n de Alicante\",\"Edu Tormo\",\"Obras\",\"PP\"],\"articleSection\":[\"Noticias\",\"Pol\u00edtica y Econom\u00eda\"],\"inLanguage\":\"es\"},{\"@type\":\"WebPage\",\"@id\":\"https:\\\/\\\/www.copealcoy.es\\\/es\\\/pp-apuesta-incluir-obras-la-ciudad-plan-la-diputacion\\\/\",\"url\":\"https:\\\/\\\/www.copealcoy.es\\\/es\\\/pp-apuesta-incluir-obras-la-ciudad-plan-la-diputacion\\\/\",\"name\":\"El PP apuesta por incluir obras de la ciudad en el plan de la Diputaci\u00f3n - COPE Alcoy\",\"isPartOf\":{\"@id\":\"https:\\\/\\\/www.copealcoy.es\\\/es\\\/#website\"},\"primaryImageOfPage\":{\"@id\":\"https:\\\/\\\/www.copealcoy.es\\\/es\\\/pp-apuesta-incluir-obras-la-ciudad-plan-la-diputacion\\\/#primaryimage\"},\"image\":{\"@id\":\"https:\\\/\\\/www.copealcoy.es\\\/es\\\/pp-apuesta-incluir-obras-la-ciudad-plan-la-diputacion\\\/#primaryimage\"},\"thumbnailUrl\":\"https:\\\/\\\/www.copealcoy.es\\\/wp-content\\\/uploads\\\/2015\\\/12\\\/image4.jpeg\",\"datePublished\":\"2016-06-08T16:07:37+00:00\",\"author\":{\"@id\":\"https:\\\/\\\/www.copealcoy.es\\\/es\\\/#\\\/schema\\\/person\\\/e777c87fa024e57d40170af9df39882c\"},\"breadcrumb\":{\"@id\":\"https:\\\/\\\/www.copealcoy.es\\\/es\\\/pp-apuesta-incluir-obras-la-ciudad-plan-la-diputacion\\\/#breadcrumb\"},\"inLanguage\":\"es\",\"potentialAction\":[{\"@type\":\"ReadAction\",\"target\":[\"https:\\\/\\\/www.copealcoy.es\\\/es\\\/pp-apuesta-incluir-obras-la-ciudad-plan-la-diputacion\\\/\"]}]},{\"@type\":\"ImageObject\",\"inLanguage\":\"es\",\"@id\":\"https:\\\/\\\/www.copealcoy.es\\\/es\\\/pp-apuesta-incluir-obras-la-ciudad-plan-la-diputacion\\\/#primaryimage\",\"url\":\"https:\\\/\\\/www.copealcoy.es\\\/wp-content\\\/uploads\\\/2015\\\/12\\\/image4.jpeg\",\"contentUrl\":\"https:\\\/\\\/www.copealcoy.es\\\/wp-content\\\/uploads\\\/2015\\\/12\\\/image4.jpeg\",\"width\":2048,\"height\":1365},{\"@type\":\"BreadcrumbList\",\"@id\":\"https:\\\/\\\/www.copealcoy.es\\\/es\\\/pp-apuesta-incluir-obras-la-ciudad-plan-la-diputacion\\\/#breadcrumb\",\"itemListElement\":[{\"@type\":\"ListItem\",\"position\":1,\"name\":\"Portada\",\"item\":\"https:\\\/\\\/www.copealcoy.es\\\/es\\\/\"},{\"@type\":\"ListItem\",\"position\":2,\"name\":\"El PP apuesta por incluir obras de la ciudad en el plan de la Diputaci\u00f3n\"}]},{\"@type\":\"WebSite\",\"@id\":\"https:\\\/\\\/www.copealcoy.es\\\/es\\\/#website\",\"url\":\"https:\\\/\\\/www.copealcoy.es\\\/es\\\/\",\"name\":\"COPE Alcoy\",\"description\":\"Emisora COPE de radio local con emisi\u00f3n online. Pont de Sant Jordi 8-10 03803 Alcoy\",\"potentialAction\":[{\"@type\":\"SearchAction\",\"target\":{\"@type\":\"EntryPoint\",\"urlTemplate\":\"https:\\\/\\\/www.copealcoy.es\\\/es\\\/?s={search_term_string}\"},\"query-input\":{\"@type\":\"PropertyValueSpecification\",\"valueRequired\":true,\"valueName\":\"search_term_string\"}}],\"inLanguage\":\"es\"},{\"@type\":\"Person\",\"@id\":\"https:\\\/\\\/www.copealcoy.es\\\/es\\\/#\\\/schema\\\/person\\\/e777c87fa024e57d40170af9df39882c\",\"name\":\"Cope Alcoy\",\"image\":{\"@type\":\"ImageObject\",\"inLanguage\":\"es\",\"@id\":\"https:\\\/\\\/secure.gravatar.com\\\/avatar\\\/bb65d0283347e303893ba14f0692005417c1e0e690a325a4c5d8bb2b3943ee14?s=96&d=mm&r=g\",\"url\":\"https:\\\/\\\/secure.gravatar.com\\\/avatar\\\/bb65d0283347e303893ba14f0692005417c1e0e690a325a4c5d8bb2b3943ee14?s=96&d=mm&r=g\",\"contentUrl\":\"https:\\\/\\\/secure.gravatar.com\\\/avatar\\\/bb65d0283347e303893ba14f0692005417c1e0e690a325a4c5d8bb2b3943ee14?s=96&d=mm&r=g\",\"caption\":\"Cope Alcoy\"}}]}<\/script>\n<!-- \/ Yoast SEO plugin. -->","yoast_head_json":{"title":"El PP apuesta por incluir obras de la ciudad en el plan de la Diputaci\u00f3n - COPE Alcoy","robots":{"index":"index","follow":"follow","max-snippet":"max-snippet:-1","max-image-preview":"max-image-preview:large","max-video-preview":"max-video-preview:-1"},"canonical":"https:\/\/www.copealcoy.es\/es\/pp-apuesta-incluir-obras-la-ciudad-plan-la-diputacion\/","og_locale":"es_ES","og_type":"article","og_title":"El PP apuesta por incluir obras de la ciudad en el plan de la Diputaci\u00f3n - COPE Alcoy","og_description":"El Partido Popular de Alcoy quiere que las obras importantes para la ciudad se incluyan en las subvenciones de \u00a0la...","og_url":"https:\/\/www.copealcoy.es\/es\/pp-apuesta-incluir-obras-la-ciudad-plan-la-diputacion\/","og_site_name":"COPE Alcoy","article_published_time":"2016-06-08T16:07:37+00:00","og_image":[{"width":2048,"height":1365,"url":"https:\/\/www.copealcoy.es\/wp-content\/uploads\/2015\/12\/image4.jpeg","type":"image\/jpeg"}],"author":"Cope Alcoy","twitter_misc":{"Escrito por":"Cope Alcoy","Tiempo de lectura":"1 minuto"},"schema":{"@context":"https:\/\/schema.org","@graph":[{"@type":"Article","@id":"https:\/\/www.copealcoy.es\/es\/pp-apuesta-incluir-obras-la-ciudad-plan-la-diputacion\/#article","isPartOf":{"@id":"https:\/\/www.copealcoy.es\/es\/pp-apuesta-incluir-obras-la-ciudad-plan-la-diputacion\/"},"author":{"name":"Cope Alcoy","@id":"https:\/\/www.copealcoy.es\/es\/#\/schema\/person\/e777c87fa024e57d40170af9df39882c"},"headline":"El PP apuesta por incluir obras de la ciudad en el plan de la Diputaci\u00f3n","datePublished":"2016-06-08T16:07:37+00:00","mainEntityOfPage":{"@id":"https:\/\/www.copealcoy.es\/es\/pp-apuesta-incluir-obras-la-ciudad-plan-la-diputacion\/"},"wordCount":218,"commentCount":0,"image":{"@id":"https:\/\/www.copealcoy.es\/es\/pp-apuesta-incluir-obras-la-ciudad-plan-la-diputacion\/#primaryimage"},"thumbnailUrl":"https:\/\/www.copealcoy.es\/wp-content\/uploads\/2015\/12\/image4.jpeg","keywords":["Diputaci\u00f3n de Alicante","Edu Tormo","Obras","PP"],"articleSection":["Noticias","Pol\u00edtica y Econom\u00eda"],"inLanguage":"es"},{"@type":"WebPage","@id":"https:\/\/www.copealcoy.es\/es\/pp-apuesta-incluir-obras-la-ciudad-plan-la-diputacion\/","url":"https:\/\/www.copealcoy.es\/es\/pp-apuesta-incluir-obras-la-ciudad-plan-la-diputacion\/","name":"El PP apuesta por incluir obras de la ciudad en el plan de la Diputaci\u00f3n - COPE Alcoy","isPartOf":{"@id":"https:\/\/www.copealcoy.es\/es\/#website"},"primaryImageOfPage":{"@id":"https:\/\/www.copealcoy.es\/es\/pp-apuesta-incluir-obras-la-ciudad-plan-la-diputacion\/#primaryimage"},"image":{"@id":"https:\/\/www.copealcoy.es\/es\/pp-apuesta-incluir-obras-la-ciudad-plan-la-diputacion\/#primaryimage"},"thumbnailUrl":"https:\/\/www.copealcoy.es\/wp-content\/uploads\/2015\/12\/image4.jpeg","datePublished":"2016-06-08T16:07:37+00:00","author":{"@id":"https:\/\/www.copealcoy.es\/es\/#\/schema\/person\/e777c87fa024e57d40170af9df39882c"},"breadcrumb":{"@id":"https:\/\/www.copealcoy.es\/es\/pp-apuesta-incluir-obras-la-ciudad-plan-la-diputacion\/#breadcrumb"},"inLanguage":"es","potentialAction":[{"@type":"ReadAction","target":["https:\/\/www.copealcoy.es\/es\/pp-apuesta-incluir-obras-la-ciudad-plan-la-diputacion\/"]}]},{"@type":"ImageObject","inLanguage":"es","@id":"https:\/\/www.copealcoy.es\/es\/pp-apuesta-incluir-obras-la-ciudad-plan-la-diputacion\/#primaryimage","url":"https:\/\/www.copealcoy.es\/wp-content\/uploads\/2015\/12\/image4.jpeg","contentUrl":"https:\/\/www.copealcoy.es\/wp-content\/uploads\/2015\/12\/image4.jpeg","width":2048,"height":1365},{"@type":"BreadcrumbList","@id":"https:\/\/www.copealcoy.es\/es\/pp-apuesta-incluir-obras-la-ciudad-plan-la-diputacion\/#breadcrumb","itemListElement":[{"@type":"ListItem","position":1,"name":"Portada","item":"https:\/\/www.copealcoy.es\/es\/"},{"@type":"ListItem","position":2,"name":"El PP apuesta por incluir obras de la ciudad en el plan de la Diputaci\u00f3n"}]},{"@type":"WebSite","@id":"https:\/\/www.copealcoy.es\/es\/#website","url":"https:\/\/www.copealcoy.es\/es\/","name":"COPE Alcoy","description":"Emisora COPE de radio local con emisi\u00f3n online. Pont de Sant Jordi 8-10 03803 Alcoy","potentialAction":[{"@type":"SearchAction","target":{"@type":"EntryPoint","urlTemplate":"https:\/\/www.copealcoy.es\/es\/?s={search_term_string}"},"query-input":{"@type":"PropertyValueSpecification","valueRequired":true,"valueName":"search_term_string"}}],"inLanguage":"es"},{"@type":"Person","@id":"https:\/\/www.copealcoy.es\/es\/#\/schema\/person\/e777c87fa024e57d40170af9df39882c","name":"Cope Alcoy","image":{"@type":"ImageObject","inLanguage":"es","@id":"https:\/\/secure.gravatar.com\/avatar\/bb65d0283347e303893ba14f0692005417c1e0e690a325a4c5d8bb2b3943ee14?s=96&d=mm&r=g","url":"https:\/\/secure.gravatar.com\/avatar\/bb65d0283347e303893ba14f0692005417c1e0e690a325a4c5d8bb2b3943ee14?s=96&d=mm&r=g","contentUrl":"https:\/\/secure.gravatar.com\/avatar\/bb65d0283347e303893ba14f0692005417c1e0e690a325a4c5d8bb2b3943ee14?s=96&d=mm&r=g","caption":"Cope Alcoy"}}]}},"_links":{"self":[{"href":"https:\/\/www.copealcoy.es\/es\/wp-json\/wp\/v2\/posts\/22443","targetHints":{"allow":["GET"]}}],"collection":[{"href":"https:\/\/www.copealcoy.es\/es\/wp-json\/wp\/v2\/posts"}],"about":[{"href":"https:\/\/www.copealcoy.es\/es\/wp-json\/wp\/v2\/types\/post"}],"author":[{"embeddable":true,"href":"https:\/\/www.copealcoy.es\/es\/wp-json\/wp\/v2\/users\/1"}],"replies":[{"embeddable":true,"href":"https:\/\/www.copealcoy.es\/es\/wp-json\/wp\/v2\/comments?post=22443"}],"version-history":[{"count":0,"href":"https:\/\/www.copealcoy.es\/es\/wp-json\/wp\/v2\/posts\/22443\/revisions"}],"wp:featuredmedia":[{"embeddable":true,"href":"https:\/\/www.copealcoy.es\/es\/wp-json\/wp\/v2\/media\/17796"}],"wp:attachment":[{"href":"https:\/\/www.copealcoy.es\/es\/wp-json\/wp\/v2\/media?parent=22443"}],"wp:term":[{"taxonomy":"category","embeddable":true,"href":"https:\/\/www.copealcoy.es\/es\/wp-json\/wp\/v2\/categories?post=22443"},{"taxonomy":"post_tag","embeddable":true,"href":"https:\/\/www.copealcoy.es\/es\/wp-json\/wp\/v2\/tags?post=22443"}],"curies":[{"name":"wp","href":"https:\/\/api.w.org\/{rel}","templated":true}]}}