{"id":22348,"date":"2016-06-06T06:00:37","date_gmt":"2016-06-06T06:00:37","guid":{"rendered":"http:\/\/copealcoi.es\/new\/?p=22348"},"modified":"2016-06-06T11:56:06","modified_gmt":"2016-06-06T11:56:06","slug":"la-nit-oberta-llevo-el-mejor-ambiente-al-centro-de-alcoy","status":"publish","type":"post","link":"https:\/\/www.copealcoy.es\/es\/la-nit-oberta-llevo-el-mejor-ambiente-al-centro-de-alcoy\/","title":{"rendered":"La Nit Oberta llev\u00f3 el mejor ambiente al Centro de Alcoy"},"content":{"rendered":"<p style=\"text-align: justify;\">La Nit Oberta volvi\u00f3 al Centro de Alcoy en la tarde y en la noche del s\u00e1bado con muy buen ambiente en las calles y constituyendo todo un \u00e9xito. Tras una ligera tromba de agua se produjo la inauguraci\u00f3n del Certamen en la intersecci\u00f3n de la calle San Lorenzo y la Plaza de Espa\u00f1a con el corte de la cinta, en la que estuvieron presentes representantes comerciales y pol\u00edticos.<\/p>\n<p style=\"text-align: justify;\">A partir de ah\u00ed se sucedieron las actividades y los 35 establecimientos participantes ofrecieron promociones a clientes y visitantes. Tambi\u00e9n la hosteler\u00eda cont\u00f3 con iniciativas especiales y se sortearon varios regalos entre todos los asistentes. La Nit Oberta cont\u00f3 con un marcado toque ibicenco y la m\u00fasica tambi\u00e9n acompa\u00f1\u00f3 las primeras horas de actividad comercial y hostelera de la mano de la VIII Encuentro de Escuelas de M\u00fasica de L\u00b4Alcoi\u00e0 &#8211; Comtat.<\/p>\n<p style=\"text-align: justify;\">\n<div class=\"adm-intext\">\n<div id=\"vjs_video_4174\" class=\"video-js vjs-default-skin vjs_video_4174-dimensions vjs-controls-enabled vjs-user-active vjs-has-started vjs-waiting vjs-vast-ad-loading vjs-paused vjs-vpaid-ad\" style=\"text-align: justify;\">\n<div class=\"vjs-loading-spinner\"><\/div>\n<div class=\"VPAID-container\"><\/div>\n<div class=\"vjs-control-bar\"><\/div>\n<\/div>\n<\/div>\n","protected":false},"excerpt":{"rendered":"<p>La Nit Oberta volvi\u00f3 al Centro de Alcoy en la tarde y en la noche del s\u00e1bado con muy buen&#8230;<\/p>\n","protected":false},"author":1,"featured_media":22349,"comment_status":"open","ping_status":"open","sticky":false,"template":"","format":"standard","meta":{"footnotes":""},"categories":[97,75,79],"tags":[1903,1494,295,1094],"class_list":["post-22348","post","type-post","status-publish","format-standard","has-post-thumbnail","hentry","category-alcoy","category-noticias","category-politicayeconomia","tag-alcentro","tag-alcoy","tag-centro","tag-nit-oberta"],"yoast_head":"<!-- This site is optimized with the Yoast SEO plugin v27.3 - https:\/\/yoast.com\/product\/yoast-seo-wordpress\/ -->\n<title>La Nit Oberta llev\u00f3 el mejor ambiente al Centro de Alcoy - COPE Alcoy<\/title>\n<meta name=\"robots\" content=\"index, follow, max-snippet:-1, max-image-preview:large, max-video-preview:-1\" \/>\n<link rel=\"canonical\" href=\"https:\/\/www.copealcoy.es\/es\/la-nit-oberta-llevo-el-mejor-ambiente-al-centro-de-alcoy\/\" \/>\n<meta property=\"og:locale\" content=\"es_ES\" \/>\n<meta property=\"og:type\" content=\"article\" \/>\n<meta property=\"og:title\" content=\"La Nit Oberta llev\u00f3 el mejor ambiente al Centro de Alcoy - COPE Alcoy\" \/>\n<meta property=\"og:description\" content=\"La Nit Oberta volvi\u00f3 al Centro de Alcoy en la tarde y en la noche del s\u00e1bado con muy buen...\" \/>\n<meta property=\"og:url\" content=\"https:\/\/www.copealcoy.es\/es\/la-nit-oberta-llevo-el-mejor-ambiente-al-centro-de-alcoy\/\" \/>\n<meta property=\"og:site_name\" content=\"COPE Alcoy\" \/>\n<meta property=\"article:published_time\" content=\"2016-06-06T06:00:37+00:00\" \/>\n<meta property=\"article:modified_time\" content=\"2016-06-06T11:56:06+00:00\" \/>\n<meta property=\"og:image\" content=\"https:\/\/www.copealcoy.es\/wp-content\/uploads\/2016\/06\/CkHpjW1XAAAxccT.jpg\" \/>\n\t<meta property=\"og:image:width\" content=\"1200\" \/>\n\t<meta property=\"og:image:height\" content=\"675\" \/>\n\t<meta property=\"og:image:type\" content=\"image\/jpeg\" \/>\n<meta name=\"author\" content=\"Cope Alcoy\" \/>\n<meta name=\"twitter:label1\" content=\"Escrito por\" \/>\n\t<meta name=\"twitter:data1\" content=\"Cope Alcoy\" \/>\n\t<meta name=\"twitter:label2\" content=\"Tiempo de lectura\" \/>\n\t<meta name=\"twitter:data2\" content=\"1 minuto\" \/>\n<script type=\"application\/ld+json\" class=\"yoast-schema-graph\">{\"@context\":\"https:\\\/\\\/schema.org\",\"@graph\":[{\"@type\":\"Article\",\"@id\":\"https:\\\/\\\/www.copealcoy.es\\\/es\\\/la-nit-oberta-llevo-el-mejor-ambiente-al-centro-de-alcoy\\\/#article\",\"isPartOf\":{\"@id\":\"https:\\\/\\\/www.copealcoy.es\\\/es\\\/la-nit-oberta-llevo-el-mejor-ambiente-al-centro-de-alcoy\\\/\"},\"author\":{\"name\":\"Cope Alcoy\",\"@id\":\"https:\\\/\\\/www.copealcoy.es\\\/es\\\/#\\\/schema\\\/person\\\/e777c87fa024e57d40170af9df39882c\"},\"headline\":\"La Nit Oberta llev\u00f3 el mejor ambiente al Centro de Alcoy\",\"datePublished\":\"2016-06-06T06:00:37+00:00\",\"dateModified\":\"2016-06-06T11:56:06+00:00\",\"mainEntityOfPage\":{\"@id\":\"https:\\\/\\\/www.copealcoy.es\\\/es\\\/la-nit-oberta-llevo-el-mejor-ambiente-al-centro-de-alcoy\\\/\"},\"wordCount\":162,\"commentCount\":0,\"image\":{\"@id\":\"https:\\\/\\\/www.copealcoy.es\\\/es\\\/la-nit-oberta-llevo-el-mejor-ambiente-al-centro-de-alcoy\\\/#primaryimage\"},\"thumbnailUrl\":\"https:\\\/\\\/www.copealcoy.es\\\/wp-content\\\/uploads\\\/2016\\\/06\\\/CkHpjW1XAAAxccT.jpg\",\"keywords\":[\"Alcentro\",\"Alcoy\",\"Centro\",\"Nit Oberta\"],\"articleSection\":[\"Alcoy\",\"Noticias\",\"Pol\u00edtica y Econom\u00eda\"],\"inLanguage\":\"es\"},{\"@type\":\"WebPage\",\"@id\":\"https:\\\/\\\/www.copealcoy.es\\\/es\\\/la-nit-oberta-llevo-el-mejor-ambiente-al-centro-de-alcoy\\\/\",\"url\":\"https:\\\/\\\/www.copealcoy.es\\\/es\\\/la-nit-oberta-llevo-el-mejor-ambiente-al-centro-de-alcoy\\\/\",\"name\":\"La Nit Oberta llev\u00f3 el mejor ambiente al Centro de Alcoy - COPE Alcoy\",\"isPartOf\":{\"@id\":\"https:\\\/\\\/www.copealcoy.es\\\/es\\\/#website\"},\"primaryImageOfPage\":{\"@id\":\"https:\\\/\\\/www.copealcoy.es\\\/es\\\/la-nit-oberta-llevo-el-mejor-ambiente-al-centro-de-alcoy\\\/#primaryimage\"},\"image\":{\"@id\":\"https:\\\/\\\/www.copealcoy.es\\\/es\\\/la-nit-oberta-llevo-el-mejor-ambiente-al-centro-de-alcoy\\\/#primaryimage\"},\"thumbnailUrl\":\"https:\\\/\\\/www.copealcoy.es\\\/wp-content\\\/uploads\\\/2016\\\/06\\\/CkHpjW1XAAAxccT.jpg\",\"datePublished\":\"2016-06-06T06:00:37+00:00\",\"dateModified\":\"2016-06-06T11:56:06+00:00\",\"author\":{\"@id\":\"https:\\\/\\\/www.copealcoy.es\\\/es\\\/#\\\/schema\\\/person\\\/e777c87fa024e57d40170af9df39882c\"},\"breadcrumb\":{\"@id\":\"https:\\\/\\\/www.copealcoy.es\\\/es\\\/la-nit-oberta-llevo-el-mejor-ambiente-al-centro-de-alcoy\\\/#breadcrumb\"},\"inLanguage\":\"es\",\"potentialAction\":[{\"@type\":\"ReadAction\",\"target\":[\"https:\\\/\\\/www.copealcoy.es\\\/es\\\/la-nit-oberta-llevo-el-mejor-ambiente-al-centro-de-alcoy\\\/\"]}]},{\"@type\":\"ImageObject\",\"inLanguage\":\"es\",\"@id\":\"https:\\\/\\\/www.copealcoy.es\\\/es\\\/la-nit-oberta-llevo-el-mejor-ambiente-al-centro-de-alcoy\\\/#primaryimage\",\"url\":\"https:\\\/\\\/www.copealcoy.es\\\/wp-content\\\/uploads\\\/2016\\\/06\\\/CkHpjW1XAAAxccT.jpg\",\"contentUrl\":\"https:\\\/\\\/www.copealcoy.es\\\/wp-content\\\/uploads\\\/2016\\\/06\\\/CkHpjW1XAAAxccT.jpg\",\"width\":1200,\"height\":675,\"caption\":\"La inauguraci\u00f3n de la Nit Oberta tuvo el s\u00e1bado por la tarde \\\/ Foto: Ajuntament Alcoy\"},{\"@type\":\"BreadcrumbList\",\"@id\":\"https:\\\/\\\/www.copealcoy.es\\\/es\\\/la-nit-oberta-llevo-el-mejor-ambiente-al-centro-de-alcoy\\\/#breadcrumb\",\"itemListElement\":[{\"@type\":\"ListItem\",\"position\":1,\"name\":\"Portada\",\"item\":\"https:\\\/\\\/www.copealcoy.es\\\/es\\\/\"},{\"@type\":\"ListItem\",\"position\":2,\"name\":\"La Nit Oberta llev\u00f3 el mejor ambiente al Centro de Alcoy\"}]},{\"@type\":\"WebSite\",\"@id\":\"https:\\\/\\\/www.copealcoy.es\\\/es\\\/#website\",\"url\":\"https:\\\/\\\/www.copealcoy.es\\\/es\\\/\",\"name\":\"COPE Alcoy\",\"description\":\"Emisora COPE de radio local con emisi\u00f3n online. Pont de Sant Jordi 8-10 03803 Alcoy\",\"potentialAction\":[{\"@type\":\"SearchAction\",\"target\":{\"@type\":\"EntryPoint\",\"urlTemplate\":\"https:\\\/\\\/www.copealcoy.es\\\/es\\\/?s={search_term_string}\"},\"query-input\":{\"@type\":\"PropertyValueSpecification\",\"valueRequired\":true,\"valueName\":\"search_term_string\"}}],\"inLanguage\":\"es\"},{\"@type\":\"Person\",\"@id\":\"https:\\\/\\\/www.copealcoy.es\\\/es\\\/#\\\/schema\\\/person\\\/e777c87fa024e57d40170af9df39882c\",\"name\":\"Cope Alcoy\",\"image\":{\"@type\":\"ImageObject\",\"inLanguage\":\"es\",\"@id\":\"https:\\\/\\\/secure.gravatar.com\\\/avatar\\\/bb65d0283347e303893ba14f0692005417c1e0e690a325a4c5d8bb2b3943ee14?s=96&d=mm&r=g\",\"url\":\"https:\\\/\\\/secure.gravatar.com\\\/avatar\\\/bb65d0283347e303893ba14f0692005417c1e0e690a325a4c5d8bb2b3943ee14?s=96&d=mm&r=g\",\"contentUrl\":\"https:\\\/\\\/secure.gravatar.com\\\/avatar\\\/bb65d0283347e303893ba14f0692005417c1e0e690a325a4c5d8bb2b3943ee14?s=96&d=mm&r=g\",\"caption\":\"Cope Alcoy\"}}]}<\/script>\n<!-- \/ Yoast SEO plugin. -->","yoast_head_json":{"title":"La Nit Oberta llev\u00f3 el mejor ambiente al Centro de Alcoy - COPE Alcoy","robots":{"index":"index","follow":"follow","max-snippet":"max-snippet:-1","max-image-preview":"max-image-preview:large","max-video-preview":"max-video-preview:-1"},"canonical":"https:\/\/www.copealcoy.es\/es\/la-nit-oberta-llevo-el-mejor-ambiente-al-centro-de-alcoy\/","og_locale":"es_ES","og_type":"article","og_title":"La Nit Oberta llev\u00f3 el mejor ambiente al Centro de Alcoy - COPE Alcoy","og_description":"La Nit Oberta volvi\u00f3 al Centro de Alcoy en la tarde y en la noche del s\u00e1bado con muy buen...","og_url":"https:\/\/www.copealcoy.es\/es\/la-nit-oberta-llevo-el-mejor-ambiente-al-centro-de-alcoy\/","og_site_name":"COPE Alcoy","article_published_time":"2016-06-06T06:00:37+00:00","article_modified_time":"2016-06-06T11:56:06+00:00","og_image":[{"width":1200,"height":675,"url":"https:\/\/www.copealcoy.es\/wp-content\/uploads\/2016\/06\/CkHpjW1XAAAxccT.jpg","type":"image\/jpeg"}],"author":"Cope Alcoy","twitter_misc":{"Escrito por":"Cope Alcoy","Tiempo de lectura":"1 minuto"},"schema":{"@context":"https:\/\/schema.org","@graph":[{"@type":"Article","@id":"https:\/\/www.copealcoy.es\/es\/la-nit-oberta-llevo-el-mejor-ambiente-al-centro-de-alcoy\/#article","isPartOf":{"@id":"https:\/\/www.copealcoy.es\/es\/la-nit-oberta-llevo-el-mejor-ambiente-al-centro-de-alcoy\/"},"author":{"name":"Cope Alcoy","@id":"https:\/\/www.copealcoy.es\/es\/#\/schema\/person\/e777c87fa024e57d40170af9df39882c"},"headline":"La Nit Oberta llev\u00f3 el mejor ambiente al Centro de Alcoy","datePublished":"2016-06-06T06:00:37+00:00","dateModified":"2016-06-06T11:56:06+00:00","mainEntityOfPage":{"@id":"https:\/\/www.copealcoy.es\/es\/la-nit-oberta-llevo-el-mejor-ambiente-al-centro-de-alcoy\/"},"wordCount":162,"commentCount":0,"image":{"@id":"https:\/\/www.copealcoy.es\/es\/la-nit-oberta-llevo-el-mejor-ambiente-al-centro-de-alcoy\/#primaryimage"},"thumbnailUrl":"https:\/\/www.copealcoy.es\/wp-content\/uploads\/2016\/06\/CkHpjW1XAAAxccT.jpg","keywords":["Alcentro","Alcoy","Centro","Nit Oberta"],"articleSection":["Alcoy","Noticias","Pol\u00edtica y Econom\u00eda"],"inLanguage":"es"},{"@type":"WebPage","@id":"https:\/\/www.copealcoy.es\/es\/la-nit-oberta-llevo-el-mejor-ambiente-al-centro-de-alcoy\/","url":"https:\/\/www.copealcoy.es\/es\/la-nit-oberta-llevo-el-mejor-ambiente-al-centro-de-alcoy\/","name":"La Nit Oberta llev\u00f3 el mejor ambiente al Centro de Alcoy - COPE Alcoy","isPartOf":{"@id":"https:\/\/www.copealcoy.es\/es\/#website"},"primaryImageOfPage":{"@id":"https:\/\/www.copealcoy.es\/es\/la-nit-oberta-llevo-el-mejor-ambiente-al-centro-de-alcoy\/#primaryimage"},"image":{"@id":"https:\/\/www.copealcoy.es\/es\/la-nit-oberta-llevo-el-mejor-ambiente-al-centro-de-alcoy\/#primaryimage"},"thumbnailUrl":"https:\/\/www.copealcoy.es\/wp-content\/uploads\/2016\/06\/CkHpjW1XAAAxccT.jpg","datePublished":"2016-06-06T06:00:37+00:00","dateModified":"2016-06-06T11:56:06+00:00","author":{"@id":"https:\/\/www.copealcoy.es\/es\/#\/schema\/person\/e777c87fa024e57d40170af9df39882c"},"breadcrumb":{"@id":"https:\/\/www.copealcoy.es\/es\/la-nit-oberta-llevo-el-mejor-ambiente-al-centro-de-alcoy\/#breadcrumb"},"inLanguage":"es","potentialAction":[{"@type":"ReadAction","target":["https:\/\/www.copealcoy.es\/es\/la-nit-oberta-llevo-el-mejor-ambiente-al-centro-de-alcoy\/"]}]},{"@type":"ImageObject","inLanguage":"es","@id":"https:\/\/www.copealcoy.es\/es\/la-nit-oberta-llevo-el-mejor-ambiente-al-centro-de-alcoy\/#primaryimage","url":"https:\/\/www.copealcoy.es\/wp-content\/uploads\/2016\/06\/CkHpjW1XAAAxccT.jpg","contentUrl":"https:\/\/www.copealcoy.es\/wp-content\/uploads\/2016\/06\/CkHpjW1XAAAxccT.jpg","width":1200,"height":675,"caption":"La inauguraci\u00f3n de la Nit Oberta tuvo el s\u00e1bado por la tarde \/ Foto: Ajuntament Alcoy"},{"@type":"BreadcrumbList","@id":"https:\/\/www.copealcoy.es\/es\/la-nit-oberta-llevo-el-mejor-ambiente-al-centro-de-alcoy\/#breadcrumb","itemListElement":[{"@type":"ListItem","position":1,"name":"Portada","item":"https:\/\/www.copealcoy.es\/es\/"},{"@type":"ListItem","position":2,"name":"La Nit Oberta llev\u00f3 el mejor ambiente al Centro de Alcoy"}]},{"@type":"WebSite","@id":"https:\/\/www.copealcoy.es\/es\/#website","url":"https:\/\/www.copealcoy.es\/es\/","name":"COPE Alcoy","description":"Emisora COPE de radio local con emisi\u00f3n online. Pont de Sant Jordi 8-10 03803 Alcoy","potentialAction":[{"@type":"SearchAction","target":{"@type":"EntryPoint","urlTemplate":"https:\/\/www.copealcoy.es\/es\/?s={search_term_string}"},"query-input":{"@type":"PropertyValueSpecification","valueRequired":true,"valueName":"search_term_string"}}],"inLanguage":"es"},{"@type":"Person","@id":"https:\/\/www.copealcoy.es\/es\/#\/schema\/person\/e777c87fa024e57d40170af9df39882c","name":"Cope Alcoy","image":{"@type":"ImageObject","inLanguage":"es","@id":"https:\/\/secure.gravatar.com\/avatar\/bb65d0283347e303893ba14f0692005417c1e0e690a325a4c5d8bb2b3943ee14?s=96&d=mm&r=g","url":"https:\/\/secure.gravatar.com\/avatar\/bb65d0283347e303893ba14f0692005417c1e0e690a325a4c5d8bb2b3943ee14?s=96&d=mm&r=g","contentUrl":"https:\/\/secure.gravatar.com\/avatar\/bb65d0283347e303893ba14f0692005417c1e0e690a325a4c5d8bb2b3943ee14?s=96&d=mm&r=g","caption":"Cope Alcoy"}}]}},"_links":{"self":[{"href":"https:\/\/www.copealcoy.es\/es\/wp-json\/wp\/v2\/posts\/22348","targetHints":{"allow":["GET"]}}],"collection":[{"href":"https:\/\/www.copealcoy.es\/es\/wp-json\/wp\/v2\/posts"}],"about":[{"href":"https:\/\/www.copealcoy.es\/es\/wp-json\/wp\/v2\/types\/post"}],"author":[{"embeddable":true,"href":"https:\/\/www.copealcoy.es\/es\/wp-json\/wp\/v2\/users\/1"}],"replies":[{"embeddable":true,"href":"https:\/\/www.copealcoy.es\/es\/wp-json\/wp\/v2\/comments?post=22348"}],"version-history":[{"count":0,"href":"https:\/\/www.copealcoy.es\/es\/wp-json\/wp\/v2\/posts\/22348\/revisions"}],"wp:featuredmedia":[{"embeddable":true,"href":"https:\/\/www.copealcoy.es\/es\/wp-json\/wp\/v2\/media\/22349"}],"wp:attachment":[{"href":"https:\/\/www.copealcoy.es\/es\/wp-json\/wp\/v2\/media?parent=22348"}],"wp:term":[{"taxonomy":"category","embeddable":true,"href":"https:\/\/www.copealcoy.es\/es\/wp-json\/wp\/v2\/categories?post=22348"},{"taxonomy":"post_tag","embeddable":true,"href":"https:\/\/www.copealcoy.es\/es\/wp-json\/wp\/v2\/tags?post=22348"}],"curies":[{"name":"wp","href":"https:\/\/api.w.org\/{rel}","templated":true}]}}