{"id":22279,"date":"2016-06-04T07:58:10","date_gmt":"2016-06-04T07:58:10","guid":{"rendered":"http:\/\/copealcoi.es\/new\/?p=22279"},"modified":"2016-06-04T07:58:57","modified_gmt":"2016-06-04T07:58:57","slug":"patronat-cocentaina-celebra-la-fiesta-del-sagrado-corazon","status":"publish","type":"post","link":"https:\/\/www.copealcoy.es\/es\/patronat-cocentaina-celebra-la-fiesta-del-sagrado-corazon\/","title":{"rendered":"El Patronat de Cocentaina celebra la fiesta del Sagrado Coraz\u00f3n"},"content":{"rendered":"<p style=\"text-align: justify;\">Cocentaina celebr\u00f3 ayer viernes la fiesta del Sagrado Coraz\u00f3n de Jes\u00fas, una tradici\u00f3n vinculada al Patronat y que d\u00e9cadas atr\u00e1s impuls\u00f3 el recordado Moss\u00e9n Eugenio Radu\u00e1n.<\/p>\n<p style=\"text-align: justify;\">Los actos comenzaron a las ocho de la tarde con una misa solemne en la iglesia de Santa Mar\u00eda para dar paso despu\u00e9s a la procesi\u00f3n que se inici\u00f3 pasadas las nueve de la noche desde el citado Patronat. La comitiva recorri\u00f3 varias de las calles c\u00e9ntricas de la Villa Condal y en la misma volvieron a tomar parte numerosos fieles as\u00ed como los ni\u00f1os que este a\u00f1o han tomado la Primera Comuni\u00f3n en las dos parroquias locales y en el Convento de los Padres Franciscanos. Adem\u00e1s los comuniantes tambi\u00e9n fueron los encargados de portar la imagen del Coraz\u00f3n de Jes\u00fas durante todo el trayecto.<\/p>\n<p style=\"text-align: justify;\">La jornada finaliz\u00f3 con una\u00a0<em>dans\u00e0 infantil<\/em>\u00a0y se entregaron los premios de las diferentes competiciones deportivas realizadas durante la semana. Seguidamente se rindi\u00f3 un homenaje a Juan Cort\u00e9s Sell\u00e9s por su dedicaci\u00f3n en pro de esta entidad contestana as\u00ed como a Montserrat Brot\u00f3ns Pascual en reconocimiento a sus m\u00e9ritos deportivos en el B\u00e1squet.<\/p>\n<p style=\"text-align: justify;\">Por \u00faltimo se\u00f1alar que en los d\u00edas previos a la fiesta del Sagrado Coraz\u00f3n de Jes\u00fas se ha efectuado la Semana Cultural en la que destac\u00f3 el jueves por la noche la puesta en escena del sainete humor\u00edstico\u00a0<em>Canvi d\u00b4Habitaci\u00f3<\/em>\u00a0a cargo del Grupo de Teatro del Patronat.<\/p>\n<p>&nbsp;<\/p>\n","protected":false},"excerpt":{"rendered":"<p>Cocentaina celebr\u00f3 ayer viernes la fiesta del Sagrado Coraz\u00f3n de Jes\u00fas, una tradici\u00f3n vinculada al Patronat y que d\u00e9cadas atr\u00e1s&#8230;<\/p>\n","protected":false},"author":1,"featured_media":22280,"comment_status":"open","ping_status":"open","sticky":false,"template":"","format":"standard","meta":{"footnotes":""},"categories":[98,75],"tags":[132,237,2353,2327,1143],"class_list":["post-22279","post","type-post","status-publish","format-standard","has-post-thumbnail","hentry","category-comarcas","category-noticias","tag-cocentaina","tag-comtat","tag-patronat","tag-primera-comunion","tag-sagrado-corazon"],"yoast_head":"<!-- This site is optimized with the Yoast SEO plugin v27.3 - https:\/\/yoast.com\/product\/yoast-seo-wordpress\/ -->\n<title>El Patronat de Cocentaina celebra la fiesta del Sagrado Coraz\u00f3n - COPE Alcoy<\/title>\n<meta name=\"robots\" content=\"index, follow, max-snippet:-1, max-image-preview:large, max-video-preview:-1\" \/>\n<link rel=\"canonical\" href=\"https:\/\/www.copealcoy.es\/es\/patronat-cocentaina-celebra-la-fiesta-del-sagrado-corazon\/\" \/>\n<meta property=\"og:locale\" content=\"es_ES\" \/>\n<meta property=\"og:type\" content=\"article\" \/>\n<meta property=\"og:title\" content=\"El Patronat de Cocentaina celebra la fiesta del Sagrado Coraz\u00f3n - COPE Alcoy\" \/>\n<meta property=\"og:description\" content=\"Cocentaina celebr\u00f3 ayer viernes la fiesta del Sagrado Coraz\u00f3n de Jes\u00fas, una tradici\u00f3n vinculada al Patronat y que d\u00e9cadas atr\u00e1s...\" \/>\n<meta property=\"og:url\" content=\"https:\/\/www.copealcoy.es\/es\/patronat-cocentaina-celebra-la-fiesta-del-sagrado-corazon\/\" \/>\n<meta property=\"og:site_name\" content=\"COPE Alcoy\" \/>\n<meta property=\"article:published_time\" content=\"2016-06-04T07:58:10+00:00\" \/>\n<meta property=\"article:modified_time\" content=\"2016-06-04T07:58:57+00:00\" \/>\n<meta property=\"og:image\" content=\"https:\/\/www.copealcoy.es\/wp-content\/uploads\/2016\/06\/DSC01502.jpg\" \/>\n\t<meta property=\"og:image:width\" content=\"2180\" \/>\n\t<meta property=\"og:image:height\" content=\"1363\" \/>\n\t<meta property=\"og:image:type\" content=\"image\/jpeg\" \/>\n<meta name=\"author\" content=\"Cope Alcoy\" \/>\n<meta name=\"twitter:label1\" content=\"Escrito por\" \/>\n\t<meta name=\"twitter:data1\" content=\"Cope Alcoy\" \/>\n\t<meta name=\"twitter:label2\" content=\"Tiempo de lectura\" \/>\n\t<meta name=\"twitter:data2\" content=\"1 minuto\" \/>\n<script type=\"application\/ld+json\" class=\"yoast-schema-graph\">{\"@context\":\"https:\\\/\\\/schema.org\",\"@graph\":[{\"@type\":\"Article\",\"@id\":\"https:\\\/\\\/www.copealcoy.es\\\/es\\\/patronat-cocentaina-celebra-la-fiesta-del-sagrado-corazon\\\/#article\",\"isPartOf\":{\"@id\":\"https:\\\/\\\/www.copealcoy.es\\\/es\\\/patronat-cocentaina-celebra-la-fiesta-del-sagrado-corazon\\\/\"},\"author\":{\"name\":\"Cope Alcoy\",\"@id\":\"https:\\\/\\\/www.copealcoy.es\\\/es\\\/#\\\/schema\\\/person\\\/e777c87fa024e57d40170af9df39882c\"},\"headline\":\"El Patronat de Cocentaina celebra la fiesta del Sagrado Coraz\u00f3n\",\"datePublished\":\"2016-06-04T07:58:10+00:00\",\"dateModified\":\"2016-06-04T07:58:57+00:00\",\"mainEntityOfPage\":{\"@id\":\"https:\\\/\\\/www.copealcoy.es\\\/es\\\/patronat-cocentaina-celebra-la-fiesta-del-sagrado-corazon\\\/\"},\"wordCount\":275,\"commentCount\":0,\"image\":{\"@id\":\"https:\\\/\\\/www.copealcoy.es\\\/es\\\/patronat-cocentaina-celebra-la-fiesta-del-sagrado-corazon\\\/#primaryimage\"},\"thumbnailUrl\":\"https:\\\/\\\/www.copealcoy.es\\\/wp-content\\\/uploads\\\/2016\\\/06\\\/DSC01502.jpg\",\"keywords\":[\"Cocentaina\",\"Comtat\",\"Patronat\",\"Primera Comuni\u00f3n\",\"Sagrado Coraz\u00f3n\"],\"articleSection\":[\"Comarcas\",\"Noticias\"],\"inLanguage\":\"es\"},{\"@type\":\"WebPage\",\"@id\":\"https:\\\/\\\/www.copealcoy.es\\\/es\\\/patronat-cocentaina-celebra-la-fiesta-del-sagrado-corazon\\\/\",\"url\":\"https:\\\/\\\/www.copealcoy.es\\\/es\\\/patronat-cocentaina-celebra-la-fiesta-del-sagrado-corazon\\\/\",\"name\":\"El Patronat de Cocentaina celebra la fiesta del Sagrado Coraz\u00f3n - COPE Alcoy\",\"isPartOf\":{\"@id\":\"https:\\\/\\\/www.copealcoy.es\\\/es\\\/#website\"},\"primaryImageOfPage\":{\"@id\":\"https:\\\/\\\/www.copealcoy.es\\\/es\\\/patronat-cocentaina-celebra-la-fiesta-del-sagrado-corazon\\\/#primaryimage\"},\"image\":{\"@id\":\"https:\\\/\\\/www.copealcoy.es\\\/es\\\/patronat-cocentaina-celebra-la-fiesta-del-sagrado-corazon\\\/#primaryimage\"},\"thumbnailUrl\":\"https:\\\/\\\/www.copealcoy.es\\\/wp-content\\\/uploads\\\/2016\\\/06\\\/DSC01502.jpg\",\"datePublished\":\"2016-06-04T07:58:10+00:00\",\"dateModified\":\"2016-06-04T07:58:57+00:00\",\"author\":{\"@id\":\"https:\\\/\\\/www.copealcoy.es\\\/es\\\/#\\\/schema\\\/person\\\/e777c87fa024e57d40170af9df39882c\"},\"breadcrumb\":{\"@id\":\"https:\\\/\\\/www.copealcoy.es\\\/es\\\/patronat-cocentaina-celebra-la-fiesta-del-sagrado-corazon\\\/#breadcrumb\"},\"inLanguage\":\"es\",\"potentialAction\":[{\"@type\":\"ReadAction\",\"target\":[\"https:\\\/\\\/www.copealcoy.es\\\/es\\\/patronat-cocentaina-celebra-la-fiesta-del-sagrado-corazon\\\/\"]}]},{\"@type\":\"ImageObject\",\"inLanguage\":\"es\",\"@id\":\"https:\\\/\\\/www.copealcoy.es\\\/es\\\/patronat-cocentaina-celebra-la-fiesta-del-sagrado-corazon\\\/#primaryimage\",\"url\":\"https:\\\/\\\/www.copealcoy.es\\\/wp-content\\\/uploads\\\/2016\\\/06\\\/DSC01502.jpg\",\"contentUrl\":\"https:\\\/\\\/www.copealcoy.es\\\/wp-content\\\/uploads\\\/2016\\\/06\\\/DSC01502.jpg\",\"width\":2180,\"height\":1363,\"caption\":\"Los ni\u00f1os de Primera Comuni\u00f3n tuvieron un papel destacado en la procesi\u00f3n\"},{\"@type\":\"BreadcrumbList\",\"@id\":\"https:\\\/\\\/www.copealcoy.es\\\/es\\\/patronat-cocentaina-celebra-la-fiesta-del-sagrado-corazon\\\/#breadcrumb\",\"itemListElement\":[{\"@type\":\"ListItem\",\"position\":1,\"name\":\"Portada\",\"item\":\"https:\\\/\\\/www.copealcoy.es\\\/es\\\/\"},{\"@type\":\"ListItem\",\"position\":2,\"name\":\"El Patronat de Cocentaina celebra la fiesta del Sagrado Coraz\u00f3n\"}]},{\"@type\":\"WebSite\",\"@id\":\"https:\\\/\\\/www.copealcoy.es\\\/es\\\/#website\",\"url\":\"https:\\\/\\\/www.copealcoy.es\\\/es\\\/\",\"name\":\"COPE Alcoy\",\"description\":\"Emisora COPE de radio local con emisi\u00f3n online. Pont de Sant Jordi 8-10 03803 Alcoy\",\"potentialAction\":[{\"@type\":\"SearchAction\",\"target\":{\"@type\":\"EntryPoint\",\"urlTemplate\":\"https:\\\/\\\/www.copealcoy.es\\\/es\\\/?s={search_term_string}\"},\"query-input\":{\"@type\":\"PropertyValueSpecification\",\"valueRequired\":true,\"valueName\":\"search_term_string\"}}],\"inLanguage\":\"es\"},{\"@type\":\"Person\",\"@id\":\"https:\\\/\\\/www.copealcoy.es\\\/es\\\/#\\\/schema\\\/person\\\/e777c87fa024e57d40170af9df39882c\",\"name\":\"Cope Alcoy\",\"image\":{\"@type\":\"ImageObject\",\"inLanguage\":\"es\",\"@id\":\"https:\\\/\\\/secure.gravatar.com\\\/avatar\\\/bb65d0283347e303893ba14f0692005417c1e0e690a325a4c5d8bb2b3943ee14?s=96&d=mm&r=g\",\"url\":\"https:\\\/\\\/secure.gravatar.com\\\/avatar\\\/bb65d0283347e303893ba14f0692005417c1e0e690a325a4c5d8bb2b3943ee14?s=96&d=mm&r=g\",\"contentUrl\":\"https:\\\/\\\/secure.gravatar.com\\\/avatar\\\/bb65d0283347e303893ba14f0692005417c1e0e690a325a4c5d8bb2b3943ee14?s=96&d=mm&r=g\",\"caption\":\"Cope Alcoy\"}}]}<\/script>\n<!-- \/ Yoast SEO plugin. -->","yoast_head_json":{"title":"El Patronat de Cocentaina celebra la fiesta del Sagrado Coraz\u00f3n - COPE Alcoy","robots":{"index":"index","follow":"follow","max-snippet":"max-snippet:-1","max-image-preview":"max-image-preview:large","max-video-preview":"max-video-preview:-1"},"canonical":"https:\/\/www.copealcoy.es\/es\/patronat-cocentaina-celebra-la-fiesta-del-sagrado-corazon\/","og_locale":"es_ES","og_type":"article","og_title":"El Patronat de Cocentaina celebra la fiesta del Sagrado Coraz\u00f3n - COPE Alcoy","og_description":"Cocentaina celebr\u00f3 ayer viernes la fiesta del Sagrado Coraz\u00f3n de Jes\u00fas, una tradici\u00f3n vinculada al Patronat y que d\u00e9cadas atr\u00e1s...","og_url":"https:\/\/www.copealcoy.es\/es\/patronat-cocentaina-celebra-la-fiesta-del-sagrado-corazon\/","og_site_name":"COPE Alcoy","article_published_time":"2016-06-04T07:58:10+00:00","article_modified_time":"2016-06-04T07:58:57+00:00","og_image":[{"width":2180,"height":1363,"url":"https:\/\/www.copealcoy.es\/wp-content\/uploads\/2016\/06\/DSC01502.jpg","type":"image\/jpeg"}],"author":"Cope Alcoy","twitter_misc":{"Escrito por":"Cope Alcoy","Tiempo de lectura":"1 minuto"},"schema":{"@context":"https:\/\/schema.org","@graph":[{"@type":"Article","@id":"https:\/\/www.copealcoy.es\/es\/patronat-cocentaina-celebra-la-fiesta-del-sagrado-corazon\/#article","isPartOf":{"@id":"https:\/\/www.copealcoy.es\/es\/patronat-cocentaina-celebra-la-fiesta-del-sagrado-corazon\/"},"author":{"name":"Cope Alcoy","@id":"https:\/\/www.copealcoy.es\/es\/#\/schema\/person\/e777c87fa024e57d40170af9df39882c"},"headline":"El Patronat de Cocentaina celebra la fiesta del Sagrado Coraz\u00f3n","datePublished":"2016-06-04T07:58:10+00:00","dateModified":"2016-06-04T07:58:57+00:00","mainEntityOfPage":{"@id":"https:\/\/www.copealcoy.es\/es\/patronat-cocentaina-celebra-la-fiesta-del-sagrado-corazon\/"},"wordCount":275,"commentCount":0,"image":{"@id":"https:\/\/www.copealcoy.es\/es\/patronat-cocentaina-celebra-la-fiesta-del-sagrado-corazon\/#primaryimage"},"thumbnailUrl":"https:\/\/www.copealcoy.es\/wp-content\/uploads\/2016\/06\/DSC01502.jpg","keywords":["Cocentaina","Comtat","Patronat","Primera Comuni\u00f3n","Sagrado Coraz\u00f3n"],"articleSection":["Comarcas","Noticias"],"inLanguage":"es"},{"@type":"WebPage","@id":"https:\/\/www.copealcoy.es\/es\/patronat-cocentaina-celebra-la-fiesta-del-sagrado-corazon\/","url":"https:\/\/www.copealcoy.es\/es\/patronat-cocentaina-celebra-la-fiesta-del-sagrado-corazon\/","name":"El Patronat de Cocentaina celebra la fiesta del Sagrado Coraz\u00f3n - COPE Alcoy","isPartOf":{"@id":"https:\/\/www.copealcoy.es\/es\/#website"},"primaryImageOfPage":{"@id":"https:\/\/www.copealcoy.es\/es\/patronat-cocentaina-celebra-la-fiesta-del-sagrado-corazon\/#primaryimage"},"image":{"@id":"https:\/\/www.copealcoy.es\/es\/patronat-cocentaina-celebra-la-fiesta-del-sagrado-corazon\/#primaryimage"},"thumbnailUrl":"https:\/\/www.copealcoy.es\/wp-content\/uploads\/2016\/06\/DSC01502.jpg","datePublished":"2016-06-04T07:58:10+00:00","dateModified":"2016-06-04T07:58:57+00:00","author":{"@id":"https:\/\/www.copealcoy.es\/es\/#\/schema\/person\/e777c87fa024e57d40170af9df39882c"},"breadcrumb":{"@id":"https:\/\/www.copealcoy.es\/es\/patronat-cocentaina-celebra-la-fiesta-del-sagrado-corazon\/#breadcrumb"},"inLanguage":"es","potentialAction":[{"@type":"ReadAction","target":["https:\/\/www.copealcoy.es\/es\/patronat-cocentaina-celebra-la-fiesta-del-sagrado-corazon\/"]}]},{"@type":"ImageObject","inLanguage":"es","@id":"https:\/\/www.copealcoy.es\/es\/patronat-cocentaina-celebra-la-fiesta-del-sagrado-corazon\/#primaryimage","url":"https:\/\/www.copealcoy.es\/wp-content\/uploads\/2016\/06\/DSC01502.jpg","contentUrl":"https:\/\/www.copealcoy.es\/wp-content\/uploads\/2016\/06\/DSC01502.jpg","width":2180,"height":1363,"caption":"Los ni\u00f1os de Primera Comuni\u00f3n tuvieron un papel destacado en la procesi\u00f3n"},{"@type":"BreadcrumbList","@id":"https:\/\/www.copealcoy.es\/es\/patronat-cocentaina-celebra-la-fiesta-del-sagrado-corazon\/#breadcrumb","itemListElement":[{"@type":"ListItem","position":1,"name":"Portada","item":"https:\/\/www.copealcoy.es\/es\/"},{"@type":"ListItem","position":2,"name":"El Patronat de Cocentaina celebra la fiesta del Sagrado Coraz\u00f3n"}]},{"@type":"WebSite","@id":"https:\/\/www.copealcoy.es\/es\/#website","url":"https:\/\/www.copealcoy.es\/es\/","name":"COPE Alcoy","description":"Emisora COPE de radio local con emisi\u00f3n online. Pont de Sant Jordi 8-10 03803 Alcoy","potentialAction":[{"@type":"SearchAction","target":{"@type":"EntryPoint","urlTemplate":"https:\/\/www.copealcoy.es\/es\/?s={search_term_string}"},"query-input":{"@type":"PropertyValueSpecification","valueRequired":true,"valueName":"search_term_string"}}],"inLanguage":"es"},{"@type":"Person","@id":"https:\/\/www.copealcoy.es\/es\/#\/schema\/person\/e777c87fa024e57d40170af9df39882c","name":"Cope Alcoy","image":{"@type":"ImageObject","inLanguage":"es","@id":"https:\/\/secure.gravatar.com\/avatar\/bb65d0283347e303893ba14f0692005417c1e0e690a325a4c5d8bb2b3943ee14?s=96&d=mm&r=g","url":"https:\/\/secure.gravatar.com\/avatar\/bb65d0283347e303893ba14f0692005417c1e0e690a325a4c5d8bb2b3943ee14?s=96&d=mm&r=g","contentUrl":"https:\/\/secure.gravatar.com\/avatar\/bb65d0283347e303893ba14f0692005417c1e0e690a325a4c5d8bb2b3943ee14?s=96&d=mm&r=g","caption":"Cope Alcoy"}}]}},"_links":{"self":[{"href":"https:\/\/www.copealcoy.es\/es\/wp-json\/wp\/v2\/posts\/22279","targetHints":{"allow":["GET"]}}],"collection":[{"href":"https:\/\/www.copealcoy.es\/es\/wp-json\/wp\/v2\/posts"}],"about":[{"href":"https:\/\/www.copealcoy.es\/es\/wp-json\/wp\/v2\/types\/post"}],"author":[{"embeddable":true,"href":"https:\/\/www.copealcoy.es\/es\/wp-json\/wp\/v2\/users\/1"}],"replies":[{"embeddable":true,"href":"https:\/\/www.copealcoy.es\/es\/wp-json\/wp\/v2\/comments?post=22279"}],"version-history":[{"count":0,"href":"https:\/\/www.copealcoy.es\/es\/wp-json\/wp\/v2\/posts\/22279\/revisions"}],"wp:featuredmedia":[{"embeddable":true,"href":"https:\/\/www.copealcoy.es\/es\/wp-json\/wp\/v2\/media\/22280"}],"wp:attachment":[{"href":"https:\/\/www.copealcoy.es\/es\/wp-json\/wp\/v2\/media?parent=22279"}],"wp:term":[{"taxonomy":"category","embeddable":true,"href":"https:\/\/www.copealcoy.es\/es\/wp-json\/wp\/v2\/categories?post=22279"},{"taxonomy":"post_tag","embeddable":true,"href":"https:\/\/www.copealcoy.es\/es\/wp-json\/wp\/v2\/tags?post=22279"}],"curies":[{"name":"wp","href":"https:\/\/api.w.org\/{rel}","templated":true}]}}