{"id":22223,"date":"2016-06-02T19:44:23","date_gmt":"2016-06-02T19:44:23","guid":{"rendered":"http:\/\/copealcoi.es\/new\/?p=22223"},"modified":"2016-06-03T17:56:23","modified_gmt":"2016-06-03T17:56:23","slug":"la-apertura-del-juicio-por-el-caso-calderon-sera-recurrida","status":"publish","type":"post","link":"https:\/\/www.copealcoy.es\/es\/la-apertura-del-juicio-por-el-caso-calderon-sera-recurrida\/","title":{"rendered":"La apertura del juicio por el caso Calder\u00f3n ser\u00e1 recurrida"},"content":{"rendered":"<p style=\"text-align: justify;\">Los concejales que aprobaron los pagos de las obras en el Teatro Calder\u00f3n\u00a0<strong>recurrir\u00e1n al Tribunal de Cuentas si finalmente se abriese juicio<\/strong>. Por el momento no han \u00a0recibido el escrito de\u00a0este organismo\u00a0a pesar de conocer la voluntad del fiscal. El documento concede cinco d\u00edas para presentar un recurso de apelaci\u00f3n.<\/p>\n<p style=\"text-align: justify;\">Esta ma\u00f1ana en nuestro tiempo de an\u00e1lisis de la ma\u00f1ana de COPE Alcoy, Nacho Palmer, actual concejal del PP y Jorhe Sedano , ambos miembros del equipo de gobierno que llev\u00f3 a cabo la actuaci\u00f3n y , por tanto, citados declarar, han dado cuenta de cual es la situaci\u00f3n. Adem\u00e1s, ambos coinciden en que\u00a0\u00a0los informes que firmaron eran favorables, por lo que avalan las decisiones aprobadas en 2008.<\/p>\n<p style=\"text-align: justify;\">Nacho Palmer insiste en que el Tribunal de Cuentas es solo fiscalizador y asistir a este juicio no puede conllevar ning\u00fan tipo de sanci\u00f3n penal.\u00a0A d\u00eda de hoy se investiga paralelamente por la\u00a0v\u00eda penal en el Juzgado n\u00famero 2 de Alcoy estos sobrecostes.<\/p>\n<p style=\"text-align: justify;\"><strong>Cr\u00edticas a Guanyar<\/strong><\/p>\n<p style=\"text-align: justify;\">Desde Guanyar Alcoi han criticado la postura de los implicados en este asunto judicial.\u00a0Desde la plataforma se ha pedido tanto la dimisi\u00f3n de Jorge Sedano como la de Nacho Palmer. Tambi\u00e9n la del diputado auton\u00f3mico, Fernando Pastor. Una reacci\u00f3n que no ha gustado nada a los actuales ediles aludidos que han lamentado la actitud de Guanyar<\/p>\n","protected":false},"excerpt":{"rendered":"<p>Los concejales que aprobaron los pagos de las obras en el Teatro Calder\u00f3n\u00a0recurrir\u00e1n al Tribunal de Cuentas si finalmente se&#8230;<\/p>\n","protected":false},"author":1,"featured_media":17602,"comment_status":"open","ping_status":"open","sticky":false,"template":"","format":"standard","meta":{"footnotes":""},"categories":[125,1],"tags":[1494,333,1763],"class_list":["post-22223","post","type-post","status-publish","format-standard","has-post-thumbnail","hentry","category-portada","category-sin-categorizar","tag-alcoy","tag-calderon","tag-teatro-calderon"],"yoast_head":"<!-- This site is optimized with the Yoast SEO plugin v27.3 - https:\/\/yoast.com\/product\/yoast-seo-wordpress\/ -->\n<title>La apertura del juicio por el caso Calder\u00f3n ser\u00e1 recurrida - COPE Alcoy<\/title>\n<meta name=\"robots\" content=\"index, follow, max-snippet:-1, max-image-preview:large, max-video-preview:-1\" \/>\n<link rel=\"canonical\" href=\"https:\/\/www.copealcoy.es\/es\/la-apertura-del-juicio-por-el-caso-calderon-sera-recurrida\/\" \/>\n<meta property=\"og:locale\" content=\"es_ES\" \/>\n<meta property=\"og:type\" content=\"article\" \/>\n<meta property=\"og:title\" content=\"La apertura del juicio por el caso Calder\u00f3n ser\u00e1 recurrida - COPE Alcoy\" \/>\n<meta property=\"og:description\" content=\"Los concejales que aprobaron los pagos de las obras en el Teatro Calder\u00f3n\u00a0recurrir\u00e1n al Tribunal de Cuentas si finalmente se...\" \/>\n<meta property=\"og:url\" content=\"https:\/\/www.copealcoy.es\/es\/la-apertura-del-juicio-por-el-caso-calderon-sera-recurrida\/\" \/>\n<meta property=\"og:site_name\" content=\"COPE Alcoy\" \/>\n<meta property=\"article:published_time\" content=\"2016-06-02T19:44:23+00:00\" \/>\n<meta property=\"article:modified_time\" content=\"2016-06-03T17:56:23+00:00\" \/>\n<meta property=\"og:image\" content=\"https:\/\/www.copealcoy.es\/wp-content\/uploads\/2015\/12\/timthumb.php_.jpeg\" \/>\n\t<meta property=\"og:image:width\" content=\"764\" \/>\n\t<meta property=\"og:image:height\" content=\"509\" \/>\n\t<meta property=\"og:image:type\" content=\"image\/jpeg\" \/>\n<meta name=\"author\" content=\"Cope Alcoy\" \/>\n<meta name=\"twitter:label1\" content=\"Escrito por\" \/>\n\t<meta name=\"twitter:data1\" content=\"Cope Alcoy\" \/>\n\t<meta name=\"twitter:label2\" content=\"Tiempo de lectura\" \/>\n\t<meta name=\"twitter:data2\" content=\"1 minuto\" \/>\n<script type=\"application\/ld+json\" class=\"yoast-schema-graph\">{\"@context\":\"https:\\\/\\\/schema.org\",\"@graph\":[{\"@type\":\"Article\",\"@id\":\"https:\\\/\\\/www.copealcoy.es\\\/es\\\/la-apertura-del-juicio-por-el-caso-calderon-sera-recurrida\\\/#article\",\"isPartOf\":{\"@id\":\"https:\\\/\\\/www.copealcoy.es\\\/es\\\/la-apertura-del-juicio-por-el-caso-calderon-sera-recurrida\\\/\"},\"author\":{\"name\":\"Cope Alcoy\",\"@id\":\"https:\\\/\\\/www.copealcoy.es\\\/es\\\/#\\\/schema\\\/person\\\/e777c87fa024e57d40170af9df39882c\"},\"headline\":\"La apertura del juicio por el caso Calder\u00f3n ser\u00e1 recurrida\",\"datePublished\":\"2016-06-02T19:44:23+00:00\",\"dateModified\":\"2016-06-03T17:56:23+00:00\",\"mainEntityOfPage\":{\"@id\":\"https:\\\/\\\/www.copealcoy.es\\\/es\\\/la-apertura-del-juicio-por-el-caso-calderon-sera-recurrida\\\/\"},\"wordCount\":254,\"commentCount\":0,\"image\":{\"@id\":\"https:\\\/\\\/www.copealcoy.es\\\/es\\\/la-apertura-del-juicio-por-el-caso-calderon-sera-recurrida\\\/#primaryimage\"},\"thumbnailUrl\":\"https:\\\/\\\/www.copealcoy.es\\\/wp-content\\\/uploads\\\/2015\\\/12\\\/timthumb.php_.jpeg\",\"keywords\":[\"Alcoy\",\"calder\u00f3n\",\"Teatro Calder\u00f3n\"],\"articleSection\":[\"Portada\",\"Sin categorizar\"],\"inLanguage\":\"es\"},{\"@type\":\"WebPage\",\"@id\":\"https:\\\/\\\/www.copealcoy.es\\\/es\\\/la-apertura-del-juicio-por-el-caso-calderon-sera-recurrida\\\/\",\"url\":\"https:\\\/\\\/www.copealcoy.es\\\/es\\\/la-apertura-del-juicio-por-el-caso-calderon-sera-recurrida\\\/\",\"name\":\"La apertura del juicio por el caso Calder\u00f3n ser\u00e1 recurrida - COPE Alcoy\",\"isPartOf\":{\"@id\":\"https:\\\/\\\/www.copealcoy.es\\\/es\\\/#website\"},\"primaryImageOfPage\":{\"@id\":\"https:\\\/\\\/www.copealcoy.es\\\/es\\\/la-apertura-del-juicio-por-el-caso-calderon-sera-recurrida\\\/#primaryimage\"},\"image\":{\"@id\":\"https:\\\/\\\/www.copealcoy.es\\\/es\\\/la-apertura-del-juicio-por-el-caso-calderon-sera-recurrida\\\/#primaryimage\"},\"thumbnailUrl\":\"https:\\\/\\\/www.copealcoy.es\\\/wp-content\\\/uploads\\\/2015\\\/12\\\/timthumb.php_.jpeg\",\"datePublished\":\"2016-06-02T19:44:23+00:00\",\"dateModified\":\"2016-06-03T17:56:23+00:00\",\"author\":{\"@id\":\"https:\\\/\\\/www.copealcoy.es\\\/es\\\/#\\\/schema\\\/person\\\/e777c87fa024e57d40170af9df39882c\"},\"breadcrumb\":{\"@id\":\"https:\\\/\\\/www.copealcoy.es\\\/es\\\/la-apertura-del-juicio-por-el-caso-calderon-sera-recurrida\\\/#breadcrumb\"},\"inLanguage\":\"es\",\"potentialAction\":[{\"@type\":\"ReadAction\",\"target\":[\"https:\\\/\\\/www.copealcoy.es\\\/es\\\/la-apertura-del-juicio-por-el-caso-calderon-sera-recurrida\\\/\"]}]},{\"@type\":\"ImageObject\",\"inLanguage\":\"es\",\"@id\":\"https:\\\/\\\/www.copealcoy.es\\\/es\\\/la-apertura-del-juicio-por-el-caso-calderon-sera-recurrida\\\/#primaryimage\",\"url\":\"https:\\\/\\\/www.copealcoy.es\\\/wp-content\\\/uploads\\\/2015\\\/12\\\/timthumb.php_.jpeg\",\"contentUrl\":\"https:\\\/\\\/www.copealcoy.es\\\/wp-content\\\/uploads\\\/2015\\\/12\\\/timthumb.php_.jpeg\",\"width\":764,\"height\":509},{\"@type\":\"BreadcrumbList\",\"@id\":\"https:\\\/\\\/www.copealcoy.es\\\/es\\\/la-apertura-del-juicio-por-el-caso-calderon-sera-recurrida\\\/#breadcrumb\",\"itemListElement\":[{\"@type\":\"ListItem\",\"position\":1,\"name\":\"Portada\",\"item\":\"https:\\\/\\\/www.copealcoy.es\\\/es\\\/\"},{\"@type\":\"ListItem\",\"position\":2,\"name\":\"La apertura del juicio por el caso Calder\u00f3n ser\u00e1 recurrida\"}]},{\"@type\":\"WebSite\",\"@id\":\"https:\\\/\\\/www.copealcoy.es\\\/es\\\/#website\",\"url\":\"https:\\\/\\\/www.copealcoy.es\\\/es\\\/\",\"name\":\"COPE Alcoy\",\"description\":\"Emisora COPE de radio local con emisi\u00f3n online. Pont de Sant Jordi 8-10 03803 Alcoy\",\"potentialAction\":[{\"@type\":\"SearchAction\",\"target\":{\"@type\":\"EntryPoint\",\"urlTemplate\":\"https:\\\/\\\/www.copealcoy.es\\\/es\\\/?s={search_term_string}\"},\"query-input\":{\"@type\":\"PropertyValueSpecification\",\"valueRequired\":true,\"valueName\":\"search_term_string\"}}],\"inLanguage\":\"es\"},{\"@type\":\"Person\",\"@id\":\"https:\\\/\\\/www.copealcoy.es\\\/es\\\/#\\\/schema\\\/person\\\/e777c87fa024e57d40170af9df39882c\",\"name\":\"Cope Alcoy\",\"image\":{\"@type\":\"ImageObject\",\"inLanguage\":\"es\",\"@id\":\"https:\\\/\\\/secure.gravatar.com\\\/avatar\\\/bb65d0283347e303893ba14f0692005417c1e0e690a325a4c5d8bb2b3943ee14?s=96&d=mm&r=g\",\"url\":\"https:\\\/\\\/secure.gravatar.com\\\/avatar\\\/bb65d0283347e303893ba14f0692005417c1e0e690a325a4c5d8bb2b3943ee14?s=96&d=mm&r=g\",\"contentUrl\":\"https:\\\/\\\/secure.gravatar.com\\\/avatar\\\/bb65d0283347e303893ba14f0692005417c1e0e690a325a4c5d8bb2b3943ee14?s=96&d=mm&r=g\",\"caption\":\"Cope Alcoy\"}}]}<\/script>\n<!-- \/ Yoast SEO plugin. -->","yoast_head_json":{"title":"La apertura del juicio por el caso Calder\u00f3n ser\u00e1 recurrida - COPE Alcoy","robots":{"index":"index","follow":"follow","max-snippet":"max-snippet:-1","max-image-preview":"max-image-preview:large","max-video-preview":"max-video-preview:-1"},"canonical":"https:\/\/www.copealcoy.es\/es\/la-apertura-del-juicio-por-el-caso-calderon-sera-recurrida\/","og_locale":"es_ES","og_type":"article","og_title":"La apertura del juicio por el caso Calder\u00f3n ser\u00e1 recurrida - COPE Alcoy","og_description":"Los concejales que aprobaron los pagos de las obras en el Teatro Calder\u00f3n\u00a0recurrir\u00e1n al Tribunal de Cuentas si finalmente se...","og_url":"https:\/\/www.copealcoy.es\/es\/la-apertura-del-juicio-por-el-caso-calderon-sera-recurrida\/","og_site_name":"COPE Alcoy","article_published_time":"2016-06-02T19:44:23+00:00","article_modified_time":"2016-06-03T17:56:23+00:00","og_image":[{"width":764,"height":509,"url":"https:\/\/www.copealcoy.es\/wp-content\/uploads\/2015\/12\/timthumb.php_.jpeg","type":"image\/jpeg"}],"author":"Cope Alcoy","twitter_misc":{"Escrito por":"Cope Alcoy","Tiempo de lectura":"1 minuto"},"schema":{"@context":"https:\/\/schema.org","@graph":[{"@type":"Article","@id":"https:\/\/www.copealcoy.es\/es\/la-apertura-del-juicio-por-el-caso-calderon-sera-recurrida\/#article","isPartOf":{"@id":"https:\/\/www.copealcoy.es\/es\/la-apertura-del-juicio-por-el-caso-calderon-sera-recurrida\/"},"author":{"name":"Cope Alcoy","@id":"https:\/\/www.copealcoy.es\/es\/#\/schema\/person\/e777c87fa024e57d40170af9df39882c"},"headline":"La apertura del juicio por el caso Calder\u00f3n ser\u00e1 recurrida","datePublished":"2016-06-02T19:44:23+00:00","dateModified":"2016-06-03T17:56:23+00:00","mainEntityOfPage":{"@id":"https:\/\/www.copealcoy.es\/es\/la-apertura-del-juicio-por-el-caso-calderon-sera-recurrida\/"},"wordCount":254,"commentCount":0,"image":{"@id":"https:\/\/www.copealcoy.es\/es\/la-apertura-del-juicio-por-el-caso-calderon-sera-recurrida\/#primaryimage"},"thumbnailUrl":"https:\/\/www.copealcoy.es\/wp-content\/uploads\/2015\/12\/timthumb.php_.jpeg","keywords":["Alcoy","calder\u00f3n","Teatro Calder\u00f3n"],"articleSection":["Portada","Sin categorizar"],"inLanguage":"es"},{"@type":"WebPage","@id":"https:\/\/www.copealcoy.es\/es\/la-apertura-del-juicio-por-el-caso-calderon-sera-recurrida\/","url":"https:\/\/www.copealcoy.es\/es\/la-apertura-del-juicio-por-el-caso-calderon-sera-recurrida\/","name":"La apertura del juicio por el caso Calder\u00f3n ser\u00e1 recurrida - COPE Alcoy","isPartOf":{"@id":"https:\/\/www.copealcoy.es\/es\/#website"},"primaryImageOfPage":{"@id":"https:\/\/www.copealcoy.es\/es\/la-apertura-del-juicio-por-el-caso-calderon-sera-recurrida\/#primaryimage"},"image":{"@id":"https:\/\/www.copealcoy.es\/es\/la-apertura-del-juicio-por-el-caso-calderon-sera-recurrida\/#primaryimage"},"thumbnailUrl":"https:\/\/www.copealcoy.es\/wp-content\/uploads\/2015\/12\/timthumb.php_.jpeg","datePublished":"2016-06-02T19:44:23+00:00","dateModified":"2016-06-03T17:56:23+00:00","author":{"@id":"https:\/\/www.copealcoy.es\/es\/#\/schema\/person\/e777c87fa024e57d40170af9df39882c"},"breadcrumb":{"@id":"https:\/\/www.copealcoy.es\/es\/la-apertura-del-juicio-por-el-caso-calderon-sera-recurrida\/#breadcrumb"},"inLanguage":"es","potentialAction":[{"@type":"ReadAction","target":["https:\/\/www.copealcoy.es\/es\/la-apertura-del-juicio-por-el-caso-calderon-sera-recurrida\/"]}]},{"@type":"ImageObject","inLanguage":"es","@id":"https:\/\/www.copealcoy.es\/es\/la-apertura-del-juicio-por-el-caso-calderon-sera-recurrida\/#primaryimage","url":"https:\/\/www.copealcoy.es\/wp-content\/uploads\/2015\/12\/timthumb.php_.jpeg","contentUrl":"https:\/\/www.copealcoy.es\/wp-content\/uploads\/2015\/12\/timthumb.php_.jpeg","width":764,"height":509},{"@type":"BreadcrumbList","@id":"https:\/\/www.copealcoy.es\/es\/la-apertura-del-juicio-por-el-caso-calderon-sera-recurrida\/#breadcrumb","itemListElement":[{"@type":"ListItem","position":1,"name":"Portada","item":"https:\/\/www.copealcoy.es\/es\/"},{"@type":"ListItem","position":2,"name":"La apertura del juicio por el caso Calder\u00f3n ser\u00e1 recurrida"}]},{"@type":"WebSite","@id":"https:\/\/www.copealcoy.es\/es\/#website","url":"https:\/\/www.copealcoy.es\/es\/","name":"COPE Alcoy","description":"Emisora COPE de radio local con emisi\u00f3n online. Pont de Sant Jordi 8-10 03803 Alcoy","potentialAction":[{"@type":"SearchAction","target":{"@type":"EntryPoint","urlTemplate":"https:\/\/www.copealcoy.es\/es\/?s={search_term_string}"},"query-input":{"@type":"PropertyValueSpecification","valueRequired":true,"valueName":"search_term_string"}}],"inLanguage":"es"},{"@type":"Person","@id":"https:\/\/www.copealcoy.es\/es\/#\/schema\/person\/e777c87fa024e57d40170af9df39882c","name":"Cope Alcoy","image":{"@type":"ImageObject","inLanguage":"es","@id":"https:\/\/secure.gravatar.com\/avatar\/bb65d0283347e303893ba14f0692005417c1e0e690a325a4c5d8bb2b3943ee14?s=96&d=mm&r=g","url":"https:\/\/secure.gravatar.com\/avatar\/bb65d0283347e303893ba14f0692005417c1e0e690a325a4c5d8bb2b3943ee14?s=96&d=mm&r=g","contentUrl":"https:\/\/secure.gravatar.com\/avatar\/bb65d0283347e303893ba14f0692005417c1e0e690a325a4c5d8bb2b3943ee14?s=96&d=mm&r=g","caption":"Cope Alcoy"}}]}},"_links":{"self":[{"href":"https:\/\/www.copealcoy.es\/es\/wp-json\/wp\/v2\/posts\/22223","targetHints":{"allow":["GET"]}}],"collection":[{"href":"https:\/\/www.copealcoy.es\/es\/wp-json\/wp\/v2\/posts"}],"about":[{"href":"https:\/\/www.copealcoy.es\/es\/wp-json\/wp\/v2\/types\/post"}],"author":[{"embeddable":true,"href":"https:\/\/www.copealcoy.es\/es\/wp-json\/wp\/v2\/users\/1"}],"replies":[{"embeddable":true,"href":"https:\/\/www.copealcoy.es\/es\/wp-json\/wp\/v2\/comments?post=22223"}],"version-history":[{"count":0,"href":"https:\/\/www.copealcoy.es\/es\/wp-json\/wp\/v2\/posts\/22223\/revisions"}],"wp:featuredmedia":[{"embeddable":true,"href":"https:\/\/www.copealcoy.es\/es\/wp-json\/wp\/v2\/media\/17602"}],"wp:attachment":[{"href":"https:\/\/www.copealcoy.es\/es\/wp-json\/wp\/v2\/media?parent=22223"}],"wp:term":[{"taxonomy":"category","embeddable":true,"href":"https:\/\/www.copealcoy.es\/es\/wp-json\/wp\/v2\/categories?post=22223"},{"taxonomy":"post_tag","embeddable":true,"href":"https:\/\/www.copealcoy.es\/es\/wp-json\/wp\/v2\/tags?post=22223"}],"curies":[{"name":"wp","href":"https:\/\/api.w.org\/{rel}","templated":true}]}}