{"id":22113,"date":"2016-05-30T21:14:10","date_gmt":"2016-05-30T21:14:10","guid":{"rendered":"http:\/\/copealcoi.es\/new\/?p=22113"},"modified":"2016-05-31T21:21:09","modified_gmt":"2016-05-31T21:21:09","slug":"la-tradicion-se-da-cita-les-danses-palacio-muro","status":"publish","type":"post","link":"https:\/\/www.copealcoy.es\/es\/la-tradicion-se-da-cita-les-danses-palacio-muro\/","title":{"rendered":"La tradici\u00f3n se da cita en les Danses de Palacio de Muro"},"content":{"rendered":"<p style=\"text-align: justify;\">Muro vivi\u00f3 el pasado s\u00e1bado la jornada central de les Danses de Palacio que volvieron a llenar de m\u00fasica tradicional las calles m\u00e1s c\u00e9ntricas de esta localidad del Comtat en la v\u00edspera del Corpus Christi.<\/p>\n<p style=\"text-align: justify;\">A las siete y media de la tarde comenz\u00f3 desde el parque de la Antigua Estaci\u00f3n de Tren Alcoi- Gandia el pasacalle a los sones del grupo La Xafig\u00e0 y que sirvi\u00f3 para acompa\u00f1ar a los componentes del Grup de Danses Baladre as\u00ed como al resto de participantes hasta la calle del Palau de la Senyor\u00eda. All\u00ed, desde el panel cer\u00e1mico del Sant\u00edsimo Sacramento, comenz\u00f3 sobre las ocho y media la \u201ctreta de balladors i balladores\u201d tras dispararse los correspondientes tres truenos de aviso. Seguidamente los bailes populares inundaron la citada calle y tambi\u00e9n la Plaza del Palau engalanadas ambas para la ocasi\u00f3n con banderolas y mantones que cubr\u00edan los balcones.<\/p>\n<p style=\"text-align: justify;\">La Gran Dans\u00e0 cont\u00f3 con la participaci\u00f3n de numerosos vecinos, adultos y peque\u00f1os, que se sumaron a esta arraigada tradici\u00f3n y efectuaron bailes como El Fandango, la Jota de Muro o La d\u00b4Alacant, entre otros. Las actividades continuaron despu\u00e9s con una cena de sobaquillo al aire libre, para la que el Ayuntamiento dispuso de aperitivos y refrescos, y la jornada finaliz\u00f3 este a\u00f1o con una velada de m\u00fasica tradicional con rondalla.<\/p>\n","protected":false},"excerpt":{"rendered":"<p>Muro vivi\u00f3 el pasado s\u00e1bado la jornada central de les Danses de Palacio que volvieron a llenar de m\u00fasica tradicional&#8230;<\/p>\n","protected":false},"author":1,"featured_media":22171,"comment_status":"open","ping_status":"open","sticky":false,"template":"","format":"standard","meta":{"footnotes":""},"categories":[98,75],"tags":[2331,237,2295,135,1437],"class_list":["post-22113","post","type-post","status-publish","format-standard","has-post-thumbnail","hentry","category-comarcas","category-noticias","tag-baladre","tag-comtat","tag-danses-palacio","tag-muro","tag-xafiga"],"yoast_head":"<!-- This site is optimized with the Yoast SEO plugin v27.3 - https:\/\/yoast.com\/product\/yoast-seo-wordpress\/ -->\n<title>La tradici\u00f3n se da cita en les Danses de Palacio de Muro - COPE Alcoy<\/title>\n<meta name=\"robots\" content=\"index, follow, max-snippet:-1, max-image-preview:large, max-video-preview:-1\" \/>\n<link rel=\"canonical\" href=\"https:\/\/www.copealcoy.es\/es\/la-tradicion-se-da-cita-les-danses-palacio-muro\/\" \/>\n<meta property=\"og:locale\" content=\"es_ES\" \/>\n<meta property=\"og:type\" content=\"article\" \/>\n<meta property=\"og:title\" content=\"La tradici\u00f3n se da cita en les Danses de Palacio de Muro - COPE Alcoy\" \/>\n<meta property=\"og:description\" content=\"Muro vivi\u00f3 el pasado s\u00e1bado la jornada central de les Danses de Palacio que volvieron a llenar de m\u00fasica tradicional...\" \/>\n<meta property=\"og:url\" content=\"https:\/\/www.copealcoy.es\/es\/la-tradicion-se-da-cita-les-danses-palacio-muro\/\" \/>\n<meta property=\"og:site_name\" content=\"COPE Alcoy\" \/>\n<meta property=\"article:published_time\" content=\"2016-05-30T21:14:10+00:00\" \/>\n<meta property=\"article:modified_time\" content=\"2016-05-31T21:21:09+00:00\" \/>\n<meta property=\"og:image\" content=\"https:\/\/www.copealcoy.es\/wp-content\/uploads\/2016\/05\/image-2.jpeg\" \/>\n\t<meta property=\"og:image:width\" content=\"1984\" \/>\n\t<meta property=\"og:image:height\" content=\"1116\" \/>\n\t<meta property=\"og:image:type\" content=\"image\/jpeg\" \/>\n<meta name=\"author\" content=\"Cope Alcoy\" \/>\n<meta name=\"twitter:label1\" content=\"Escrito por\" \/>\n\t<meta name=\"twitter:data1\" content=\"Cope Alcoy\" \/>\n\t<meta name=\"twitter:label2\" content=\"Tiempo de lectura\" \/>\n\t<meta name=\"twitter:data2\" content=\"1 minuto\" \/>\n<script type=\"application\/ld+json\" class=\"yoast-schema-graph\">{\"@context\":\"https:\\\/\\\/schema.org\",\"@graph\":[{\"@type\":\"Article\",\"@id\":\"https:\\\/\\\/www.copealcoy.es\\\/es\\\/la-tradicion-se-da-cita-les-danses-palacio-muro\\\/#article\",\"isPartOf\":{\"@id\":\"https:\\\/\\\/www.copealcoy.es\\\/es\\\/la-tradicion-se-da-cita-les-danses-palacio-muro\\\/\"},\"author\":{\"name\":\"Cope Alcoy\",\"@id\":\"https:\\\/\\\/www.copealcoy.es\\\/es\\\/#\\\/schema\\\/person\\\/e777c87fa024e57d40170af9df39882c\"},\"headline\":\"La tradici\u00f3n se da cita en les Danses de Palacio de Muro\",\"datePublished\":\"2016-05-30T21:14:10+00:00\",\"dateModified\":\"2016-05-31T21:21:09+00:00\",\"mainEntityOfPage\":{\"@id\":\"https:\\\/\\\/www.copealcoy.es\\\/es\\\/la-tradicion-se-da-cita-les-danses-palacio-muro\\\/\"},\"wordCount\":250,\"commentCount\":0,\"image\":{\"@id\":\"https:\\\/\\\/www.copealcoy.es\\\/es\\\/la-tradicion-se-da-cita-les-danses-palacio-muro\\\/#primaryimage\"},\"thumbnailUrl\":\"https:\\\/\\\/www.copealcoy.es\\\/wp-content\\\/uploads\\\/2016\\\/05\\\/image-2.jpeg\",\"keywords\":[\"Baladre\",\"Comtat\",\"Danses Palacio\",\"Muro\",\"Xafig\u00e0\"],\"articleSection\":[\"Comarcas\",\"Noticias\"],\"inLanguage\":\"es\"},{\"@type\":\"WebPage\",\"@id\":\"https:\\\/\\\/www.copealcoy.es\\\/es\\\/la-tradicion-se-da-cita-les-danses-palacio-muro\\\/\",\"url\":\"https:\\\/\\\/www.copealcoy.es\\\/es\\\/la-tradicion-se-da-cita-les-danses-palacio-muro\\\/\",\"name\":\"La tradici\u00f3n se da cita en les Danses de Palacio de Muro - COPE Alcoy\",\"isPartOf\":{\"@id\":\"https:\\\/\\\/www.copealcoy.es\\\/es\\\/#website\"},\"primaryImageOfPage\":{\"@id\":\"https:\\\/\\\/www.copealcoy.es\\\/es\\\/la-tradicion-se-da-cita-les-danses-palacio-muro\\\/#primaryimage\"},\"image\":{\"@id\":\"https:\\\/\\\/www.copealcoy.es\\\/es\\\/la-tradicion-se-da-cita-les-danses-palacio-muro\\\/#primaryimage\"},\"thumbnailUrl\":\"https:\\\/\\\/www.copealcoy.es\\\/wp-content\\\/uploads\\\/2016\\\/05\\\/image-2.jpeg\",\"datePublished\":\"2016-05-30T21:14:10+00:00\",\"dateModified\":\"2016-05-31T21:21:09+00:00\",\"author\":{\"@id\":\"https:\\\/\\\/www.copealcoy.es\\\/es\\\/#\\\/schema\\\/person\\\/e777c87fa024e57d40170af9df39882c\"},\"breadcrumb\":{\"@id\":\"https:\\\/\\\/www.copealcoy.es\\\/es\\\/la-tradicion-se-da-cita-les-danses-palacio-muro\\\/#breadcrumb\"},\"inLanguage\":\"es\",\"potentialAction\":[{\"@type\":\"ReadAction\",\"target\":[\"https:\\\/\\\/www.copealcoy.es\\\/es\\\/la-tradicion-se-da-cita-les-danses-palacio-muro\\\/\"]}]},{\"@type\":\"ImageObject\",\"inLanguage\":\"es\",\"@id\":\"https:\\\/\\\/www.copealcoy.es\\\/es\\\/la-tradicion-se-da-cita-les-danses-palacio-muro\\\/#primaryimage\",\"url\":\"https:\\\/\\\/www.copealcoy.es\\\/wp-content\\\/uploads\\\/2016\\\/05\\\/image-2.jpeg\",\"contentUrl\":\"https:\\\/\\\/www.copealcoy.es\\\/wp-content\\\/uploads\\\/2016\\\/05\\\/image-2.jpeg\",\"width\":1984,\"height\":1116,\"caption\":\"Les Danses tomaron las calles de Muro el s\u00e1bado\"},{\"@type\":\"BreadcrumbList\",\"@id\":\"https:\\\/\\\/www.copealcoy.es\\\/es\\\/la-tradicion-se-da-cita-les-danses-palacio-muro\\\/#breadcrumb\",\"itemListElement\":[{\"@type\":\"ListItem\",\"position\":1,\"name\":\"Portada\",\"item\":\"https:\\\/\\\/www.copealcoy.es\\\/es\\\/\"},{\"@type\":\"ListItem\",\"position\":2,\"name\":\"La tradici\u00f3n se da cita en les Danses de Palacio de Muro\"}]},{\"@type\":\"WebSite\",\"@id\":\"https:\\\/\\\/www.copealcoy.es\\\/es\\\/#website\",\"url\":\"https:\\\/\\\/www.copealcoy.es\\\/es\\\/\",\"name\":\"COPE Alcoy\",\"description\":\"Emisora COPE de radio local con emisi\u00f3n online. Pont de Sant Jordi 8-10 03803 Alcoy\",\"potentialAction\":[{\"@type\":\"SearchAction\",\"target\":{\"@type\":\"EntryPoint\",\"urlTemplate\":\"https:\\\/\\\/www.copealcoy.es\\\/es\\\/?s={search_term_string}\"},\"query-input\":{\"@type\":\"PropertyValueSpecification\",\"valueRequired\":true,\"valueName\":\"search_term_string\"}}],\"inLanguage\":\"es\"},{\"@type\":\"Person\",\"@id\":\"https:\\\/\\\/www.copealcoy.es\\\/es\\\/#\\\/schema\\\/person\\\/e777c87fa024e57d40170af9df39882c\",\"name\":\"Cope Alcoy\",\"image\":{\"@type\":\"ImageObject\",\"inLanguage\":\"es\",\"@id\":\"https:\\\/\\\/secure.gravatar.com\\\/avatar\\\/bb65d0283347e303893ba14f0692005417c1e0e690a325a4c5d8bb2b3943ee14?s=96&d=mm&r=g\",\"url\":\"https:\\\/\\\/secure.gravatar.com\\\/avatar\\\/bb65d0283347e303893ba14f0692005417c1e0e690a325a4c5d8bb2b3943ee14?s=96&d=mm&r=g\",\"contentUrl\":\"https:\\\/\\\/secure.gravatar.com\\\/avatar\\\/bb65d0283347e303893ba14f0692005417c1e0e690a325a4c5d8bb2b3943ee14?s=96&d=mm&r=g\",\"caption\":\"Cope Alcoy\"}}]}<\/script>\n<!-- \/ Yoast SEO plugin. -->","yoast_head_json":{"title":"La tradici\u00f3n se da cita en les Danses de Palacio de Muro - COPE Alcoy","robots":{"index":"index","follow":"follow","max-snippet":"max-snippet:-1","max-image-preview":"max-image-preview:large","max-video-preview":"max-video-preview:-1"},"canonical":"https:\/\/www.copealcoy.es\/es\/la-tradicion-se-da-cita-les-danses-palacio-muro\/","og_locale":"es_ES","og_type":"article","og_title":"La tradici\u00f3n se da cita en les Danses de Palacio de Muro - COPE Alcoy","og_description":"Muro vivi\u00f3 el pasado s\u00e1bado la jornada central de les Danses de Palacio que volvieron a llenar de m\u00fasica tradicional...","og_url":"https:\/\/www.copealcoy.es\/es\/la-tradicion-se-da-cita-les-danses-palacio-muro\/","og_site_name":"COPE Alcoy","article_published_time":"2016-05-30T21:14:10+00:00","article_modified_time":"2016-05-31T21:21:09+00:00","og_image":[{"width":1984,"height":1116,"url":"https:\/\/www.copealcoy.es\/wp-content\/uploads\/2016\/05\/image-2.jpeg","type":"image\/jpeg"}],"author":"Cope Alcoy","twitter_misc":{"Escrito por":"Cope Alcoy","Tiempo de lectura":"1 minuto"},"schema":{"@context":"https:\/\/schema.org","@graph":[{"@type":"Article","@id":"https:\/\/www.copealcoy.es\/es\/la-tradicion-se-da-cita-les-danses-palacio-muro\/#article","isPartOf":{"@id":"https:\/\/www.copealcoy.es\/es\/la-tradicion-se-da-cita-les-danses-palacio-muro\/"},"author":{"name":"Cope Alcoy","@id":"https:\/\/www.copealcoy.es\/es\/#\/schema\/person\/e777c87fa024e57d40170af9df39882c"},"headline":"La tradici\u00f3n se da cita en les Danses de Palacio de Muro","datePublished":"2016-05-30T21:14:10+00:00","dateModified":"2016-05-31T21:21:09+00:00","mainEntityOfPage":{"@id":"https:\/\/www.copealcoy.es\/es\/la-tradicion-se-da-cita-les-danses-palacio-muro\/"},"wordCount":250,"commentCount":0,"image":{"@id":"https:\/\/www.copealcoy.es\/es\/la-tradicion-se-da-cita-les-danses-palacio-muro\/#primaryimage"},"thumbnailUrl":"https:\/\/www.copealcoy.es\/wp-content\/uploads\/2016\/05\/image-2.jpeg","keywords":["Baladre","Comtat","Danses Palacio","Muro","Xafig\u00e0"],"articleSection":["Comarcas","Noticias"],"inLanguage":"es"},{"@type":"WebPage","@id":"https:\/\/www.copealcoy.es\/es\/la-tradicion-se-da-cita-les-danses-palacio-muro\/","url":"https:\/\/www.copealcoy.es\/es\/la-tradicion-se-da-cita-les-danses-palacio-muro\/","name":"La tradici\u00f3n se da cita en les Danses de Palacio de Muro - COPE Alcoy","isPartOf":{"@id":"https:\/\/www.copealcoy.es\/es\/#website"},"primaryImageOfPage":{"@id":"https:\/\/www.copealcoy.es\/es\/la-tradicion-se-da-cita-les-danses-palacio-muro\/#primaryimage"},"image":{"@id":"https:\/\/www.copealcoy.es\/es\/la-tradicion-se-da-cita-les-danses-palacio-muro\/#primaryimage"},"thumbnailUrl":"https:\/\/www.copealcoy.es\/wp-content\/uploads\/2016\/05\/image-2.jpeg","datePublished":"2016-05-30T21:14:10+00:00","dateModified":"2016-05-31T21:21:09+00:00","author":{"@id":"https:\/\/www.copealcoy.es\/es\/#\/schema\/person\/e777c87fa024e57d40170af9df39882c"},"breadcrumb":{"@id":"https:\/\/www.copealcoy.es\/es\/la-tradicion-se-da-cita-les-danses-palacio-muro\/#breadcrumb"},"inLanguage":"es","potentialAction":[{"@type":"ReadAction","target":["https:\/\/www.copealcoy.es\/es\/la-tradicion-se-da-cita-les-danses-palacio-muro\/"]}]},{"@type":"ImageObject","inLanguage":"es","@id":"https:\/\/www.copealcoy.es\/es\/la-tradicion-se-da-cita-les-danses-palacio-muro\/#primaryimage","url":"https:\/\/www.copealcoy.es\/wp-content\/uploads\/2016\/05\/image-2.jpeg","contentUrl":"https:\/\/www.copealcoy.es\/wp-content\/uploads\/2016\/05\/image-2.jpeg","width":1984,"height":1116,"caption":"Les Danses tomaron las calles de Muro el s\u00e1bado"},{"@type":"BreadcrumbList","@id":"https:\/\/www.copealcoy.es\/es\/la-tradicion-se-da-cita-les-danses-palacio-muro\/#breadcrumb","itemListElement":[{"@type":"ListItem","position":1,"name":"Portada","item":"https:\/\/www.copealcoy.es\/es\/"},{"@type":"ListItem","position":2,"name":"La tradici\u00f3n se da cita en les Danses de Palacio de Muro"}]},{"@type":"WebSite","@id":"https:\/\/www.copealcoy.es\/es\/#website","url":"https:\/\/www.copealcoy.es\/es\/","name":"COPE Alcoy","description":"Emisora COPE de radio local con emisi\u00f3n online. Pont de Sant Jordi 8-10 03803 Alcoy","potentialAction":[{"@type":"SearchAction","target":{"@type":"EntryPoint","urlTemplate":"https:\/\/www.copealcoy.es\/es\/?s={search_term_string}"},"query-input":{"@type":"PropertyValueSpecification","valueRequired":true,"valueName":"search_term_string"}}],"inLanguage":"es"},{"@type":"Person","@id":"https:\/\/www.copealcoy.es\/es\/#\/schema\/person\/e777c87fa024e57d40170af9df39882c","name":"Cope Alcoy","image":{"@type":"ImageObject","inLanguage":"es","@id":"https:\/\/secure.gravatar.com\/avatar\/bb65d0283347e303893ba14f0692005417c1e0e690a325a4c5d8bb2b3943ee14?s=96&d=mm&r=g","url":"https:\/\/secure.gravatar.com\/avatar\/bb65d0283347e303893ba14f0692005417c1e0e690a325a4c5d8bb2b3943ee14?s=96&d=mm&r=g","contentUrl":"https:\/\/secure.gravatar.com\/avatar\/bb65d0283347e303893ba14f0692005417c1e0e690a325a4c5d8bb2b3943ee14?s=96&d=mm&r=g","caption":"Cope Alcoy"}}]}},"_links":{"self":[{"href":"https:\/\/www.copealcoy.es\/es\/wp-json\/wp\/v2\/posts\/22113","targetHints":{"allow":["GET"]}}],"collection":[{"href":"https:\/\/www.copealcoy.es\/es\/wp-json\/wp\/v2\/posts"}],"about":[{"href":"https:\/\/www.copealcoy.es\/es\/wp-json\/wp\/v2\/types\/post"}],"author":[{"embeddable":true,"href":"https:\/\/www.copealcoy.es\/es\/wp-json\/wp\/v2\/users\/1"}],"replies":[{"embeddable":true,"href":"https:\/\/www.copealcoy.es\/es\/wp-json\/wp\/v2\/comments?post=22113"}],"version-history":[{"count":0,"href":"https:\/\/www.copealcoy.es\/es\/wp-json\/wp\/v2\/posts\/22113\/revisions"}],"wp:featuredmedia":[{"embeddable":true,"href":"https:\/\/www.copealcoy.es\/es\/wp-json\/wp\/v2\/media\/22171"}],"wp:attachment":[{"href":"https:\/\/www.copealcoy.es\/es\/wp-json\/wp\/v2\/media?parent=22113"}],"wp:term":[{"taxonomy":"category","embeddable":true,"href":"https:\/\/www.copealcoy.es\/es\/wp-json\/wp\/v2\/categories?post=22113"},{"taxonomy":"post_tag","embeddable":true,"href":"https:\/\/www.copealcoy.es\/es\/wp-json\/wp\/v2\/tags?post=22113"}],"curies":[{"name":"wp","href":"https:\/\/api.w.org\/{rel}","templated":true}]}}