{"id":22061,"date":"2016-05-27T21:26:31","date_gmt":"2016-05-27T21:26:31","guid":{"rendered":"http:\/\/copealcoi.es\/new\/?p=22061"},"modified":"2016-05-27T21:29:19","modified_gmt":"2016-05-27T21:29:19","slug":"la-asamblea-del-casal-rechaza-las-escuadras-mixtas-la-gloria","status":"publish","type":"post","link":"https:\/\/www.copealcoy.es\/es\/la-asamblea-del-casal-rechaza-las-escuadras-mixtas-la-gloria\/","title":{"rendered":"La Asamblea del Casal rechaza las escuadras mixtas en La Gloria"},"content":{"rendered":"<p style=\"text-align: justify;\">La Asamblea General de la Asociaci\u00f3n de San Jorge celebrada ayer jueves rechaz\u00f3 por 41 votos en contra, 13 a favor y 5 abstenciones la propuesta de la Fil\u00e0 Chano que planteaba que La Gloria, tanto de adultos como infantil, albergase escuadras mixtas. Esta resoluci\u00f3n implicar\u00e1 que a partir del pr\u00f3ximo a\u00f1o estos desfiles sean dobles, con un representante femenino y otro masculino, ya que se acord\u00f3 trabajar en modificar la Ordenanza Festera para permitir esta posibilidad; algo que antes deber\u00e1 ser refrendado en otra nueva asamblea<\/p>\n<p style=\"text-align: justify;\">En la jornada de ayer\u00a0se hizo balance econ\u00f3mico de la instituci\u00f3n festera respecto al pasado a\u00f1o 2015 y se acord\u00f3 tambi\u00e9n el nuevo dise\u00f1o femenino de la Fil\u00e0 Llauradors. Adem\u00e1s la cronista de la Asociaci\u00f3n de San Jorge, Xesca Lloria, dio lectura a la cr\u00f3nica de la pasada edici\u00f3n de las fiestas desgranando con todo detalle lo ocurrido durante la trilog\u00eda y los actos previos. La periodista de El Nostre finaliz\u00f3 su intervenci\u00f3n haciendo varios agradecimientos y destacando emocionada que finalizaba su etapa como cronista mientras todos los presentes le profesaban una sentida ovaci\u00f3n.<\/p>\n<p style=\"text-align: justify;\">La Asamblea prosigui\u00f3 analizando varias cuestiones sobre los festejos del 2016 y el presidente Carlos Aracil incidi\u00f3 en la necesidad de cumplir los horarios en la Diana y las Entradas as\u00ed como inst\u00f3 a los festeros a llevar una correcta indumentaria en los actos. Seguidamente pidi\u00f3 evitar situaciones como las vividas en les Entraetes de este a\u00f1o donde un participante lleg\u00f3 a desfilar con una careta. De igual forma se propusieron los d\u00edas 22, 23 y 24 de abril para celebrar las fiestas de 2017 y se matiz\u00f3 que se estudiar\u00e1 \u00a0con todos los agentes implicados la posibilidad de celebrar La Gloria en S\u00e1bado Santo.<\/p>\n<p style=\"text-align: justify;\">Por \u00faltimo las filaes Chano y Almog\u00e1vares aceptaron desempe\u00f1ar las capitan\u00edas el a\u00f1o que viene, unos cargos que llevar\u00e1n a cabo\u00a0Fidel Mestre y Lu\u00eds Sanus, respectivamente. Tambi\u00e9n los Verdes y Navarros aportaron la fianza para las alferec\u00edas que ser\u00e1n representadas\u00a0en este caso por Jos\u00e9 Jaime Bernabeu y Gabi Barrachina. Tambi\u00e9n se autoriz\u00f3 a los Jud\u00edos sacar a la calle una escuadra especial con motivo de su II Centenario y Realistas as\u00ed como Andaluces asumieron ostentar la Escuadra del Mig.<\/p>\n<p>&nbsp;<\/p>\n","protected":false},"excerpt":{"rendered":"<p>La Asamblea General de la Asociaci\u00f3n de San Jorge celebrada ayer jueves rechaz\u00f3 por 41 votos en contra, 13 a&#8230;<\/p>\n","protected":false},"author":1,"featured_media":22062,"comment_status":"open","ping_status":"open","sticky":false,"template":"","format":"standard","meta":{"footnotes":""},"categories":[97,78,75],"tags":[1494,1468,198,920,856],"class_list":["post-22061","post","type-post","status-publish","format-standard","has-post-thumbnail","hentry","category-alcoy","category-fiestaycultura","category-noticias","tag-alcoy","tag-asociacion-san-jorge","tag-casal","tag-gloria","tag-moros-i-cristians"],"yoast_head":"<!-- This site is optimized with the Yoast SEO plugin v27.3 - https:\/\/yoast.com\/product\/yoast-seo-wordpress\/ -->\n<title>La Asamblea del Casal rechaza las escuadras mixtas en La Gloria - COPE Alcoy<\/title>\n<meta name=\"robots\" content=\"index, follow, max-snippet:-1, max-image-preview:large, max-video-preview:-1\" \/>\n<link rel=\"canonical\" href=\"https:\/\/www.copealcoy.es\/es\/la-asamblea-del-casal-rechaza-las-escuadras-mixtas-la-gloria\/\" \/>\n<meta property=\"og:locale\" content=\"es_ES\" \/>\n<meta property=\"og:type\" content=\"article\" \/>\n<meta property=\"og:title\" content=\"La Asamblea del Casal rechaza las escuadras mixtas en La Gloria - COPE Alcoy\" \/>\n<meta property=\"og:description\" content=\"La Asamblea General de la Asociaci\u00f3n de San Jorge celebrada ayer jueves rechaz\u00f3 por 41 votos en contra, 13 a...\" \/>\n<meta property=\"og:url\" content=\"https:\/\/www.copealcoy.es\/es\/la-asamblea-del-casal-rechaza-las-escuadras-mixtas-la-gloria\/\" \/>\n<meta property=\"og:site_name\" content=\"COPE Alcoy\" \/>\n<meta property=\"article:published_time\" content=\"2016-05-27T21:26:31+00:00\" \/>\n<meta property=\"article:modified_time\" content=\"2016-05-27T21:29:19+00:00\" \/>\n<meta property=\"og:image\" content=\"https:\/\/www.copealcoy.es\/wp-content\/uploads\/2016\/05\/13289080_10209427070614380_114022662_n-e1464384546196.jpg\" \/>\n\t<meta property=\"og:image:width\" content=\"960\" \/>\n\t<meta property=\"og:image:height\" content=\"511\" \/>\n\t<meta property=\"og:image:type\" content=\"image\/jpeg\" \/>\n<meta name=\"author\" content=\"Cope Alcoy\" \/>\n<meta name=\"twitter:label1\" content=\"Escrito por\" \/>\n\t<meta name=\"twitter:data1\" content=\"Cope Alcoy\" \/>\n\t<meta name=\"twitter:label2\" content=\"Tiempo de lectura\" \/>\n\t<meta name=\"twitter:data2\" content=\"2 minutos\" \/>\n<script type=\"application\/ld+json\" class=\"yoast-schema-graph\">{\"@context\":\"https:\\\/\\\/schema.org\",\"@graph\":[{\"@type\":\"Article\",\"@id\":\"https:\\\/\\\/www.copealcoy.es\\\/es\\\/la-asamblea-del-casal-rechaza-las-escuadras-mixtas-la-gloria\\\/#article\",\"isPartOf\":{\"@id\":\"https:\\\/\\\/www.copealcoy.es\\\/es\\\/la-asamblea-del-casal-rechaza-las-escuadras-mixtas-la-gloria\\\/\"},\"author\":{\"name\":\"Cope Alcoy\",\"@id\":\"https:\\\/\\\/www.copealcoy.es\\\/es\\\/#\\\/schema\\\/person\\\/e777c87fa024e57d40170af9df39882c\"},\"headline\":\"La Asamblea del Casal rechaza las escuadras mixtas en La Gloria\",\"datePublished\":\"2016-05-27T21:26:31+00:00\",\"dateModified\":\"2016-05-27T21:29:19+00:00\",\"mainEntityOfPage\":{\"@id\":\"https:\\\/\\\/www.copealcoy.es\\\/es\\\/la-asamblea-del-casal-rechaza-las-escuadras-mixtas-la-gloria\\\/\"},\"wordCount\":401,\"commentCount\":0,\"image\":{\"@id\":\"https:\\\/\\\/www.copealcoy.es\\\/es\\\/la-asamblea-del-casal-rechaza-las-escuadras-mixtas-la-gloria\\\/#primaryimage\"},\"thumbnailUrl\":\"https:\\\/\\\/www.copealcoy.es\\\/wp-content\\\/uploads\\\/2016\\\/05\\\/13289080_10209427070614380_114022662_n-e1464384546196.jpg\",\"keywords\":[\"Alcoy\",\"Asociaci\u00f3n San Jorge\",\"Casal\",\"Gloria\",\"Moros i Cristians\"],\"articleSection\":[\"Alcoy\",\"Fiesta y Cultura\",\"Noticias\"],\"inLanguage\":\"es\"},{\"@type\":\"WebPage\",\"@id\":\"https:\\\/\\\/www.copealcoy.es\\\/es\\\/la-asamblea-del-casal-rechaza-las-escuadras-mixtas-la-gloria\\\/\",\"url\":\"https:\\\/\\\/www.copealcoy.es\\\/es\\\/la-asamblea-del-casal-rechaza-las-escuadras-mixtas-la-gloria\\\/\",\"name\":\"La Asamblea del Casal rechaza las escuadras mixtas en La Gloria - COPE Alcoy\",\"isPartOf\":{\"@id\":\"https:\\\/\\\/www.copealcoy.es\\\/es\\\/#website\"},\"primaryImageOfPage\":{\"@id\":\"https:\\\/\\\/www.copealcoy.es\\\/es\\\/la-asamblea-del-casal-rechaza-las-escuadras-mixtas-la-gloria\\\/#primaryimage\"},\"image\":{\"@id\":\"https:\\\/\\\/www.copealcoy.es\\\/es\\\/la-asamblea-del-casal-rechaza-las-escuadras-mixtas-la-gloria\\\/#primaryimage\"},\"thumbnailUrl\":\"https:\\\/\\\/www.copealcoy.es\\\/wp-content\\\/uploads\\\/2016\\\/05\\\/13289080_10209427070614380_114022662_n-e1464384546196.jpg\",\"datePublished\":\"2016-05-27T21:26:31+00:00\",\"dateModified\":\"2016-05-27T21:29:19+00:00\",\"author\":{\"@id\":\"https:\\\/\\\/www.copealcoy.es\\\/es\\\/#\\\/schema\\\/person\\\/e777c87fa024e57d40170af9df39882c\"},\"breadcrumb\":{\"@id\":\"https:\\\/\\\/www.copealcoy.es\\\/es\\\/la-asamblea-del-casal-rechaza-las-escuadras-mixtas-la-gloria\\\/#breadcrumb\"},\"inLanguage\":\"es\",\"potentialAction\":[{\"@type\":\"ReadAction\",\"target\":[\"https:\\\/\\\/www.copealcoy.es\\\/es\\\/la-asamblea-del-casal-rechaza-las-escuadras-mixtas-la-gloria\\\/\"]}]},{\"@type\":\"ImageObject\",\"inLanguage\":\"es\",\"@id\":\"https:\\\/\\\/www.copealcoy.es\\\/es\\\/la-asamblea-del-casal-rechaza-las-escuadras-mixtas-la-gloria\\\/#primaryimage\",\"url\":\"https:\\\/\\\/www.copealcoy.es\\\/wp-content\\\/uploads\\\/2016\\\/05\\\/13289080_10209427070614380_114022662_n-e1464384546196.jpg\",\"contentUrl\":\"https:\\\/\\\/www.copealcoy.es\\\/wp-content\\\/uploads\\\/2016\\\/05\\\/13289080_10209427070614380_114022662_n-e1464384546196.jpg\",\"width\":960,\"height\":511,\"caption\":\"Asamblea de la Asociaci\u00f3n de San Jorge\"},{\"@type\":\"BreadcrumbList\",\"@id\":\"https:\\\/\\\/www.copealcoy.es\\\/es\\\/la-asamblea-del-casal-rechaza-las-escuadras-mixtas-la-gloria\\\/#breadcrumb\",\"itemListElement\":[{\"@type\":\"ListItem\",\"position\":1,\"name\":\"Portada\",\"item\":\"https:\\\/\\\/www.copealcoy.es\\\/es\\\/\"},{\"@type\":\"ListItem\",\"position\":2,\"name\":\"La Asamblea del Casal rechaza las escuadras mixtas en La Gloria\"}]},{\"@type\":\"WebSite\",\"@id\":\"https:\\\/\\\/www.copealcoy.es\\\/es\\\/#website\",\"url\":\"https:\\\/\\\/www.copealcoy.es\\\/es\\\/\",\"name\":\"COPE Alcoy\",\"description\":\"Emisora COPE de radio local con emisi\u00f3n online. Pont de Sant Jordi 8-10 03803 Alcoy\",\"potentialAction\":[{\"@type\":\"SearchAction\",\"target\":{\"@type\":\"EntryPoint\",\"urlTemplate\":\"https:\\\/\\\/www.copealcoy.es\\\/es\\\/?s={search_term_string}\"},\"query-input\":{\"@type\":\"PropertyValueSpecification\",\"valueRequired\":true,\"valueName\":\"search_term_string\"}}],\"inLanguage\":\"es\"},{\"@type\":\"Person\",\"@id\":\"https:\\\/\\\/www.copealcoy.es\\\/es\\\/#\\\/schema\\\/person\\\/e777c87fa024e57d40170af9df39882c\",\"name\":\"Cope Alcoy\",\"image\":{\"@type\":\"ImageObject\",\"inLanguage\":\"es\",\"@id\":\"https:\\\/\\\/secure.gravatar.com\\\/avatar\\\/bb65d0283347e303893ba14f0692005417c1e0e690a325a4c5d8bb2b3943ee14?s=96&d=mm&r=g\",\"url\":\"https:\\\/\\\/secure.gravatar.com\\\/avatar\\\/bb65d0283347e303893ba14f0692005417c1e0e690a325a4c5d8bb2b3943ee14?s=96&d=mm&r=g\",\"contentUrl\":\"https:\\\/\\\/secure.gravatar.com\\\/avatar\\\/bb65d0283347e303893ba14f0692005417c1e0e690a325a4c5d8bb2b3943ee14?s=96&d=mm&r=g\",\"caption\":\"Cope Alcoy\"}}]}<\/script>\n<!-- \/ Yoast SEO plugin. -->","yoast_head_json":{"title":"La Asamblea del Casal rechaza las escuadras mixtas en La Gloria - COPE Alcoy","robots":{"index":"index","follow":"follow","max-snippet":"max-snippet:-1","max-image-preview":"max-image-preview:large","max-video-preview":"max-video-preview:-1"},"canonical":"https:\/\/www.copealcoy.es\/es\/la-asamblea-del-casal-rechaza-las-escuadras-mixtas-la-gloria\/","og_locale":"es_ES","og_type":"article","og_title":"La Asamblea del Casal rechaza las escuadras mixtas en La Gloria - COPE Alcoy","og_description":"La Asamblea General de la Asociaci\u00f3n de San Jorge celebrada ayer jueves rechaz\u00f3 por 41 votos en contra, 13 a...","og_url":"https:\/\/www.copealcoy.es\/es\/la-asamblea-del-casal-rechaza-las-escuadras-mixtas-la-gloria\/","og_site_name":"COPE Alcoy","article_published_time":"2016-05-27T21:26:31+00:00","article_modified_time":"2016-05-27T21:29:19+00:00","og_image":[{"width":960,"height":511,"url":"https:\/\/www.copealcoy.es\/wp-content\/uploads\/2016\/05\/13289080_10209427070614380_114022662_n-e1464384546196.jpg","type":"image\/jpeg"}],"author":"Cope Alcoy","twitter_misc":{"Escrito por":"Cope Alcoy","Tiempo de lectura":"2 minutos"},"schema":{"@context":"https:\/\/schema.org","@graph":[{"@type":"Article","@id":"https:\/\/www.copealcoy.es\/es\/la-asamblea-del-casal-rechaza-las-escuadras-mixtas-la-gloria\/#article","isPartOf":{"@id":"https:\/\/www.copealcoy.es\/es\/la-asamblea-del-casal-rechaza-las-escuadras-mixtas-la-gloria\/"},"author":{"name":"Cope Alcoy","@id":"https:\/\/www.copealcoy.es\/es\/#\/schema\/person\/e777c87fa024e57d40170af9df39882c"},"headline":"La Asamblea del Casal rechaza las escuadras mixtas en La Gloria","datePublished":"2016-05-27T21:26:31+00:00","dateModified":"2016-05-27T21:29:19+00:00","mainEntityOfPage":{"@id":"https:\/\/www.copealcoy.es\/es\/la-asamblea-del-casal-rechaza-las-escuadras-mixtas-la-gloria\/"},"wordCount":401,"commentCount":0,"image":{"@id":"https:\/\/www.copealcoy.es\/es\/la-asamblea-del-casal-rechaza-las-escuadras-mixtas-la-gloria\/#primaryimage"},"thumbnailUrl":"https:\/\/www.copealcoy.es\/wp-content\/uploads\/2016\/05\/13289080_10209427070614380_114022662_n-e1464384546196.jpg","keywords":["Alcoy","Asociaci\u00f3n San Jorge","Casal","Gloria","Moros i Cristians"],"articleSection":["Alcoy","Fiesta y Cultura","Noticias"],"inLanguage":"es"},{"@type":"WebPage","@id":"https:\/\/www.copealcoy.es\/es\/la-asamblea-del-casal-rechaza-las-escuadras-mixtas-la-gloria\/","url":"https:\/\/www.copealcoy.es\/es\/la-asamblea-del-casal-rechaza-las-escuadras-mixtas-la-gloria\/","name":"La Asamblea del Casal rechaza las escuadras mixtas en La Gloria - COPE Alcoy","isPartOf":{"@id":"https:\/\/www.copealcoy.es\/es\/#website"},"primaryImageOfPage":{"@id":"https:\/\/www.copealcoy.es\/es\/la-asamblea-del-casal-rechaza-las-escuadras-mixtas-la-gloria\/#primaryimage"},"image":{"@id":"https:\/\/www.copealcoy.es\/es\/la-asamblea-del-casal-rechaza-las-escuadras-mixtas-la-gloria\/#primaryimage"},"thumbnailUrl":"https:\/\/www.copealcoy.es\/wp-content\/uploads\/2016\/05\/13289080_10209427070614380_114022662_n-e1464384546196.jpg","datePublished":"2016-05-27T21:26:31+00:00","dateModified":"2016-05-27T21:29:19+00:00","author":{"@id":"https:\/\/www.copealcoy.es\/es\/#\/schema\/person\/e777c87fa024e57d40170af9df39882c"},"breadcrumb":{"@id":"https:\/\/www.copealcoy.es\/es\/la-asamblea-del-casal-rechaza-las-escuadras-mixtas-la-gloria\/#breadcrumb"},"inLanguage":"es","potentialAction":[{"@type":"ReadAction","target":["https:\/\/www.copealcoy.es\/es\/la-asamblea-del-casal-rechaza-las-escuadras-mixtas-la-gloria\/"]}]},{"@type":"ImageObject","inLanguage":"es","@id":"https:\/\/www.copealcoy.es\/es\/la-asamblea-del-casal-rechaza-las-escuadras-mixtas-la-gloria\/#primaryimage","url":"https:\/\/www.copealcoy.es\/wp-content\/uploads\/2016\/05\/13289080_10209427070614380_114022662_n-e1464384546196.jpg","contentUrl":"https:\/\/www.copealcoy.es\/wp-content\/uploads\/2016\/05\/13289080_10209427070614380_114022662_n-e1464384546196.jpg","width":960,"height":511,"caption":"Asamblea de la Asociaci\u00f3n de San Jorge"},{"@type":"BreadcrumbList","@id":"https:\/\/www.copealcoy.es\/es\/la-asamblea-del-casal-rechaza-las-escuadras-mixtas-la-gloria\/#breadcrumb","itemListElement":[{"@type":"ListItem","position":1,"name":"Portada","item":"https:\/\/www.copealcoy.es\/es\/"},{"@type":"ListItem","position":2,"name":"La Asamblea del Casal rechaza las escuadras mixtas en La Gloria"}]},{"@type":"WebSite","@id":"https:\/\/www.copealcoy.es\/es\/#website","url":"https:\/\/www.copealcoy.es\/es\/","name":"COPE Alcoy","description":"Emisora COPE de radio local con emisi\u00f3n online. Pont de Sant Jordi 8-10 03803 Alcoy","potentialAction":[{"@type":"SearchAction","target":{"@type":"EntryPoint","urlTemplate":"https:\/\/www.copealcoy.es\/es\/?s={search_term_string}"},"query-input":{"@type":"PropertyValueSpecification","valueRequired":true,"valueName":"search_term_string"}}],"inLanguage":"es"},{"@type":"Person","@id":"https:\/\/www.copealcoy.es\/es\/#\/schema\/person\/e777c87fa024e57d40170af9df39882c","name":"Cope Alcoy","image":{"@type":"ImageObject","inLanguage":"es","@id":"https:\/\/secure.gravatar.com\/avatar\/bb65d0283347e303893ba14f0692005417c1e0e690a325a4c5d8bb2b3943ee14?s=96&d=mm&r=g","url":"https:\/\/secure.gravatar.com\/avatar\/bb65d0283347e303893ba14f0692005417c1e0e690a325a4c5d8bb2b3943ee14?s=96&d=mm&r=g","contentUrl":"https:\/\/secure.gravatar.com\/avatar\/bb65d0283347e303893ba14f0692005417c1e0e690a325a4c5d8bb2b3943ee14?s=96&d=mm&r=g","caption":"Cope Alcoy"}}]}},"_links":{"self":[{"href":"https:\/\/www.copealcoy.es\/es\/wp-json\/wp\/v2\/posts\/22061","targetHints":{"allow":["GET"]}}],"collection":[{"href":"https:\/\/www.copealcoy.es\/es\/wp-json\/wp\/v2\/posts"}],"about":[{"href":"https:\/\/www.copealcoy.es\/es\/wp-json\/wp\/v2\/types\/post"}],"author":[{"embeddable":true,"href":"https:\/\/www.copealcoy.es\/es\/wp-json\/wp\/v2\/users\/1"}],"replies":[{"embeddable":true,"href":"https:\/\/www.copealcoy.es\/es\/wp-json\/wp\/v2\/comments?post=22061"}],"version-history":[{"count":0,"href":"https:\/\/www.copealcoy.es\/es\/wp-json\/wp\/v2\/posts\/22061\/revisions"}],"wp:featuredmedia":[{"embeddable":true,"href":"https:\/\/www.copealcoy.es\/es\/wp-json\/wp\/v2\/media\/22062"}],"wp:attachment":[{"href":"https:\/\/www.copealcoy.es\/es\/wp-json\/wp\/v2\/media?parent=22061"}],"wp:term":[{"taxonomy":"category","embeddable":true,"href":"https:\/\/www.copealcoy.es\/es\/wp-json\/wp\/v2\/categories?post=22061"},{"taxonomy":"post_tag","embeddable":true,"href":"https:\/\/www.copealcoy.es\/es\/wp-json\/wp\/v2\/tags?post=22061"}],"curies":[{"name":"wp","href":"https:\/\/api.w.org\/{rel}","templated":true}]}}