{"id":21965,"date":"2016-05-25T20:46:44","date_gmt":"2016-05-25T20:46:44","guid":{"rendered":"http:\/\/copealcoi.es\/new\/?p=21965"},"modified":"2016-05-25T20:54:13","modified_gmt":"2016-05-25T20:54:13","slug":"la-pobreza-se-arraiga-en-alcoy","status":"publish","type":"post","link":"https:\/\/www.copealcoy.es\/es\/la-pobreza-se-arraiga-en-alcoy\/","title":{"rendered":"La pobreza se arraiga en Alcoy"},"content":{"rendered":"<p style=\"text-align: justify;\">La Memoria Anual de 2015 de C\u00e1ritas de Alcoy, presentada con motivo del D\u00eda de la Caridad y la Fiesta del Corpus Christi, desprende un empeoramiento de las condiciones de los beneficiarios en todos los niveles. Lo hace sobre todo en la intensidad y cronicidad de los beneficiarios que acuden a los servicios interparroquiales.<\/p>\n<p style=\"text-align: justify;\">El a\u00f1o pasado fueron 1597 los beneficiarios de C\u00e1ritas Alcoy. De ellos el 76% espa\u00f1oles y ,adem\u00e1s, el 36% eran menores de edad. Un dato m\u00e1s preocupante si adem\u00e1s se a\u00f1ade que\u00a0del total de personas que necesita de la atenci\u00f3n sociocaritativa, <strong>el 80% no puede prescindir de las ayudas a lo largo del tiempo<\/strong>.<\/p>\n<p style=\"text-align: justify;\">Al respecto de este \u00faltimo aspecto Diego Pastor, sacerdote delegado arciprestal, destaca que &#8220;los servicios sociales deben ayudar\u00a0a las personas de manera continua, para que puedan reengancharse a un tren de vida digno&#8221;.\u00a0Entre el resto de datos recogidos se visualiza el perfil de la gente que acude. Sobresale el\u00a0de mujeres y tambi\u00e9n de parejas j\u00f3venes con hijos. No obstante, cada vez es m\u00e1s frecuente la figura del joven adulto tal y como muestra el gr\u00e1fico del propio informe.<\/p>\n<p>&nbsp;<\/p>\n<p style=\"text-align: justify;\"><a href=\"https:\/\/www.copealcoy.es\/la-pobreza-alcoy-mas-cronica-e-intensa\/captura-de-pantalla-2016-05-25-a-les-22-38-01\/\" rel=\"attachment wp-att-21980\"><img loading=\"lazy\" decoding=\"async\" class=\"aligncenter wp-image-21980 \" src=\"https:\/\/www.copealcoy.es\/wp-content\/uploads\/2016\/05\/Captura-de-pantalla-2016-05-25-a-les-22.38.01.png\" width=\"548\" height=\"389\" srcset=\"https:\/\/www.copealcoy.es\/wp-content\/uploads\/2016\/05\/Captura-de-pantalla-2016-05-25-a-les-22.38.01.png 776w, https:\/\/www.copealcoy.es\/wp-content\/uploads\/2016\/05\/Captura-de-pantalla-2016-05-25-a-les-22.38.01-300x213.png 300w, https:\/\/www.copealcoy.es\/wp-content\/uploads\/2016\/05\/Captura-de-pantalla-2016-05-25-a-les-22.38.01-768x545.png 768w\" sizes=\"auto, (max-width: 548px) 100vw, 548px\" \/><\/a><\/p>\n<p style=\"text-align: justify;\">Por todo ello la labor de las organizaciones parroquiales cada vez tiene m\u00e1s importancia.\u00a0Maria Jos\u00e9 Jover, coordinadora Vicar\u00eda 6 de C\u00e1ritas, agradece su trabajo\u00a0e informa que &#8220;el 98% de la\u00a0financiaci\u00f3n de todo el organismo proviene de fondos propios&#8221;.<\/p>\n<p style=\"text-align: justify;\"><strong>Un equipo para dar respuesta a la precariedad y la pobreza<\/strong><\/p>\n<p style=\"text-align: justify;\">El conjunto de colaboradores de C\u00e1ritas nace de la iniciativa de 75 voluntarios repartidos por\u00a0las parroquias. Adem\u00e1s hay otros 21 dedicados al fomento de empleo y 55 m\u00e1s en el servicio de economato. De todos ellos, el 28% son mujeres y el 72% hombres.<\/p>\n<p style=\"text-align: justify;\"><em>Consulta los diferentes datos que recoge el informe de C\u00e1ritas y sus diferentes propuestas<\/em><\/p>\n<div id='gallery-1' class='gallery galleryid-21965 gallery-columns-3 gallery-size-thumbnail'><figure class='gallery-item'>\n\t\t\t<div class='gallery-icon landscape'>\n\t\t\t\t<a href='https:\/\/www.copealcoy.es\/es\/la-pobreza-se-arraiga-en-alcoy\/captura-de-pantalla-2016-05-25-a-les-22-21-37\/'><img loading=\"lazy\" decoding=\"async\" width=\"150\" height=\"150\" src=\"https:\/\/www.copealcoy.es\/wp-content\/uploads\/2016\/05\/Captura-de-pantalla-2016-05-25-a-les-22.21.37-150x150.png\" class=\"attachment-thumbnail size-thumbnail\" alt=\"\" srcset=\"https:\/\/www.copealcoy.es\/wp-content\/uploads\/2016\/05\/Captura-de-pantalla-2016-05-25-a-les-22.21.37-150x150.png 150w, https:\/\/www.copealcoy.es\/wp-content\/uploads\/2016\/05\/Captura-de-pantalla-2016-05-25-a-les-22.21.37-55x55.png 55w\" sizes=\"auto, (max-width: 150px) 100vw, 150px\" \/><\/a>\n\t\t\t<\/div><\/figure><figure class='gallery-item'>\n\t\t\t<div class='gallery-icon landscape'>\n\t\t\t\t<a href='https:\/\/www.copealcoy.es\/es\/la-pobreza-se-arraiga-en-alcoy\/captura-de-pantalla-2016-05-25-a-les-22-37-09\/'><img loading=\"lazy\" decoding=\"async\" width=\"150\" height=\"150\" src=\"https:\/\/www.copealcoy.es\/wp-content\/uploads\/2016\/05\/Captura-de-pantalla-2016-05-25-a-les-22.37.09-150x150.png\" class=\"attachment-thumbnail size-thumbnail\" alt=\"\" srcset=\"https:\/\/www.copealcoy.es\/wp-content\/uploads\/2016\/05\/Captura-de-pantalla-2016-05-25-a-les-22.37.09-150x150.png 150w, https:\/\/www.copealcoy.es\/wp-content\/uploads\/2016\/05\/Captura-de-pantalla-2016-05-25-a-les-22.37.09-55x55.png 55w\" sizes=\"auto, (max-width: 150px) 100vw, 150px\" \/><\/a>\n\t\t\t<\/div><\/figure><figure class='gallery-item'>\n\t\t\t<div class='gallery-icon landscape'>\n\t\t\t\t<a href='https:\/\/www.copealcoy.es\/es\/la-pobreza-se-arraiga-en-alcoy\/captura-de-pantalla-2016-05-25-a-les-22-21-23-2\/'><img loading=\"lazy\" decoding=\"async\" width=\"150\" height=\"150\" src=\"https:\/\/www.copealcoy.es\/wp-content\/uploads\/2016\/05\/Captura-de-pantalla-2016-05-25-a-les-22.21.23-1-150x150.png\" class=\"attachment-thumbnail size-thumbnail\" alt=\"\" srcset=\"https:\/\/www.copealcoy.es\/wp-content\/uploads\/2016\/05\/Captura-de-pantalla-2016-05-25-a-les-22.21.23-1-150x150.png 150w, https:\/\/www.copealcoy.es\/wp-content\/uploads\/2016\/05\/Captura-de-pantalla-2016-05-25-a-les-22.21.23-1-55x55.png 55w\" sizes=\"auto, (max-width: 150px) 100vw, 150px\" \/><\/a>\n\t\t\t<\/div><\/figure>\n\t\t<\/div>\n\n","protected":false},"excerpt":{"rendered":"<p>La Memoria Anual de 2015 de C\u00e1ritas de Alcoy, presentada con motivo del D\u00eda de la Caridad y la Fiesta&#8230;<\/p>\n","protected":false},"author":1,"featured_media":21986,"comment_status":"open","ping_status":"open","sticky":false,"template":"","format":"standard","meta":{"footnotes":""},"categories":[97,75,125,1],"tags":[460,2312,2311,2310],"class_list":["post-21965","post","type-post","status-publish","format-standard","has-post-thumbnail","hentry","category-alcoy","category-noticias","category-portada","category-sin-categorizar","tag-caritas","tag-exclusion","tag-pobreza","tag-sociedad"],"yoast_head":"<!-- This site is optimized with the Yoast SEO plugin v27.3 - https:\/\/yoast.com\/product\/yoast-seo-wordpress\/ -->\n<title>La pobreza se arraiga en Alcoy - COPE Alcoy<\/title>\n<meta name=\"robots\" content=\"index, follow, max-snippet:-1, max-image-preview:large, max-video-preview:-1\" \/>\n<link rel=\"canonical\" href=\"https:\/\/www.copealcoy.es\/es\/la-pobreza-se-arraiga-en-alcoy\/\" \/>\n<meta property=\"og:locale\" content=\"es_ES\" \/>\n<meta property=\"og:type\" content=\"article\" \/>\n<meta property=\"og:title\" content=\"La pobreza se arraiga en Alcoy - COPE Alcoy\" \/>\n<meta property=\"og:description\" content=\"La Memoria Anual de 2015 de C\u00e1ritas de Alcoy, presentada con motivo del D\u00eda de la Caridad y la Fiesta...\" \/>\n<meta property=\"og:url\" content=\"https:\/\/www.copealcoy.es\/es\/la-pobreza-se-arraiga-en-alcoy\/\" \/>\n<meta property=\"og:site_name\" content=\"COPE Alcoy\" \/>\n<meta property=\"article:published_time\" content=\"2016-05-25T20:46:44+00:00\" \/>\n<meta property=\"article:modified_time\" content=\"2016-05-25T20:54:13+00:00\" \/>\n<meta property=\"og:image\" content=\"https:\/\/www.copealcoy.es\/wp-content\/uploads\/2016\/05\/caritas-e1464209473988.jpg\" \/>\n\t<meta property=\"og:image:width\" content=\"2098\" \/>\n\t<meta property=\"og:image:height\" content=\"1272\" \/>\n\t<meta property=\"og:image:type\" content=\"image\/jpeg\" \/>\n<meta name=\"author\" content=\"Cope Alcoy\" \/>\n<meta name=\"twitter:label1\" content=\"Escrito por\" \/>\n\t<meta name=\"twitter:data1\" content=\"Cope Alcoy\" \/>\n\t<meta name=\"twitter:label2\" content=\"Tiempo de lectura\" \/>\n\t<meta name=\"twitter:data2\" content=\"2 minutos\" \/>\n<script type=\"application\/ld+json\" class=\"yoast-schema-graph\">{\"@context\":\"https:\\\/\\\/schema.org\",\"@graph\":[{\"@type\":\"Article\",\"@id\":\"https:\\\/\\\/www.copealcoy.es\\\/es\\\/la-pobreza-se-arraiga-en-alcoy\\\/#article\",\"isPartOf\":{\"@id\":\"https:\\\/\\\/www.copealcoy.es\\\/es\\\/la-pobreza-se-arraiga-en-alcoy\\\/\"},\"author\":{\"name\":\"Cope Alcoy\",\"@id\":\"https:\\\/\\\/www.copealcoy.es\\\/es\\\/#\\\/schema\\\/person\\\/e777c87fa024e57d40170af9df39882c\"},\"headline\":\"La pobreza se arraiga en Alcoy\",\"datePublished\":\"2016-05-25T20:46:44+00:00\",\"dateModified\":\"2016-05-25T20:54:13+00:00\",\"mainEntityOfPage\":{\"@id\":\"https:\\\/\\\/www.copealcoy.es\\\/es\\\/la-pobreza-se-arraiga-en-alcoy\\\/\"},\"wordCount\":320,\"commentCount\":0,\"image\":{\"@id\":\"https:\\\/\\\/www.copealcoy.es\\\/es\\\/la-pobreza-se-arraiga-en-alcoy\\\/#primaryimage\"},\"thumbnailUrl\":\"https:\\\/\\\/www.copealcoy.es\\\/wp-content\\\/uploads\\\/2016\\\/05\\\/caritas-e1464209473988.jpg\",\"keywords\":[\"C\u00e1ritas\",\"exclusi\u00f3n\",\"pobreza\",\"sociedad\"],\"articleSection\":[\"Alcoy\",\"Noticias\",\"Portada\",\"Sin categorizar\"],\"inLanguage\":\"es\"},{\"@type\":\"WebPage\",\"@id\":\"https:\\\/\\\/www.copealcoy.es\\\/es\\\/la-pobreza-se-arraiga-en-alcoy\\\/\",\"url\":\"https:\\\/\\\/www.copealcoy.es\\\/es\\\/la-pobreza-se-arraiga-en-alcoy\\\/\",\"name\":\"La pobreza se arraiga en Alcoy - COPE Alcoy\",\"isPartOf\":{\"@id\":\"https:\\\/\\\/www.copealcoy.es\\\/es\\\/#website\"},\"primaryImageOfPage\":{\"@id\":\"https:\\\/\\\/www.copealcoy.es\\\/es\\\/la-pobreza-se-arraiga-en-alcoy\\\/#primaryimage\"},\"image\":{\"@id\":\"https:\\\/\\\/www.copealcoy.es\\\/es\\\/la-pobreza-se-arraiga-en-alcoy\\\/#primaryimage\"},\"thumbnailUrl\":\"https:\\\/\\\/www.copealcoy.es\\\/wp-content\\\/uploads\\\/2016\\\/05\\\/caritas-e1464209473988.jpg\",\"datePublished\":\"2016-05-25T20:46:44+00:00\",\"dateModified\":\"2016-05-25T20:54:13+00:00\",\"author\":{\"@id\":\"https:\\\/\\\/www.copealcoy.es\\\/es\\\/#\\\/schema\\\/person\\\/e777c87fa024e57d40170af9df39882c\"},\"breadcrumb\":{\"@id\":\"https:\\\/\\\/www.copealcoy.es\\\/es\\\/la-pobreza-se-arraiga-en-alcoy\\\/#breadcrumb\"},\"inLanguage\":\"es\",\"potentialAction\":[{\"@type\":\"ReadAction\",\"target\":[\"https:\\\/\\\/www.copealcoy.es\\\/es\\\/la-pobreza-se-arraiga-en-alcoy\\\/\"]}]},{\"@type\":\"ImageObject\",\"inLanguage\":\"es\",\"@id\":\"https:\\\/\\\/www.copealcoy.es\\\/es\\\/la-pobreza-se-arraiga-en-alcoy\\\/#primaryimage\",\"url\":\"https:\\\/\\\/www.copealcoy.es\\\/wp-content\\\/uploads\\\/2016\\\/05\\\/caritas-e1464209473988.jpg\",\"contentUrl\":\"https:\\\/\\\/www.copealcoy.es\\\/wp-content\\\/uploads\\\/2016\\\/05\\\/caritas-e1464209473988.jpg\",\"width\":2098,\"height\":1272},{\"@type\":\"BreadcrumbList\",\"@id\":\"https:\\\/\\\/www.copealcoy.es\\\/es\\\/la-pobreza-se-arraiga-en-alcoy\\\/#breadcrumb\",\"itemListElement\":[{\"@type\":\"ListItem\",\"position\":1,\"name\":\"Portada\",\"item\":\"https:\\\/\\\/www.copealcoy.es\\\/es\\\/\"},{\"@type\":\"ListItem\",\"position\":2,\"name\":\"La pobreza se arraiga en Alcoy\"}]},{\"@type\":\"WebSite\",\"@id\":\"https:\\\/\\\/www.copealcoy.es\\\/es\\\/#website\",\"url\":\"https:\\\/\\\/www.copealcoy.es\\\/es\\\/\",\"name\":\"COPE Alcoy\",\"description\":\"Emisora COPE de radio local con emisi\u00f3n online. Pont de Sant Jordi 8-10 03803 Alcoy\",\"potentialAction\":[{\"@type\":\"SearchAction\",\"target\":{\"@type\":\"EntryPoint\",\"urlTemplate\":\"https:\\\/\\\/www.copealcoy.es\\\/es\\\/?s={search_term_string}\"},\"query-input\":{\"@type\":\"PropertyValueSpecification\",\"valueRequired\":true,\"valueName\":\"search_term_string\"}}],\"inLanguage\":\"es\"},{\"@type\":\"Person\",\"@id\":\"https:\\\/\\\/www.copealcoy.es\\\/es\\\/#\\\/schema\\\/person\\\/e777c87fa024e57d40170af9df39882c\",\"name\":\"Cope Alcoy\",\"image\":{\"@type\":\"ImageObject\",\"inLanguage\":\"es\",\"@id\":\"https:\\\/\\\/secure.gravatar.com\\\/avatar\\\/bb65d0283347e303893ba14f0692005417c1e0e690a325a4c5d8bb2b3943ee14?s=96&d=mm&r=g\",\"url\":\"https:\\\/\\\/secure.gravatar.com\\\/avatar\\\/bb65d0283347e303893ba14f0692005417c1e0e690a325a4c5d8bb2b3943ee14?s=96&d=mm&r=g\",\"contentUrl\":\"https:\\\/\\\/secure.gravatar.com\\\/avatar\\\/bb65d0283347e303893ba14f0692005417c1e0e690a325a4c5d8bb2b3943ee14?s=96&d=mm&r=g\",\"caption\":\"Cope Alcoy\"}}]}<\/script>\n<!-- \/ Yoast SEO plugin. -->","yoast_head_json":{"title":"La pobreza se arraiga en Alcoy - COPE Alcoy","robots":{"index":"index","follow":"follow","max-snippet":"max-snippet:-1","max-image-preview":"max-image-preview:large","max-video-preview":"max-video-preview:-1"},"canonical":"https:\/\/www.copealcoy.es\/es\/la-pobreza-se-arraiga-en-alcoy\/","og_locale":"es_ES","og_type":"article","og_title":"La pobreza se arraiga en Alcoy - COPE Alcoy","og_description":"La Memoria Anual de 2015 de C\u00e1ritas de Alcoy, presentada con motivo del D\u00eda de la Caridad y la Fiesta...","og_url":"https:\/\/www.copealcoy.es\/es\/la-pobreza-se-arraiga-en-alcoy\/","og_site_name":"COPE Alcoy","article_published_time":"2016-05-25T20:46:44+00:00","article_modified_time":"2016-05-25T20:54:13+00:00","og_image":[{"width":2098,"height":1272,"url":"https:\/\/www.copealcoy.es\/wp-content\/uploads\/2016\/05\/caritas-e1464209473988.jpg","type":"image\/jpeg"}],"author":"Cope Alcoy","twitter_misc":{"Escrito por":"Cope Alcoy","Tiempo de lectura":"2 minutos"},"schema":{"@context":"https:\/\/schema.org","@graph":[{"@type":"Article","@id":"https:\/\/www.copealcoy.es\/es\/la-pobreza-se-arraiga-en-alcoy\/#article","isPartOf":{"@id":"https:\/\/www.copealcoy.es\/es\/la-pobreza-se-arraiga-en-alcoy\/"},"author":{"name":"Cope Alcoy","@id":"https:\/\/www.copealcoy.es\/es\/#\/schema\/person\/e777c87fa024e57d40170af9df39882c"},"headline":"La pobreza se arraiga en Alcoy","datePublished":"2016-05-25T20:46:44+00:00","dateModified":"2016-05-25T20:54:13+00:00","mainEntityOfPage":{"@id":"https:\/\/www.copealcoy.es\/es\/la-pobreza-se-arraiga-en-alcoy\/"},"wordCount":320,"commentCount":0,"image":{"@id":"https:\/\/www.copealcoy.es\/es\/la-pobreza-se-arraiga-en-alcoy\/#primaryimage"},"thumbnailUrl":"https:\/\/www.copealcoy.es\/wp-content\/uploads\/2016\/05\/caritas-e1464209473988.jpg","keywords":["C\u00e1ritas","exclusi\u00f3n","pobreza","sociedad"],"articleSection":["Alcoy","Noticias","Portada","Sin categorizar"],"inLanguage":"es"},{"@type":"WebPage","@id":"https:\/\/www.copealcoy.es\/es\/la-pobreza-se-arraiga-en-alcoy\/","url":"https:\/\/www.copealcoy.es\/es\/la-pobreza-se-arraiga-en-alcoy\/","name":"La pobreza se arraiga en Alcoy - COPE Alcoy","isPartOf":{"@id":"https:\/\/www.copealcoy.es\/es\/#website"},"primaryImageOfPage":{"@id":"https:\/\/www.copealcoy.es\/es\/la-pobreza-se-arraiga-en-alcoy\/#primaryimage"},"image":{"@id":"https:\/\/www.copealcoy.es\/es\/la-pobreza-se-arraiga-en-alcoy\/#primaryimage"},"thumbnailUrl":"https:\/\/www.copealcoy.es\/wp-content\/uploads\/2016\/05\/caritas-e1464209473988.jpg","datePublished":"2016-05-25T20:46:44+00:00","dateModified":"2016-05-25T20:54:13+00:00","author":{"@id":"https:\/\/www.copealcoy.es\/es\/#\/schema\/person\/e777c87fa024e57d40170af9df39882c"},"breadcrumb":{"@id":"https:\/\/www.copealcoy.es\/es\/la-pobreza-se-arraiga-en-alcoy\/#breadcrumb"},"inLanguage":"es","potentialAction":[{"@type":"ReadAction","target":["https:\/\/www.copealcoy.es\/es\/la-pobreza-se-arraiga-en-alcoy\/"]}]},{"@type":"ImageObject","inLanguage":"es","@id":"https:\/\/www.copealcoy.es\/es\/la-pobreza-se-arraiga-en-alcoy\/#primaryimage","url":"https:\/\/www.copealcoy.es\/wp-content\/uploads\/2016\/05\/caritas-e1464209473988.jpg","contentUrl":"https:\/\/www.copealcoy.es\/wp-content\/uploads\/2016\/05\/caritas-e1464209473988.jpg","width":2098,"height":1272},{"@type":"BreadcrumbList","@id":"https:\/\/www.copealcoy.es\/es\/la-pobreza-se-arraiga-en-alcoy\/#breadcrumb","itemListElement":[{"@type":"ListItem","position":1,"name":"Portada","item":"https:\/\/www.copealcoy.es\/es\/"},{"@type":"ListItem","position":2,"name":"La pobreza se arraiga en Alcoy"}]},{"@type":"WebSite","@id":"https:\/\/www.copealcoy.es\/es\/#website","url":"https:\/\/www.copealcoy.es\/es\/","name":"COPE Alcoy","description":"Emisora COPE de radio local con emisi\u00f3n online. Pont de Sant Jordi 8-10 03803 Alcoy","potentialAction":[{"@type":"SearchAction","target":{"@type":"EntryPoint","urlTemplate":"https:\/\/www.copealcoy.es\/es\/?s={search_term_string}"},"query-input":{"@type":"PropertyValueSpecification","valueRequired":true,"valueName":"search_term_string"}}],"inLanguage":"es"},{"@type":"Person","@id":"https:\/\/www.copealcoy.es\/es\/#\/schema\/person\/e777c87fa024e57d40170af9df39882c","name":"Cope Alcoy","image":{"@type":"ImageObject","inLanguage":"es","@id":"https:\/\/secure.gravatar.com\/avatar\/bb65d0283347e303893ba14f0692005417c1e0e690a325a4c5d8bb2b3943ee14?s=96&d=mm&r=g","url":"https:\/\/secure.gravatar.com\/avatar\/bb65d0283347e303893ba14f0692005417c1e0e690a325a4c5d8bb2b3943ee14?s=96&d=mm&r=g","contentUrl":"https:\/\/secure.gravatar.com\/avatar\/bb65d0283347e303893ba14f0692005417c1e0e690a325a4c5d8bb2b3943ee14?s=96&d=mm&r=g","caption":"Cope Alcoy"}}]}},"_links":{"self":[{"href":"https:\/\/www.copealcoy.es\/es\/wp-json\/wp\/v2\/posts\/21965","targetHints":{"allow":["GET"]}}],"collection":[{"href":"https:\/\/www.copealcoy.es\/es\/wp-json\/wp\/v2\/posts"}],"about":[{"href":"https:\/\/www.copealcoy.es\/es\/wp-json\/wp\/v2\/types\/post"}],"author":[{"embeddable":true,"href":"https:\/\/www.copealcoy.es\/es\/wp-json\/wp\/v2\/users\/1"}],"replies":[{"embeddable":true,"href":"https:\/\/www.copealcoy.es\/es\/wp-json\/wp\/v2\/comments?post=21965"}],"version-history":[{"count":0,"href":"https:\/\/www.copealcoy.es\/es\/wp-json\/wp\/v2\/posts\/21965\/revisions"}],"wp:featuredmedia":[{"embeddable":true,"href":"https:\/\/www.copealcoy.es\/es\/wp-json\/wp\/v2\/media\/21986"}],"wp:attachment":[{"href":"https:\/\/www.copealcoy.es\/es\/wp-json\/wp\/v2\/media?parent=21965"}],"wp:term":[{"taxonomy":"category","embeddable":true,"href":"https:\/\/www.copealcoy.es\/es\/wp-json\/wp\/v2\/categories?post=21965"},{"taxonomy":"post_tag","embeddable":true,"href":"https:\/\/www.copealcoy.es\/es\/wp-json\/wp\/v2\/tags?post=21965"}],"curies":[{"name":"wp","href":"https:\/\/api.w.org\/{rel}","templated":true}]}}