{"id":21878,"date":"2016-05-23T19:07:24","date_gmt":"2016-05-23T19:07:24","guid":{"rendered":"http:\/\/copealcoi.es\/new\/?p=21878"},"modified":"2016-05-23T20:44:16","modified_gmt":"2016-05-23T20:44:16","slug":"jordi-pla-entra-en-el-consell-nacional-del-bloc","status":"publish","type":"post","link":"https:\/\/www.copealcoy.es\/es\/jordi-pla-entra-en-el-consell-nacional-del-bloc\/","title":{"rendered":"Jordi Pla entra en el Consell Nacional del Bloc"},"content":{"rendered":"<p style=\"text-align: justify;\">Jordi Pla \u00a0ya forma parte del Consell Nacional del Bloc Nacionalista Valenci\u00e0, partido mayoritario de la coalici\u00f3n Comprom\u00eds. De esta forma, el joven concejal de\u00a0Col\u00b7lectiu 03820 &#8211; Comprom\u00eds en el Ayuntamiento de Cocentaina trabajar\u00e1 en el m\u00e1ximo organismo entre congresos\u00a0de la formaci\u00f3n. Lo har\u00e1 junto a 32 integrantes que al igual que \u00e9l, fueron el elegidos ayer en el 7\u00ba Congreso Nacional del partido.<\/p>\n<p style=\"text-align: justify;\">Pla cont\u00f3 con el apoyo de 436 personas, quedando as\u00ed como 7\u00ba candidato m\u00e1s votado. Qued\u00f3 por detr\u00e1s del eurodiputado Jordi Sebasti\u00e0 (598), el candidato al Congreso, Joan\u00a0\u00a0Baldov\u00ed (513) o el Conseller de Educaci\u00f3n, Vicent Marz\u00e0(497), entre otros. Al respecto, Jordi Pla ha manifestado sentirse &#8220;agradecido y contento&#8221;, ya que este aval supone un &#8220;apoyo importante de la militancia&#8221;<\/p>\n<p style=\"text-align: justify;\"><em>Escucha las declaraciones de <a href=\"https:\/\/twitter.com\/jordiplavalor\">Jordi Pla<\/a><\/em><\/p>\n<audio class=\"wp-audio-shortcode\" id=\"audio-21878-1\" preload=\"none\" style=\"width: 100%;\" controls=\"controls\"><source type=\"audio\/mpeg\" src=\"https:\/\/www.copealcoy.es\/wp-content\/uploads\/2016\/05\/Tall-de-Veu-Jordi-Pla-7e-votat-Consell-Nacional.mp3?_=1\" \/><a href=\"https:\/\/www.copealcoy.es\/wp-content\/uploads\/2016\/05\/Tall-de-Veu-Jordi-Pla-7e-votat-Consell-Nacional.mp3\">https:\/\/www.copealcoy.es\/wp-content\/uploads\/2016\/05\/Tall-de-Veu-Jordi-Pla-7e-votat-Consell-Nacional.mp3<\/a><\/audio>\n<p>&nbsp;<\/p>\n","protected":false},"excerpt":{"rendered":"<p>Jordi Pla \u00a0ya forma parte del Consell Nacional del Bloc Nacionalista Valenci\u00e0, partido mayoritario de la coalici\u00f3n Comprom\u00eds. De esta&#8230;<\/p>\n","protected":false},"author":1,"featured_media":21883,"comment_status":"open","ping_status":"open","sticky":false,"template":"","format":"standard","meta":{"footnotes":""},"categories":[98,75,1],"tags":[152,2291,2092],"class_list":["post-21878","post","type-post","status-publish","format-standard","has-post-thumbnail","hentry","category-comarcas","category-noticias","category-sin-categorizar","tag-compromis","tag-congres","tag-jordi-pla"],"yoast_head":"<!-- This site is optimized with the Yoast SEO plugin v27.3 - https:\/\/yoast.com\/product\/yoast-seo-wordpress\/ -->\n<title>Jordi Pla entra en el Consell Nacional del Bloc - COPE Alcoy<\/title>\n<meta name=\"robots\" content=\"index, follow, max-snippet:-1, max-image-preview:large, max-video-preview:-1\" \/>\n<link rel=\"canonical\" href=\"https:\/\/www.copealcoy.es\/es\/jordi-pla-entra-en-el-consell-nacional-del-bloc\/\" \/>\n<meta property=\"og:locale\" content=\"es_ES\" \/>\n<meta property=\"og:type\" content=\"article\" \/>\n<meta property=\"og:title\" content=\"Jordi Pla entra en el Consell Nacional del Bloc - COPE Alcoy\" \/>\n<meta property=\"og:description\" content=\"Jordi Pla \u00a0ya forma parte del Consell Nacional del Bloc Nacionalista Valenci\u00e0, partido mayoritario de la coalici\u00f3n Comprom\u00eds. De esta...\" \/>\n<meta property=\"og:url\" content=\"https:\/\/www.copealcoy.es\/es\/jordi-pla-entra-en-el-consell-nacional-del-bloc\/\" \/>\n<meta property=\"og:site_name\" content=\"COPE Alcoy\" \/>\n<meta property=\"article:published_time\" content=\"2016-05-23T19:07:24+00:00\" \/>\n<meta property=\"article:modified_time\" content=\"2016-05-23T20:44:16+00:00\" \/>\n<meta property=\"og:image\" content=\"https:\/\/www.copealcoy.es\/wp-content\/uploads\/2016\/05\/13275136_10207908255478969_309663226_o.jpg\" \/>\n\t<meta property=\"og:image:width\" content=\"1280\" \/>\n\t<meta property=\"og:image:height\" content=\"720\" \/>\n\t<meta property=\"og:image:type\" content=\"image\/jpeg\" \/>\n<meta name=\"author\" content=\"Cope Alcoy\" \/>\n<meta name=\"twitter:label1\" content=\"Escrito por\" \/>\n\t<meta name=\"twitter:data1\" content=\"Cope Alcoy\" \/>\n\t<meta name=\"twitter:label2\" content=\"Tiempo de lectura\" \/>\n\t<meta name=\"twitter:data2\" content=\"1 minuto\" \/>\n<script type=\"application\/ld+json\" class=\"yoast-schema-graph\">{\"@context\":\"https:\\\/\\\/schema.org\",\"@graph\":[{\"@type\":\"Article\",\"@id\":\"https:\\\/\\\/www.copealcoy.es\\\/es\\\/jordi-pla-entra-en-el-consell-nacional-del-bloc\\\/#article\",\"isPartOf\":{\"@id\":\"https:\\\/\\\/www.copealcoy.es\\\/es\\\/jordi-pla-entra-en-el-consell-nacional-del-bloc\\\/\"},\"author\":{\"name\":\"Cope Alcoy\",\"@id\":\"https:\\\/\\\/www.copealcoy.es\\\/es\\\/#\\\/schema\\\/person\\\/e777c87fa024e57d40170af9df39882c\"},\"headline\":\"Jordi Pla entra en el Consell Nacional del Bloc\",\"datePublished\":\"2016-05-23T19:07:24+00:00\",\"dateModified\":\"2016-05-23T20:44:16+00:00\",\"mainEntityOfPage\":{\"@id\":\"https:\\\/\\\/www.copealcoy.es\\\/es\\\/jordi-pla-entra-en-el-consell-nacional-del-bloc\\\/\"},\"wordCount\":145,\"commentCount\":0,\"image\":{\"@id\":\"https:\\\/\\\/www.copealcoy.es\\\/es\\\/jordi-pla-entra-en-el-consell-nacional-del-bloc\\\/#primaryimage\"},\"thumbnailUrl\":\"https:\\\/\\\/www.copealcoy.es\\\/wp-content\\\/uploads\\\/2016\\\/05\\\/13275136_10207908255478969_309663226_o.jpg\",\"keywords\":[\"Comprom\u00eds\",\"Congr\u00e9s\",\"Jordi Pla\"],\"articleSection\":[\"Comarcas\",\"Noticias\",\"Sin categorizar\"],\"inLanguage\":\"es\"},{\"@type\":\"WebPage\",\"@id\":\"https:\\\/\\\/www.copealcoy.es\\\/es\\\/jordi-pla-entra-en-el-consell-nacional-del-bloc\\\/\",\"url\":\"https:\\\/\\\/www.copealcoy.es\\\/es\\\/jordi-pla-entra-en-el-consell-nacional-del-bloc\\\/\",\"name\":\"Jordi Pla entra en el Consell Nacional del Bloc - COPE Alcoy\",\"isPartOf\":{\"@id\":\"https:\\\/\\\/www.copealcoy.es\\\/es\\\/#website\"},\"primaryImageOfPage\":{\"@id\":\"https:\\\/\\\/www.copealcoy.es\\\/es\\\/jordi-pla-entra-en-el-consell-nacional-del-bloc\\\/#primaryimage\"},\"image\":{\"@id\":\"https:\\\/\\\/www.copealcoy.es\\\/es\\\/jordi-pla-entra-en-el-consell-nacional-del-bloc\\\/#primaryimage\"},\"thumbnailUrl\":\"https:\\\/\\\/www.copealcoy.es\\\/wp-content\\\/uploads\\\/2016\\\/05\\\/13275136_10207908255478969_309663226_o.jpg\",\"datePublished\":\"2016-05-23T19:07:24+00:00\",\"dateModified\":\"2016-05-23T20:44:16+00:00\",\"author\":{\"@id\":\"https:\\\/\\\/www.copealcoy.es\\\/es\\\/#\\\/schema\\\/person\\\/e777c87fa024e57d40170af9df39882c\"},\"breadcrumb\":{\"@id\":\"https:\\\/\\\/www.copealcoy.es\\\/es\\\/jordi-pla-entra-en-el-consell-nacional-del-bloc\\\/#breadcrumb\"},\"inLanguage\":\"es\",\"potentialAction\":[{\"@type\":\"ReadAction\",\"target\":[\"https:\\\/\\\/www.copealcoy.es\\\/es\\\/jordi-pla-entra-en-el-consell-nacional-del-bloc\\\/\"]}]},{\"@type\":\"ImageObject\",\"inLanguage\":\"es\",\"@id\":\"https:\\\/\\\/www.copealcoy.es\\\/es\\\/jordi-pla-entra-en-el-consell-nacional-del-bloc\\\/#primaryimage\",\"url\":\"https:\\\/\\\/www.copealcoy.es\\\/wp-content\\\/uploads\\\/2016\\\/05\\\/13275136_10207908255478969_309663226_o.jpg\",\"contentUrl\":\"https:\\\/\\\/www.copealcoy.es\\\/wp-content\\\/uploads\\\/2016\\\/05\\\/13275136_10207908255478969_309663226_o.jpg\",\"width\":1280,\"height\":720},{\"@type\":\"BreadcrumbList\",\"@id\":\"https:\\\/\\\/www.copealcoy.es\\\/es\\\/jordi-pla-entra-en-el-consell-nacional-del-bloc\\\/#breadcrumb\",\"itemListElement\":[{\"@type\":\"ListItem\",\"position\":1,\"name\":\"Portada\",\"item\":\"https:\\\/\\\/www.copealcoy.es\\\/es\\\/\"},{\"@type\":\"ListItem\",\"position\":2,\"name\":\"Jordi Pla entra en el Consell Nacional del Bloc\"}]},{\"@type\":\"WebSite\",\"@id\":\"https:\\\/\\\/www.copealcoy.es\\\/es\\\/#website\",\"url\":\"https:\\\/\\\/www.copealcoy.es\\\/es\\\/\",\"name\":\"COPE Alcoy\",\"description\":\"Emisora COPE de radio local con emisi\u00f3n online. Pont de Sant Jordi 8-10 03803 Alcoy\",\"potentialAction\":[{\"@type\":\"SearchAction\",\"target\":{\"@type\":\"EntryPoint\",\"urlTemplate\":\"https:\\\/\\\/www.copealcoy.es\\\/es\\\/?s={search_term_string}\"},\"query-input\":{\"@type\":\"PropertyValueSpecification\",\"valueRequired\":true,\"valueName\":\"search_term_string\"}}],\"inLanguage\":\"es\"},{\"@type\":\"Person\",\"@id\":\"https:\\\/\\\/www.copealcoy.es\\\/es\\\/#\\\/schema\\\/person\\\/e777c87fa024e57d40170af9df39882c\",\"name\":\"Cope Alcoy\",\"image\":{\"@type\":\"ImageObject\",\"inLanguage\":\"es\",\"@id\":\"https:\\\/\\\/secure.gravatar.com\\\/avatar\\\/bb65d0283347e303893ba14f0692005417c1e0e690a325a4c5d8bb2b3943ee14?s=96&d=mm&r=g\",\"url\":\"https:\\\/\\\/secure.gravatar.com\\\/avatar\\\/bb65d0283347e303893ba14f0692005417c1e0e690a325a4c5d8bb2b3943ee14?s=96&d=mm&r=g\",\"contentUrl\":\"https:\\\/\\\/secure.gravatar.com\\\/avatar\\\/bb65d0283347e303893ba14f0692005417c1e0e690a325a4c5d8bb2b3943ee14?s=96&d=mm&r=g\",\"caption\":\"Cope Alcoy\"}}]}<\/script>\n<!-- \/ Yoast SEO plugin. -->","yoast_head_json":{"title":"Jordi Pla entra en el Consell Nacional del Bloc - COPE Alcoy","robots":{"index":"index","follow":"follow","max-snippet":"max-snippet:-1","max-image-preview":"max-image-preview:large","max-video-preview":"max-video-preview:-1"},"canonical":"https:\/\/www.copealcoy.es\/es\/jordi-pla-entra-en-el-consell-nacional-del-bloc\/","og_locale":"es_ES","og_type":"article","og_title":"Jordi Pla entra en el Consell Nacional del Bloc - COPE Alcoy","og_description":"Jordi Pla \u00a0ya forma parte del Consell Nacional del Bloc Nacionalista Valenci\u00e0, partido mayoritario de la coalici\u00f3n Comprom\u00eds. De esta...","og_url":"https:\/\/www.copealcoy.es\/es\/jordi-pla-entra-en-el-consell-nacional-del-bloc\/","og_site_name":"COPE Alcoy","article_published_time":"2016-05-23T19:07:24+00:00","article_modified_time":"2016-05-23T20:44:16+00:00","og_image":[{"width":1280,"height":720,"url":"https:\/\/www.copealcoy.es\/wp-content\/uploads\/2016\/05\/13275136_10207908255478969_309663226_o.jpg","type":"image\/jpeg"}],"author":"Cope Alcoy","twitter_misc":{"Escrito por":"Cope Alcoy","Tiempo de lectura":"1 minuto"},"schema":{"@context":"https:\/\/schema.org","@graph":[{"@type":"Article","@id":"https:\/\/www.copealcoy.es\/es\/jordi-pla-entra-en-el-consell-nacional-del-bloc\/#article","isPartOf":{"@id":"https:\/\/www.copealcoy.es\/es\/jordi-pla-entra-en-el-consell-nacional-del-bloc\/"},"author":{"name":"Cope Alcoy","@id":"https:\/\/www.copealcoy.es\/es\/#\/schema\/person\/e777c87fa024e57d40170af9df39882c"},"headline":"Jordi Pla entra en el Consell Nacional del Bloc","datePublished":"2016-05-23T19:07:24+00:00","dateModified":"2016-05-23T20:44:16+00:00","mainEntityOfPage":{"@id":"https:\/\/www.copealcoy.es\/es\/jordi-pla-entra-en-el-consell-nacional-del-bloc\/"},"wordCount":145,"commentCount":0,"image":{"@id":"https:\/\/www.copealcoy.es\/es\/jordi-pla-entra-en-el-consell-nacional-del-bloc\/#primaryimage"},"thumbnailUrl":"https:\/\/www.copealcoy.es\/wp-content\/uploads\/2016\/05\/13275136_10207908255478969_309663226_o.jpg","keywords":["Comprom\u00eds","Congr\u00e9s","Jordi Pla"],"articleSection":["Comarcas","Noticias","Sin categorizar"],"inLanguage":"es"},{"@type":"WebPage","@id":"https:\/\/www.copealcoy.es\/es\/jordi-pla-entra-en-el-consell-nacional-del-bloc\/","url":"https:\/\/www.copealcoy.es\/es\/jordi-pla-entra-en-el-consell-nacional-del-bloc\/","name":"Jordi Pla entra en el Consell Nacional del Bloc - COPE Alcoy","isPartOf":{"@id":"https:\/\/www.copealcoy.es\/es\/#website"},"primaryImageOfPage":{"@id":"https:\/\/www.copealcoy.es\/es\/jordi-pla-entra-en-el-consell-nacional-del-bloc\/#primaryimage"},"image":{"@id":"https:\/\/www.copealcoy.es\/es\/jordi-pla-entra-en-el-consell-nacional-del-bloc\/#primaryimage"},"thumbnailUrl":"https:\/\/www.copealcoy.es\/wp-content\/uploads\/2016\/05\/13275136_10207908255478969_309663226_o.jpg","datePublished":"2016-05-23T19:07:24+00:00","dateModified":"2016-05-23T20:44:16+00:00","author":{"@id":"https:\/\/www.copealcoy.es\/es\/#\/schema\/person\/e777c87fa024e57d40170af9df39882c"},"breadcrumb":{"@id":"https:\/\/www.copealcoy.es\/es\/jordi-pla-entra-en-el-consell-nacional-del-bloc\/#breadcrumb"},"inLanguage":"es","potentialAction":[{"@type":"ReadAction","target":["https:\/\/www.copealcoy.es\/es\/jordi-pla-entra-en-el-consell-nacional-del-bloc\/"]}]},{"@type":"ImageObject","inLanguage":"es","@id":"https:\/\/www.copealcoy.es\/es\/jordi-pla-entra-en-el-consell-nacional-del-bloc\/#primaryimage","url":"https:\/\/www.copealcoy.es\/wp-content\/uploads\/2016\/05\/13275136_10207908255478969_309663226_o.jpg","contentUrl":"https:\/\/www.copealcoy.es\/wp-content\/uploads\/2016\/05\/13275136_10207908255478969_309663226_o.jpg","width":1280,"height":720},{"@type":"BreadcrumbList","@id":"https:\/\/www.copealcoy.es\/es\/jordi-pla-entra-en-el-consell-nacional-del-bloc\/#breadcrumb","itemListElement":[{"@type":"ListItem","position":1,"name":"Portada","item":"https:\/\/www.copealcoy.es\/es\/"},{"@type":"ListItem","position":2,"name":"Jordi Pla entra en el Consell Nacional del Bloc"}]},{"@type":"WebSite","@id":"https:\/\/www.copealcoy.es\/es\/#website","url":"https:\/\/www.copealcoy.es\/es\/","name":"COPE Alcoy","description":"Emisora COPE de radio local con emisi\u00f3n online. Pont de Sant Jordi 8-10 03803 Alcoy","potentialAction":[{"@type":"SearchAction","target":{"@type":"EntryPoint","urlTemplate":"https:\/\/www.copealcoy.es\/es\/?s={search_term_string}"},"query-input":{"@type":"PropertyValueSpecification","valueRequired":true,"valueName":"search_term_string"}}],"inLanguage":"es"},{"@type":"Person","@id":"https:\/\/www.copealcoy.es\/es\/#\/schema\/person\/e777c87fa024e57d40170af9df39882c","name":"Cope Alcoy","image":{"@type":"ImageObject","inLanguage":"es","@id":"https:\/\/secure.gravatar.com\/avatar\/bb65d0283347e303893ba14f0692005417c1e0e690a325a4c5d8bb2b3943ee14?s=96&d=mm&r=g","url":"https:\/\/secure.gravatar.com\/avatar\/bb65d0283347e303893ba14f0692005417c1e0e690a325a4c5d8bb2b3943ee14?s=96&d=mm&r=g","contentUrl":"https:\/\/secure.gravatar.com\/avatar\/bb65d0283347e303893ba14f0692005417c1e0e690a325a4c5d8bb2b3943ee14?s=96&d=mm&r=g","caption":"Cope Alcoy"}}]}},"_links":{"self":[{"href":"https:\/\/www.copealcoy.es\/es\/wp-json\/wp\/v2\/posts\/21878","targetHints":{"allow":["GET"]}}],"collection":[{"href":"https:\/\/www.copealcoy.es\/es\/wp-json\/wp\/v2\/posts"}],"about":[{"href":"https:\/\/www.copealcoy.es\/es\/wp-json\/wp\/v2\/types\/post"}],"author":[{"embeddable":true,"href":"https:\/\/www.copealcoy.es\/es\/wp-json\/wp\/v2\/users\/1"}],"replies":[{"embeddable":true,"href":"https:\/\/www.copealcoy.es\/es\/wp-json\/wp\/v2\/comments?post=21878"}],"version-history":[{"count":0,"href":"https:\/\/www.copealcoy.es\/es\/wp-json\/wp\/v2\/posts\/21878\/revisions"}],"wp:featuredmedia":[{"embeddable":true,"href":"https:\/\/www.copealcoy.es\/es\/wp-json\/wp\/v2\/media\/21883"}],"wp:attachment":[{"href":"https:\/\/www.copealcoy.es\/es\/wp-json\/wp\/v2\/media?parent=21878"}],"wp:term":[{"taxonomy":"category","embeddable":true,"href":"https:\/\/www.copealcoy.es\/es\/wp-json\/wp\/v2\/categories?post=21878"},{"taxonomy":"post_tag","embeddable":true,"href":"https:\/\/www.copealcoy.es\/es\/wp-json\/wp\/v2\/tags?post=21878"}],"curies":[{"name":"wp","href":"https:\/\/api.w.org\/{rel}","templated":true}]}}