{"id":21860,"date":"2016-05-23T06:00:46","date_gmt":"2016-05-23T06:00:46","guid":{"rendered":"http:\/\/copealcoi.es\/new\/?p=21860"},"modified":"2016-05-22T22:36:21","modified_gmt":"2016-05-22T22:36:21","slug":"cocentaina-impulsa-lineas-de-ayudas-para-emprendedores","status":"publish","type":"post","link":"https:\/\/www.copealcoy.es\/es\/cocentaina-impulsa-lineas-de-ayudas-para-emprendedores\/","title":{"rendered":"Cocentaina impulsa l\u00edneas de ayudas para emprendedores"},"content":{"rendered":"<p style=\"text-align: justify;\">El Ayuntamiento de Cocentaina impulsa el programa\u00a0C&#8217;Crea 2016 con el que pretende fomentar el emprendedurismo y ayudar econ\u00f3micamente a aquellas empresas que\u00a0hayan comenzado a operar este a\u00f1o\u00a0y que tengan su domicilio fiscal en la Villa Condal.<\/p>\n<p style=\"text-align: justify;\">La alcaldesa, Mireia Estepa, junto a la concejala de Promoci\u00f3n Econ\u00f3mica, Mariona Carbonell; presentaron el pasado viernes este proyecto cuyo plazo de presentaci\u00f3n de solicitudes culmina el 31 de diciembre de este 2016. Ambas indicaron que en los presupuestos de este a\u00f1o se han reservado 25.000 euros que entregar\u00e1n hasta que se agote la partida aunque matizaron que en el caso de que\u00a0esto se produzca y haya solicitudes pendientes se estudiar\u00e1 una modificaci\u00f3n de cr\u00e9dito para otorgar m\u00e1s ayudas.<\/p>\n<p style=\"text-align: justify;\">La iniciativa cuenta con dos l\u00edneas de subvenciones: la primera de ellas de dos mil euros para proyectos que hayan supuesto un gasto m\u00ednimo de 15.000 euros, y la segunda de 1.000 euros para proyectos que justifiquen gastos de 5.000 euros. Adem\u00e1s a estas se a\u00f1aden dos complementos. Uno de 500 euros dirigido a mujeres en paro i\/o v\u00edctimas del maltrato, parados menores de 32 a\u00f1os o mayores de 45 a\u00f1os, y parados con una discapacidad del 33%, que hayan impulsado una empresa. El segundo, con la misma cuant\u00eda, ir\u00e1 dirigido a las nuevas empresas con una actividad econ\u00f3mica relacionada con el municipio o a aquellas que se hayan instalado en el centro hist\u00f3rico de Cocentaina.<\/p>\n<p>&nbsp;<\/p>\n","protected":false},"excerpt":{"rendered":"<p>El Ayuntamiento de Cocentaina impulsa el programa\u00a0C&#8217;Crea 2016 con el que pretende fomentar el emprendedurismo y ayudar econ\u00f3micamente a aquellas&#8230;<\/p>\n","protected":false},"author":1,"featured_media":21861,"comment_status":"open","ping_status":"open","sticky":false,"template":"","format":"standard","meta":{"footnotes":""},"categories":[98,75],"tags":[2287,132,390,585,1799],"class_list":["post-21860","post","type-post","status-publish","format-standard","has-post-thumbnail","hentry","category-comarcas","category-noticias","tag-ccrea-2016","tag-cocentaina","tag-economia","tag-emprendedores","tag-mireia-estepa"],"yoast_head":"<!-- This site is optimized with the Yoast SEO plugin v27.3 - https:\/\/yoast.com\/product\/yoast-seo-wordpress\/ -->\n<title>Cocentaina impulsa l\u00edneas de ayudas para emprendedores - COPE Alcoy<\/title>\n<meta name=\"robots\" content=\"index, follow, max-snippet:-1, max-image-preview:large, max-video-preview:-1\" \/>\n<link rel=\"canonical\" href=\"https:\/\/www.copealcoy.es\/es\/cocentaina-impulsa-lineas-de-ayudas-para-emprendedores\/\" \/>\n<meta property=\"og:locale\" content=\"es_ES\" \/>\n<meta property=\"og:type\" content=\"article\" \/>\n<meta property=\"og:title\" content=\"Cocentaina impulsa l\u00edneas de ayudas para emprendedores - COPE Alcoy\" \/>\n<meta property=\"og:description\" content=\"El Ayuntamiento de Cocentaina impulsa el programa\u00a0C&#8217;Crea 2016 con el que pretende fomentar el emprendedurismo y ayudar econ\u00f3micamente a aquellas...\" \/>\n<meta property=\"og:url\" content=\"https:\/\/www.copealcoy.es\/es\/cocentaina-impulsa-lineas-de-ayudas-para-emprendedores\/\" \/>\n<meta property=\"og:site_name\" content=\"COPE Alcoy\" \/>\n<meta property=\"article:published_time\" content=\"2016-05-23T06:00:46+00:00\" \/>\n<meta property=\"og:image\" content=\"https:\/\/www.copealcoy.es\/wp-content\/uploads\/2016\/05\/13293271_10209390652343946_1268169964_n.jpg\" \/>\n\t<meta property=\"og:image:width\" content=\"960\" \/>\n\t<meta property=\"og:image:height\" content=\"719\" \/>\n\t<meta property=\"og:image:type\" content=\"image\/jpeg\" \/>\n<meta name=\"author\" content=\"Cope Alcoy\" \/>\n<meta name=\"twitter:label1\" content=\"Escrito por\" \/>\n\t<meta name=\"twitter:data1\" content=\"Cope Alcoy\" \/>\n\t<meta name=\"twitter:label2\" content=\"Tiempo de lectura\" \/>\n\t<meta name=\"twitter:data2\" content=\"1 minuto\" \/>\n<script type=\"application\/ld+json\" class=\"yoast-schema-graph\">{\"@context\":\"https:\\\/\\\/schema.org\",\"@graph\":[{\"@type\":\"Article\",\"@id\":\"https:\\\/\\\/www.copealcoy.es\\\/es\\\/cocentaina-impulsa-lineas-de-ayudas-para-emprendedores\\\/#article\",\"isPartOf\":{\"@id\":\"https:\\\/\\\/www.copealcoy.es\\\/es\\\/cocentaina-impulsa-lineas-de-ayudas-para-emprendedores\\\/\"},\"author\":{\"name\":\"Cope Alcoy\",\"@id\":\"https:\\\/\\\/www.copealcoy.es\\\/es\\\/#\\\/schema\\\/person\\\/e777c87fa024e57d40170af9df39882c\"},\"headline\":\"Cocentaina impulsa l\u00edneas de ayudas para emprendedores\",\"datePublished\":\"2016-05-23T06:00:46+00:00\",\"mainEntityOfPage\":{\"@id\":\"https:\\\/\\\/www.copealcoy.es\\\/es\\\/cocentaina-impulsa-lineas-de-ayudas-para-emprendedores\\\/\"},\"wordCount\":255,\"commentCount\":0,\"image\":{\"@id\":\"https:\\\/\\\/www.copealcoy.es\\\/es\\\/cocentaina-impulsa-lineas-de-ayudas-para-emprendedores\\\/#primaryimage\"},\"thumbnailUrl\":\"https:\\\/\\\/www.copealcoy.es\\\/wp-content\\\/uploads\\\/2016\\\/05\\\/13293271_10209390652343946_1268169964_n.jpg\",\"keywords\":[\"C'Crea 2016\",\"Cocentaina\",\"Econom\u00eda\",\"Emprendedores\",\"Mireia Estepa\"],\"articleSection\":[\"Comarcas\",\"Noticias\"],\"inLanguage\":\"es\"},{\"@type\":\"WebPage\",\"@id\":\"https:\\\/\\\/www.copealcoy.es\\\/es\\\/cocentaina-impulsa-lineas-de-ayudas-para-emprendedores\\\/\",\"url\":\"https:\\\/\\\/www.copealcoy.es\\\/es\\\/cocentaina-impulsa-lineas-de-ayudas-para-emprendedores\\\/\",\"name\":\"Cocentaina impulsa l\u00edneas de ayudas para emprendedores - COPE Alcoy\",\"isPartOf\":{\"@id\":\"https:\\\/\\\/www.copealcoy.es\\\/es\\\/#website\"},\"primaryImageOfPage\":{\"@id\":\"https:\\\/\\\/www.copealcoy.es\\\/es\\\/cocentaina-impulsa-lineas-de-ayudas-para-emprendedores\\\/#primaryimage\"},\"image\":{\"@id\":\"https:\\\/\\\/www.copealcoy.es\\\/es\\\/cocentaina-impulsa-lineas-de-ayudas-para-emprendedores\\\/#primaryimage\"},\"thumbnailUrl\":\"https:\\\/\\\/www.copealcoy.es\\\/wp-content\\\/uploads\\\/2016\\\/05\\\/13293271_10209390652343946_1268169964_n.jpg\",\"datePublished\":\"2016-05-23T06:00:46+00:00\",\"author\":{\"@id\":\"https:\\\/\\\/www.copealcoy.es\\\/es\\\/#\\\/schema\\\/person\\\/e777c87fa024e57d40170af9df39882c\"},\"breadcrumb\":{\"@id\":\"https:\\\/\\\/www.copealcoy.es\\\/es\\\/cocentaina-impulsa-lineas-de-ayudas-para-emprendedores\\\/#breadcrumb\"},\"inLanguage\":\"es\",\"potentialAction\":[{\"@type\":\"ReadAction\",\"target\":[\"https:\\\/\\\/www.copealcoy.es\\\/es\\\/cocentaina-impulsa-lineas-de-ayudas-para-emprendedores\\\/\"]}]},{\"@type\":\"ImageObject\",\"inLanguage\":\"es\",\"@id\":\"https:\\\/\\\/www.copealcoy.es\\\/es\\\/cocentaina-impulsa-lineas-de-ayudas-para-emprendedores\\\/#primaryimage\",\"url\":\"https:\\\/\\\/www.copealcoy.es\\\/wp-content\\\/uploads\\\/2016\\\/05\\\/13293271_10209390652343946_1268169964_n.jpg\",\"contentUrl\":\"https:\\\/\\\/www.copealcoy.es\\\/wp-content\\\/uploads\\\/2016\\\/05\\\/13293271_10209390652343946_1268169964_n.jpg\",\"width\":960,\"height\":719,\"caption\":\"Mireia Estepa y Mariona Carbonell en la presentaci\u00f3n del proyecto\"},{\"@type\":\"BreadcrumbList\",\"@id\":\"https:\\\/\\\/www.copealcoy.es\\\/es\\\/cocentaina-impulsa-lineas-de-ayudas-para-emprendedores\\\/#breadcrumb\",\"itemListElement\":[{\"@type\":\"ListItem\",\"position\":1,\"name\":\"Portada\",\"item\":\"https:\\\/\\\/www.copealcoy.es\\\/es\\\/\"},{\"@type\":\"ListItem\",\"position\":2,\"name\":\"Cocentaina impulsa l\u00edneas de ayudas para emprendedores\"}]},{\"@type\":\"WebSite\",\"@id\":\"https:\\\/\\\/www.copealcoy.es\\\/es\\\/#website\",\"url\":\"https:\\\/\\\/www.copealcoy.es\\\/es\\\/\",\"name\":\"COPE Alcoy\",\"description\":\"Emisora COPE de radio local con emisi\u00f3n online. Pont de Sant Jordi 8-10 03803 Alcoy\",\"potentialAction\":[{\"@type\":\"SearchAction\",\"target\":{\"@type\":\"EntryPoint\",\"urlTemplate\":\"https:\\\/\\\/www.copealcoy.es\\\/es\\\/?s={search_term_string}\"},\"query-input\":{\"@type\":\"PropertyValueSpecification\",\"valueRequired\":true,\"valueName\":\"search_term_string\"}}],\"inLanguage\":\"es\"},{\"@type\":\"Person\",\"@id\":\"https:\\\/\\\/www.copealcoy.es\\\/es\\\/#\\\/schema\\\/person\\\/e777c87fa024e57d40170af9df39882c\",\"name\":\"Cope Alcoy\",\"image\":{\"@type\":\"ImageObject\",\"inLanguage\":\"es\",\"@id\":\"https:\\\/\\\/secure.gravatar.com\\\/avatar\\\/bb65d0283347e303893ba14f0692005417c1e0e690a325a4c5d8bb2b3943ee14?s=96&d=mm&r=g\",\"url\":\"https:\\\/\\\/secure.gravatar.com\\\/avatar\\\/bb65d0283347e303893ba14f0692005417c1e0e690a325a4c5d8bb2b3943ee14?s=96&d=mm&r=g\",\"contentUrl\":\"https:\\\/\\\/secure.gravatar.com\\\/avatar\\\/bb65d0283347e303893ba14f0692005417c1e0e690a325a4c5d8bb2b3943ee14?s=96&d=mm&r=g\",\"caption\":\"Cope Alcoy\"}}]}<\/script>\n<!-- \/ Yoast SEO plugin. -->","yoast_head_json":{"title":"Cocentaina impulsa l\u00edneas de ayudas para emprendedores - COPE Alcoy","robots":{"index":"index","follow":"follow","max-snippet":"max-snippet:-1","max-image-preview":"max-image-preview:large","max-video-preview":"max-video-preview:-1"},"canonical":"https:\/\/www.copealcoy.es\/es\/cocentaina-impulsa-lineas-de-ayudas-para-emprendedores\/","og_locale":"es_ES","og_type":"article","og_title":"Cocentaina impulsa l\u00edneas de ayudas para emprendedores - COPE Alcoy","og_description":"El Ayuntamiento de Cocentaina impulsa el programa\u00a0C&#8217;Crea 2016 con el que pretende fomentar el emprendedurismo y ayudar econ\u00f3micamente a aquellas...","og_url":"https:\/\/www.copealcoy.es\/es\/cocentaina-impulsa-lineas-de-ayudas-para-emprendedores\/","og_site_name":"COPE Alcoy","article_published_time":"2016-05-23T06:00:46+00:00","og_image":[{"width":960,"height":719,"url":"https:\/\/www.copealcoy.es\/wp-content\/uploads\/2016\/05\/13293271_10209390652343946_1268169964_n.jpg","type":"image\/jpeg"}],"author":"Cope Alcoy","twitter_misc":{"Escrito por":"Cope Alcoy","Tiempo de lectura":"1 minuto"},"schema":{"@context":"https:\/\/schema.org","@graph":[{"@type":"Article","@id":"https:\/\/www.copealcoy.es\/es\/cocentaina-impulsa-lineas-de-ayudas-para-emprendedores\/#article","isPartOf":{"@id":"https:\/\/www.copealcoy.es\/es\/cocentaina-impulsa-lineas-de-ayudas-para-emprendedores\/"},"author":{"name":"Cope Alcoy","@id":"https:\/\/www.copealcoy.es\/es\/#\/schema\/person\/e777c87fa024e57d40170af9df39882c"},"headline":"Cocentaina impulsa l\u00edneas de ayudas para emprendedores","datePublished":"2016-05-23T06:00:46+00:00","mainEntityOfPage":{"@id":"https:\/\/www.copealcoy.es\/es\/cocentaina-impulsa-lineas-de-ayudas-para-emprendedores\/"},"wordCount":255,"commentCount":0,"image":{"@id":"https:\/\/www.copealcoy.es\/es\/cocentaina-impulsa-lineas-de-ayudas-para-emprendedores\/#primaryimage"},"thumbnailUrl":"https:\/\/www.copealcoy.es\/wp-content\/uploads\/2016\/05\/13293271_10209390652343946_1268169964_n.jpg","keywords":["C'Crea 2016","Cocentaina","Econom\u00eda","Emprendedores","Mireia Estepa"],"articleSection":["Comarcas","Noticias"],"inLanguage":"es"},{"@type":"WebPage","@id":"https:\/\/www.copealcoy.es\/es\/cocentaina-impulsa-lineas-de-ayudas-para-emprendedores\/","url":"https:\/\/www.copealcoy.es\/es\/cocentaina-impulsa-lineas-de-ayudas-para-emprendedores\/","name":"Cocentaina impulsa l\u00edneas de ayudas para emprendedores - COPE Alcoy","isPartOf":{"@id":"https:\/\/www.copealcoy.es\/es\/#website"},"primaryImageOfPage":{"@id":"https:\/\/www.copealcoy.es\/es\/cocentaina-impulsa-lineas-de-ayudas-para-emprendedores\/#primaryimage"},"image":{"@id":"https:\/\/www.copealcoy.es\/es\/cocentaina-impulsa-lineas-de-ayudas-para-emprendedores\/#primaryimage"},"thumbnailUrl":"https:\/\/www.copealcoy.es\/wp-content\/uploads\/2016\/05\/13293271_10209390652343946_1268169964_n.jpg","datePublished":"2016-05-23T06:00:46+00:00","author":{"@id":"https:\/\/www.copealcoy.es\/es\/#\/schema\/person\/e777c87fa024e57d40170af9df39882c"},"breadcrumb":{"@id":"https:\/\/www.copealcoy.es\/es\/cocentaina-impulsa-lineas-de-ayudas-para-emprendedores\/#breadcrumb"},"inLanguage":"es","potentialAction":[{"@type":"ReadAction","target":["https:\/\/www.copealcoy.es\/es\/cocentaina-impulsa-lineas-de-ayudas-para-emprendedores\/"]}]},{"@type":"ImageObject","inLanguage":"es","@id":"https:\/\/www.copealcoy.es\/es\/cocentaina-impulsa-lineas-de-ayudas-para-emprendedores\/#primaryimage","url":"https:\/\/www.copealcoy.es\/wp-content\/uploads\/2016\/05\/13293271_10209390652343946_1268169964_n.jpg","contentUrl":"https:\/\/www.copealcoy.es\/wp-content\/uploads\/2016\/05\/13293271_10209390652343946_1268169964_n.jpg","width":960,"height":719,"caption":"Mireia Estepa y Mariona Carbonell en la presentaci\u00f3n del proyecto"},{"@type":"BreadcrumbList","@id":"https:\/\/www.copealcoy.es\/es\/cocentaina-impulsa-lineas-de-ayudas-para-emprendedores\/#breadcrumb","itemListElement":[{"@type":"ListItem","position":1,"name":"Portada","item":"https:\/\/www.copealcoy.es\/es\/"},{"@type":"ListItem","position":2,"name":"Cocentaina impulsa l\u00edneas de ayudas para emprendedores"}]},{"@type":"WebSite","@id":"https:\/\/www.copealcoy.es\/es\/#website","url":"https:\/\/www.copealcoy.es\/es\/","name":"COPE Alcoy","description":"Emisora COPE de radio local con emisi\u00f3n online. Pont de Sant Jordi 8-10 03803 Alcoy","potentialAction":[{"@type":"SearchAction","target":{"@type":"EntryPoint","urlTemplate":"https:\/\/www.copealcoy.es\/es\/?s={search_term_string}"},"query-input":{"@type":"PropertyValueSpecification","valueRequired":true,"valueName":"search_term_string"}}],"inLanguage":"es"},{"@type":"Person","@id":"https:\/\/www.copealcoy.es\/es\/#\/schema\/person\/e777c87fa024e57d40170af9df39882c","name":"Cope Alcoy","image":{"@type":"ImageObject","inLanguage":"es","@id":"https:\/\/secure.gravatar.com\/avatar\/bb65d0283347e303893ba14f0692005417c1e0e690a325a4c5d8bb2b3943ee14?s=96&d=mm&r=g","url":"https:\/\/secure.gravatar.com\/avatar\/bb65d0283347e303893ba14f0692005417c1e0e690a325a4c5d8bb2b3943ee14?s=96&d=mm&r=g","contentUrl":"https:\/\/secure.gravatar.com\/avatar\/bb65d0283347e303893ba14f0692005417c1e0e690a325a4c5d8bb2b3943ee14?s=96&d=mm&r=g","caption":"Cope Alcoy"}}]}},"_links":{"self":[{"href":"https:\/\/www.copealcoy.es\/es\/wp-json\/wp\/v2\/posts\/21860","targetHints":{"allow":["GET"]}}],"collection":[{"href":"https:\/\/www.copealcoy.es\/es\/wp-json\/wp\/v2\/posts"}],"about":[{"href":"https:\/\/www.copealcoy.es\/es\/wp-json\/wp\/v2\/types\/post"}],"author":[{"embeddable":true,"href":"https:\/\/www.copealcoy.es\/es\/wp-json\/wp\/v2\/users\/1"}],"replies":[{"embeddable":true,"href":"https:\/\/www.copealcoy.es\/es\/wp-json\/wp\/v2\/comments?post=21860"}],"version-history":[{"count":0,"href":"https:\/\/www.copealcoy.es\/es\/wp-json\/wp\/v2\/posts\/21860\/revisions"}],"wp:featuredmedia":[{"embeddable":true,"href":"https:\/\/www.copealcoy.es\/es\/wp-json\/wp\/v2\/media\/21861"}],"wp:attachment":[{"href":"https:\/\/www.copealcoy.es\/es\/wp-json\/wp\/v2\/media?parent=21860"}],"wp:term":[{"taxonomy":"category","embeddable":true,"href":"https:\/\/www.copealcoy.es\/es\/wp-json\/wp\/v2\/categories?post=21860"},{"taxonomy":"post_tag","embeddable":true,"href":"https:\/\/www.copealcoy.es\/es\/wp-json\/wp\/v2\/tags?post=21860"}],"curies":[{"name":"wp","href":"https:\/\/api.w.org\/{rel}","templated":true}]}}