{"id":21835,"date":"2016-05-21T08:26:55","date_gmt":"2016-05-21T08:26:55","guid":{"rendered":"http:\/\/copealcoi.es\/new\/?p=21835"},"modified":"2016-05-21T08:26:55","modified_gmt":"2016-05-21T08:26:55","slug":"vikingos-aterriza-marq-alicante","status":"publish","type":"post","link":"https:\/\/www.copealcoy.es\/es\/vikingos-aterriza-marq-alicante\/","title":{"rendered":"&#8216;Vikingos&#8217; aterriza en el MARQ de Alicante"},"content":{"rendered":"<p style=\"text-align: justify;\">El Museo Arqueol\u00f3gico de Alicante (MARQ) acoge desde esta misma semana la exposici\u00f3n &#8216;Vikingos, guerreros del norte, gigantes del mar&#8217; que se podr\u00e1 visitar hasta el 16 de enero. La muestra\u00a0recoge un total de 663 piezas procedentes del Museo Nacional de Dinamarca que se ubican en diferentes salas por tem\u00e1ticas. El\u00a0recorrido comienza en una sala\u00a0dedicada al\u00a0mar,\u00a0con los\u00a0barcos como principales protagonistas, y la\u00a0segunda sala versa sobre\u00a0la cultura y la sociedad vikinga. Por \u00faltimo la\u00a0\u00a0tercera estancia est\u00e1 dedicada a\u00a0exaltar su gran devoci\u00f3n religiosa, con referencias a los dioses, los mitos escandinavos y el inicio de su cristianizaci\u00f3n.<\/p>\n<p style=\"text-align: justify;\">El presidente de la Diputaci\u00f3n de Alicante, C\u00e9sar S\u00e1nchez, inauguraba el jueves esta interesante propuesta cultural y destacaba que\u00a0el ente\u00a0va a poner en marcha un\u00a0Plan Provincial de Accesibilidad de Edificios P\u00fablicos y Privados, \u201ccon el objetivo de convertir la provincia en un territorio cien por cien accesible\u201d. En este sentido a\u00f1ad\u00eda que &#8220;este prop\u00f3sito queda patente tambi\u00e9n a trav\u00e9s de esta muestra que presenta medidas de accesibilidad como paneles de lectura f\u00e1cil, textos en braille, reproducciones de piezas en tres dimensiones o puntos de int\u00e9rprete. Se trata de trabajar para que todos los ciudadanos puedan acceder de forma f\u00e1cil y sencilla a la cultura en general y a los contenidos de esta colecci\u00f3n en particular\u201d.<\/p>\n<p style=\"text-align: justify;\">La apertura de la exposici\u00f3n cont\u00f3 con la presencia del embajador de Dinamarca en Espa\u00f1a,\u00a0John Nielsen, el diputado de Cultura,\u00a0C\u00e9sar Augusto Asencio, el director general del Museo Nacional de Dinamarca,\u00a0Per Kristian Madsen, la comisaria de la muestra,\u00a0Anne-Christine Larsen, as\u00ed como el director-t\u00e9cnico y el director-gerente del centro alicantino,\u00a0Manuel Olcina\u00a0y\u00a0Josep Albert Cort\u00e9s, respectivamente, entre otras autoridades. De igual forma se dieron cita\u00a0las fundaciones ASISA y Caja Murcia, que han colaborado en impulsar esta muestra.<\/p>\n","protected":false},"excerpt":{"rendered":"<p>El Museo Arqueol\u00f3gico de Alicante (MARQ) acoge desde esta misma semana la exposici\u00f3n &#8216;Vikingos, guerreros del norte, gigantes del mar&#8217;&#8230;<\/p>\n","protected":false},"author":1,"featured_media":21836,"comment_status":"open","ping_status":"open","sticky":false,"template":"","format":"standard","meta":{"footnotes":""},"categories":[98,75],"tags":[269,1759,2285,1579,1031,2284],"class_list":["post-21835","post","type-post","status-publish","format-standard","has-post-thumbnail","hentry","category-comarcas","category-noticias","tag-alicante","tag-cesar-sanchez","tag-dinamarca","tag-exposicion","tag-marq","tag-vikingos"],"yoast_head":"<!-- This site is optimized with the Yoast SEO plugin v27.3 - https:\/\/yoast.com\/product\/yoast-seo-wordpress\/ -->\n<title>&#039;Vikingos&#039; aterriza en el MARQ de Alicante - COPE Alcoy<\/title>\n<meta name=\"robots\" content=\"index, follow, max-snippet:-1, max-image-preview:large, max-video-preview:-1\" \/>\n<link rel=\"canonical\" href=\"https:\/\/www.copealcoy.es\/es\/vikingos-aterriza-marq-alicante\/\" \/>\n<meta property=\"og:locale\" content=\"es_ES\" \/>\n<meta property=\"og:type\" content=\"article\" \/>\n<meta property=\"og:title\" content=\"&#039;Vikingos&#039; aterriza en el MARQ de Alicante - COPE Alcoy\" \/>\n<meta property=\"og:description\" content=\"El Museo Arqueol\u00f3gico de Alicante (MARQ) acoge desde esta misma semana la exposici\u00f3n &#8216;Vikingos, guerreros del norte, gigantes del mar&#8217;...\" \/>\n<meta property=\"og:url\" content=\"https:\/\/www.copealcoy.es\/es\/vikingos-aterriza-marq-alicante\/\" \/>\n<meta property=\"og:site_name\" content=\"COPE Alcoy\" \/>\n<meta property=\"article:published_time\" content=\"2016-05-21T08:26:55+00:00\" \/>\n<meta property=\"og:image\" content=\"https:\/\/www.copealcoy.es\/wp-content\/uploads\/2016\/05\/051916-Exposicion-Vikingos-web.jpg\" \/>\n\t<meta property=\"og:image:width\" content=\"510\" \/>\n\t<meta property=\"og:image:height\" content=\"340\" \/>\n\t<meta property=\"og:image:type\" content=\"image\/jpeg\" \/>\n<meta name=\"author\" content=\"Cope Alcoy\" \/>\n<meta name=\"twitter:label1\" content=\"Escrito por\" \/>\n\t<meta name=\"twitter:data1\" content=\"Cope Alcoy\" \/>\n\t<meta name=\"twitter:label2\" content=\"Tiempo de lectura\" \/>\n\t<meta name=\"twitter:data2\" content=\"2 minutos\" \/>\n<script type=\"application\/ld+json\" class=\"yoast-schema-graph\">{\"@context\":\"https:\\\/\\\/schema.org\",\"@graph\":[{\"@type\":\"Article\",\"@id\":\"https:\\\/\\\/www.copealcoy.es\\\/es\\\/vikingos-aterriza-marq-alicante\\\/#article\",\"isPartOf\":{\"@id\":\"https:\\\/\\\/www.copealcoy.es\\\/es\\\/vikingos-aterriza-marq-alicante\\\/\"},\"author\":{\"name\":\"Cope Alcoy\",\"@id\":\"https:\\\/\\\/www.copealcoy.es\\\/es\\\/#\\\/schema\\\/person\\\/e777c87fa024e57d40170af9df39882c\"},\"headline\":\"&#8216;Vikingos&#8217; aterriza en el MARQ de Alicante\",\"datePublished\":\"2016-05-21T08:26:55+00:00\",\"mainEntityOfPage\":{\"@id\":\"https:\\\/\\\/www.copealcoy.es\\\/es\\\/vikingos-aterriza-marq-alicante\\\/\"},\"wordCount\":332,\"commentCount\":0,\"image\":{\"@id\":\"https:\\\/\\\/www.copealcoy.es\\\/es\\\/vikingos-aterriza-marq-alicante\\\/#primaryimage\"},\"thumbnailUrl\":\"https:\\\/\\\/www.copealcoy.es\\\/wp-content\\\/uploads\\\/2016\\\/05\\\/051916-Exposicion-Vikingos-web.jpg\",\"keywords\":[\"Alicante\",\"C\u00e9sar S\u00e1nchez\",\"Dinamarca\",\"Exposici\u00f3n\",\"MARQ\",\"Vikingos\"],\"articleSection\":[\"Comarcas\",\"Noticias\"],\"inLanguage\":\"es\"},{\"@type\":\"WebPage\",\"@id\":\"https:\\\/\\\/www.copealcoy.es\\\/es\\\/vikingos-aterriza-marq-alicante\\\/\",\"url\":\"https:\\\/\\\/www.copealcoy.es\\\/es\\\/vikingos-aterriza-marq-alicante\\\/\",\"name\":\"'Vikingos' aterriza en el MARQ de Alicante - COPE Alcoy\",\"isPartOf\":{\"@id\":\"https:\\\/\\\/www.copealcoy.es\\\/es\\\/#website\"},\"primaryImageOfPage\":{\"@id\":\"https:\\\/\\\/www.copealcoy.es\\\/es\\\/vikingos-aterriza-marq-alicante\\\/#primaryimage\"},\"image\":{\"@id\":\"https:\\\/\\\/www.copealcoy.es\\\/es\\\/vikingos-aterriza-marq-alicante\\\/#primaryimage\"},\"thumbnailUrl\":\"https:\\\/\\\/www.copealcoy.es\\\/wp-content\\\/uploads\\\/2016\\\/05\\\/051916-Exposicion-Vikingos-web.jpg\",\"datePublished\":\"2016-05-21T08:26:55+00:00\",\"author\":{\"@id\":\"https:\\\/\\\/www.copealcoy.es\\\/es\\\/#\\\/schema\\\/person\\\/e777c87fa024e57d40170af9df39882c\"},\"breadcrumb\":{\"@id\":\"https:\\\/\\\/www.copealcoy.es\\\/es\\\/vikingos-aterriza-marq-alicante\\\/#breadcrumb\"},\"inLanguage\":\"es\",\"potentialAction\":[{\"@type\":\"ReadAction\",\"target\":[\"https:\\\/\\\/www.copealcoy.es\\\/es\\\/vikingos-aterriza-marq-alicante\\\/\"]}]},{\"@type\":\"ImageObject\",\"inLanguage\":\"es\",\"@id\":\"https:\\\/\\\/www.copealcoy.es\\\/es\\\/vikingos-aterriza-marq-alicante\\\/#primaryimage\",\"url\":\"https:\\\/\\\/www.copealcoy.es\\\/wp-content\\\/uploads\\\/2016\\\/05\\\/051916-Exposicion-Vikingos-web.jpg\",\"contentUrl\":\"https:\\\/\\\/www.copealcoy.es\\\/wp-content\\\/uploads\\\/2016\\\/05\\\/051916-Exposicion-Vikingos-web.jpg\",\"width\":510,\"height\":340},{\"@type\":\"BreadcrumbList\",\"@id\":\"https:\\\/\\\/www.copealcoy.es\\\/es\\\/vikingos-aterriza-marq-alicante\\\/#breadcrumb\",\"itemListElement\":[{\"@type\":\"ListItem\",\"position\":1,\"name\":\"Portada\",\"item\":\"https:\\\/\\\/www.copealcoy.es\\\/es\\\/\"},{\"@type\":\"ListItem\",\"position\":2,\"name\":\"&#8216;Vikingos&#8217; aterriza en el MARQ de Alicante\"}]},{\"@type\":\"WebSite\",\"@id\":\"https:\\\/\\\/www.copealcoy.es\\\/es\\\/#website\",\"url\":\"https:\\\/\\\/www.copealcoy.es\\\/es\\\/\",\"name\":\"COPE Alcoy\",\"description\":\"Emisora COPE de radio local con emisi\u00f3n online. Pont de Sant Jordi 8-10 03803 Alcoy\",\"potentialAction\":[{\"@type\":\"SearchAction\",\"target\":{\"@type\":\"EntryPoint\",\"urlTemplate\":\"https:\\\/\\\/www.copealcoy.es\\\/es\\\/?s={search_term_string}\"},\"query-input\":{\"@type\":\"PropertyValueSpecification\",\"valueRequired\":true,\"valueName\":\"search_term_string\"}}],\"inLanguage\":\"es\"},{\"@type\":\"Person\",\"@id\":\"https:\\\/\\\/www.copealcoy.es\\\/es\\\/#\\\/schema\\\/person\\\/e777c87fa024e57d40170af9df39882c\",\"name\":\"Cope Alcoy\",\"image\":{\"@type\":\"ImageObject\",\"inLanguage\":\"es\",\"@id\":\"https:\\\/\\\/secure.gravatar.com\\\/avatar\\\/bb65d0283347e303893ba14f0692005417c1e0e690a325a4c5d8bb2b3943ee14?s=96&d=mm&r=g\",\"url\":\"https:\\\/\\\/secure.gravatar.com\\\/avatar\\\/bb65d0283347e303893ba14f0692005417c1e0e690a325a4c5d8bb2b3943ee14?s=96&d=mm&r=g\",\"contentUrl\":\"https:\\\/\\\/secure.gravatar.com\\\/avatar\\\/bb65d0283347e303893ba14f0692005417c1e0e690a325a4c5d8bb2b3943ee14?s=96&d=mm&r=g\",\"caption\":\"Cope Alcoy\"}}]}<\/script>\n<!-- \/ Yoast SEO plugin. -->","yoast_head_json":{"title":"'Vikingos' aterriza en el MARQ de Alicante - COPE Alcoy","robots":{"index":"index","follow":"follow","max-snippet":"max-snippet:-1","max-image-preview":"max-image-preview:large","max-video-preview":"max-video-preview:-1"},"canonical":"https:\/\/www.copealcoy.es\/es\/vikingos-aterriza-marq-alicante\/","og_locale":"es_ES","og_type":"article","og_title":"'Vikingos' aterriza en el MARQ de Alicante - COPE Alcoy","og_description":"El Museo Arqueol\u00f3gico de Alicante (MARQ) acoge desde esta misma semana la exposici\u00f3n &#8216;Vikingos, guerreros del norte, gigantes del mar&#8217;...","og_url":"https:\/\/www.copealcoy.es\/es\/vikingos-aterriza-marq-alicante\/","og_site_name":"COPE Alcoy","article_published_time":"2016-05-21T08:26:55+00:00","og_image":[{"width":510,"height":340,"url":"https:\/\/www.copealcoy.es\/wp-content\/uploads\/2016\/05\/051916-Exposicion-Vikingos-web.jpg","type":"image\/jpeg"}],"author":"Cope Alcoy","twitter_misc":{"Escrito por":"Cope Alcoy","Tiempo de lectura":"2 minutos"},"schema":{"@context":"https:\/\/schema.org","@graph":[{"@type":"Article","@id":"https:\/\/www.copealcoy.es\/es\/vikingos-aterriza-marq-alicante\/#article","isPartOf":{"@id":"https:\/\/www.copealcoy.es\/es\/vikingos-aterriza-marq-alicante\/"},"author":{"name":"Cope Alcoy","@id":"https:\/\/www.copealcoy.es\/es\/#\/schema\/person\/e777c87fa024e57d40170af9df39882c"},"headline":"&#8216;Vikingos&#8217; aterriza en el MARQ de Alicante","datePublished":"2016-05-21T08:26:55+00:00","mainEntityOfPage":{"@id":"https:\/\/www.copealcoy.es\/es\/vikingos-aterriza-marq-alicante\/"},"wordCount":332,"commentCount":0,"image":{"@id":"https:\/\/www.copealcoy.es\/es\/vikingos-aterriza-marq-alicante\/#primaryimage"},"thumbnailUrl":"https:\/\/www.copealcoy.es\/wp-content\/uploads\/2016\/05\/051916-Exposicion-Vikingos-web.jpg","keywords":["Alicante","C\u00e9sar S\u00e1nchez","Dinamarca","Exposici\u00f3n","MARQ","Vikingos"],"articleSection":["Comarcas","Noticias"],"inLanguage":"es"},{"@type":"WebPage","@id":"https:\/\/www.copealcoy.es\/es\/vikingos-aterriza-marq-alicante\/","url":"https:\/\/www.copealcoy.es\/es\/vikingos-aterriza-marq-alicante\/","name":"'Vikingos' aterriza en el MARQ de Alicante - COPE Alcoy","isPartOf":{"@id":"https:\/\/www.copealcoy.es\/es\/#website"},"primaryImageOfPage":{"@id":"https:\/\/www.copealcoy.es\/es\/vikingos-aterriza-marq-alicante\/#primaryimage"},"image":{"@id":"https:\/\/www.copealcoy.es\/es\/vikingos-aterriza-marq-alicante\/#primaryimage"},"thumbnailUrl":"https:\/\/www.copealcoy.es\/wp-content\/uploads\/2016\/05\/051916-Exposicion-Vikingos-web.jpg","datePublished":"2016-05-21T08:26:55+00:00","author":{"@id":"https:\/\/www.copealcoy.es\/es\/#\/schema\/person\/e777c87fa024e57d40170af9df39882c"},"breadcrumb":{"@id":"https:\/\/www.copealcoy.es\/es\/vikingos-aterriza-marq-alicante\/#breadcrumb"},"inLanguage":"es","potentialAction":[{"@type":"ReadAction","target":["https:\/\/www.copealcoy.es\/es\/vikingos-aterriza-marq-alicante\/"]}]},{"@type":"ImageObject","inLanguage":"es","@id":"https:\/\/www.copealcoy.es\/es\/vikingos-aterriza-marq-alicante\/#primaryimage","url":"https:\/\/www.copealcoy.es\/wp-content\/uploads\/2016\/05\/051916-Exposicion-Vikingos-web.jpg","contentUrl":"https:\/\/www.copealcoy.es\/wp-content\/uploads\/2016\/05\/051916-Exposicion-Vikingos-web.jpg","width":510,"height":340},{"@type":"BreadcrumbList","@id":"https:\/\/www.copealcoy.es\/es\/vikingos-aterriza-marq-alicante\/#breadcrumb","itemListElement":[{"@type":"ListItem","position":1,"name":"Portada","item":"https:\/\/www.copealcoy.es\/es\/"},{"@type":"ListItem","position":2,"name":"&#8216;Vikingos&#8217; aterriza en el MARQ de Alicante"}]},{"@type":"WebSite","@id":"https:\/\/www.copealcoy.es\/es\/#website","url":"https:\/\/www.copealcoy.es\/es\/","name":"COPE Alcoy","description":"Emisora COPE de radio local con emisi\u00f3n online. Pont de Sant Jordi 8-10 03803 Alcoy","potentialAction":[{"@type":"SearchAction","target":{"@type":"EntryPoint","urlTemplate":"https:\/\/www.copealcoy.es\/es\/?s={search_term_string}"},"query-input":{"@type":"PropertyValueSpecification","valueRequired":true,"valueName":"search_term_string"}}],"inLanguage":"es"},{"@type":"Person","@id":"https:\/\/www.copealcoy.es\/es\/#\/schema\/person\/e777c87fa024e57d40170af9df39882c","name":"Cope Alcoy","image":{"@type":"ImageObject","inLanguage":"es","@id":"https:\/\/secure.gravatar.com\/avatar\/bb65d0283347e303893ba14f0692005417c1e0e690a325a4c5d8bb2b3943ee14?s=96&d=mm&r=g","url":"https:\/\/secure.gravatar.com\/avatar\/bb65d0283347e303893ba14f0692005417c1e0e690a325a4c5d8bb2b3943ee14?s=96&d=mm&r=g","contentUrl":"https:\/\/secure.gravatar.com\/avatar\/bb65d0283347e303893ba14f0692005417c1e0e690a325a4c5d8bb2b3943ee14?s=96&d=mm&r=g","caption":"Cope Alcoy"}}]}},"_links":{"self":[{"href":"https:\/\/www.copealcoy.es\/es\/wp-json\/wp\/v2\/posts\/21835","targetHints":{"allow":["GET"]}}],"collection":[{"href":"https:\/\/www.copealcoy.es\/es\/wp-json\/wp\/v2\/posts"}],"about":[{"href":"https:\/\/www.copealcoy.es\/es\/wp-json\/wp\/v2\/types\/post"}],"author":[{"embeddable":true,"href":"https:\/\/www.copealcoy.es\/es\/wp-json\/wp\/v2\/users\/1"}],"replies":[{"embeddable":true,"href":"https:\/\/www.copealcoy.es\/es\/wp-json\/wp\/v2\/comments?post=21835"}],"version-history":[{"count":0,"href":"https:\/\/www.copealcoy.es\/es\/wp-json\/wp\/v2\/posts\/21835\/revisions"}],"wp:featuredmedia":[{"embeddable":true,"href":"https:\/\/www.copealcoy.es\/es\/wp-json\/wp\/v2\/media\/21836"}],"wp:attachment":[{"href":"https:\/\/www.copealcoy.es\/es\/wp-json\/wp\/v2\/media?parent=21835"}],"wp:term":[{"taxonomy":"category","embeddable":true,"href":"https:\/\/www.copealcoy.es\/es\/wp-json\/wp\/v2\/categories?post=21835"},{"taxonomy":"post_tag","embeddable":true,"href":"https:\/\/www.copealcoy.es\/es\/wp-json\/wp\/v2\/tags?post=21835"}],"curies":[{"name":"wp","href":"https:\/\/api.w.org\/{rel}","templated":true}]}}