{"id":21773,"date":"2016-05-18T19:37:06","date_gmt":"2016-05-18T19:37:06","guid":{"rendered":"http:\/\/copealcoi.es\/new\/?p=21773"},"modified":"2016-05-18T19:37:06","modified_gmt":"2016-05-18T19:37:06","slug":"cocentaina-estudia-una-posible-ampliacion-del-cementerio-municipal","status":"publish","type":"post","link":"https:\/\/www.copealcoy.es\/es\/cocentaina-estudia-una-posible-ampliacion-del-cementerio-municipal\/","title":{"rendered":"Cocentaina estudia una posible ampliaci\u00f3n del Cementerio Municipal"},"content":{"rendered":"<p style=\"text-align: justify;\">El Director General de la Conselleria de Medio Ambiente, Pep Nebot, \u00a0visit\u00f3 el pasado viernes Cocentaina para conocer de cerca el trazado de una v\u00eda pecuaria que discurre junto al Cementerio Municipal y que supondr\u00eda un inconveniente ante una posible ampliaci\u00f3n del camposanto.<\/p>\n<p style=\"text-align: justify;\">El edil del \u00e1rea que gestiona el Cementerio en la Villa Condal, Antonio Hern\u00e1ndez, explica que el Ayuntamiento ya empez\u00f3 a trabajar en la pasada legislatura en un proyecto para ampliarlo\u00a0que se espera poder completar durante los pr\u00f3ximos tres a\u00f1os &#8220;el Director General de Medio Ambiente\u00a0se mostr\u00f3 partidario de desviar esta v\u00eda pecuaria para\u00a0modificar el recorrido e impedir que la misma\u00a0pase justo por dentro del recinto y lo termine dividiendo&#8221;, indica el concejal.<\/p>\n<p style=\"text-align: justify;\">Por \u00faltimo Antonio Hern\u00e1ndez recuerda que por el momento no se precisa de esa ampliaci\u00f3n &#8220;pero estamos tomando todas las medidas necesarias para que cuando haga falta no haya ning\u00fan impedimento ya que contamos con terrenos propios para poder ejecutarla&#8221;, concluye.<\/p>\n<p>&nbsp;<\/p>\n","protected":false},"excerpt":{"rendered":"<p>El Director General de la Conselleria de Medio Ambiente, Pep Nebot, \u00a0visit\u00f3 el pasado viernes Cocentaina para conocer de cerca&#8230;<\/p>\n","protected":false},"author":1,"featured_media":10288,"comment_status":"open","ping_status":"open","sticky":false,"template":"","format":"standard","meta":{"footnotes":""},"categories":[98,75],"tags":[1338,668,132,2278],"class_list":["post-21773","post","type-post","status-publish","format-standard","has-post-thumbnail","hentry","category-comarcas","category-noticias","tag-ampliacion","tag-cementerio","tag-cocentaina","tag-toni-hernandez"],"yoast_head":"<!-- This site is optimized with the Yoast SEO plugin v27.3 - https:\/\/yoast.com\/product\/yoast-seo-wordpress\/ -->\n<title>Cocentaina estudia una posible ampliaci\u00f3n del Cementerio Municipal - COPE Alcoy<\/title>\n<meta name=\"robots\" content=\"index, follow, max-snippet:-1, max-image-preview:large, max-video-preview:-1\" \/>\n<link rel=\"canonical\" href=\"https:\/\/www.copealcoy.es\/es\/cocentaina-estudia-una-posible-ampliacion-del-cementerio-municipal\/\" \/>\n<meta property=\"og:locale\" content=\"es_ES\" \/>\n<meta property=\"og:type\" content=\"article\" \/>\n<meta property=\"og:title\" content=\"Cocentaina estudia una posible ampliaci\u00f3n del Cementerio Municipal - COPE Alcoy\" \/>\n<meta property=\"og:description\" content=\"El Director General de la Conselleria de Medio Ambiente, Pep Nebot, \u00a0visit\u00f3 el pasado viernes Cocentaina para conocer de cerca...\" \/>\n<meta property=\"og:url\" content=\"https:\/\/www.copealcoy.es\/es\/cocentaina-estudia-una-posible-ampliacion-del-cementerio-municipal\/\" \/>\n<meta property=\"og:site_name\" content=\"COPE Alcoy\" \/>\n<meta property=\"article:published_time\" content=\"2016-05-18T19:37:06+00:00\" \/>\n<meta property=\"og:image\" content=\"https:\/\/www.copealcoy.es\/wp-content\/uploads\/2015\/02\/image.jpg\" \/>\n\t<meta property=\"og:image:width\" content=\"2048\" \/>\n\t<meta property=\"og:image:height\" content=\"1357\" \/>\n\t<meta property=\"og:image:type\" content=\"image\/jpeg\" \/>\n<meta name=\"author\" content=\"Cope Alcoy\" \/>\n<meta name=\"twitter:label1\" content=\"Escrito por\" \/>\n\t<meta name=\"twitter:data1\" content=\"Cope Alcoy\" \/>\n\t<meta name=\"twitter:label2\" content=\"Tiempo de lectura\" \/>\n\t<meta name=\"twitter:data2\" content=\"1 minuto\" \/>\n<script type=\"application\/ld+json\" class=\"yoast-schema-graph\">{\"@context\":\"https:\\\/\\\/schema.org\",\"@graph\":[{\"@type\":\"Article\",\"@id\":\"https:\\\/\\\/www.copealcoy.es\\\/es\\\/cocentaina-estudia-una-posible-ampliacion-del-cementerio-municipal\\\/#article\",\"isPartOf\":{\"@id\":\"https:\\\/\\\/www.copealcoy.es\\\/es\\\/cocentaina-estudia-una-posible-ampliacion-del-cementerio-municipal\\\/\"},\"author\":{\"name\":\"Cope Alcoy\",\"@id\":\"https:\\\/\\\/www.copealcoy.es\\\/es\\\/#\\\/schema\\\/person\\\/e777c87fa024e57d40170af9df39882c\"},\"headline\":\"Cocentaina estudia una posible ampliaci\u00f3n del Cementerio Municipal\",\"datePublished\":\"2016-05-18T19:37:06+00:00\",\"mainEntityOfPage\":{\"@id\":\"https:\\\/\\\/www.copealcoy.es\\\/es\\\/cocentaina-estudia-una-posible-ampliacion-del-cementerio-municipal\\\/\"},\"wordCount\":181,\"commentCount\":0,\"image\":{\"@id\":\"https:\\\/\\\/www.copealcoy.es\\\/es\\\/cocentaina-estudia-una-posible-ampliacion-del-cementerio-municipal\\\/#primaryimage\"},\"thumbnailUrl\":\"https:\\\/\\\/www.copealcoy.es\\\/wp-content\\\/uploads\\\/2015\\\/02\\\/image.jpg\",\"keywords\":[\"ampliaci\u00f3n\",\"Cementerio\",\"Cocentaina\",\"Toni Hern\u00e1ndez\"],\"articleSection\":[\"Comarcas\",\"Noticias\"],\"inLanguage\":\"es\"},{\"@type\":\"WebPage\",\"@id\":\"https:\\\/\\\/www.copealcoy.es\\\/es\\\/cocentaina-estudia-una-posible-ampliacion-del-cementerio-municipal\\\/\",\"url\":\"https:\\\/\\\/www.copealcoy.es\\\/es\\\/cocentaina-estudia-una-posible-ampliacion-del-cementerio-municipal\\\/\",\"name\":\"Cocentaina estudia una posible ampliaci\u00f3n del Cementerio Municipal - COPE Alcoy\",\"isPartOf\":{\"@id\":\"https:\\\/\\\/www.copealcoy.es\\\/es\\\/#website\"},\"primaryImageOfPage\":{\"@id\":\"https:\\\/\\\/www.copealcoy.es\\\/es\\\/cocentaina-estudia-una-posible-ampliacion-del-cementerio-municipal\\\/#primaryimage\"},\"image\":{\"@id\":\"https:\\\/\\\/www.copealcoy.es\\\/es\\\/cocentaina-estudia-una-posible-ampliacion-del-cementerio-municipal\\\/#primaryimage\"},\"thumbnailUrl\":\"https:\\\/\\\/www.copealcoy.es\\\/wp-content\\\/uploads\\\/2015\\\/02\\\/image.jpg\",\"datePublished\":\"2016-05-18T19:37:06+00:00\",\"author\":{\"@id\":\"https:\\\/\\\/www.copealcoy.es\\\/es\\\/#\\\/schema\\\/person\\\/e777c87fa024e57d40170af9df39882c\"},\"breadcrumb\":{\"@id\":\"https:\\\/\\\/www.copealcoy.es\\\/es\\\/cocentaina-estudia-una-posible-ampliacion-del-cementerio-municipal\\\/#breadcrumb\"},\"inLanguage\":\"es\",\"potentialAction\":[{\"@type\":\"ReadAction\",\"target\":[\"https:\\\/\\\/www.copealcoy.es\\\/es\\\/cocentaina-estudia-una-posible-ampliacion-del-cementerio-municipal\\\/\"]}]},{\"@type\":\"ImageObject\",\"inLanguage\":\"es\",\"@id\":\"https:\\\/\\\/www.copealcoy.es\\\/es\\\/cocentaina-estudia-una-posible-ampliacion-del-cementerio-municipal\\\/#primaryimage\",\"url\":\"https:\\\/\\\/www.copealcoy.es\\\/wp-content\\\/uploads\\\/2015\\\/02\\\/image.jpg\",\"contentUrl\":\"https:\\\/\\\/www.copealcoy.es\\\/wp-content\\\/uploads\\\/2015\\\/02\\\/image.jpg\",\"width\":1630,\"height\":1080,\"caption\":\"Aspecto de la fachada exterior del Cementerio de Cocentaina\"},{\"@type\":\"BreadcrumbList\",\"@id\":\"https:\\\/\\\/www.copealcoy.es\\\/es\\\/cocentaina-estudia-una-posible-ampliacion-del-cementerio-municipal\\\/#breadcrumb\",\"itemListElement\":[{\"@type\":\"ListItem\",\"position\":1,\"name\":\"Portada\",\"item\":\"https:\\\/\\\/www.copealcoy.es\\\/es\\\/\"},{\"@type\":\"ListItem\",\"position\":2,\"name\":\"Cocentaina estudia una posible ampliaci\u00f3n del Cementerio Municipal\"}]},{\"@type\":\"WebSite\",\"@id\":\"https:\\\/\\\/www.copealcoy.es\\\/es\\\/#website\",\"url\":\"https:\\\/\\\/www.copealcoy.es\\\/es\\\/\",\"name\":\"COPE Alcoy\",\"description\":\"Emisora COPE de radio local con emisi\u00f3n online. Pont de Sant Jordi 8-10 03803 Alcoy\",\"potentialAction\":[{\"@type\":\"SearchAction\",\"target\":{\"@type\":\"EntryPoint\",\"urlTemplate\":\"https:\\\/\\\/www.copealcoy.es\\\/es\\\/?s={search_term_string}\"},\"query-input\":{\"@type\":\"PropertyValueSpecification\",\"valueRequired\":true,\"valueName\":\"search_term_string\"}}],\"inLanguage\":\"es\"},{\"@type\":\"Person\",\"@id\":\"https:\\\/\\\/www.copealcoy.es\\\/es\\\/#\\\/schema\\\/person\\\/e777c87fa024e57d40170af9df39882c\",\"name\":\"Cope Alcoy\",\"image\":{\"@type\":\"ImageObject\",\"inLanguage\":\"es\",\"@id\":\"https:\\\/\\\/secure.gravatar.com\\\/avatar\\\/bb65d0283347e303893ba14f0692005417c1e0e690a325a4c5d8bb2b3943ee14?s=96&d=mm&r=g\",\"url\":\"https:\\\/\\\/secure.gravatar.com\\\/avatar\\\/bb65d0283347e303893ba14f0692005417c1e0e690a325a4c5d8bb2b3943ee14?s=96&d=mm&r=g\",\"contentUrl\":\"https:\\\/\\\/secure.gravatar.com\\\/avatar\\\/bb65d0283347e303893ba14f0692005417c1e0e690a325a4c5d8bb2b3943ee14?s=96&d=mm&r=g\",\"caption\":\"Cope Alcoy\"}}]}<\/script>\n<!-- \/ Yoast SEO plugin. -->","yoast_head_json":{"title":"Cocentaina estudia una posible ampliaci\u00f3n del Cementerio Municipal - COPE Alcoy","robots":{"index":"index","follow":"follow","max-snippet":"max-snippet:-1","max-image-preview":"max-image-preview:large","max-video-preview":"max-video-preview:-1"},"canonical":"https:\/\/www.copealcoy.es\/es\/cocentaina-estudia-una-posible-ampliacion-del-cementerio-municipal\/","og_locale":"es_ES","og_type":"article","og_title":"Cocentaina estudia una posible ampliaci\u00f3n del Cementerio Municipal - COPE Alcoy","og_description":"El Director General de la Conselleria de Medio Ambiente, Pep Nebot, \u00a0visit\u00f3 el pasado viernes Cocentaina para conocer de cerca...","og_url":"https:\/\/www.copealcoy.es\/es\/cocentaina-estudia-una-posible-ampliacion-del-cementerio-municipal\/","og_site_name":"COPE Alcoy","article_published_time":"2016-05-18T19:37:06+00:00","og_image":[{"width":2048,"height":1357,"url":"https:\/\/www.copealcoy.es\/wp-content\/uploads\/2015\/02\/image.jpg","type":"image\/jpeg"}],"author":"Cope Alcoy","twitter_misc":{"Escrito por":"Cope Alcoy","Tiempo de lectura":"1 minuto"},"schema":{"@context":"https:\/\/schema.org","@graph":[{"@type":"Article","@id":"https:\/\/www.copealcoy.es\/es\/cocentaina-estudia-una-posible-ampliacion-del-cementerio-municipal\/#article","isPartOf":{"@id":"https:\/\/www.copealcoy.es\/es\/cocentaina-estudia-una-posible-ampliacion-del-cementerio-municipal\/"},"author":{"name":"Cope Alcoy","@id":"https:\/\/www.copealcoy.es\/es\/#\/schema\/person\/e777c87fa024e57d40170af9df39882c"},"headline":"Cocentaina estudia una posible ampliaci\u00f3n del Cementerio Municipal","datePublished":"2016-05-18T19:37:06+00:00","mainEntityOfPage":{"@id":"https:\/\/www.copealcoy.es\/es\/cocentaina-estudia-una-posible-ampliacion-del-cementerio-municipal\/"},"wordCount":181,"commentCount":0,"image":{"@id":"https:\/\/www.copealcoy.es\/es\/cocentaina-estudia-una-posible-ampliacion-del-cementerio-municipal\/#primaryimage"},"thumbnailUrl":"https:\/\/www.copealcoy.es\/wp-content\/uploads\/2015\/02\/image.jpg","keywords":["ampliaci\u00f3n","Cementerio","Cocentaina","Toni Hern\u00e1ndez"],"articleSection":["Comarcas","Noticias"],"inLanguage":"es"},{"@type":"WebPage","@id":"https:\/\/www.copealcoy.es\/es\/cocentaina-estudia-una-posible-ampliacion-del-cementerio-municipal\/","url":"https:\/\/www.copealcoy.es\/es\/cocentaina-estudia-una-posible-ampliacion-del-cementerio-municipal\/","name":"Cocentaina estudia una posible ampliaci\u00f3n del Cementerio Municipal - COPE Alcoy","isPartOf":{"@id":"https:\/\/www.copealcoy.es\/es\/#website"},"primaryImageOfPage":{"@id":"https:\/\/www.copealcoy.es\/es\/cocentaina-estudia-una-posible-ampliacion-del-cementerio-municipal\/#primaryimage"},"image":{"@id":"https:\/\/www.copealcoy.es\/es\/cocentaina-estudia-una-posible-ampliacion-del-cementerio-municipal\/#primaryimage"},"thumbnailUrl":"https:\/\/www.copealcoy.es\/wp-content\/uploads\/2015\/02\/image.jpg","datePublished":"2016-05-18T19:37:06+00:00","author":{"@id":"https:\/\/www.copealcoy.es\/es\/#\/schema\/person\/e777c87fa024e57d40170af9df39882c"},"breadcrumb":{"@id":"https:\/\/www.copealcoy.es\/es\/cocentaina-estudia-una-posible-ampliacion-del-cementerio-municipal\/#breadcrumb"},"inLanguage":"es","potentialAction":[{"@type":"ReadAction","target":["https:\/\/www.copealcoy.es\/es\/cocentaina-estudia-una-posible-ampliacion-del-cementerio-municipal\/"]}]},{"@type":"ImageObject","inLanguage":"es","@id":"https:\/\/www.copealcoy.es\/es\/cocentaina-estudia-una-posible-ampliacion-del-cementerio-municipal\/#primaryimage","url":"https:\/\/www.copealcoy.es\/wp-content\/uploads\/2015\/02\/image.jpg","contentUrl":"https:\/\/www.copealcoy.es\/wp-content\/uploads\/2015\/02\/image.jpg","width":1630,"height":1080,"caption":"Aspecto de la fachada exterior del Cementerio de Cocentaina"},{"@type":"BreadcrumbList","@id":"https:\/\/www.copealcoy.es\/es\/cocentaina-estudia-una-posible-ampliacion-del-cementerio-municipal\/#breadcrumb","itemListElement":[{"@type":"ListItem","position":1,"name":"Portada","item":"https:\/\/www.copealcoy.es\/es\/"},{"@type":"ListItem","position":2,"name":"Cocentaina estudia una posible ampliaci\u00f3n del Cementerio Municipal"}]},{"@type":"WebSite","@id":"https:\/\/www.copealcoy.es\/es\/#website","url":"https:\/\/www.copealcoy.es\/es\/","name":"COPE Alcoy","description":"Emisora COPE de radio local con emisi\u00f3n online. Pont de Sant Jordi 8-10 03803 Alcoy","potentialAction":[{"@type":"SearchAction","target":{"@type":"EntryPoint","urlTemplate":"https:\/\/www.copealcoy.es\/es\/?s={search_term_string}"},"query-input":{"@type":"PropertyValueSpecification","valueRequired":true,"valueName":"search_term_string"}}],"inLanguage":"es"},{"@type":"Person","@id":"https:\/\/www.copealcoy.es\/es\/#\/schema\/person\/e777c87fa024e57d40170af9df39882c","name":"Cope Alcoy","image":{"@type":"ImageObject","inLanguage":"es","@id":"https:\/\/secure.gravatar.com\/avatar\/bb65d0283347e303893ba14f0692005417c1e0e690a325a4c5d8bb2b3943ee14?s=96&d=mm&r=g","url":"https:\/\/secure.gravatar.com\/avatar\/bb65d0283347e303893ba14f0692005417c1e0e690a325a4c5d8bb2b3943ee14?s=96&d=mm&r=g","contentUrl":"https:\/\/secure.gravatar.com\/avatar\/bb65d0283347e303893ba14f0692005417c1e0e690a325a4c5d8bb2b3943ee14?s=96&d=mm&r=g","caption":"Cope Alcoy"}}]}},"_links":{"self":[{"href":"https:\/\/www.copealcoy.es\/es\/wp-json\/wp\/v2\/posts\/21773","targetHints":{"allow":["GET"]}}],"collection":[{"href":"https:\/\/www.copealcoy.es\/es\/wp-json\/wp\/v2\/posts"}],"about":[{"href":"https:\/\/www.copealcoy.es\/es\/wp-json\/wp\/v2\/types\/post"}],"author":[{"embeddable":true,"href":"https:\/\/www.copealcoy.es\/es\/wp-json\/wp\/v2\/users\/1"}],"replies":[{"embeddable":true,"href":"https:\/\/www.copealcoy.es\/es\/wp-json\/wp\/v2\/comments?post=21773"}],"version-history":[{"count":0,"href":"https:\/\/www.copealcoy.es\/es\/wp-json\/wp\/v2\/posts\/21773\/revisions"}],"wp:featuredmedia":[{"embeddable":true,"href":"https:\/\/www.copealcoy.es\/es\/wp-json\/wp\/v2\/media\/10288"}],"wp:attachment":[{"href":"https:\/\/www.copealcoy.es\/es\/wp-json\/wp\/v2\/media?parent=21773"}],"wp:term":[{"taxonomy":"category","embeddable":true,"href":"https:\/\/www.copealcoy.es\/es\/wp-json\/wp\/v2\/categories?post=21773"},{"taxonomy":"post_tag","embeddable":true,"href":"https:\/\/www.copealcoy.es\/es\/wp-json\/wp\/v2\/tags?post=21773"}],"curies":[{"name":"wp","href":"https:\/\/api.w.org\/{rel}","templated":true}]}}