{"id":21713,"date":"2016-05-18T12:00:24","date_gmt":"2016-05-18T12:00:24","guid":{"rendered":"http:\/\/copealcoi.es\/new\/?p=21713"},"modified":"2016-05-18T19:39:57","modified_gmt":"2016-05-18T19:39:57","slug":"guanyar-cree-traslado-los-juzgados-una-burla-los-alcoyanos","status":"publish","type":"post","link":"https:\/\/www.copealcoy.es\/es\/guanyar-cree-traslado-los-juzgados-una-burla-los-alcoyanos\/","title":{"rendered":"Guanyar cree que el traslado de los juzgados es una burla a los alcoyanos"},"content":{"rendered":"<p style=\"text-align: justify;\">Guanyar Alcoi no apoya las condiciones\u00a0en las que se est\u00e1 llevando a cabo el proceso para\u00a0el traslado de los juzgados. Desde la plataforman reiteran que no est\u00e1n en contra del traslado a Virgen Maria por este acuerdo con la Generalitat, sino porque el cambio de ubicaci\u00f3n ya les parec\u00eda\u00a0un desprop\u00f3sito desde que se anunci\u00f3 en su d\u00eda por parte del anterior gobierno del Partido Popular.<\/p>\n<p style=\"text-align: justify;\">Este partido\u00a0se muestra cr\u00edtico con que no haya una contraprestaci\u00f3n por parte del Gobierno Auton\u00f3mico por el uso del edificio de la Placeta de la Mare de D\u00e9u.\u00a0Estefania Blanes recalca que \u201ccuando vino la consellera Gabriela Bravo a anunciar el primer acuerdo ya habl\u00f3 de la gran generosidad mostrada por el alcalde de Alcoi. Ahora se consuma esta \u2018generosidad\u2019, con un acuerdo que, de momento y hasta donde sabemos, no costar\u00e1 ni un euro a la Generalitat, mientras que los alcoyanos vemos como nos han desaparecido millones de euros y nadie nos asegura aunque cobraremos nada&#8221;.<\/p>\n<p style=\"text-align: justify;\">Blanes va m\u00e1s all\u00e1 y apunta a ediles del gobierno municipal: \u201cEncontramos que es atrevido por parte de \u00a0Lorena Zamorano decir que son unas obras de poca cuant\u00eda&#8221;, afirma la portavoz en relaci\u00f3n al anuncio del ejecutivo municipal\u00a0de asumir las obras de adecuaci\u00f3n del edificio de Virgen Maria.<\/p>\n<p style=\"text-align: justify;\">La portavoz tambi\u00e9n se\u00f1ala a su parecer la incoherencia del alcalde Toni Franc\u00e9s al afirmar que &#8220;en noviembre de 2010 dec\u00eda a un Pleno que la inversi\u00f3n en el juzgado era ilegal; en julio de 2011, ya en el gobierno, pag\u00f3 las \u00faltimas certificaciones de la obra, sin cuestionarse nada sobre su posible ilegalidad; dos a\u00f1os m\u00e1s tarde, en marzo de 2013, el alcalde propone que el edificio sea destinado a alojar a la Polic\u00eda Local; en diciembre de 2014 pasa a desestimar un acuerdo con el consejero del PP por 30.000 euros al a\u00f1o al encontrar casi ofensiva esta oferta&#8221;. Todo ello para que ahora apruebe &#8220;convenio que no es un acuerdo definitivo&#8221;.<\/p>\n<p style=\"text-align: justify;\">\n<p>&nbsp;<\/p>\n","protected":false},"excerpt":{"rendered":"<p>Guanyar Alcoi no apoya las condiciones\u00a0en las que se est\u00e1 llevando a cabo el proceso para\u00a0el traslado de los juzgados&#8230;.<\/p>\n","protected":false},"author":1,"featured_media":11326,"comment_status":"open","ping_status":"open","sticky":false,"template":"","format":"standard","meta":{"footnotes":""},"categories":[97,75,79],"tags":[1494,561,245,185],"class_list":["post-21713","post","type-post","status-publish","format-standard","has-post-thumbnail","hentry","category-alcoy","category-noticias","category-politicayeconomia","tag-alcoy","tag-conselleria","tag-juzgados","tag-traslado"],"yoast_head":"<!-- This site is optimized with the Yoast SEO plugin v27.3 - https:\/\/yoast.com\/product\/yoast-seo-wordpress\/ -->\n<title>Guanyar cree que el traslado de los juzgados es una burla a los alcoyanos - COPE Alcoy<\/title>\n<meta name=\"robots\" content=\"index, follow, max-snippet:-1, max-image-preview:large, max-video-preview:-1\" \/>\n<link rel=\"canonical\" href=\"https:\/\/www.copealcoy.es\/es\/guanyar-cree-traslado-los-juzgados-una-burla-los-alcoyanos\/\" \/>\n<meta property=\"og:locale\" content=\"es_ES\" \/>\n<meta property=\"og:type\" content=\"article\" \/>\n<meta property=\"og:title\" content=\"Guanyar cree que el traslado de los juzgados es una burla a los alcoyanos - COPE Alcoy\" \/>\n<meta property=\"og:description\" content=\"Guanyar Alcoi no apoya las condiciones\u00a0en las que se est\u00e1 llevando a cabo el proceso para\u00a0el traslado de los juzgados....\" \/>\n<meta property=\"og:url\" content=\"https:\/\/www.copealcoy.es\/es\/guanyar-cree-traslado-los-juzgados-una-burla-los-alcoyanos\/\" \/>\n<meta property=\"og:site_name\" content=\"COPE Alcoy\" \/>\n<meta property=\"article:published_time\" content=\"2016-05-18T12:00:24+00:00\" \/>\n<meta property=\"article:modified_time\" content=\"2016-05-18T19:39:57+00:00\" \/>\n<meta property=\"og:image\" content=\"https:\/\/www.copealcoy.es\/wp-content\/uploads\/2015\/03\/image40-e1463214043484.jpg\" \/>\n\t<meta property=\"og:image:width\" content=\"887\" \/>\n\t<meta property=\"og:image:height\" content=\"530\" \/>\n\t<meta property=\"og:image:type\" content=\"image\/jpeg\" \/>\n<meta name=\"author\" content=\"Cope Alcoy\" \/>\n<meta name=\"twitter:label1\" content=\"Escrito por\" \/>\n\t<meta name=\"twitter:data1\" content=\"Cope Alcoy\" \/>\n\t<meta name=\"twitter:label2\" content=\"Tiempo de lectura\" \/>\n\t<meta name=\"twitter:data2\" content=\"2 minutos\" \/>\n<script type=\"application\/ld+json\" class=\"yoast-schema-graph\">{\"@context\":\"https:\\\/\\\/schema.org\",\"@graph\":[{\"@type\":\"Article\",\"@id\":\"https:\\\/\\\/www.copealcoy.es\\\/es\\\/guanyar-cree-traslado-los-juzgados-una-burla-los-alcoyanos\\\/#article\",\"isPartOf\":{\"@id\":\"https:\\\/\\\/www.copealcoy.es\\\/es\\\/guanyar-cree-traslado-los-juzgados-una-burla-los-alcoyanos\\\/\"},\"author\":{\"name\":\"Cope Alcoy\",\"@id\":\"https:\\\/\\\/www.copealcoy.es\\\/es\\\/#\\\/schema\\\/person\\\/e777c87fa024e57d40170af9df39882c\"},\"headline\":\"Guanyar cree que el traslado de los juzgados es una burla a los alcoyanos\",\"datePublished\":\"2016-05-18T12:00:24+00:00\",\"dateModified\":\"2016-05-18T19:39:57+00:00\",\"mainEntityOfPage\":{\"@id\":\"https:\\\/\\\/www.copealcoy.es\\\/es\\\/guanyar-cree-traslado-los-juzgados-una-burla-los-alcoyanos\\\/\"},\"wordCount\":361,\"commentCount\":0,\"image\":{\"@id\":\"https:\\\/\\\/www.copealcoy.es\\\/es\\\/guanyar-cree-traslado-los-juzgados-una-burla-los-alcoyanos\\\/#primaryimage\"},\"thumbnailUrl\":\"https:\\\/\\\/www.copealcoy.es\\\/wp-content\\\/uploads\\\/2015\\\/03\\\/image40-e1463214043484.jpg\",\"keywords\":[\"Alcoy\",\"Conseller\u00eda\",\"Juzgados\",\"Traslado\"],\"articleSection\":[\"Alcoy\",\"Noticias\",\"Pol\u00edtica y Econom\u00eda\"],\"inLanguage\":\"es\"},{\"@type\":\"WebPage\",\"@id\":\"https:\\\/\\\/www.copealcoy.es\\\/es\\\/guanyar-cree-traslado-los-juzgados-una-burla-los-alcoyanos\\\/\",\"url\":\"https:\\\/\\\/www.copealcoy.es\\\/es\\\/guanyar-cree-traslado-los-juzgados-una-burla-los-alcoyanos\\\/\",\"name\":\"Guanyar cree que el traslado de los juzgados es una burla a los alcoyanos - COPE Alcoy\",\"isPartOf\":{\"@id\":\"https:\\\/\\\/www.copealcoy.es\\\/es\\\/#website\"},\"primaryImageOfPage\":{\"@id\":\"https:\\\/\\\/www.copealcoy.es\\\/es\\\/guanyar-cree-traslado-los-juzgados-una-burla-los-alcoyanos\\\/#primaryimage\"},\"image\":{\"@id\":\"https:\\\/\\\/www.copealcoy.es\\\/es\\\/guanyar-cree-traslado-los-juzgados-una-burla-los-alcoyanos\\\/#primaryimage\"},\"thumbnailUrl\":\"https:\\\/\\\/www.copealcoy.es\\\/wp-content\\\/uploads\\\/2015\\\/03\\\/image40-e1463214043484.jpg\",\"datePublished\":\"2016-05-18T12:00:24+00:00\",\"dateModified\":\"2016-05-18T19:39:57+00:00\",\"author\":{\"@id\":\"https:\\\/\\\/www.copealcoy.es\\\/es\\\/#\\\/schema\\\/person\\\/e777c87fa024e57d40170af9df39882c\"},\"breadcrumb\":{\"@id\":\"https:\\\/\\\/www.copealcoy.es\\\/es\\\/guanyar-cree-traslado-los-juzgados-una-burla-los-alcoyanos\\\/#breadcrumb\"},\"inLanguage\":\"es\",\"potentialAction\":[{\"@type\":\"ReadAction\",\"target\":[\"https:\\\/\\\/www.copealcoy.es\\\/es\\\/guanyar-cree-traslado-los-juzgados-una-burla-los-alcoyanos\\\/\"]}]},{\"@type\":\"ImageObject\",\"inLanguage\":\"es\",\"@id\":\"https:\\\/\\\/www.copealcoy.es\\\/es\\\/guanyar-cree-traslado-los-juzgados-una-burla-los-alcoyanos\\\/#primaryimage\",\"url\":\"https:\\\/\\\/www.copealcoy.es\\\/wp-content\\\/uploads\\\/2015\\\/03\\\/image40-e1463214043484.jpg\",\"contentUrl\":\"https:\\\/\\\/www.copealcoy.es\\\/wp-content\\\/uploads\\\/2015\\\/03\\\/image40-e1463214043484.jpg\",\"width\":887,\"height\":530,\"caption\":\"Nuevo Palacio de Justicia de la Verge Mar\u00eda\"},{\"@type\":\"BreadcrumbList\",\"@id\":\"https:\\\/\\\/www.copealcoy.es\\\/es\\\/guanyar-cree-traslado-los-juzgados-una-burla-los-alcoyanos\\\/#breadcrumb\",\"itemListElement\":[{\"@type\":\"ListItem\",\"position\":1,\"name\":\"Portada\",\"item\":\"https:\\\/\\\/www.copealcoy.es\\\/es\\\/\"},{\"@type\":\"ListItem\",\"position\":2,\"name\":\"Guanyar cree que el traslado de los juzgados es una burla a los alcoyanos\"}]},{\"@type\":\"WebSite\",\"@id\":\"https:\\\/\\\/www.copealcoy.es\\\/es\\\/#website\",\"url\":\"https:\\\/\\\/www.copealcoy.es\\\/es\\\/\",\"name\":\"COPE Alcoy\",\"description\":\"Emisora COPE de radio local con emisi\u00f3n online. Pont de Sant Jordi 8-10 03803 Alcoy\",\"potentialAction\":[{\"@type\":\"SearchAction\",\"target\":{\"@type\":\"EntryPoint\",\"urlTemplate\":\"https:\\\/\\\/www.copealcoy.es\\\/es\\\/?s={search_term_string}\"},\"query-input\":{\"@type\":\"PropertyValueSpecification\",\"valueRequired\":true,\"valueName\":\"search_term_string\"}}],\"inLanguage\":\"es\"},{\"@type\":\"Person\",\"@id\":\"https:\\\/\\\/www.copealcoy.es\\\/es\\\/#\\\/schema\\\/person\\\/e777c87fa024e57d40170af9df39882c\",\"name\":\"Cope Alcoy\",\"image\":{\"@type\":\"ImageObject\",\"inLanguage\":\"es\",\"@id\":\"https:\\\/\\\/secure.gravatar.com\\\/avatar\\\/bb65d0283347e303893ba14f0692005417c1e0e690a325a4c5d8bb2b3943ee14?s=96&d=mm&r=g\",\"url\":\"https:\\\/\\\/secure.gravatar.com\\\/avatar\\\/bb65d0283347e303893ba14f0692005417c1e0e690a325a4c5d8bb2b3943ee14?s=96&d=mm&r=g\",\"contentUrl\":\"https:\\\/\\\/secure.gravatar.com\\\/avatar\\\/bb65d0283347e303893ba14f0692005417c1e0e690a325a4c5d8bb2b3943ee14?s=96&d=mm&r=g\",\"caption\":\"Cope Alcoy\"}}]}<\/script>\n<!-- \/ Yoast SEO plugin. -->","yoast_head_json":{"title":"Guanyar cree que el traslado de los juzgados es una burla a los alcoyanos - COPE Alcoy","robots":{"index":"index","follow":"follow","max-snippet":"max-snippet:-1","max-image-preview":"max-image-preview:large","max-video-preview":"max-video-preview:-1"},"canonical":"https:\/\/www.copealcoy.es\/es\/guanyar-cree-traslado-los-juzgados-una-burla-los-alcoyanos\/","og_locale":"es_ES","og_type":"article","og_title":"Guanyar cree que el traslado de los juzgados es una burla a los alcoyanos - COPE Alcoy","og_description":"Guanyar Alcoi no apoya las condiciones\u00a0en las que se est\u00e1 llevando a cabo el proceso para\u00a0el traslado de los juzgados....","og_url":"https:\/\/www.copealcoy.es\/es\/guanyar-cree-traslado-los-juzgados-una-burla-los-alcoyanos\/","og_site_name":"COPE Alcoy","article_published_time":"2016-05-18T12:00:24+00:00","article_modified_time":"2016-05-18T19:39:57+00:00","og_image":[{"width":887,"height":530,"url":"https:\/\/www.copealcoy.es\/wp-content\/uploads\/2015\/03\/image40-e1463214043484.jpg","type":"image\/jpeg"}],"author":"Cope Alcoy","twitter_misc":{"Escrito por":"Cope Alcoy","Tiempo de lectura":"2 minutos"},"schema":{"@context":"https:\/\/schema.org","@graph":[{"@type":"Article","@id":"https:\/\/www.copealcoy.es\/es\/guanyar-cree-traslado-los-juzgados-una-burla-los-alcoyanos\/#article","isPartOf":{"@id":"https:\/\/www.copealcoy.es\/es\/guanyar-cree-traslado-los-juzgados-una-burla-los-alcoyanos\/"},"author":{"name":"Cope Alcoy","@id":"https:\/\/www.copealcoy.es\/es\/#\/schema\/person\/e777c87fa024e57d40170af9df39882c"},"headline":"Guanyar cree que el traslado de los juzgados es una burla a los alcoyanos","datePublished":"2016-05-18T12:00:24+00:00","dateModified":"2016-05-18T19:39:57+00:00","mainEntityOfPage":{"@id":"https:\/\/www.copealcoy.es\/es\/guanyar-cree-traslado-los-juzgados-una-burla-los-alcoyanos\/"},"wordCount":361,"commentCount":0,"image":{"@id":"https:\/\/www.copealcoy.es\/es\/guanyar-cree-traslado-los-juzgados-una-burla-los-alcoyanos\/#primaryimage"},"thumbnailUrl":"https:\/\/www.copealcoy.es\/wp-content\/uploads\/2015\/03\/image40-e1463214043484.jpg","keywords":["Alcoy","Conseller\u00eda","Juzgados","Traslado"],"articleSection":["Alcoy","Noticias","Pol\u00edtica y Econom\u00eda"],"inLanguage":"es"},{"@type":"WebPage","@id":"https:\/\/www.copealcoy.es\/es\/guanyar-cree-traslado-los-juzgados-una-burla-los-alcoyanos\/","url":"https:\/\/www.copealcoy.es\/es\/guanyar-cree-traslado-los-juzgados-una-burla-los-alcoyanos\/","name":"Guanyar cree que el traslado de los juzgados es una burla a los alcoyanos - COPE Alcoy","isPartOf":{"@id":"https:\/\/www.copealcoy.es\/es\/#website"},"primaryImageOfPage":{"@id":"https:\/\/www.copealcoy.es\/es\/guanyar-cree-traslado-los-juzgados-una-burla-los-alcoyanos\/#primaryimage"},"image":{"@id":"https:\/\/www.copealcoy.es\/es\/guanyar-cree-traslado-los-juzgados-una-burla-los-alcoyanos\/#primaryimage"},"thumbnailUrl":"https:\/\/www.copealcoy.es\/wp-content\/uploads\/2015\/03\/image40-e1463214043484.jpg","datePublished":"2016-05-18T12:00:24+00:00","dateModified":"2016-05-18T19:39:57+00:00","author":{"@id":"https:\/\/www.copealcoy.es\/es\/#\/schema\/person\/e777c87fa024e57d40170af9df39882c"},"breadcrumb":{"@id":"https:\/\/www.copealcoy.es\/es\/guanyar-cree-traslado-los-juzgados-una-burla-los-alcoyanos\/#breadcrumb"},"inLanguage":"es","potentialAction":[{"@type":"ReadAction","target":["https:\/\/www.copealcoy.es\/es\/guanyar-cree-traslado-los-juzgados-una-burla-los-alcoyanos\/"]}]},{"@type":"ImageObject","inLanguage":"es","@id":"https:\/\/www.copealcoy.es\/es\/guanyar-cree-traslado-los-juzgados-una-burla-los-alcoyanos\/#primaryimage","url":"https:\/\/www.copealcoy.es\/wp-content\/uploads\/2015\/03\/image40-e1463214043484.jpg","contentUrl":"https:\/\/www.copealcoy.es\/wp-content\/uploads\/2015\/03\/image40-e1463214043484.jpg","width":887,"height":530,"caption":"Nuevo Palacio de Justicia de la Verge Mar\u00eda"},{"@type":"BreadcrumbList","@id":"https:\/\/www.copealcoy.es\/es\/guanyar-cree-traslado-los-juzgados-una-burla-los-alcoyanos\/#breadcrumb","itemListElement":[{"@type":"ListItem","position":1,"name":"Portada","item":"https:\/\/www.copealcoy.es\/es\/"},{"@type":"ListItem","position":2,"name":"Guanyar cree que el traslado de los juzgados es una burla a los alcoyanos"}]},{"@type":"WebSite","@id":"https:\/\/www.copealcoy.es\/es\/#website","url":"https:\/\/www.copealcoy.es\/es\/","name":"COPE Alcoy","description":"Emisora COPE de radio local con emisi\u00f3n online. Pont de Sant Jordi 8-10 03803 Alcoy","potentialAction":[{"@type":"SearchAction","target":{"@type":"EntryPoint","urlTemplate":"https:\/\/www.copealcoy.es\/es\/?s={search_term_string}"},"query-input":{"@type":"PropertyValueSpecification","valueRequired":true,"valueName":"search_term_string"}}],"inLanguage":"es"},{"@type":"Person","@id":"https:\/\/www.copealcoy.es\/es\/#\/schema\/person\/e777c87fa024e57d40170af9df39882c","name":"Cope Alcoy","image":{"@type":"ImageObject","inLanguage":"es","@id":"https:\/\/secure.gravatar.com\/avatar\/bb65d0283347e303893ba14f0692005417c1e0e690a325a4c5d8bb2b3943ee14?s=96&d=mm&r=g","url":"https:\/\/secure.gravatar.com\/avatar\/bb65d0283347e303893ba14f0692005417c1e0e690a325a4c5d8bb2b3943ee14?s=96&d=mm&r=g","contentUrl":"https:\/\/secure.gravatar.com\/avatar\/bb65d0283347e303893ba14f0692005417c1e0e690a325a4c5d8bb2b3943ee14?s=96&d=mm&r=g","caption":"Cope Alcoy"}}]}},"_links":{"self":[{"href":"https:\/\/www.copealcoy.es\/es\/wp-json\/wp\/v2\/posts\/21713","targetHints":{"allow":["GET"]}}],"collection":[{"href":"https:\/\/www.copealcoy.es\/es\/wp-json\/wp\/v2\/posts"}],"about":[{"href":"https:\/\/www.copealcoy.es\/es\/wp-json\/wp\/v2\/types\/post"}],"author":[{"embeddable":true,"href":"https:\/\/www.copealcoy.es\/es\/wp-json\/wp\/v2\/users\/1"}],"replies":[{"embeddable":true,"href":"https:\/\/www.copealcoy.es\/es\/wp-json\/wp\/v2\/comments?post=21713"}],"version-history":[{"count":0,"href":"https:\/\/www.copealcoy.es\/es\/wp-json\/wp\/v2\/posts\/21713\/revisions"}],"wp:featuredmedia":[{"embeddable":true,"href":"https:\/\/www.copealcoy.es\/es\/wp-json\/wp\/v2\/media\/11326"}],"wp:attachment":[{"href":"https:\/\/www.copealcoy.es\/es\/wp-json\/wp\/v2\/media?parent=21713"}],"wp:term":[{"taxonomy":"category","embeddable":true,"href":"https:\/\/www.copealcoy.es\/es\/wp-json\/wp\/v2\/categories?post=21713"},{"taxonomy":"post_tag","embeddable":true,"href":"https:\/\/www.copealcoy.es\/es\/wp-json\/wp\/v2\/tags?post=21713"}],"curies":[{"name":"wp","href":"https:\/\/api.w.org\/{rel}","templated":true}]}}