{"id":21696,"date":"2016-05-18T06:00:20","date_gmt":"2016-05-18T06:00:20","guid":{"rendered":"http:\/\/copealcoi.es\/new\/?p=21696"},"modified":"2016-05-18T11:35:24","modified_gmt":"2016-05-18T11:35:24","slug":"alcoy-solicita-ayudas-contra-la-pobreza-energetica-para-344-familias","status":"publish","type":"post","link":"https:\/\/www.copealcoy.es\/es\/alcoy-solicita-ayudas-contra-la-pobreza-energetica-para-344-familias\/","title":{"rendered":"Alcoy solicita ayudas contra la pobreza energ\u00e9tica para 344 familias"},"content":{"rendered":"<p style=\"text-align: justify;\">El Ayuntamiento de Alcoy ha solicitado a la Generalitat Valenciana la ayuda a 344 familias para que se acojan al<a href=\"http:\/\/www.habitatge.gva.es\/web\/vivienda-y-calidad-en-la-edificacion\/colaboracion-para-evitar-cortes-de-suministros-energeticos\">\u00a0pacto contra la pobreza energ\u00e9tica<\/a>, impulsado por el gobierno auton\u00f3mico. El consistorio intenta de esta forma\u00a0que ninguna familia se quede sin suministro y al mismo tiempo pueda\u00a0afrontar los costes de agua luz y gas.\u00a0Unas ayudas que supondr\u00eda un\u00a0un ingreso total de de 49.811,89 euros.<\/p>\n<p style=\"text-align: justify;\">Maria Baca, edil de vivienda, apunta que <em>&#8220;hay\u00a0que felicitar a los Servicios sociales y a todos los que han trabajado en este\u00a0tema durante meses por la implicaci\u00f3n&#8221;<\/em>. Baca a\u00f1ade que \u00a0<em>&#8220;se ha hecho mucho trabajo para dar\u00a0respuesta a las familias en situaci\u00f3n de vulnerabilidad en\u00a0un recurso tan b\u00e1sico como la energ\u00eda\u201d<\/em>.<\/p>\n<p style=\"text-align: justify;\">El importe total de estas ayudas es \u00a0de 49.811,89 euros.Los beneficiarios son las unidades familiares con ingresos inferiores a 11.000, o 14.500 euros anuales, si hay personas con dependencia. Por lo que respecta a la cantidad recibida, las m\u00e1ximas\u00a0ser\u00e1n de 300 euros por electricidad y gas. Por el agua ser\u00e1n 60 euros el m\u00e1ximo a percibir.<\/p>\n<p>&nbsp;<\/p>\n","protected":false},"excerpt":{"rendered":"<p>El Ayuntamiento de Alcoy ha solicitado a la Generalitat Valenciana la ayuda a 344 familias para que se acojan al\u00a0pacto&#8230;<\/p>\n","protected":false},"author":1,"featured_media":13024,"comment_status":"open","ping_status":"open","sticky":false,"template":"","format":"standard","meta":{"footnotes":""},"categories":[97,75,125],"tags":[1494,2058,382,1713,1033],"class_list":["post-21696","post","type-post","status-publish","format-standard","has-post-thumbnail","hentry","category-alcoy","category-noticias","category-portada","tag-alcoy","tag-ayuntamiento-de-alcoy","tag-energia","tag-pobreza-energetica","tag-subvencion"],"yoast_head":"<!-- This site is optimized with the Yoast SEO plugin v27.3 - https:\/\/yoast.com\/product\/yoast-seo-wordpress\/ -->\n<title>Alcoy solicita ayudas contra la pobreza energ\u00e9tica para 344 familias - COPE Alcoy<\/title>\n<meta name=\"robots\" content=\"index, follow, max-snippet:-1, max-image-preview:large, max-video-preview:-1\" \/>\n<link rel=\"canonical\" href=\"https:\/\/www.copealcoy.es\/es\/alcoy-solicita-ayudas-contra-la-pobreza-energetica-para-344-familias\/\" \/>\n<meta property=\"og:locale\" content=\"es_ES\" \/>\n<meta property=\"og:type\" content=\"article\" \/>\n<meta property=\"og:title\" content=\"Alcoy solicita ayudas contra la pobreza energ\u00e9tica para 344 familias - COPE Alcoy\" \/>\n<meta property=\"og:description\" content=\"El Ayuntamiento de Alcoy ha solicitado a la Generalitat Valenciana la ayuda a 344 familias para que se acojan al\u00a0pacto...\" \/>\n<meta property=\"og:url\" content=\"https:\/\/www.copealcoy.es\/es\/alcoy-solicita-ayudas-contra-la-pobreza-energetica-para-344-familias\/\" \/>\n<meta property=\"og:site_name\" content=\"COPE Alcoy\" \/>\n<meta property=\"article:published_time\" content=\"2016-05-18T06:00:20+00:00\" \/>\n<meta property=\"article:modified_time\" content=\"2016-05-18T11:35:24+00:00\" \/>\n<meta property=\"og:image\" content=\"https:\/\/www.copealcoy.es\/wp-content\/uploads\/2015\/05\/13387-alcoy-001-1-jpg.jpeg\" \/>\n\t<meta property=\"og:image:width\" content=\"1400\" \/>\n\t<meta property=\"og:image:height\" content=\"1050\" \/>\n\t<meta property=\"og:image:type\" content=\"image\/jpeg\" \/>\n<meta name=\"author\" content=\"Cope Alcoy\" \/>\n<meta name=\"twitter:label1\" content=\"Escrito por\" \/>\n\t<meta name=\"twitter:data1\" content=\"Cope Alcoy\" \/>\n\t<meta name=\"twitter:label2\" content=\"Tiempo de lectura\" \/>\n\t<meta name=\"twitter:data2\" content=\"1 minuto\" \/>\n<script type=\"application\/ld+json\" class=\"yoast-schema-graph\">{\"@context\":\"https:\\\/\\\/schema.org\",\"@graph\":[{\"@type\":\"Article\",\"@id\":\"https:\\\/\\\/www.copealcoy.es\\\/es\\\/alcoy-solicita-ayudas-contra-la-pobreza-energetica-para-344-familias\\\/#article\",\"isPartOf\":{\"@id\":\"https:\\\/\\\/www.copealcoy.es\\\/es\\\/alcoy-solicita-ayudas-contra-la-pobreza-energetica-para-344-familias\\\/\"},\"author\":{\"name\":\"Cope Alcoy\",\"@id\":\"https:\\\/\\\/www.copealcoy.es\\\/es\\\/#\\\/schema\\\/person\\\/e777c87fa024e57d40170af9df39882c\"},\"headline\":\"Alcoy solicita ayudas contra la pobreza energ\u00e9tica para 344 familias\",\"datePublished\":\"2016-05-18T06:00:20+00:00\",\"dateModified\":\"2016-05-18T11:35:24+00:00\",\"mainEntityOfPage\":{\"@id\":\"https:\\\/\\\/www.copealcoy.es\\\/es\\\/alcoy-solicita-ayudas-contra-la-pobreza-energetica-para-344-familias\\\/\"},\"wordCount\":197,\"commentCount\":0,\"image\":{\"@id\":\"https:\\\/\\\/www.copealcoy.es\\\/es\\\/alcoy-solicita-ayudas-contra-la-pobreza-energetica-para-344-familias\\\/#primaryimage\"},\"thumbnailUrl\":\"https:\\\/\\\/www.copealcoy.es\\\/wp-content\\\/uploads\\\/2015\\\/05\\\/13387-alcoy-001-1-jpg.jpeg\",\"keywords\":[\"Alcoy\",\"Ayuntamiento de Alcoy\",\"Energ\u00eda\",\"Pobreza Energ\u00e9tica\",\"Subvenci\u00f3n\"],\"articleSection\":[\"Alcoy\",\"Noticias\",\"Portada\"],\"inLanguage\":\"es\"},{\"@type\":\"WebPage\",\"@id\":\"https:\\\/\\\/www.copealcoy.es\\\/es\\\/alcoy-solicita-ayudas-contra-la-pobreza-energetica-para-344-familias\\\/\",\"url\":\"https:\\\/\\\/www.copealcoy.es\\\/es\\\/alcoy-solicita-ayudas-contra-la-pobreza-energetica-para-344-familias\\\/\",\"name\":\"Alcoy solicita ayudas contra la pobreza energ\u00e9tica para 344 familias - COPE Alcoy\",\"isPartOf\":{\"@id\":\"https:\\\/\\\/www.copealcoy.es\\\/es\\\/#website\"},\"primaryImageOfPage\":{\"@id\":\"https:\\\/\\\/www.copealcoy.es\\\/es\\\/alcoy-solicita-ayudas-contra-la-pobreza-energetica-para-344-familias\\\/#primaryimage\"},\"image\":{\"@id\":\"https:\\\/\\\/www.copealcoy.es\\\/es\\\/alcoy-solicita-ayudas-contra-la-pobreza-energetica-para-344-familias\\\/#primaryimage\"},\"thumbnailUrl\":\"https:\\\/\\\/www.copealcoy.es\\\/wp-content\\\/uploads\\\/2015\\\/05\\\/13387-alcoy-001-1-jpg.jpeg\",\"datePublished\":\"2016-05-18T06:00:20+00:00\",\"dateModified\":\"2016-05-18T11:35:24+00:00\",\"author\":{\"@id\":\"https:\\\/\\\/www.copealcoy.es\\\/es\\\/#\\\/schema\\\/person\\\/e777c87fa024e57d40170af9df39882c\"},\"breadcrumb\":{\"@id\":\"https:\\\/\\\/www.copealcoy.es\\\/es\\\/alcoy-solicita-ayudas-contra-la-pobreza-energetica-para-344-familias\\\/#breadcrumb\"},\"inLanguage\":\"es\",\"potentialAction\":[{\"@type\":\"ReadAction\",\"target\":[\"https:\\\/\\\/www.copealcoy.es\\\/es\\\/alcoy-solicita-ayudas-contra-la-pobreza-energetica-para-344-familias\\\/\"]}]},{\"@type\":\"ImageObject\",\"inLanguage\":\"es\",\"@id\":\"https:\\\/\\\/www.copealcoy.es\\\/es\\\/alcoy-solicita-ayudas-contra-la-pobreza-energetica-para-344-familias\\\/#primaryimage\",\"url\":\"https:\\\/\\\/www.copealcoy.es\\\/wp-content\\\/uploads\\\/2015\\\/05\\\/13387-alcoy-001-1-jpg.jpeg\",\"contentUrl\":\"https:\\\/\\\/www.copealcoy.es\\\/wp-content\\\/uploads\\\/2015\\\/05\\\/13387-alcoy-001-1-jpg.jpeg\",\"width\":1400,\"height\":1050,\"caption\":\"Ayuntamiento de Alcoy\"},{\"@type\":\"BreadcrumbList\",\"@id\":\"https:\\\/\\\/www.copealcoy.es\\\/es\\\/alcoy-solicita-ayudas-contra-la-pobreza-energetica-para-344-familias\\\/#breadcrumb\",\"itemListElement\":[{\"@type\":\"ListItem\",\"position\":1,\"name\":\"Portada\",\"item\":\"https:\\\/\\\/www.copealcoy.es\\\/es\\\/\"},{\"@type\":\"ListItem\",\"position\":2,\"name\":\"Alcoy solicita ayudas contra la pobreza energ\u00e9tica para 344 familias\"}]},{\"@type\":\"WebSite\",\"@id\":\"https:\\\/\\\/www.copealcoy.es\\\/es\\\/#website\",\"url\":\"https:\\\/\\\/www.copealcoy.es\\\/es\\\/\",\"name\":\"COPE Alcoy\",\"description\":\"Emisora COPE de radio local con emisi\u00f3n online. Pont de Sant Jordi 8-10 03803 Alcoy\",\"potentialAction\":[{\"@type\":\"SearchAction\",\"target\":{\"@type\":\"EntryPoint\",\"urlTemplate\":\"https:\\\/\\\/www.copealcoy.es\\\/es\\\/?s={search_term_string}\"},\"query-input\":{\"@type\":\"PropertyValueSpecification\",\"valueRequired\":true,\"valueName\":\"search_term_string\"}}],\"inLanguage\":\"es\"},{\"@type\":\"Person\",\"@id\":\"https:\\\/\\\/www.copealcoy.es\\\/es\\\/#\\\/schema\\\/person\\\/e777c87fa024e57d40170af9df39882c\",\"name\":\"Cope Alcoy\",\"image\":{\"@type\":\"ImageObject\",\"inLanguage\":\"es\",\"@id\":\"https:\\\/\\\/secure.gravatar.com\\\/avatar\\\/bb65d0283347e303893ba14f0692005417c1e0e690a325a4c5d8bb2b3943ee14?s=96&d=mm&r=g\",\"url\":\"https:\\\/\\\/secure.gravatar.com\\\/avatar\\\/bb65d0283347e303893ba14f0692005417c1e0e690a325a4c5d8bb2b3943ee14?s=96&d=mm&r=g\",\"contentUrl\":\"https:\\\/\\\/secure.gravatar.com\\\/avatar\\\/bb65d0283347e303893ba14f0692005417c1e0e690a325a4c5d8bb2b3943ee14?s=96&d=mm&r=g\",\"caption\":\"Cope Alcoy\"}}]}<\/script>\n<!-- \/ Yoast SEO plugin. -->","yoast_head_json":{"title":"Alcoy solicita ayudas contra la pobreza energ\u00e9tica para 344 familias - COPE Alcoy","robots":{"index":"index","follow":"follow","max-snippet":"max-snippet:-1","max-image-preview":"max-image-preview:large","max-video-preview":"max-video-preview:-1"},"canonical":"https:\/\/www.copealcoy.es\/es\/alcoy-solicita-ayudas-contra-la-pobreza-energetica-para-344-familias\/","og_locale":"es_ES","og_type":"article","og_title":"Alcoy solicita ayudas contra la pobreza energ\u00e9tica para 344 familias - COPE Alcoy","og_description":"El Ayuntamiento de Alcoy ha solicitado a la Generalitat Valenciana la ayuda a 344 familias para que se acojan al\u00a0pacto...","og_url":"https:\/\/www.copealcoy.es\/es\/alcoy-solicita-ayudas-contra-la-pobreza-energetica-para-344-familias\/","og_site_name":"COPE Alcoy","article_published_time":"2016-05-18T06:00:20+00:00","article_modified_time":"2016-05-18T11:35:24+00:00","og_image":[{"width":1400,"height":1050,"url":"https:\/\/www.copealcoy.es\/wp-content\/uploads\/2015\/05\/13387-alcoy-001-1-jpg.jpeg","type":"image\/jpeg"}],"author":"Cope Alcoy","twitter_misc":{"Escrito por":"Cope Alcoy","Tiempo de lectura":"1 minuto"},"schema":{"@context":"https:\/\/schema.org","@graph":[{"@type":"Article","@id":"https:\/\/www.copealcoy.es\/es\/alcoy-solicita-ayudas-contra-la-pobreza-energetica-para-344-familias\/#article","isPartOf":{"@id":"https:\/\/www.copealcoy.es\/es\/alcoy-solicita-ayudas-contra-la-pobreza-energetica-para-344-familias\/"},"author":{"name":"Cope Alcoy","@id":"https:\/\/www.copealcoy.es\/es\/#\/schema\/person\/e777c87fa024e57d40170af9df39882c"},"headline":"Alcoy solicita ayudas contra la pobreza energ\u00e9tica para 344 familias","datePublished":"2016-05-18T06:00:20+00:00","dateModified":"2016-05-18T11:35:24+00:00","mainEntityOfPage":{"@id":"https:\/\/www.copealcoy.es\/es\/alcoy-solicita-ayudas-contra-la-pobreza-energetica-para-344-familias\/"},"wordCount":197,"commentCount":0,"image":{"@id":"https:\/\/www.copealcoy.es\/es\/alcoy-solicita-ayudas-contra-la-pobreza-energetica-para-344-familias\/#primaryimage"},"thumbnailUrl":"https:\/\/www.copealcoy.es\/wp-content\/uploads\/2015\/05\/13387-alcoy-001-1-jpg.jpeg","keywords":["Alcoy","Ayuntamiento de Alcoy","Energ\u00eda","Pobreza Energ\u00e9tica","Subvenci\u00f3n"],"articleSection":["Alcoy","Noticias","Portada"],"inLanguage":"es"},{"@type":"WebPage","@id":"https:\/\/www.copealcoy.es\/es\/alcoy-solicita-ayudas-contra-la-pobreza-energetica-para-344-familias\/","url":"https:\/\/www.copealcoy.es\/es\/alcoy-solicita-ayudas-contra-la-pobreza-energetica-para-344-familias\/","name":"Alcoy solicita ayudas contra la pobreza energ\u00e9tica para 344 familias - COPE Alcoy","isPartOf":{"@id":"https:\/\/www.copealcoy.es\/es\/#website"},"primaryImageOfPage":{"@id":"https:\/\/www.copealcoy.es\/es\/alcoy-solicita-ayudas-contra-la-pobreza-energetica-para-344-familias\/#primaryimage"},"image":{"@id":"https:\/\/www.copealcoy.es\/es\/alcoy-solicita-ayudas-contra-la-pobreza-energetica-para-344-familias\/#primaryimage"},"thumbnailUrl":"https:\/\/www.copealcoy.es\/wp-content\/uploads\/2015\/05\/13387-alcoy-001-1-jpg.jpeg","datePublished":"2016-05-18T06:00:20+00:00","dateModified":"2016-05-18T11:35:24+00:00","author":{"@id":"https:\/\/www.copealcoy.es\/es\/#\/schema\/person\/e777c87fa024e57d40170af9df39882c"},"breadcrumb":{"@id":"https:\/\/www.copealcoy.es\/es\/alcoy-solicita-ayudas-contra-la-pobreza-energetica-para-344-familias\/#breadcrumb"},"inLanguage":"es","potentialAction":[{"@type":"ReadAction","target":["https:\/\/www.copealcoy.es\/es\/alcoy-solicita-ayudas-contra-la-pobreza-energetica-para-344-familias\/"]}]},{"@type":"ImageObject","inLanguage":"es","@id":"https:\/\/www.copealcoy.es\/es\/alcoy-solicita-ayudas-contra-la-pobreza-energetica-para-344-familias\/#primaryimage","url":"https:\/\/www.copealcoy.es\/wp-content\/uploads\/2015\/05\/13387-alcoy-001-1-jpg.jpeg","contentUrl":"https:\/\/www.copealcoy.es\/wp-content\/uploads\/2015\/05\/13387-alcoy-001-1-jpg.jpeg","width":1400,"height":1050,"caption":"Ayuntamiento de Alcoy"},{"@type":"BreadcrumbList","@id":"https:\/\/www.copealcoy.es\/es\/alcoy-solicita-ayudas-contra-la-pobreza-energetica-para-344-familias\/#breadcrumb","itemListElement":[{"@type":"ListItem","position":1,"name":"Portada","item":"https:\/\/www.copealcoy.es\/es\/"},{"@type":"ListItem","position":2,"name":"Alcoy solicita ayudas contra la pobreza energ\u00e9tica para 344 familias"}]},{"@type":"WebSite","@id":"https:\/\/www.copealcoy.es\/es\/#website","url":"https:\/\/www.copealcoy.es\/es\/","name":"COPE Alcoy","description":"Emisora COPE de radio local con emisi\u00f3n online. Pont de Sant Jordi 8-10 03803 Alcoy","potentialAction":[{"@type":"SearchAction","target":{"@type":"EntryPoint","urlTemplate":"https:\/\/www.copealcoy.es\/es\/?s={search_term_string}"},"query-input":{"@type":"PropertyValueSpecification","valueRequired":true,"valueName":"search_term_string"}}],"inLanguage":"es"},{"@type":"Person","@id":"https:\/\/www.copealcoy.es\/es\/#\/schema\/person\/e777c87fa024e57d40170af9df39882c","name":"Cope Alcoy","image":{"@type":"ImageObject","inLanguage":"es","@id":"https:\/\/secure.gravatar.com\/avatar\/bb65d0283347e303893ba14f0692005417c1e0e690a325a4c5d8bb2b3943ee14?s=96&d=mm&r=g","url":"https:\/\/secure.gravatar.com\/avatar\/bb65d0283347e303893ba14f0692005417c1e0e690a325a4c5d8bb2b3943ee14?s=96&d=mm&r=g","contentUrl":"https:\/\/secure.gravatar.com\/avatar\/bb65d0283347e303893ba14f0692005417c1e0e690a325a4c5d8bb2b3943ee14?s=96&d=mm&r=g","caption":"Cope Alcoy"}}]}},"_links":{"self":[{"href":"https:\/\/www.copealcoy.es\/es\/wp-json\/wp\/v2\/posts\/21696","targetHints":{"allow":["GET"]}}],"collection":[{"href":"https:\/\/www.copealcoy.es\/es\/wp-json\/wp\/v2\/posts"}],"about":[{"href":"https:\/\/www.copealcoy.es\/es\/wp-json\/wp\/v2\/types\/post"}],"author":[{"embeddable":true,"href":"https:\/\/www.copealcoy.es\/es\/wp-json\/wp\/v2\/users\/1"}],"replies":[{"embeddable":true,"href":"https:\/\/www.copealcoy.es\/es\/wp-json\/wp\/v2\/comments?post=21696"}],"version-history":[{"count":0,"href":"https:\/\/www.copealcoy.es\/es\/wp-json\/wp\/v2\/posts\/21696\/revisions"}],"wp:featuredmedia":[{"embeddable":true,"href":"https:\/\/www.copealcoy.es\/es\/wp-json\/wp\/v2\/media\/13024"}],"wp:attachment":[{"href":"https:\/\/www.copealcoy.es\/es\/wp-json\/wp\/v2\/media?parent=21696"}],"wp:term":[{"taxonomy":"category","embeddable":true,"href":"https:\/\/www.copealcoy.es\/es\/wp-json\/wp\/v2\/categories?post=21696"},{"taxonomy":"post_tag","embeddable":true,"href":"https:\/\/www.copealcoy.es\/es\/wp-json\/wp\/v2\/tags?post=21696"}],"curies":[{"name":"wp","href":"https:\/\/api.w.org\/{rel}","templated":true}]}}