{"id":21661,"date":"2016-05-17T06:00:33","date_gmt":"2016-05-17T06:00:33","guid":{"rendered":"http:\/\/copealcoi.es\/new\/?p=21661"},"modified":"2016-05-16T17:16:47","modified_gmt":"2016-05-16T17:16:47","slug":"jose-rafael-pascual-vilaplana-dirigira-himno-cocentaina","status":"publish","type":"post","link":"https:\/\/www.copealcoy.es\/es\/jose-rafael-pascual-vilaplana-dirigira-himno-cocentaina\/","title":{"rendered":"Jos\u00e9 Rafael Pascual Vilaplana dirigir\u00e1 el Himno de Cocentaina"},"content":{"rendered":"<p style=\"text-align: justify;\">El compositor de Muro Jos\u00e9 Rafael Pascual Vilaplana ser\u00e1 el director del Himno de las fiestas de moros y cristianos de Cocentaina de este\u00a0este a\u00f1o\u00a02016 en el acto que marcar\u00e1 el inicio de los festejos en honor a Sant Hip\u00f2lit el viernes 12 de agosto.<\/p>\n<p style=\"text-align: justify;\">Nacido en Muro en el a\u00f1o 1971, Pascual Vilaplana cuenta con una dilatada trayectoria en el \u00e1mbito de la m\u00fasica que le ha llevado a dirigir orquestas a nivel nacional e internacional al mismo tiempo que ha ejercido de director titular en diversas\u00a0bandas. Adem\u00e1s es\u00a0compositor de gran cantidad de\u00a0obras para banda y conjunto instrumental, y en el \u00e1mbito de la m\u00fasica festera ha destacado por la creaci\u00f3n de destacadas piezas que han marcado un estilo propio y rompedor en este g\u00e9nero. Entre ellas cabe mencionar, entre otras muchas, composiciones como la marcha mora\u00a0<em>Xavier El Coixo,\u00a0<\/em>el pasodoble\u00a0<em>Sara\u00a0<\/em>o marchas cristianas como <em>Archaeus.\u00a0<\/em>Jos\u00e9 Rafael Pascual tambi\u00e9n cuenta en su haber con numerosos reconocimientos que han premiado su entrega y dedicaci\u00f3n a la m\u00fasica.<\/p>\n<p style=\"text-align: justify;\">La presidenta de la Federaci\u00f3n Junta de Fiestas de Cocentaina, Pepa Prats, ha explicado que Jos\u00e9 Rafael recibi\u00f3 la propuesta hace unos d\u00edas &#8220;fuimos a visitarle yo y el asesor musical de la Junta y se qued\u00f3 sin palabras cuando le hicimos este encargo&#8221;, indica. Adem\u00e1s Prats matiza que tanto el director como su mujer Maido se han mostrado agradecidos por la elecci\u00f3n &#8220;est\u00e1n muy contentos\u00a0y seguro que ambos lo disfrutan much\u00edsimo&#8221;, concluye.<\/p>\n<p style=\"text-align: justify;\">Se\u00f1alar que Jos\u00e9 Rafael Pascual Vilaplana ser\u00e1 nombrado\u00a0oficialmente como director del Himno de Fiestas el pr\u00f3ximo 2 de julio en el transcurso de la gala de presentaci\u00f3n de los cargos festeros que tendr\u00e1 lugar por la noche en el Palau Comtal.<\/p>\n<p style=\"text-align: justify;\">\n","protected":false},"excerpt":{"rendered":"<p>El compositor de Muro Jos\u00e9 Rafael Pascual Vilaplana ser\u00e1 el director del Himno de las fiestas de moros y cristianos&#8230;<\/p>\n","protected":false},"author":1,"featured_media":21662,"comment_status":"open","ping_status":"open","sticky":false,"template":"","format":"standard","meta":{"footnotes":""},"categories":[98,75],"tags":[132,237,2154,2268,856],"class_list":["post-21661","post","type-post","status-publish","format-standard","has-post-thumbnail","hentry","category-comarcas","category-noticias","tag-cocentaina","tag-comtat","tag-himno","tag-jose-rafael","tag-moros-i-cristians"],"yoast_head":"<!-- This site is optimized with the Yoast SEO plugin v27.3 - https:\/\/yoast.com\/product\/yoast-seo-wordpress\/ -->\n<title>Jos\u00e9 Rafael Pascual Vilaplana dirigir\u00e1 el Himno de Cocentaina - COPE Alcoy<\/title>\n<meta name=\"robots\" content=\"index, follow, max-snippet:-1, max-image-preview:large, max-video-preview:-1\" \/>\n<link rel=\"canonical\" href=\"https:\/\/www.copealcoy.es\/es\/jose-rafael-pascual-vilaplana-dirigira-himno-cocentaina\/\" \/>\n<meta property=\"og:locale\" content=\"es_ES\" \/>\n<meta property=\"og:type\" content=\"article\" \/>\n<meta property=\"og:title\" content=\"Jos\u00e9 Rafael Pascual Vilaplana dirigir\u00e1 el Himno de Cocentaina - COPE Alcoy\" \/>\n<meta property=\"og:description\" content=\"El compositor de Muro Jos\u00e9 Rafael Pascual Vilaplana ser\u00e1 el director del Himno de las fiestas de moros y cristianos...\" \/>\n<meta property=\"og:url\" content=\"https:\/\/www.copealcoy.es\/es\/jose-rafael-pascual-vilaplana-dirigira-himno-cocentaina\/\" \/>\n<meta property=\"og:site_name\" content=\"COPE Alcoy\" \/>\n<meta property=\"article:published_time\" content=\"2016-05-17T06:00:33+00:00\" \/>\n<meta property=\"og:image\" content=\"https:\/\/www.copealcoy.es\/wp-content\/uploads\/2016\/05\/pascualvilaplana3.jpg\" \/>\n\t<meta property=\"og:image:width\" content=\"720\" \/>\n\t<meta property=\"og:image:height\" content=\"540\" \/>\n\t<meta property=\"og:image:type\" content=\"image\/jpeg\" \/>\n<meta name=\"author\" content=\"Cope Alcoy\" \/>\n<meta name=\"twitter:label1\" content=\"Escrito por\" \/>\n\t<meta name=\"twitter:data1\" content=\"Cope Alcoy\" \/>\n\t<meta name=\"twitter:label2\" content=\"Tiempo de lectura\" \/>\n\t<meta name=\"twitter:data2\" content=\"2 minutos\" \/>\n<script type=\"application\/ld+json\" class=\"yoast-schema-graph\">{\"@context\":\"https:\\\/\\\/schema.org\",\"@graph\":[{\"@type\":\"Article\",\"@id\":\"https:\\\/\\\/www.copealcoy.es\\\/es\\\/jose-rafael-pascual-vilaplana-dirigira-himno-cocentaina\\\/#article\",\"isPartOf\":{\"@id\":\"https:\\\/\\\/www.copealcoy.es\\\/es\\\/jose-rafael-pascual-vilaplana-dirigira-himno-cocentaina\\\/\"},\"author\":{\"name\":\"Cope Alcoy\",\"@id\":\"https:\\\/\\\/www.copealcoy.es\\\/es\\\/#\\\/schema\\\/person\\\/e777c87fa024e57d40170af9df39882c\"},\"headline\":\"Jos\u00e9 Rafael Pascual Vilaplana dirigir\u00e1 el Himno de Cocentaina\",\"datePublished\":\"2016-05-17T06:00:33+00:00\",\"mainEntityOfPage\":{\"@id\":\"https:\\\/\\\/www.copealcoy.es\\\/es\\\/jose-rafael-pascual-vilaplana-dirigira-himno-cocentaina\\\/\"},\"wordCount\":316,\"commentCount\":0,\"image\":{\"@id\":\"https:\\\/\\\/www.copealcoy.es\\\/es\\\/jose-rafael-pascual-vilaplana-dirigira-himno-cocentaina\\\/#primaryimage\"},\"thumbnailUrl\":\"https:\\\/\\\/www.copealcoy.es\\\/wp-content\\\/uploads\\\/2016\\\/05\\\/pascualvilaplana3.jpg\",\"keywords\":[\"Cocentaina\",\"Comtat\",\"Himno\",\"Jos\u00e9 Rafael\",\"Moros i Cristians\"],\"articleSection\":[\"Comarcas\",\"Noticias\"],\"inLanguage\":\"es\"},{\"@type\":\"WebPage\",\"@id\":\"https:\\\/\\\/www.copealcoy.es\\\/es\\\/jose-rafael-pascual-vilaplana-dirigira-himno-cocentaina\\\/\",\"url\":\"https:\\\/\\\/www.copealcoy.es\\\/es\\\/jose-rafael-pascual-vilaplana-dirigira-himno-cocentaina\\\/\",\"name\":\"Jos\u00e9 Rafael Pascual Vilaplana dirigir\u00e1 el Himno de Cocentaina - COPE Alcoy\",\"isPartOf\":{\"@id\":\"https:\\\/\\\/www.copealcoy.es\\\/es\\\/#website\"},\"primaryImageOfPage\":{\"@id\":\"https:\\\/\\\/www.copealcoy.es\\\/es\\\/jose-rafael-pascual-vilaplana-dirigira-himno-cocentaina\\\/#primaryimage\"},\"image\":{\"@id\":\"https:\\\/\\\/www.copealcoy.es\\\/es\\\/jose-rafael-pascual-vilaplana-dirigira-himno-cocentaina\\\/#primaryimage\"},\"thumbnailUrl\":\"https:\\\/\\\/www.copealcoy.es\\\/wp-content\\\/uploads\\\/2016\\\/05\\\/pascualvilaplana3.jpg\",\"datePublished\":\"2016-05-17T06:00:33+00:00\",\"author\":{\"@id\":\"https:\\\/\\\/www.copealcoy.es\\\/es\\\/#\\\/schema\\\/person\\\/e777c87fa024e57d40170af9df39882c\"},\"breadcrumb\":{\"@id\":\"https:\\\/\\\/www.copealcoy.es\\\/es\\\/jose-rafael-pascual-vilaplana-dirigira-himno-cocentaina\\\/#breadcrumb\"},\"inLanguage\":\"es\",\"potentialAction\":[{\"@type\":\"ReadAction\",\"target\":[\"https:\\\/\\\/www.copealcoy.es\\\/es\\\/jose-rafael-pascual-vilaplana-dirigira-himno-cocentaina\\\/\"]}]},{\"@type\":\"ImageObject\",\"inLanguage\":\"es\",\"@id\":\"https:\\\/\\\/www.copealcoy.es\\\/es\\\/jose-rafael-pascual-vilaplana-dirigira-himno-cocentaina\\\/#primaryimage\",\"url\":\"https:\\\/\\\/www.copealcoy.es\\\/wp-content\\\/uploads\\\/2016\\\/05\\\/pascualvilaplana3.jpg\",\"contentUrl\":\"https:\\\/\\\/www.copealcoy.es\\\/wp-content\\\/uploads\\\/2016\\\/05\\\/pascualvilaplana3.jpg\",\"width\":720,\"height\":540},{\"@type\":\"BreadcrumbList\",\"@id\":\"https:\\\/\\\/www.copealcoy.es\\\/es\\\/jose-rafael-pascual-vilaplana-dirigira-himno-cocentaina\\\/#breadcrumb\",\"itemListElement\":[{\"@type\":\"ListItem\",\"position\":1,\"name\":\"Portada\",\"item\":\"https:\\\/\\\/www.copealcoy.es\\\/es\\\/\"},{\"@type\":\"ListItem\",\"position\":2,\"name\":\"Jos\u00e9 Rafael Pascual Vilaplana dirigir\u00e1 el Himno de Cocentaina\"}]},{\"@type\":\"WebSite\",\"@id\":\"https:\\\/\\\/www.copealcoy.es\\\/es\\\/#website\",\"url\":\"https:\\\/\\\/www.copealcoy.es\\\/es\\\/\",\"name\":\"COPE Alcoy\",\"description\":\"Emisora COPE de radio local con emisi\u00f3n online. Pont de Sant Jordi 8-10 03803 Alcoy\",\"potentialAction\":[{\"@type\":\"SearchAction\",\"target\":{\"@type\":\"EntryPoint\",\"urlTemplate\":\"https:\\\/\\\/www.copealcoy.es\\\/es\\\/?s={search_term_string}\"},\"query-input\":{\"@type\":\"PropertyValueSpecification\",\"valueRequired\":true,\"valueName\":\"search_term_string\"}}],\"inLanguage\":\"es\"},{\"@type\":\"Person\",\"@id\":\"https:\\\/\\\/www.copealcoy.es\\\/es\\\/#\\\/schema\\\/person\\\/e777c87fa024e57d40170af9df39882c\",\"name\":\"Cope Alcoy\",\"image\":{\"@type\":\"ImageObject\",\"inLanguage\":\"es\",\"@id\":\"https:\\\/\\\/secure.gravatar.com\\\/avatar\\\/bb65d0283347e303893ba14f0692005417c1e0e690a325a4c5d8bb2b3943ee14?s=96&d=mm&r=g\",\"url\":\"https:\\\/\\\/secure.gravatar.com\\\/avatar\\\/bb65d0283347e303893ba14f0692005417c1e0e690a325a4c5d8bb2b3943ee14?s=96&d=mm&r=g\",\"contentUrl\":\"https:\\\/\\\/secure.gravatar.com\\\/avatar\\\/bb65d0283347e303893ba14f0692005417c1e0e690a325a4c5d8bb2b3943ee14?s=96&d=mm&r=g\",\"caption\":\"Cope Alcoy\"}}]}<\/script>\n<!-- \/ Yoast SEO plugin. -->","yoast_head_json":{"title":"Jos\u00e9 Rafael Pascual Vilaplana dirigir\u00e1 el Himno de Cocentaina - COPE Alcoy","robots":{"index":"index","follow":"follow","max-snippet":"max-snippet:-1","max-image-preview":"max-image-preview:large","max-video-preview":"max-video-preview:-1"},"canonical":"https:\/\/www.copealcoy.es\/es\/jose-rafael-pascual-vilaplana-dirigira-himno-cocentaina\/","og_locale":"es_ES","og_type":"article","og_title":"Jos\u00e9 Rafael Pascual Vilaplana dirigir\u00e1 el Himno de Cocentaina - COPE Alcoy","og_description":"El compositor de Muro Jos\u00e9 Rafael Pascual Vilaplana ser\u00e1 el director del Himno de las fiestas de moros y cristianos...","og_url":"https:\/\/www.copealcoy.es\/es\/jose-rafael-pascual-vilaplana-dirigira-himno-cocentaina\/","og_site_name":"COPE Alcoy","article_published_time":"2016-05-17T06:00:33+00:00","og_image":[{"width":720,"height":540,"url":"https:\/\/www.copealcoy.es\/wp-content\/uploads\/2016\/05\/pascualvilaplana3.jpg","type":"image\/jpeg"}],"author":"Cope Alcoy","twitter_misc":{"Escrito por":"Cope Alcoy","Tiempo de lectura":"2 minutos"},"schema":{"@context":"https:\/\/schema.org","@graph":[{"@type":"Article","@id":"https:\/\/www.copealcoy.es\/es\/jose-rafael-pascual-vilaplana-dirigira-himno-cocentaina\/#article","isPartOf":{"@id":"https:\/\/www.copealcoy.es\/es\/jose-rafael-pascual-vilaplana-dirigira-himno-cocentaina\/"},"author":{"name":"Cope Alcoy","@id":"https:\/\/www.copealcoy.es\/es\/#\/schema\/person\/e777c87fa024e57d40170af9df39882c"},"headline":"Jos\u00e9 Rafael Pascual Vilaplana dirigir\u00e1 el Himno de Cocentaina","datePublished":"2016-05-17T06:00:33+00:00","mainEntityOfPage":{"@id":"https:\/\/www.copealcoy.es\/es\/jose-rafael-pascual-vilaplana-dirigira-himno-cocentaina\/"},"wordCount":316,"commentCount":0,"image":{"@id":"https:\/\/www.copealcoy.es\/es\/jose-rafael-pascual-vilaplana-dirigira-himno-cocentaina\/#primaryimage"},"thumbnailUrl":"https:\/\/www.copealcoy.es\/wp-content\/uploads\/2016\/05\/pascualvilaplana3.jpg","keywords":["Cocentaina","Comtat","Himno","Jos\u00e9 Rafael","Moros i Cristians"],"articleSection":["Comarcas","Noticias"],"inLanguage":"es"},{"@type":"WebPage","@id":"https:\/\/www.copealcoy.es\/es\/jose-rafael-pascual-vilaplana-dirigira-himno-cocentaina\/","url":"https:\/\/www.copealcoy.es\/es\/jose-rafael-pascual-vilaplana-dirigira-himno-cocentaina\/","name":"Jos\u00e9 Rafael Pascual Vilaplana dirigir\u00e1 el Himno de Cocentaina - COPE Alcoy","isPartOf":{"@id":"https:\/\/www.copealcoy.es\/es\/#website"},"primaryImageOfPage":{"@id":"https:\/\/www.copealcoy.es\/es\/jose-rafael-pascual-vilaplana-dirigira-himno-cocentaina\/#primaryimage"},"image":{"@id":"https:\/\/www.copealcoy.es\/es\/jose-rafael-pascual-vilaplana-dirigira-himno-cocentaina\/#primaryimage"},"thumbnailUrl":"https:\/\/www.copealcoy.es\/wp-content\/uploads\/2016\/05\/pascualvilaplana3.jpg","datePublished":"2016-05-17T06:00:33+00:00","author":{"@id":"https:\/\/www.copealcoy.es\/es\/#\/schema\/person\/e777c87fa024e57d40170af9df39882c"},"breadcrumb":{"@id":"https:\/\/www.copealcoy.es\/es\/jose-rafael-pascual-vilaplana-dirigira-himno-cocentaina\/#breadcrumb"},"inLanguage":"es","potentialAction":[{"@type":"ReadAction","target":["https:\/\/www.copealcoy.es\/es\/jose-rafael-pascual-vilaplana-dirigira-himno-cocentaina\/"]}]},{"@type":"ImageObject","inLanguage":"es","@id":"https:\/\/www.copealcoy.es\/es\/jose-rafael-pascual-vilaplana-dirigira-himno-cocentaina\/#primaryimage","url":"https:\/\/www.copealcoy.es\/wp-content\/uploads\/2016\/05\/pascualvilaplana3.jpg","contentUrl":"https:\/\/www.copealcoy.es\/wp-content\/uploads\/2016\/05\/pascualvilaplana3.jpg","width":720,"height":540},{"@type":"BreadcrumbList","@id":"https:\/\/www.copealcoy.es\/es\/jose-rafael-pascual-vilaplana-dirigira-himno-cocentaina\/#breadcrumb","itemListElement":[{"@type":"ListItem","position":1,"name":"Portada","item":"https:\/\/www.copealcoy.es\/es\/"},{"@type":"ListItem","position":2,"name":"Jos\u00e9 Rafael Pascual Vilaplana dirigir\u00e1 el Himno de Cocentaina"}]},{"@type":"WebSite","@id":"https:\/\/www.copealcoy.es\/es\/#website","url":"https:\/\/www.copealcoy.es\/es\/","name":"COPE Alcoy","description":"Emisora COPE de radio local con emisi\u00f3n online. Pont de Sant Jordi 8-10 03803 Alcoy","potentialAction":[{"@type":"SearchAction","target":{"@type":"EntryPoint","urlTemplate":"https:\/\/www.copealcoy.es\/es\/?s={search_term_string}"},"query-input":{"@type":"PropertyValueSpecification","valueRequired":true,"valueName":"search_term_string"}}],"inLanguage":"es"},{"@type":"Person","@id":"https:\/\/www.copealcoy.es\/es\/#\/schema\/person\/e777c87fa024e57d40170af9df39882c","name":"Cope Alcoy","image":{"@type":"ImageObject","inLanguage":"es","@id":"https:\/\/secure.gravatar.com\/avatar\/bb65d0283347e303893ba14f0692005417c1e0e690a325a4c5d8bb2b3943ee14?s=96&d=mm&r=g","url":"https:\/\/secure.gravatar.com\/avatar\/bb65d0283347e303893ba14f0692005417c1e0e690a325a4c5d8bb2b3943ee14?s=96&d=mm&r=g","contentUrl":"https:\/\/secure.gravatar.com\/avatar\/bb65d0283347e303893ba14f0692005417c1e0e690a325a4c5d8bb2b3943ee14?s=96&d=mm&r=g","caption":"Cope Alcoy"}}]}},"_links":{"self":[{"href":"https:\/\/www.copealcoy.es\/es\/wp-json\/wp\/v2\/posts\/21661","targetHints":{"allow":["GET"]}}],"collection":[{"href":"https:\/\/www.copealcoy.es\/es\/wp-json\/wp\/v2\/posts"}],"about":[{"href":"https:\/\/www.copealcoy.es\/es\/wp-json\/wp\/v2\/types\/post"}],"author":[{"embeddable":true,"href":"https:\/\/www.copealcoy.es\/es\/wp-json\/wp\/v2\/users\/1"}],"replies":[{"embeddable":true,"href":"https:\/\/www.copealcoy.es\/es\/wp-json\/wp\/v2\/comments?post=21661"}],"version-history":[{"count":0,"href":"https:\/\/www.copealcoy.es\/es\/wp-json\/wp\/v2\/posts\/21661\/revisions"}],"wp:featuredmedia":[{"embeddable":true,"href":"https:\/\/www.copealcoy.es\/es\/wp-json\/wp\/v2\/media\/21662"}],"wp:attachment":[{"href":"https:\/\/www.copealcoy.es\/es\/wp-json\/wp\/v2\/media?parent=21661"}],"wp:term":[{"taxonomy":"category","embeddable":true,"href":"https:\/\/www.copealcoy.es\/es\/wp-json\/wp\/v2\/categories?post=21661"},{"taxonomy":"post_tag","embeddable":true,"href":"https:\/\/www.copealcoy.es\/es\/wp-json\/wp\/v2\/tags?post=21661"}],"curies":[{"name":"wp","href":"https:\/\/api.w.org\/{rel}","templated":true}]}}