{"id":21653,"date":"2016-05-16T13:51:30","date_gmt":"2016-05-16T13:51:30","guid":{"rendered":"http:\/\/copealcoi.es\/new\/?p=21653"},"modified":"2016-05-16T20:18:44","modified_gmt":"2016-05-16T20:18:44","slug":"la-policia-barrio-ya-patrulla-alcoy","status":"publish","type":"post","link":"https:\/\/www.copealcoy.es\/es\/la-policia-barrio-ya-patrulla-alcoy\/","title":{"rendered":"Alcoy ya dispone de una unidad de Polic\u00eda de Barrio"},"content":{"rendered":"<p style=\"text-align: justify;\">La polic\u00eda de barrio se ha puesto en marcha esta ma\u00f1ana. Tras <a href=\"https:\/\/www.copealcoy.es\/alcoy-habilita-una-unidad-policia-barrio\/\">el anuncio de la semana pasada<\/a>, esta ma\u00f1ana se ha procedido a la presentaci\u00f3n oficial de estos cuerpos de\u00a0seguridad a la que han asistido tanto miembros del gobierno municipal como del resto de la corporaci\u00f3n. Esta unidad estar\u00e1 dotada de ocho efectivos que patrullar\u00e1n por los diferentes barrios de Alcoy para dar un apoyo m\u00e1s cercano a los vecinos. La propuesta naci\u00f3 en el pleno municipal del mes de septiembre tras una moci\u00f3n que present\u00f3 el Partido Popular al respecto.<\/p>\n<p style=\"text-align: justify;\">De esta forma, de lunes a viernes, entre las 10 y las 13 horas, un furg\u00f3n con dos agentes recorrer\u00e1 los diferentes barrios para prestar este servicio. El recorrido ser\u00e1 el siguiente: los\u00a0lunes estar\u00e1 ubicado en la Avenida de la Hispanidad en la Zona Norte; \u00a0martes en El Cam\u00ed en la Zona alta; mi\u00e9rcoles en la calle Espronceda en el Ensanche; jueves en la calle Santa Rosa y viernes en la calle Carrascal en el barrio de Batoi.<\/p>\n<p style=\"text-align: justify;\">La intenci\u00f3n de este objetivo es ofrecer &#8220;una atenci\u00f3n m\u00e1s eficaz e individualizada&#8221;, en palabras del alcalde de Alcoy, Antonio Franc\u00e9s. El edil de seguridad, Ra\u00fcl Llopis, tambi\u00e9n se ha referido al servicio de los agentes como m\u00e1s &#8220;tangible para los ciudadanos&#8221;, quienes adem\u00e1s &#8220;ser\u00e1n informados de los diferentes tr\u00e1mites que pueden realizar&#8221;.<\/p>\n<p style=\"text-align: justify;\">Para ponerse en contacto con la unidad se ha habilitado\u00a0\u00a0un correo electr\u00f3nico donde se podr\u00e1n enviar las quejas a policiabarri@alcoi.org o al\u00a0600 94 30 34.<\/p>\n<p><iframe loading=\"lazy\" title=\"RP Presentaci\u00f3 Policia de Barri\" width=\"1200\" height=\"675\" src=\"https:\/\/www.youtube.com\/embed\/y15IAEf3Y1I?feature=oembed\" frameborder=\"0\" allow=\"accelerometer; autoplay; encrypted-media; gyroscope; picture-in-picture\" allowfullscreen><\/iframe><\/p>\n","protected":false},"excerpt":{"rendered":"<p>La polic\u00eda de barrio se ha puesto en marcha esta ma\u00f1ana. Tras el anuncio de la semana pasada, esta ma\u00f1ana&#8230;<\/p>\n","protected":false},"author":1,"featured_media":21657,"comment_status":"open","ping_status":"open","sticky":false,"template":"","format":"standard","meta":{"footnotes":""},"categories":[97,75,79],"tags":[1494,186,2267,367],"class_list":["post-21653","post","type-post","status-publish","format-standard","has-post-thumbnail","hentry","category-alcoy","category-noticias","category-politicayeconomia","tag-alcoy","tag-policia","tag-proximidad","tag-seguridad"],"yoast_head":"<!-- This site is optimized with the Yoast SEO plugin v27.3 - https:\/\/yoast.com\/product\/yoast-seo-wordpress\/ -->\n<title>Alcoy ya dispone de una unidad de Polic\u00eda de Barrio - COPE Alcoy<\/title>\n<meta name=\"robots\" content=\"index, follow, max-snippet:-1, max-image-preview:large, max-video-preview:-1\" \/>\n<link rel=\"canonical\" href=\"https:\/\/www.copealcoy.es\/es\/la-policia-barrio-ya-patrulla-alcoy\/\" \/>\n<meta property=\"og:locale\" content=\"es_ES\" \/>\n<meta property=\"og:type\" content=\"article\" \/>\n<meta property=\"og:title\" content=\"Alcoy ya dispone de una unidad de Polic\u00eda de Barrio - COPE Alcoy\" \/>\n<meta property=\"og:description\" content=\"La polic\u00eda de barrio se ha puesto en marcha esta ma\u00f1ana. Tras el anuncio de la semana pasada, esta ma\u00f1ana...\" \/>\n<meta property=\"og:url\" content=\"https:\/\/www.copealcoy.es\/es\/la-policia-barrio-ya-patrulla-alcoy\/\" \/>\n<meta property=\"og:site_name\" content=\"COPE Alcoy\" \/>\n<meta property=\"article:published_time\" content=\"2016-05-16T13:51:30+00:00\" \/>\n<meta property=\"article:modified_time\" content=\"2016-05-16T20:18:44+00:00\" \/>\n<meta property=\"og:image\" content=\"https:\/\/www.copealcoy.es\/wp-content\/uploads\/2016\/05\/policia-1-e1463417435169.jpg\" \/>\n\t<meta property=\"og:image:width\" content=\"2104\" \/>\n\t<meta property=\"og:image:height\" content=\"946\" \/>\n\t<meta property=\"og:image:type\" content=\"image\/jpeg\" \/>\n<meta name=\"author\" content=\"Cope Alcoy\" \/>\n<meta name=\"twitter:label1\" content=\"Escrito por\" \/>\n\t<meta name=\"twitter:data1\" content=\"Cope Alcoy\" \/>\n\t<meta name=\"twitter:label2\" content=\"Tiempo de lectura\" \/>\n\t<meta name=\"twitter:data2\" content=\"1 minuto\" \/>\n<script type=\"application\/ld+json\" class=\"yoast-schema-graph\">{\"@context\":\"https:\\\/\\\/schema.org\",\"@graph\":[{\"@type\":\"Article\",\"@id\":\"https:\\\/\\\/www.copealcoy.es\\\/es\\\/la-policia-barrio-ya-patrulla-alcoy\\\/#article\",\"isPartOf\":{\"@id\":\"https:\\\/\\\/www.copealcoy.es\\\/es\\\/la-policia-barrio-ya-patrulla-alcoy\\\/\"},\"author\":{\"name\":\"Cope Alcoy\",\"@id\":\"https:\\\/\\\/www.copealcoy.es\\\/es\\\/#\\\/schema\\\/person\\\/e777c87fa024e57d40170af9df39882c\"},\"headline\":\"Alcoy ya dispone de una unidad de Polic\u00eda de Barrio\",\"datePublished\":\"2016-05-16T13:51:30+00:00\",\"dateModified\":\"2016-05-16T20:18:44+00:00\",\"mainEntityOfPage\":{\"@id\":\"https:\\\/\\\/www.copealcoy.es\\\/es\\\/la-policia-barrio-ya-patrulla-alcoy\\\/\"},\"wordCount\":291,\"commentCount\":0,\"image\":{\"@id\":\"https:\\\/\\\/www.copealcoy.es\\\/es\\\/la-policia-barrio-ya-patrulla-alcoy\\\/#primaryimage\"},\"thumbnailUrl\":\"https:\\\/\\\/www.copealcoy.es\\\/wp-content\\\/uploads\\\/2016\\\/05\\\/policia-1-e1463417435169.jpg\",\"keywords\":[\"Alcoy\",\"Polic\u00eda\",\"proximidad\",\"Seguridad\"],\"articleSection\":[\"Alcoy\",\"Noticias\",\"Pol\u00edtica y Econom\u00eda\"],\"inLanguage\":\"es\"},{\"@type\":\"WebPage\",\"@id\":\"https:\\\/\\\/www.copealcoy.es\\\/es\\\/la-policia-barrio-ya-patrulla-alcoy\\\/\",\"url\":\"https:\\\/\\\/www.copealcoy.es\\\/es\\\/la-policia-barrio-ya-patrulla-alcoy\\\/\",\"name\":\"Alcoy ya dispone de una unidad de Polic\u00eda de Barrio - COPE Alcoy\",\"isPartOf\":{\"@id\":\"https:\\\/\\\/www.copealcoy.es\\\/es\\\/#website\"},\"primaryImageOfPage\":{\"@id\":\"https:\\\/\\\/www.copealcoy.es\\\/es\\\/la-policia-barrio-ya-patrulla-alcoy\\\/#primaryimage\"},\"image\":{\"@id\":\"https:\\\/\\\/www.copealcoy.es\\\/es\\\/la-policia-barrio-ya-patrulla-alcoy\\\/#primaryimage\"},\"thumbnailUrl\":\"https:\\\/\\\/www.copealcoy.es\\\/wp-content\\\/uploads\\\/2016\\\/05\\\/policia-1-e1463417435169.jpg\",\"datePublished\":\"2016-05-16T13:51:30+00:00\",\"dateModified\":\"2016-05-16T20:18:44+00:00\",\"author\":{\"@id\":\"https:\\\/\\\/www.copealcoy.es\\\/es\\\/#\\\/schema\\\/person\\\/e777c87fa024e57d40170af9df39882c\"},\"breadcrumb\":{\"@id\":\"https:\\\/\\\/www.copealcoy.es\\\/es\\\/la-policia-barrio-ya-patrulla-alcoy\\\/#breadcrumb\"},\"inLanguage\":\"es\",\"potentialAction\":[{\"@type\":\"ReadAction\",\"target\":[\"https:\\\/\\\/www.copealcoy.es\\\/es\\\/la-policia-barrio-ya-patrulla-alcoy\\\/\"]}]},{\"@type\":\"ImageObject\",\"inLanguage\":\"es\",\"@id\":\"https:\\\/\\\/www.copealcoy.es\\\/es\\\/la-policia-barrio-ya-patrulla-alcoy\\\/#primaryimage\",\"url\":\"https:\\\/\\\/www.copealcoy.es\\\/wp-content\\\/uploads\\\/2016\\\/05\\\/policia-1-e1463417435169.jpg\",\"contentUrl\":\"https:\\\/\\\/www.copealcoy.es\\\/wp-content\\\/uploads\\\/2016\\\/05\\\/policia-1-e1463417435169.jpg\",\"width\":2104,\"height\":946},{\"@type\":\"BreadcrumbList\",\"@id\":\"https:\\\/\\\/www.copealcoy.es\\\/es\\\/la-policia-barrio-ya-patrulla-alcoy\\\/#breadcrumb\",\"itemListElement\":[{\"@type\":\"ListItem\",\"position\":1,\"name\":\"Portada\",\"item\":\"https:\\\/\\\/www.copealcoy.es\\\/es\\\/\"},{\"@type\":\"ListItem\",\"position\":2,\"name\":\"Alcoy ya dispone de una unidad de Polic\u00eda de Barrio\"}]},{\"@type\":\"WebSite\",\"@id\":\"https:\\\/\\\/www.copealcoy.es\\\/es\\\/#website\",\"url\":\"https:\\\/\\\/www.copealcoy.es\\\/es\\\/\",\"name\":\"COPE Alcoy\",\"description\":\"Emisora COPE de radio local con emisi\u00f3n online. Pont de Sant Jordi 8-10 03803 Alcoy\",\"potentialAction\":[{\"@type\":\"SearchAction\",\"target\":{\"@type\":\"EntryPoint\",\"urlTemplate\":\"https:\\\/\\\/www.copealcoy.es\\\/es\\\/?s={search_term_string}\"},\"query-input\":{\"@type\":\"PropertyValueSpecification\",\"valueRequired\":true,\"valueName\":\"search_term_string\"}}],\"inLanguage\":\"es\"},{\"@type\":\"Person\",\"@id\":\"https:\\\/\\\/www.copealcoy.es\\\/es\\\/#\\\/schema\\\/person\\\/e777c87fa024e57d40170af9df39882c\",\"name\":\"Cope Alcoy\",\"image\":{\"@type\":\"ImageObject\",\"inLanguage\":\"es\",\"@id\":\"https:\\\/\\\/secure.gravatar.com\\\/avatar\\\/bb65d0283347e303893ba14f0692005417c1e0e690a325a4c5d8bb2b3943ee14?s=96&d=mm&r=g\",\"url\":\"https:\\\/\\\/secure.gravatar.com\\\/avatar\\\/bb65d0283347e303893ba14f0692005417c1e0e690a325a4c5d8bb2b3943ee14?s=96&d=mm&r=g\",\"contentUrl\":\"https:\\\/\\\/secure.gravatar.com\\\/avatar\\\/bb65d0283347e303893ba14f0692005417c1e0e690a325a4c5d8bb2b3943ee14?s=96&d=mm&r=g\",\"caption\":\"Cope Alcoy\"}}]}<\/script>\n<!-- \/ Yoast SEO plugin. -->","yoast_head_json":{"title":"Alcoy ya dispone de una unidad de Polic\u00eda de Barrio - COPE Alcoy","robots":{"index":"index","follow":"follow","max-snippet":"max-snippet:-1","max-image-preview":"max-image-preview:large","max-video-preview":"max-video-preview:-1"},"canonical":"https:\/\/www.copealcoy.es\/es\/la-policia-barrio-ya-patrulla-alcoy\/","og_locale":"es_ES","og_type":"article","og_title":"Alcoy ya dispone de una unidad de Polic\u00eda de Barrio - COPE Alcoy","og_description":"La polic\u00eda de barrio se ha puesto en marcha esta ma\u00f1ana. Tras el anuncio de la semana pasada, esta ma\u00f1ana...","og_url":"https:\/\/www.copealcoy.es\/es\/la-policia-barrio-ya-patrulla-alcoy\/","og_site_name":"COPE Alcoy","article_published_time":"2016-05-16T13:51:30+00:00","article_modified_time":"2016-05-16T20:18:44+00:00","og_image":[{"width":2104,"height":946,"url":"https:\/\/www.copealcoy.es\/wp-content\/uploads\/2016\/05\/policia-1-e1463417435169.jpg","type":"image\/jpeg"}],"author":"Cope Alcoy","twitter_misc":{"Escrito por":"Cope Alcoy","Tiempo de lectura":"1 minuto"},"schema":{"@context":"https:\/\/schema.org","@graph":[{"@type":"Article","@id":"https:\/\/www.copealcoy.es\/es\/la-policia-barrio-ya-patrulla-alcoy\/#article","isPartOf":{"@id":"https:\/\/www.copealcoy.es\/es\/la-policia-barrio-ya-patrulla-alcoy\/"},"author":{"name":"Cope Alcoy","@id":"https:\/\/www.copealcoy.es\/es\/#\/schema\/person\/e777c87fa024e57d40170af9df39882c"},"headline":"Alcoy ya dispone de una unidad de Polic\u00eda de Barrio","datePublished":"2016-05-16T13:51:30+00:00","dateModified":"2016-05-16T20:18:44+00:00","mainEntityOfPage":{"@id":"https:\/\/www.copealcoy.es\/es\/la-policia-barrio-ya-patrulla-alcoy\/"},"wordCount":291,"commentCount":0,"image":{"@id":"https:\/\/www.copealcoy.es\/es\/la-policia-barrio-ya-patrulla-alcoy\/#primaryimage"},"thumbnailUrl":"https:\/\/www.copealcoy.es\/wp-content\/uploads\/2016\/05\/policia-1-e1463417435169.jpg","keywords":["Alcoy","Polic\u00eda","proximidad","Seguridad"],"articleSection":["Alcoy","Noticias","Pol\u00edtica y Econom\u00eda"],"inLanguage":"es"},{"@type":"WebPage","@id":"https:\/\/www.copealcoy.es\/es\/la-policia-barrio-ya-patrulla-alcoy\/","url":"https:\/\/www.copealcoy.es\/es\/la-policia-barrio-ya-patrulla-alcoy\/","name":"Alcoy ya dispone de una unidad de Polic\u00eda de Barrio - COPE Alcoy","isPartOf":{"@id":"https:\/\/www.copealcoy.es\/es\/#website"},"primaryImageOfPage":{"@id":"https:\/\/www.copealcoy.es\/es\/la-policia-barrio-ya-patrulla-alcoy\/#primaryimage"},"image":{"@id":"https:\/\/www.copealcoy.es\/es\/la-policia-barrio-ya-patrulla-alcoy\/#primaryimage"},"thumbnailUrl":"https:\/\/www.copealcoy.es\/wp-content\/uploads\/2016\/05\/policia-1-e1463417435169.jpg","datePublished":"2016-05-16T13:51:30+00:00","dateModified":"2016-05-16T20:18:44+00:00","author":{"@id":"https:\/\/www.copealcoy.es\/es\/#\/schema\/person\/e777c87fa024e57d40170af9df39882c"},"breadcrumb":{"@id":"https:\/\/www.copealcoy.es\/es\/la-policia-barrio-ya-patrulla-alcoy\/#breadcrumb"},"inLanguage":"es","potentialAction":[{"@type":"ReadAction","target":["https:\/\/www.copealcoy.es\/es\/la-policia-barrio-ya-patrulla-alcoy\/"]}]},{"@type":"ImageObject","inLanguage":"es","@id":"https:\/\/www.copealcoy.es\/es\/la-policia-barrio-ya-patrulla-alcoy\/#primaryimage","url":"https:\/\/www.copealcoy.es\/wp-content\/uploads\/2016\/05\/policia-1-e1463417435169.jpg","contentUrl":"https:\/\/www.copealcoy.es\/wp-content\/uploads\/2016\/05\/policia-1-e1463417435169.jpg","width":2104,"height":946},{"@type":"BreadcrumbList","@id":"https:\/\/www.copealcoy.es\/es\/la-policia-barrio-ya-patrulla-alcoy\/#breadcrumb","itemListElement":[{"@type":"ListItem","position":1,"name":"Portada","item":"https:\/\/www.copealcoy.es\/es\/"},{"@type":"ListItem","position":2,"name":"Alcoy ya dispone de una unidad de Polic\u00eda de Barrio"}]},{"@type":"WebSite","@id":"https:\/\/www.copealcoy.es\/es\/#website","url":"https:\/\/www.copealcoy.es\/es\/","name":"COPE Alcoy","description":"Emisora COPE de radio local con emisi\u00f3n online. Pont de Sant Jordi 8-10 03803 Alcoy","potentialAction":[{"@type":"SearchAction","target":{"@type":"EntryPoint","urlTemplate":"https:\/\/www.copealcoy.es\/es\/?s={search_term_string}"},"query-input":{"@type":"PropertyValueSpecification","valueRequired":true,"valueName":"search_term_string"}}],"inLanguage":"es"},{"@type":"Person","@id":"https:\/\/www.copealcoy.es\/es\/#\/schema\/person\/e777c87fa024e57d40170af9df39882c","name":"Cope Alcoy","image":{"@type":"ImageObject","inLanguage":"es","@id":"https:\/\/secure.gravatar.com\/avatar\/bb65d0283347e303893ba14f0692005417c1e0e690a325a4c5d8bb2b3943ee14?s=96&d=mm&r=g","url":"https:\/\/secure.gravatar.com\/avatar\/bb65d0283347e303893ba14f0692005417c1e0e690a325a4c5d8bb2b3943ee14?s=96&d=mm&r=g","contentUrl":"https:\/\/secure.gravatar.com\/avatar\/bb65d0283347e303893ba14f0692005417c1e0e690a325a4c5d8bb2b3943ee14?s=96&d=mm&r=g","caption":"Cope Alcoy"}}]}},"_links":{"self":[{"href":"https:\/\/www.copealcoy.es\/es\/wp-json\/wp\/v2\/posts\/21653","targetHints":{"allow":["GET"]}}],"collection":[{"href":"https:\/\/www.copealcoy.es\/es\/wp-json\/wp\/v2\/posts"}],"about":[{"href":"https:\/\/www.copealcoy.es\/es\/wp-json\/wp\/v2\/types\/post"}],"author":[{"embeddable":true,"href":"https:\/\/www.copealcoy.es\/es\/wp-json\/wp\/v2\/users\/1"}],"replies":[{"embeddable":true,"href":"https:\/\/www.copealcoy.es\/es\/wp-json\/wp\/v2\/comments?post=21653"}],"version-history":[{"count":0,"href":"https:\/\/www.copealcoy.es\/es\/wp-json\/wp\/v2\/posts\/21653\/revisions"}],"wp:featuredmedia":[{"embeddable":true,"href":"https:\/\/www.copealcoy.es\/es\/wp-json\/wp\/v2\/media\/21657"}],"wp:attachment":[{"href":"https:\/\/www.copealcoy.es\/es\/wp-json\/wp\/v2\/media?parent=21653"}],"wp:term":[{"taxonomy":"category","embeddable":true,"href":"https:\/\/www.copealcoy.es\/es\/wp-json\/wp\/v2\/categories?post=21653"},{"taxonomy":"post_tag","embeddable":true,"href":"https:\/\/www.copealcoy.es\/es\/wp-json\/wp\/v2\/tags?post=21653"}],"curies":[{"name":"wp","href":"https:\/\/api.w.org\/{rel}","templated":true}]}}