{"id":21646,"date":"2016-05-16T16:45:59","date_gmt":"2016-05-16T16:45:59","guid":{"rendered":"http:\/\/copealcoi.es\/new\/?p=21646"},"modified":"2016-05-16T16:45:59","modified_gmt":"2016-05-16T16:45:59","slug":"educacion-licita-la-redaccion-del-proyecto-del-nuevo-bracal","status":"publish","type":"post","link":"https:\/\/www.copealcoy.es\/es\/educacion-licita-la-redaccion-del-proyecto-del-nuevo-bracal\/","title":{"rendered":"Educaci\u00f3n licita la redacci\u00f3n del proyecto del nuevo Bracal"},"content":{"rendered":"<p style=\"text-align: justify;\">La Conseller\u00eda de Educaci\u00f3n ha licitado la redacci\u00f3n del proyecto para la construcci\u00f3n del nuevo colegio El Bracal de Muro por un importe de 196.832 euros tal y como\u00a0recoge este lunes el <a href=\"http:\/\/www.docv.gva.es\/datos\/2016\/05\/16\/pdf\/2016_3371.pdf\">Diario Oficial<\/a> de la Comunitat Valenciana. Las obras, cuyo coste est\u00e1 estimado en los 4\u00b48 millones de euros, empezar\u00e1n en el primer trimestre del a\u00f1o 2017 seg\u00fan los planes del Gobierno Valenciano y la empresa adjudicataria de las mismas asumir\u00e1 tambi\u00e9n la direcci\u00f3n y la coordinaci\u00f3n.<\/p>\n<p style=\"text-align: justify;\">La edil de Educaci\u00f3n en el Ayuntamiento de Muro, Fani Juan, ha explicado este lunes en Cope Alcoy que la redacci\u00f3n del proyecto se contempla en un plazo de seis meses y ha apuntado tambi\u00e9n que el municipio ha tomado este nuevo anuncio con optimismo &#8220;vamos dando peque\u00f1os pasos y estamos esperanzados en que los plazos se cumplan para ver el pr\u00f3ximo a\u00f1o que el inicio de las obras es una realidad&#8221;, indica. Adem\u00e1s la concejala recuerda que tanto el Consistorio como la comunidad educativa del Bracal &#8220;seguir\u00e1n sus reivindicaciones hasta que de una vez por todas se haya alcanzado una soluci\u00f3n a este problema que venimos arrastrando durante tantos a\u00f1os&#8221;, indica.<\/p>\n<p style=\"text-align: justify;\">Recordar que los alumnos del Bracal llevan asistiendo a clase en aulas prefabricadas\u00a0desde el curso 2007-2008 tras ser demolido el anterior edificio por padecer aluminosis. Los barracones, que hasta el momento han supuesto para la Generalitat Valenciana un coste de 2\u00b44 millones de euros, acusan ya el paso del tiempo y presentan numerosas deficiencias tal y como alert\u00f3 el pasado mes de abril la propia concejal\u00eda de Educaci\u00f3n. Adem\u00e1s el centro educativo sufre las consecuencias de la climatolog\u00eda con inundaciones en el interior cuando llueve con intensidad y elevadas temperaturas en periodos de fuerte calor. Tanto el Ayuntamiento como la comunidad educativa no han cesado en estos diez a\u00f1os las movilizaciones para reclamar un nuevo colegio denunciando numerosas veces la pasividad de la Conseller\u00eda a la hora de alcanzar una soluci\u00f3n.<\/p>\n<p>&nbsp;<\/p>\n<p>&nbsp;<\/p>\n","protected":false},"excerpt":{"rendered":"<p>La Conseller\u00eda de Educaci\u00f3n ha licitado la redacci\u00f3n del proyecto para la construcci\u00f3n del nuevo colegio El Bracal de Muro&#8230;<\/p>\n","protected":false},"author":1,"featured_media":21654,"comment_status":"open","ping_status":"open","sticky":false,"template":"","format":"standard","meta":{"footnotes":""},"categories":[75,125],"tags":[424,237,423,2266,135],"class_list":["post-21646","post","type-post","status-publish","format-standard","has-post-thumbnail","hentry","category-noticias","category-portada","tag-colegio","tag-comtat","tag-educacion","tag-fani-juan","tag-muro"],"yoast_head":"<!-- This site is optimized with the Yoast SEO plugin v27.3 - https:\/\/yoast.com\/product\/yoast-seo-wordpress\/ -->\n<title>Educaci\u00f3n licita la redacci\u00f3n del proyecto del nuevo Bracal - COPE Alcoy<\/title>\n<meta name=\"robots\" content=\"index, follow, max-snippet:-1, max-image-preview:large, max-video-preview:-1\" \/>\n<link rel=\"canonical\" href=\"https:\/\/www.copealcoy.es\/es\/educacion-licita-la-redaccion-del-proyecto-del-nuevo-bracal\/\" \/>\n<meta property=\"og:locale\" content=\"es_ES\" \/>\n<meta property=\"og:type\" content=\"article\" \/>\n<meta property=\"og:title\" content=\"Educaci\u00f3n licita la redacci\u00f3n del proyecto del nuevo Bracal - COPE Alcoy\" \/>\n<meta property=\"og:description\" content=\"La Conseller\u00eda de Educaci\u00f3n ha licitado la redacci\u00f3n del proyecto para la construcci\u00f3n del nuevo colegio El Bracal de Muro...\" \/>\n<meta property=\"og:url\" content=\"https:\/\/www.copealcoy.es\/es\/educacion-licita-la-redaccion-del-proyecto-del-nuevo-bracal\/\" \/>\n<meta property=\"og:site_name\" content=\"COPE Alcoy\" \/>\n<meta property=\"article:published_time\" content=\"2016-05-16T16:45:59+00:00\" \/>\n<meta property=\"og:image\" content=\"https:\/\/www.copealcoy.es\/wp-content\/uploads\/2016\/05\/13242129_10209342172611983_1606735369_o.jpg\" \/>\n\t<meta property=\"og:image:width\" content=\"1334\" \/>\n\t<meta property=\"og:image:height\" content=\"832\" \/>\n\t<meta property=\"og:image:type\" content=\"image\/jpeg\" \/>\n<meta name=\"author\" content=\"Cope Alcoy\" \/>\n<meta name=\"twitter:label1\" content=\"Escrito por\" \/>\n\t<meta name=\"twitter:data1\" content=\"Cope Alcoy\" \/>\n\t<meta name=\"twitter:label2\" content=\"Tiempo de lectura\" \/>\n\t<meta name=\"twitter:data2\" content=\"2 minutos\" \/>\n<script type=\"application\/ld+json\" class=\"yoast-schema-graph\">{\"@context\":\"https:\\\/\\\/schema.org\",\"@graph\":[{\"@type\":\"Article\",\"@id\":\"https:\\\/\\\/www.copealcoy.es\\\/es\\\/educacion-licita-la-redaccion-del-proyecto-del-nuevo-bracal\\\/#article\",\"isPartOf\":{\"@id\":\"https:\\\/\\\/www.copealcoy.es\\\/es\\\/educacion-licita-la-redaccion-del-proyecto-del-nuevo-bracal\\\/\"},\"author\":{\"name\":\"Cope Alcoy\",\"@id\":\"https:\\\/\\\/www.copealcoy.es\\\/es\\\/#\\\/schema\\\/person\\\/e777c87fa024e57d40170af9df39882c\"},\"headline\":\"Educaci\u00f3n licita la redacci\u00f3n del proyecto del nuevo Bracal\",\"datePublished\":\"2016-05-16T16:45:59+00:00\",\"mainEntityOfPage\":{\"@id\":\"https:\\\/\\\/www.copealcoy.es\\\/es\\\/educacion-licita-la-redaccion-del-proyecto-del-nuevo-bracal\\\/\"},\"wordCount\":359,\"commentCount\":0,\"image\":{\"@id\":\"https:\\\/\\\/www.copealcoy.es\\\/es\\\/educacion-licita-la-redaccion-del-proyecto-del-nuevo-bracal\\\/#primaryimage\"},\"thumbnailUrl\":\"https:\\\/\\\/www.copealcoy.es\\\/wp-content\\\/uploads\\\/2016\\\/05\\\/13242129_10209342172611983_1606735369_o.jpg\",\"keywords\":[\"Colegio\",\"Comtat\",\"Educaci\u00f3n\",\"Fani Juan\",\"Muro\"],\"articleSection\":[\"Noticias\",\"Portada\"],\"inLanguage\":\"es\"},{\"@type\":\"WebPage\",\"@id\":\"https:\\\/\\\/www.copealcoy.es\\\/es\\\/educacion-licita-la-redaccion-del-proyecto-del-nuevo-bracal\\\/\",\"url\":\"https:\\\/\\\/www.copealcoy.es\\\/es\\\/educacion-licita-la-redaccion-del-proyecto-del-nuevo-bracal\\\/\",\"name\":\"Educaci\u00f3n licita la redacci\u00f3n del proyecto del nuevo Bracal - COPE Alcoy\",\"isPartOf\":{\"@id\":\"https:\\\/\\\/www.copealcoy.es\\\/es\\\/#website\"},\"primaryImageOfPage\":{\"@id\":\"https:\\\/\\\/www.copealcoy.es\\\/es\\\/educacion-licita-la-redaccion-del-proyecto-del-nuevo-bracal\\\/#primaryimage\"},\"image\":{\"@id\":\"https:\\\/\\\/www.copealcoy.es\\\/es\\\/educacion-licita-la-redaccion-del-proyecto-del-nuevo-bracal\\\/#primaryimage\"},\"thumbnailUrl\":\"https:\\\/\\\/www.copealcoy.es\\\/wp-content\\\/uploads\\\/2016\\\/05\\\/13242129_10209342172611983_1606735369_o.jpg\",\"datePublished\":\"2016-05-16T16:45:59+00:00\",\"author\":{\"@id\":\"https:\\\/\\\/www.copealcoy.es\\\/es\\\/#\\\/schema\\\/person\\\/e777c87fa024e57d40170af9df39882c\"},\"breadcrumb\":{\"@id\":\"https:\\\/\\\/www.copealcoy.es\\\/es\\\/educacion-licita-la-redaccion-del-proyecto-del-nuevo-bracal\\\/#breadcrumb\"},\"inLanguage\":\"es\",\"potentialAction\":[{\"@type\":\"ReadAction\",\"target\":[\"https:\\\/\\\/www.copealcoy.es\\\/es\\\/educacion-licita-la-redaccion-del-proyecto-del-nuevo-bracal\\\/\"]}]},{\"@type\":\"ImageObject\",\"inLanguage\":\"es\",\"@id\":\"https:\\\/\\\/www.copealcoy.es\\\/es\\\/educacion-licita-la-redaccion-del-proyecto-del-nuevo-bracal\\\/#primaryimage\",\"url\":\"https:\\\/\\\/www.copealcoy.es\\\/wp-content\\\/uploads\\\/2016\\\/05\\\/13242129_10209342172611983_1606735369_o.jpg\",\"contentUrl\":\"https:\\\/\\\/www.copealcoy.es\\\/wp-content\\\/uploads\\\/2016\\\/05\\\/13242129_10209342172611983_1606735369_o.jpg\",\"width\":1334,\"height\":832,\"caption\":\"El colegio el Bracal lleva desde el 2007 en barracones \\\/ Foto: G. Pascual\"},{\"@type\":\"BreadcrumbList\",\"@id\":\"https:\\\/\\\/www.copealcoy.es\\\/es\\\/educacion-licita-la-redaccion-del-proyecto-del-nuevo-bracal\\\/#breadcrumb\",\"itemListElement\":[{\"@type\":\"ListItem\",\"position\":1,\"name\":\"Portada\",\"item\":\"https:\\\/\\\/www.copealcoy.es\\\/es\\\/\"},{\"@type\":\"ListItem\",\"position\":2,\"name\":\"Educaci\u00f3n licita la redacci\u00f3n del proyecto del nuevo Bracal\"}]},{\"@type\":\"WebSite\",\"@id\":\"https:\\\/\\\/www.copealcoy.es\\\/es\\\/#website\",\"url\":\"https:\\\/\\\/www.copealcoy.es\\\/es\\\/\",\"name\":\"COPE Alcoy\",\"description\":\"Emisora COPE de radio local con emisi\u00f3n online. Pont de Sant Jordi 8-10 03803 Alcoy\",\"potentialAction\":[{\"@type\":\"SearchAction\",\"target\":{\"@type\":\"EntryPoint\",\"urlTemplate\":\"https:\\\/\\\/www.copealcoy.es\\\/es\\\/?s={search_term_string}\"},\"query-input\":{\"@type\":\"PropertyValueSpecification\",\"valueRequired\":true,\"valueName\":\"search_term_string\"}}],\"inLanguage\":\"es\"},{\"@type\":\"Person\",\"@id\":\"https:\\\/\\\/www.copealcoy.es\\\/es\\\/#\\\/schema\\\/person\\\/e777c87fa024e57d40170af9df39882c\",\"name\":\"Cope Alcoy\",\"image\":{\"@type\":\"ImageObject\",\"inLanguage\":\"es\",\"@id\":\"https:\\\/\\\/secure.gravatar.com\\\/avatar\\\/bb65d0283347e303893ba14f0692005417c1e0e690a325a4c5d8bb2b3943ee14?s=96&d=mm&r=g\",\"url\":\"https:\\\/\\\/secure.gravatar.com\\\/avatar\\\/bb65d0283347e303893ba14f0692005417c1e0e690a325a4c5d8bb2b3943ee14?s=96&d=mm&r=g\",\"contentUrl\":\"https:\\\/\\\/secure.gravatar.com\\\/avatar\\\/bb65d0283347e303893ba14f0692005417c1e0e690a325a4c5d8bb2b3943ee14?s=96&d=mm&r=g\",\"caption\":\"Cope Alcoy\"}}]}<\/script>\n<!-- \/ Yoast SEO plugin. -->","yoast_head_json":{"title":"Educaci\u00f3n licita la redacci\u00f3n del proyecto del nuevo Bracal - COPE Alcoy","robots":{"index":"index","follow":"follow","max-snippet":"max-snippet:-1","max-image-preview":"max-image-preview:large","max-video-preview":"max-video-preview:-1"},"canonical":"https:\/\/www.copealcoy.es\/es\/educacion-licita-la-redaccion-del-proyecto-del-nuevo-bracal\/","og_locale":"es_ES","og_type":"article","og_title":"Educaci\u00f3n licita la redacci\u00f3n del proyecto del nuevo Bracal - COPE Alcoy","og_description":"La Conseller\u00eda de Educaci\u00f3n ha licitado la redacci\u00f3n del proyecto para la construcci\u00f3n del nuevo colegio El Bracal de Muro...","og_url":"https:\/\/www.copealcoy.es\/es\/educacion-licita-la-redaccion-del-proyecto-del-nuevo-bracal\/","og_site_name":"COPE Alcoy","article_published_time":"2016-05-16T16:45:59+00:00","og_image":[{"width":1334,"height":832,"url":"https:\/\/www.copealcoy.es\/wp-content\/uploads\/2016\/05\/13242129_10209342172611983_1606735369_o.jpg","type":"image\/jpeg"}],"author":"Cope Alcoy","twitter_misc":{"Escrito por":"Cope Alcoy","Tiempo de lectura":"2 minutos"},"schema":{"@context":"https:\/\/schema.org","@graph":[{"@type":"Article","@id":"https:\/\/www.copealcoy.es\/es\/educacion-licita-la-redaccion-del-proyecto-del-nuevo-bracal\/#article","isPartOf":{"@id":"https:\/\/www.copealcoy.es\/es\/educacion-licita-la-redaccion-del-proyecto-del-nuevo-bracal\/"},"author":{"name":"Cope Alcoy","@id":"https:\/\/www.copealcoy.es\/es\/#\/schema\/person\/e777c87fa024e57d40170af9df39882c"},"headline":"Educaci\u00f3n licita la redacci\u00f3n del proyecto del nuevo Bracal","datePublished":"2016-05-16T16:45:59+00:00","mainEntityOfPage":{"@id":"https:\/\/www.copealcoy.es\/es\/educacion-licita-la-redaccion-del-proyecto-del-nuevo-bracal\/"},"wordCount":359,"commentCount":0,"image":{"@id":"https:\/\/www.copealcoy.es\/es\/educacion-licita-la-redaccion-del-proyecto-del-nuevo-bracal\/#primaryimage"},"thumbnailUrl":"https:\/\/www.copealcoy.es\/wp-content\/uploads\/2016\/05\/13242129_10209342172611983_1606735369_o.jpg","keywords":["Colegio","Comtat","Educaci\u00f3n","Fani Juan","Muro"],"articleSection":["Noticias","Portada"],"inLanguage":"es"},{"@type":"WebPage","@id":"https:\/\/www.copealcoy.es\/es\/educacion-licita-la-redaccion-del-proyecto-del-nuevo-bracal\/","url":"https:\/\/www.copealcoy.es\/es\/educacion-licita-la-redaccion-del-proyecto-del-nuevo-bracal\/","name":"Educaci\u00f3n licita la redacci\u00f3n del proyecto del nuevo Bracal - COPE Alcoy","isPartOf":{"@id":"https:\/\/www.copealcoy.es\/es\/#website"},"primaryImageOfPage":{"@id":"https:\/\/www.copealcoy.es\/es\/educacion-licita-la-redaccion-del-proyecto-del-nuevo-bracal\/#primaryimage"},"image":{"@id":"https:\/\/www.copealcoy.es\/es\/educacion-licita-la-redaccion-del-proyecto-del-nuevo-bracal\/#primaryimage"},"thumbnailUrl":"https:\/\/www.copealcoy.es\/wp-content\/uploads\/2016\/05\/13242129_10209342172611983_1606735369_o.jpg","datePublished":"2016-05-16T16:45:59+00:00","author":{"@id":"https:\/\/www.copealcoy.es\/es\/#\/schema\/person\/e777c87fa024e57d40170af9df39882c"},"breadcrumb":{"@id":"https:\/\/www.copealcoy.es\/es\/educacion-licita-la-redaccion-del-proyecto-del-nuevo-bracal\/#breadcrumb"},"inLanguage":"es","potentialAction":[{"@type":"ReadAction","target":["https:\/\/www.copealcoy.es\/es\/educacion-licita-la-redaccion-del-proyecto-del-nuevo-bracal\/"]}]},{"@type":"ImageObject","inLanguage":"es","@id":"https:\/\/www.copealcoy.es\/es\/educacion-licita-la-redaccion-del-proyecto-del-nuevo-bracal\/#primaryimage","url":"https:\/\/www.copealcoy.es\/wp-content\/uploads\/2016\/05\/13242129_10209342172611983_1606735369_o.jpg","contentUrl":"https:\/\/www.copealcoy.es\/wp-content\/uploads\/2016\/05\/13242129_10209342172611983_1606735369_o.jpg","width":1334,"height":832,"caption":"El colegio el Bracal lleva desde el 2007 en barracones \/ Foto: G. Pascual"},{"@type":"BreadcrumbList","@id":"https:\/\/www.copealcoy.es\/es\/educacion-licita-la-redaccion-del-proyecto-del-nuevo-bracal\/#breadcrumb","itemListElement":[{"@type":"ListItem","position":1,"name":"Portada","item":"https:\/\/www.copealcoy.es\/es\/"},{"@type":"ListItem","position":2,"name":"Educaci\u00f3n licita la redacci\u00f3n del proyecto del nuevo Bracal"}]},{"@type":"WebSite","@id":"https:\/\/www.copealcoy.es\/es\/#website","url":"https:\/\/www.copealcoy.es\/es\/","name":"COPE Alcoy","description":"Emisora COPE de radio local con emisi\u00f3n online. Pont de Sant Jordi 8-10 03803 Alcoy","potentialAction":[{"@type":"SearchAction","target":{"@type":"EntryPoint","urlTemplate":"https:\/\/www.copealcoy.es\/es\/?s={search_term_string}"},"query-input":{"@type":"PropertyValueSpecification","valueRequired":true,"valueName":"search_term_string"}}],"inLanguage":"es"},{"@type":"Person","@id":"https:\/\/www.copealcoy.es\/es\/#\/schema\/person\/e777c87fa024e57d40170af9df39882c","name":"Cope Alcoy","image":{"@type":"ImageObject","inLanguage":"es","@id":"https:\/\/secure.gravatar.com\/avatar\/bb65d0283347e303893ba14f0692005417c1e0e690a325a4c5d8bb2b3943ee14?s=96&d=mm&r=g","url":"https:\/\/secure.gravatar.com\/avatar\/bb65d0283347e303893ba14f0692005417c1e0e690a325a4c5d8bb2b3943ee14?s=96&d=mm&r=g","contentUrl":"https:\/\/secure.gravatar.com\/avatar\/bb65d0283347e303893ba14f0692005417c1e0e690a325a4c5d8bb2b3943ee14?s=96&d=mm&r=g","caption":"Cope Alcoy"}}]}},"_links":{"self":[{"href":"https:\/\/www.copealcoy.es\/es\/wp-json\/wp\/v2\/posts\/21646","targetHints":{"allow":["GET"]}}],"collection":[{"href":"https:\/\/www.copealcoy.es\/es\/wp-json\/wp\/v2\/posts"}],"about":[{"href":"https:\/\/www.copealcoy.es\/es\/wp-json\/wp\/v2\/types\/post"}],"author":[{"embeddable":true,"href":"https:\/\/www.copealcoy.es\/es\/wp-json\/wp\/v2\/users\/1"}],"replies":[{"embeddable":true,"href":"https:\/\/www.copealcoy.es\/es\/wp-json\/wp\/v2\/comments?post=21646"}],"version-history":[{"count":0,"href":"https:\/\/www.copealcoy.es\/es\/wp-json\/wp\/v2\/posts\/21646\/revisions"}],"wp:featuredmedia":[{"embeddable":true,"href":"https:\/\/www.copealcoy.es\/es\/wp-json\/wp\/v2\/media\/21654"}],"wp:attachment":[{"href":"https:\/\/www.copealcoy.es\/es\/wp-json\/wp\/v2\/media?parent=21646"}],"wp:term":[{"taxonomy":"category","embeddable":true,"href":"https:\/\/www.copealcoy.es\/es\/wp-json\/wp\/v2\/categories?post=21646"},{"taxonomy":"post_tag","embeddable":true,"href":"https:\/\/www.copealcoy.es\/es\/wp-json\/wp\/v2\/tags?post=21646"}],"curies":[{"name":"wp","href":"https:\/\/api.w.org\/{rel}","templated":true}]}}