{"id":21626,"date":"2016-05-16T16:17:27","date_gmt":"2016-05-16T16:17:27","guid":{"rendered":"http:\/\/copealcoi.es\/new\/?p=21626"},"modified":"2016-05-16T20:20:39","modified_gmt":"2016-05-16T20:20:39","slug":"alcoy-alianza-las-ciudades","status":"publish","type":"post","link":"https:\/\/www.copealcoy.es\/es\/alcoy-alianza-las-ciudades\/","title":{"rendered":"Las infraestructuras resilientes, el objetivo de Alcoy para el desarrollo sostenible"},"content":{"rendered":"<p style=\"text-align: justify;\">Alcoy est\u00e1 dentro de la alianza de ciudades para el desarrollo sostenible.\u00a0Se trata de un <a href=\"http:\/\/www.transparencia.gva.es\/ca\/web\/cooperacion\/objetivos-de-desarrollo-sostenible\">programa impulsado desde la Generalitat Valenciana<\/a> que busca incorporar la agenda de Naciones Unidas \u00a0despu\u00e9s de que el a\u00f1o pasado\u00a0193 pa\u00edses se comprometieron con 17 Objetivos Mundiales para conseguir erradicar la pobreza extrema, combatir la desigualdad \u00a0y lograr el cambio clim\u00e1tico. \u00a0De todos ellos, Alcoy, cumplir\u00e1 el <a href=\"http:\/\/www.transparencia.gva.es\/documents\/162284683\/162521779\/09_Infraestructuras_val_v01+copy.pdf\/a9ddc49a-fbbe-4b8d-9bb2-e90fd7cce177\">objetivo n\u00famero 9<\/a>, referido a la construcci\u00f3n de infraestructuras resilientes.<\/p>\n<p style=\"text-align: justify;\"><a href=\"https:\/\/www.copealcoy.es\/alcoy-alianza-las-ciudades\/captura-de-pantalla-2016-05-16-a-les-18-08-49\/\" rel=\"attachment wp-att-21639\"><img loading=\"lazy\" decoding=\"async\" class=\"size-medium wp-image-21639 aligncenter\" src=\"https:\/\/www.copealcoy.es\/wp-content\/uploads\/2016\/05\/Captura-de-pantalla-2016-05-16-a-les-18.08.49-300x207.png\" alt=\"Captura de pantalla 2016-05-16 a les 18.08.49\" width=\"300\" height=\"207\" srcset=\"https:\/\/www.copealcoy.es\/wp-content\/uploads\/2016\/05\/Captura-de-pantalla-2016-05-16-a-les-18.08.49-300x207.png 300w, https:\/\/www.copealcoy.es\/wp-content\/uploads\/2016\/05\/Captura-de-pantalla-2016-05-16-a-les-18.08.49.png 700w\" sizes=\"auto, (max-width: 300px) 100vw, 300px\" \/><\/a><\/p>\n<p style=\"text-align: justify;\">El Director General de Cooperaci\u00f3n y Solidaridad, Federico Buyolo, ha explicado los pasos necesarios a realizar para cumplir estos objetivos.\u00a0Entre ellos est\u00e1n\u00a0\u00a0&#8220;territorializar los objetivos y\u00a0generar alianzas&#8221;, es decir, establecer buenas relaciones con ONGDs o entidades privadas que trabajen en la misma direcci\u00f3n<\/p>\n<p style=\"text-align: justify;\">El alcalde de Alcoy, Antonio Franc\u00e9s ha destacado que &#8220;es necesaria la implicaci\u00f3n de las ciudades como motor de impulso&#8221;. Adem\u00e1s, a\u00f1ade que &#8220;la innovaci\u00f3n es b\u00e1sica para el desarrollo econ\u00f3mico&#8221;.\u00a0Buyolo ha a\u00f1adido en este sentido que la ciudad\u00a0&#8220;ha sido un gran referente de las pol\u00edticas de innovaci\u00f3n y de reindustrializaci\u00f3n&#8221;.<\/p>\n<p style=\"text-align: justify;\">\n<p>&nbsp;<\/p>\n","protected":false},"excerpt":{"rendered":"<p>Alcoy est\u00e1 dentro de la alianza de ciudades para el desarrollo sostenible.\u00a0Se trata de un programa impulsado desde la Generalitat&#8230;<\/p>\n","protected":false},"author":1,"featured_media":21645,"comment_status":"open","ping_status":"open","sticky":false,"template":"","format":"standard","meta":{"footnotes":""},"categories":[75,79],"tags":[1494,2264,2265,994],"class_list":["post-21626","post","type-post","status-publish","format-standard","has-post-thumbnail","hentry","category-noticias","category-politicayeconomia","tag-alcoy","tag-cooperacion","tag-desarrollo","tag-generalitat-valenciana"],"yoast_head":"<!-- This site is optimized with the Yoast SEO plugin v27.3 - https:\/\/yoast.com\/product\/yoast-seo-wordpress\/ -->\n<title>Las infraestructuras resilientes, el objetivo de Alcoy para el desarrollo sostenible - COPE Alcoy<\/title>\n<meta name=\"robots\" content=\"index, follow, max-snippet:-1, max-image-preview:large, max-video-preview:-1\" \/>\n<link rel=\"canonical\" href=\"https:\/\/www.copealcoy.es\/es\/alcoy-alianza-las-ciudades\/\" \/>\n<meta property=\"og:locale\" content=\"es_ES\" \/>\n<meta property=\"og:type\" content=\"article\" \/>\n<meta property=\"og:title\" content=\"Las infraestructuras resilientes, el objetivo de Alcoy para el desarrollo sostenible - COPE Alcoy\" \/>\n<meta property=\"og:description\" content=\"Alcoy est\u00e1 dentro de la alianza de ciudades para el desarrollo sostenible.\u00a0Se trata de un programa impulsado desde la Generalitat...\" \/>\n<meta property=\"og:url\" content=\"https:\/\/www.copealcoy.es\/es\/alcoy-alianza-las-ciudades\/\" \/>\n<meta property=\"og:site_name\" content=\"COPE Alcoy\" \/>\n<meta property=\"article:published_time\" content=\"2016-05-16T16:17:27+00:00\" \/>\n<meta property=\"article:modified_time\" content=\"2016-05-16T20:20:39+00:00\" \/>\n<meta property=\"og:image\" content=\"https:\/\/www.copealcoy.es\/wp-content\/uploads\/2016\/05\/buyo-e1463415528121.jpg\" \/>\n\t<meta property=\"og:image:width\" content=\"2088\" \/>\n\t<meta property=\"og:image:height\" content=\"999\" \/>\n\t<meta property=\"og:image:type\" content=\"image\/jpeg\" \/>\n<meta name=\"author\" content=\"Cope Alcoy\" \/>\n<meta name=\"twitter:label1\" content=\"Escrito por\" \/>\n\t<meta name=\"twitter:data1\" content=\"Cope Alcoy\" \/>\n\t<meta name=\"twitter:label2\" content=\"Tiempo de lectura\" \/>\n\t<meta name=\"twitter:data2\" content=\"1 minuto\" \/>\n<script type=\"application\/ld+json\" class=\"yoast-schema-graph\">{\"@context\":\"https:\\\/\\\/schema.org\",\"@graph\":[{\"@type\":\"Article\",\"@id\":\"https:\\\/\\\/www.copealcoy.es\\\/es\\\/alcoy-alianza-las-ciudades\\\/#article\",\"isPartOf\":{\"@id\":\"https:\\\/\\\/www.copealcoy.es\\\/es\\\/alcoy-alianza-las-ciudades\\\/\"},\"author\":{\"name\":\"Cope Alcoy\",\"@id\":\"https:\\\/\\\/www.copealcoy.es\\\/es\\\/#\\\/schema\\\/person\\\/e777c87fa024e57d40170af9df39882c\"},\"headline\":\"Las infraestructuras resilientes, el objetivo de Alcoy para el desarrollo sostenible\",\"datePublished\":\"2016-05-16T16:17:27+00:00\",\"dateModified\":\"2016-05-16T20:20:39+00:00\",\"mainEntityOfPage\":{\"@id\":\"https:\\\/\\\/www.copealcoy.es\\\/es\\\/alcoy-alianza-las-ciudades\\\/\"},\"wordCount\":201,\"commentCount\":0,\"image\":{\"@id\":\"https:\\\/\\\/www.copealcoy.es\\\/es\\\/alcoy-alianza-las-ciudades\\\/#primaryimage\"},\"thumbnailUrl\":\"https:\\\/\\\/www.copealcoy.es\\\/wp-content\\\/uploads\\\/2016\\\/05\\\/buyo-e1463415528121.jpg\",\"keywords\":[\"Alcoy\",\"Cooperaci\u00f3n\",\"Desarrollo\",\"Generalitat Valenciana\"],\"articleSection\":[\"Noticias\",\"Pol\u00edtica y Econom\u00eda\"],\"inLanguage\":\"es\"},{\"@type\":\"WebPage\",\"@id\":\"https:\\\/\\\/www.copealcoy.es\\\/es\\\/alcoy-alianza-las-ciudades\\\/\",\"url\":\"https:\\\/\\\/www.copealcoy.es\\\/es\\\/alcoy-alianza-las-ciudades\\\/\",\"name\":\"Las infraestructuras resilientes, el objetivo de Alcoy para el desarrollo sostenible - COPE Alcoy\",\"isPartOf\":{\"@id\":\"https:\\\/\\\/www.copealcoy.es\\\/es\\\/#website\"},\"primaryImageOfPage\":{\"@id\":\"https:\\\/\\\/www.copealcoy.es\\\/es\\\/alcoy-alianza-las-ciudades\\\/#primaryimage\"},\"image\":{\"@id\":\"https:\\\/\\\/www.copealcoy.es\\\/es\\\/alcoy-alianza-las-ciudades\\\/#primaryimage\"},\"thumbnailUrl\":\"https:\\\/\\\/www.copealcoy.es\\\/wp-content\\\/uploads\\\/2016\\\/05\\\/buyo-e1463415528121.jpg\",\"datePublished\":\"2016-05-16T16:17:27+00:00\",\"dateModified\":\"2016-05-16T20:20:39+00:00\",\"author\":{\"@id\":\"https:\\\/\\\/www.copealcoy.es\\\/es\\\/#\\\/schema\\\/person\\\/e777c87fa024e57d40170af9df39882c\"},\"breadcrumb\":{\"@id\":\"https:\\\/\\\/www.copealcoy.es\\\/es\\\/alcoy-alianza-las-ciudades\\\/#breadcrumb\"},\"inLanguage\":\"es\",\"potentialAction\":[{\"@type\":\"ReadAction\",\"target\":[\"https:\\\/\\\/www.copealcoy.es\\\/es\\\/alcoy-alianza-las-ciudades\\\/\"]}]},{\"@type\":\"ImageObject\",\"inLanguage\":\"es\",\"@id\":\"https:\\\/\\\/www.copealcoy.es\\\/es\\\/alcoy-alianza-las-ciudades\\\/#primaryimage\",\"url\":\"https:\\\/\\\/www.copealcoy.es\\\/wp-content\\\/uploads\\\/2016\\\/05\\\/buyo-e1463415528121.jpg\",\"contentUrl\":\"https:\\\/\\\/www.copealcoy.es\\\/wp-content\\\/uploads\\\/2016\\\/05\\\/buyo-e1463415528121.jpg\",\"width\":2088,\"height\":999},{\"@type\":\"BreadcrumbList\",\"@id\":\"https:\\\/\\\/www.copealcoy.es\\\/es\\\/alcoy-alianza-las-ciudades\\\/#breadcrumb\",\"itemListElement\":[{\"@type\":\"ListItem\",\"position\":1,\"name\":\"Portada\",\"item\":\"https:\\\/\\\/www.copealcoy.es\\\/es\\\/\"},{\"@type\":\"ListItem\",\"position\":2,\"name\":\"Las infraestructuras resilientes, el objetivo de Alcoy para el desarrollo sostenible\"}]},{\"@type\":\"WebSite\",\"@id\":\"https:\\\/\\\/www.copealcoy.es\\\/es\\\/#website\",\"url\":\"https:\\\/\\\/www.copealcoy.es\\\/es\\\/\",\"name\":\"COPE Alcoy\",\"description\":\"Emisora COPE de radio local con emisi\u00f3n online. Pont de Sant Jordi 8-10 03803 Alcoy\",\"potentialAction\":[{\"@type\":\"SearchAction\",\"target\":{\"@type\":\"EntryPoint\",\"urlTemplate\":\"https:\\\/\\\/www.copealcoy.es\\\/es\\\/?s={search_term_string}\"},\"query-input\":{\"@type\":\"PropertyValueSpecification\",\"valueRequired\":true,\"valueName\":\"search_term_string\"}}],\"inLanguage\":\"es\"},{\"@type\":\"Person\",\"@id\":\"https:\\\/\\\/www.copealcoy.es\\\/es\\\/#\\\/schema\\\/person\\\/e777c87fa024e57d40170af9df39882c\",\"name\":\"Cope Alcoy\",\"image\":{\"@type\":\"ImageObject\",\"inLanguage\":\"es\",\"@id\":\"https:\\\/\\\/secure.gravatar.com\\\/avatar\\\/bb65d0283347e303893ba14f0692005417c1e0e690a325a4c5d8bb2b3943ee14?s=96&d=mm&r=g\",\"url\":\"https:\\\/\\\/secure.gravatar.com\\\/avatar\\\/bb65d0283347e303893ba14f0692005417c1e0e690a325a4c5d8bb2b3943ee14?s=96&d=mm&r=g\",\"contentUrl\":\"https:\\\/\\\/secure.gravatar.com\\\/avatar\\\/bb65d0283347e303893ba14f0692005417c1e0e690a325a4c5d8bb2b3943ee14?s=96&d=mm&r=g\",\"caption\":\"Cope Alcoy\"}}]}<\/script>\n<!-- \/ Yoast SEO plugin. -->","yoast_head_json":{"title":"Las infraestructuras resilientes, el objetivo de Alcoy para el desarrollo sostenible - COPE Alcoy","robots":{"index":"index","follow":"follow","max-snippet":"max-snippet:-1","max-image-preview":"max-image-preview:large","max-video-preview":"max-video-preview:-1"},"canonical":"https:\/\/www.copealcoy.es\/es\/alcoy-alianza-las-ciudades\/","og_locale":"es_ES","og_type":"article","og_title":"Las infraestructuras resilientes, el objetivo de Alcoy para el desarrollo sostenible - COPE Alcoy","og_description":"Alcoy est\u00e1 dentro de la alianza de ciudades para el desarrollo sostenible.\u00a0Se trata de un programa impulsado desde la Generalitat...","og_url":"https:\/\/www.copealcoy.es\/es\/alcoy-alianza-las-ciudades\/","og_site_name":"COPE Alcoy","article_published_time":"2016-05-16T16:17:27+00:00","article_modified_time":"2016-05-16T20:20:39+00:00","og_image":[{"width":2088,"height":999,"url":"https:\/\/www.copealcoy.es\/wp-content\/uploads\/2016\/05\/buyo-e1463415528121.jpg","type":"image\/jpeg"}],"author":"Cope Alcoy","twitter_misc":{"Escrito por":"Cope Alcoy","Tiempo de lectura":"1 minuto"},"schema":{"@context":"https:\/\/schema.org","@graph":[{"@type":"Article","@id":"https:\/\/www.copealcoy.es\/es\/alcoy-alianza-las-ciudades\/#article","isPartOf":{"@id":"https:\/\/www.copealcoy.es\/es\/alcoy-alianza-las-ciudades\/"},"author":{"name":"Cope Alcoy","@id":"https:\/\/www.copealcoy.es\/es\/#\/schema\/person\/e777c87fa024e57d40170af9df39882c"},"headline":"Las infraestructuras resilientes, el objetivo de Alcoy para el desarrollo sostenible","datePublished":"2016-05-16T16:17:27+00:00","dateModified":"2016-05-16T20:20:39+00:00","mainEntityOfPage":{"@id":"https:\/\/www.copealcoy.es\/es\/alcoy-alianza-las-ciudades\/"},"wordCount":201,"commentCount":0,"image":{"@id":"https:\/\/www.copealcoy.es\/es\/alcoy-alianza-las-ciudades\/#primaryimage"},"thumbnailUrl":"https:\/\/www.copealcoy.es\/wp-content\/uploads\/2016\/05\/buyo-e1463415528121.jpg","keywords":["Alcoy","Cooperaci\u00f3n","Desarrollo","Generalitat Valenciana"],"articleSection":["Noticias","Pol\u00edtica y Econom\u00eda"],"inLanguage":"es"},{"@type":"WebPage","@id":"https:\/\/www.copealcoy.es\/es\/alcoy-alianza-las-ciudades\/","url":"https:\/\/www.copealcoy.es\/es\/alcoy-alianza-las-ciudades\/","name":"Las infraestructuras resilientes, el objetivo de Alcoy para el desarrollo sostenible - COPE Alcoy","isPartOf":{"@id":"https:\/\/www.copealcoy.es\/es\/#website"},"primaryImageOfPage":{"@id":"https:\/\/www.copealcoy.es\/es\/alcoy-alianza-las-ciudades\/#primaryimage"},"image":{"@id":"https:\/\/www.copealcoy.es\/es\/alcoy-alianza-las-ciudades\/#primaryimage"},"thumbnailUrl":"https:\/\/www.copealcoy.es\/wp-content\/uploads\/2016\/05\/buyo-e1463415528121.jpg","datePublished":"2016-05-16T16:17:27+00:00","dateModified":"2016-05-16T20:20:39+00:00","author":{"@id":"https:\/\/www.copealcoy.es\/es\/#\/schema\/person\/e777c87fa024e57d40170af9df39882c"},"breadcrumb":{"@id":"https:\/\/www.copealcoy.es\/es\/alcoy-alianza-las-ciudades\/#breadcrumb"},"inLanguage":"es","potentialAction":[{"@type":"ReadAction","target":["https:\/\/www.copealcoy.es\/es\/alcoy-alianza-las-ciudades\/"]}]},{"@type":"ImageObject","inLanguage":"es","@id":"https:\/\/www.copealcoy.es\/es\/alcoy-alianza-las-ciudades\/#primaryimage","url":"https:\/\/www.copealcoy.es\/wp-content\/uploads\/2016\/05\/buyo-e1463415528121.jpg","contentUrl":"https:\/\/www.copealcoy.es\/wp-content\/uploads\/2016\/05\/buyo-e1463415528121.jpg","width":2088,"height":999},{"@type":"BreadcrumbList","@id":"https:\/\/www.copealcoy.es\/es\/alcoy-alianza-las-ciudades\/#breadcrumb","itemListElement":[{"@type":"ListItem","position":1,"name":"Portada","item":"https:\/\/www.copealcoy.es\/es\/"},{"@type":"ListItem","position":2,"name":"Las infraestructuras resilientes, el objetivo de Alcoy para el desarrollo sostenible"}]},{"@type":"WebSite","@id":"https:\/\/www.copealcoy.es\/es\/#website","url":"https:\/\/www.copealcoy.es\/es\/","name":"COPE Alcoy","description":"Emisora COPE de radio local con emisi\u00f3n online. Pont de Sant Jordi 8-10 03803 Alcoy","potentialAction":[{"@type":"SearchAction","target":{"@type":"EntryPoint","urlTemplate":"https:\/\/www.copealcoy.es\/es\/?s={search_term_string}"},"query-input":{"@type":"PropertyValueSpecification","valueRequired":true,"valueName":"search_term_string"}}],"inLanguage":"es"},{"@type":"Person","@id":"https:\/\/www.copealcoy.es\/es\/#\/schema\/person\/e777c87fa024e57d40170af9df39882c","name":"Cope Alcoy","image":{"@type":"ImageObject","inLanguage":"es","@id":"https:\/\/secure.gravatar.com\/avatar\/bb65d0283347e303893ba14f0692005417c1e0e690a325a4c5d8bb2b3943ee14?s=96&d=mm&r=g","url":"https:\/\/secure.gravatar.com\/avatar\/bb65d0283347e303893ba14f0692005417c1e0e690a325a4c5d8bb2b3943ee14?s=96&d=mm&r=g","contentUrl":"https:\/\/secure.gravatar.com\/avatar\/bb65d0283347e303893ba14f0692005417c1e0e690a325a4c5d8bb2b3943ee14?s=96&d=mm&r=g","caption":"Cope Alcoy"}}]}},"_links":{"self":[{"href":"https:\/\/www.copealcoy.es\/es\/wp-json\/wp\/v2\/posts\/21626","targetHints":{"allow":["GET"]}}],"collection":[{"href":"https:\/\/www.copealcoy.es\/es\/wp-json\/wp\/v2\/posts"}],"about":[{"href":"https:\/\/www.copealcoy.es\/es\/wp-json\/wp\/v2\/types\/post"}],"author":[{"embeddable":true,"href":"https:\/\/www.copealcoy.es\/es\/wp-json\/wp\/v2\/users\/1"}],"replies":[{"embeddable":true,"href":"https:\/\/www.copealcoy.es\/es\/wp-json\/wp\/v2\/comments?post=21626"}],"version-history":[{"count":0,"href":"https:\/\/www.copealcoy.es\/es\/wp-json\/wp\/v2\/posts\/21626\/revisions"}],"wp:featuredmedia":[{"embeddable":true,"href":"https:\/\/www.copealcoy.es\/es\/wp-json\/wp\/v2\/media\/21645"}],"wp:attachment":[{"href":"https:\/\/www.copealcoy.es\/es\/wp-json\/wp\/v2\/media?parent=21626"}],"wp:term":[{"taxonomy":"category","embeddable":true,"href":"https:\/\/www.copealcoy.es\/es\/wp-json\/wp\/v2\/categories?post=21626"},{"taxonomy":"post_tag","embeddable":true,"href":"https:\/\/www.copealcoy.es\/es\/wp-json\/wp\/v2\/tags?post=21626"}],"curies":[{"name":"wp","href":"https:\/\/api.w.org\/{rel}","templated":true}]}}