{"id":21619,"date":"2016-05-16T08:00:01","date_gmt":"2016-05-16T08:00:01","guid":{"rendered":"http:\/\/copealcoi.es\/new\/?p=21619"},"modified":"2016-05-15T21:39:06","modified_gmt":"2016-05-15T21:39:06","slug":"la-fila-contrabandistas-cocentaina-presenta-cd-bandolerias","status":"publish","type":"post","link":"https:\/\/www.copealcoy.es\/es\/la-fila-contrabandistas-cocentaina-presenta-cd-bandolerias\/","title":{"rendered":"La Fil\u00e0 Contrabandistas de Cocentaina presenta el CD Bandoler\u00edas"},"content":{"rendered":"<p style=\"text-align: justify;\">La Fil\u00e0 Contrabandistas de Cocentaina present\u00f3 el pasado viernes por la tarde en el Centre Cultural El Teular el disco de m\u00fasica festera Bandoler\u00edas editado con motivo del a\u00f1o del cargo de abanderado cristiano que ostenta \u00c1lvaro Reig\u00a0<em>Pitxoc.\u00a0<\/em><\/p>\n<p style=\"text-align: justify;\">Este trabajo discogr\u00e1fico, editado por la Obra Social de Caixa Ontinyent, fue grabado el pasado 16 de enero a cargo de la Banda Primitiva de Palomar bajo la coordinaci\u00f3n del compositor contestano Santi Revert. El mismo recoge un total de 15 obras escritas para los Contrabandistas y entre ellas algunas de las que se han creado este 2016 con motivo del citado cargo de Bandera.<\/p>\n<p style=\"text-align: justify;\">El acto del viernes estuvo presentado por Jos\u00e9 Vicente Sancho y cont\u00f3 con varios agradecimientos a \u00c1lvaro Reig cuya vida festera siempre ha estado ligada a los Contrabandistas. Adem\u00e1s Rafa Ferrero, colaborador habitual del programa <em>Anem de Festa<\/em> de TV Mediterr\u00e1neo, ejerci\u00f3 de mantenedor y actu\u00f3 el ballet de Gabi Amador. La alcaldesa de Cocentaina, Mireia Estepa, tambi\u00e9n dirigi\u00f3 unas palabras para concluir la presentaci\u00f3n del CD.<\/p>\n<p>&nbsp;<\/p>\n<div class=\"adm-intext\">\n<div id=\"vjs_video_2236\" class=\"video-js vjs-default-skin vjs_video_2236-dimensions vjs-controls-enabled vjs-has-started vjs-waiting vjs-vast-ad-loading vjs-paused vjs-vpaid-ad vjs-vpaid-flash-ad vjs-user-inactive\">\n<div class=\"vjs-control-bar\"><\/div>\n<\/div>\n<\/div>\n","protected":false},"excerpt":{"rendered":"<p>La Fil\u00e0 Contrabandistas de Cocentaina present\u00f3 el pasado viernes por la tarde en el Centre Cultural El Teular el disco&#8230;<\/p>\n","protected":false},"author":1,"featured_media":21620,"comment_status":"open","ping_status":"open","sticky":false,"template":"","format":"standard","meta":{"footnotes":""},"categories":[98,75],"tags":[2262,2261,132,2263],"class_list":["post-21619","post","type-post","status-publish","format-standard","has-post-thumbnail","hentry","category-comarcas","category-noticias","tag-bandolerias","tag-cd","tag-cocentaina","tag-contrabandistas"],"yoast_head":"<!-- This site is optimized with the Yoast SEO plugin v27.3 - https:\/\/yoast.com\/product\/yoast-seo-wordpress\/ -->\n<title>La Fil\u00e0 Contrabandistas de Cocentaina presenta el CD Bandoler\u00edas - COPE Alcoy<\/title>\n<meta name=\"robots\" content=\"index, follow, max-snippet:-1, max-image-preview:large, max-video-preview:-1\" \/>\n<link rel=\"canonical\" href=\"https:\/\/www.copealcoy.es\/es\/la-fila-contrabandistas-cocentaina-presenta-cd-bandolerias\/\" \/>\n<meta property=\"og:locale\" content=\"es_ES\" \/>\n<meta property=\"og:type\" content=\"article\" \/>\n<meta property=\"og:title\" content=\"La Fil\u00e0 Contrabandistas de Cocentaina presenta el CD Bandoler\u00edas - COPE Alcoy\" \/>\n<meta property=\"og:description\" content=\"La Fil\u00e0 Contrabandistas de Cocentaina present\u00f3 el pasado viernes por la tarde en el Centre Cultural El Teular el disco...\" \/>\n<meta property=\"og:url\" content=\"https:\/\/www.copealcoy.es\/es\/la-fila-contrabandistas-cocentaina-presenta-cd-bandolerias\/\" \/>\n<meta property=\"og:site_name\" content=\"COPE Alcoy\" \/>\n<meta property=\"article:published_time\" content=\"2016-05-16T08:00:01+00:00\" \/>\n<meta property=\"og:image\" content=\"https:\/\/www.copealcoy.es\/wp-content\/uploads\/2016\/05\/13177840_10201826316215115_6171652101722858268_n.jpg\" \/>\n\t<meta property=\"og:image:width\" content=\"960\" \/>\n\t<meta property=\"og:image:height\" content=\"577\" \/>\n\t<meta property=\"og:image:type\" content=\"image\/jpeg\" \/>\n<meta name=\"author\" content=\"Cope Alcoy\" \/>\n<meta name=\"twitter:label1\" content=\"Escrito por\" \/>\n\t<meta name=\"twitter:data1\" content=\"Cope Alcoy\" \/>\n\t<meta name=\"twitter:label2\" content=\"Tiempo de lectura\" \/>\n\t<meta name=\"twitter:data2\" content=\"1 minuto\" \/>\n<script type=\"application\/ld+json\" class=\"yoast-schema-graph\">{\"@context\":\"https:\\\/\\\/schema.org\",\"@graph\":[{\"@type\":\"Article\",\"@id\":\"https:\\\/\\\/www.copealcoy.es\\\/es\\\/la-fila-contrabandistas-cocentaina-presenta-cd-bandolerias\\\/#article\",\"isPartOf\":{\"@id\":\"https:\\\/\\\/www.copealcoy.es\\\/es\\\/la-fila-contrabandistas-cocentaina-presenta-cd-bandolerias\\\/\"},\"author\":{\"name\":\"Cope Alcoy\",\"@id\":\"https:\\\/\\\/www.copealcoy.es\\\/es\\\/#\\\/schema\\\/person\\\/e777c87fa024e57d40170af9df39882c\"},\"headline\":\"La Fil\u00e0 Contrabandistas de Cocentaina presenta el CD Bandoler\u00edas\",\"datePublished\":\"2016-05-16T08:00:01+00:00\",\"mainEntityOfPage\":{\"@id\":\"https:\\\/\\\/www.copealcoy.es\\\/es\\\/la-fila-contrabandistas-cocentaina-presenta-cd-bandolerias\\\/\"},\"wordCount\":188,\"commentCount\":0,\"image\":{\"@id\":\"https:\\\/\\\/www.copealcoy.es\\\/es\\\/la-fila-contrabandistas-cocentaina-presenta-cd-bandolerias\\\/#primaryimage\"},\"thumbnailUrl\":\"https:\\\/\\\/www.copealcoy.es\\\/wp-content\\\/uploads\\\/2016\\\/05\\\/13177840_10201826316215115_6171652101722858268_n.jpg\",\"keywords\":[\"Bandoler\u00edas\",\"CD\",\"Cocentaina\",\"Contrabandistas\"],\"articleSection\":[\"Comarcas\",\"Noticias\"],\"inLanguage\":\"es\"},{\"@type\":\"WebPage\",\"@id\":\"https:\\\/\\\/www.copealcoy.es\\\/es\\\/la-fila-contrabandistas-cocentaina-presenta-cd-bandolerias\\\/\",\"url\":\"https:\\\/\\\/www.copealcoy.es\\\/es\\\/la-fila-contrabandistas-cocentaina-presenta-cd-bandolerias\\\/\",\"name\":\"La Fil\u00e0 Contrabandistas de Cocentaina presenta el CD Bandoler\u00edas - COPE Alcoy\",\"isPartOf\":{\"@id\":\"https:\\\/\\\/www.copealcoy.es\\\/es\\\/#website\"},\"primaryImageOfPage\":{\"@id\":\"https:\\\/\\\/www.copealcoy.es\\\/es\\\/la-fila-contrabandistas-cocentaina-presenta-cd-bandolerias\\\/#primaryimage\"},\"image\":{\"@id\":\"https:\\\/\\\/www.copealcoy.es\\\/es\\\/la-fila-contrabandistas-cocentaina-presenta-cd-bandolerias\\\/#primaryimage\"},\"thumbnailUrl\":\"https:\\\/\\\/www.copealcoy.es\\\/wp-content\\\/uploads\\\/2016\\\/05\\\/13177840_10201826316215115_6171652101722858268_n.jpg\",\"datePublished\":\"2016-05-16T08:00:01+00:00\",\"author\":{\"@id\":\"https:\\\/\\\/www.copealcoy.es\\\/es\\\/#\\\/schema\\\/person\\\/e777c87fa024e57d40170af9df39882c\"},\"breadcrumb\":{\"@id\":\"https:\\\/\\\/www.copealcoy.es\\\/es\\\/la-fila-contrabandistas-cocentaina-presenta-cd-bandolerias\\\/#breadcrumb\"},\"inLanguage\":\"es\",\"potentialAction\":[{\"@type\":\"ReadAction\",\"target\":[\"https:\\\/\\\/www.copealcoy.es\\\/es\\\/la-fila-contrabandistas-cocentaina-presenta-cd-bandolerias\\\/\"]}]},{\"@type\":\"ImageObject\",\"inLanguage\":\"es\",\"@id\":\"https:\\\/\\\/www.copealcoy.es\\\/es\\\/la-fila-contrabandistas-cocentaina-presenta-cd-bandolerias\\\/#primaryimage\",\"url\":\"https:\\\/\\\/www.copealcoy.es\\\/wp-content\\\/uploads\\\/2016\\\/05\\\/13177840_10201826316215115_6171652101722858268_n.jpg\",\"contentUrl\":\"https:\\\/\\\/www.copealcoy.es\\\/wp-content\\\/uploads\\\/2016\\\/05\\\/13177840_10201826316215115_6171652101722858268_n.jpg\",\"width\":960,\"height\":577,\"caption\":\"La presentaci\u00f3n del CD tuvo lugar en el Centre Cultural El Teular \\\/ Foto: Paco Sempere\"},{\"@type\":\"BreadcrumbList\",\"@id\":\"https:\\\/\\\/www.copealcoy.es\\\/es\\\/la-fila-contrabandistas-cocentaina-presenta-cd-bandolerias\\\/#breadcrumb\",\"itemListElement\":[{\"@type\":\"ListItem\",\"position\":1,\"name\":\"Portada\",\"item\":\"https:\\\/\\\/www.copealcoy.es\\\/es\\\/\"},{\"@type\":\"ListItem\",\"position\":2,\"name\":\"La Fil\u00e0 Contrabandistas de Cocentaina presenta el CD Bandoler\u00edas\"}]},{\"@type\":\"WebSite\",\"@id\":\"https:\\\/\\\/www.copealcoy.es\\\/es\\\/#website\",\"url\":\"https:\\\/\\\/www.copealcoy.es\\\/es\\\/\",\"name\":\"COPE Alcoy\",\"description\":\"Emisora COPE de radio local con emisi\u00f3n online. Pont de Sant Jordi 8-10 03803 Alcoy\",\"potentialAction\":[{\"@type\":\"SearchAction\",\"target\":{\"@type\":\"EntryPoint\",\"urlTemplate\":\"https:\\\/\\\/www.copealcoy.es\\\/es\\\/?s={search_term_string}\"},\"query-input\":{\"@type\":\"PropertyValueSpecification\",\"valueRequired\":true,\"valueName\":\"search_term_string\"}}],\"inLanguage\":\"es\"},{\"@type\":\"Person\",\"@id\":\"https:\\\/\\\/www.copealcoy.es\\\/es\\\/#\\\/schema\\\/person\\\/e777c87fa024e57d40170af9df39882c\",\"name\":\"Cope Alcoy\",\"image\":{\"@type\":\"ImageObject\",\"inLanguage\":\"es\",\"@id\":\"https:\\\/\\\/secure.gravatar.com\\\/avatar\\\/bb65d0283347e303893ba14f0692005417c1e0e690a325a4c5d8bb2b3943ee14?s=96&d=mm&r=g\",\"url\":\"https:\\\/\\\/secure.gravatar.com\\\/avatar\\\/bb65d0283347e303893ba14f0692005417c1e0e690a325a4c5d8bb2b3943ee14?s=96&d=mm&r=g\",\"contentUrl\":\"https:\\\/\\\/secure.gravatar.com\\\/avatar\\\/bb65d0283347e303893ba14f0692005417c1e0e690a325a4c5d8bb2b3943ee14?s=96&d=mm&r=g\",\"caption\":\"Cope Alcoy\"}}]}<\/script>\n<!-- \/ Yoast SEO plugin. -->","yoast_head_json":{"title":"La Fil\u00e0 Contrabandistas de Cocentaina presenta el CD Bandoler\u00edas - COPE Alcoy","robots":{"index":"index","follow":"follow","max-snippet":"max-snippet:-1","max-image-preview":"max-image-preview:large","max-video-preview":"max-video-preview:-1"},"canonical":"https:\/\/www.copealcoy.es\/es\/la-fila-contrabandistas-cocentaina-presenta-cd-bandolerias\/","og_locale":"es_ES","og_type":"article","og_title":"La Fil\u00e0 Contrabandistas de Cocentaina presenta el CD Bandoler\u00edas - COPE Alcoy","og_description":"La Fil\u00e0 Contrabandistas de Cocentaina present\u00f3 el pasado viernes por la tarde en el Centre Cultural El Teular el disco...","og_url":"https:\/\/www.copealcoy.es\/es\/la-fila-contrabandistas-cocentaina-presenta-cd-bandolerias\/","og_site_name":"COPE Alcoy","article_published_time":"2016-05-16T08:00:01+00:00","og_image":[{"width":960,"height":577,"url":"https:\/\/www.copealcoy.es\/wp-content\/uploads\/2016\/05\/13177840_10201826316215115_6171652101722858268_n.jpg","type":"image\/jpeg"}],"author":"Cope Alcoy","twitter_misc":{"Escrito por":"Cope Alcoy","Tiempo de lectura":"1 minuto"},"schema":{"@context":"https:\/\/schema.org","@graph":[{"@type":"Article","@id":"https:\/\/www.copealcoy.es\/es\/la-fila-contrabandistas-cocentaina-presenta-cd-bandolerias\/#article","isPartOf":{"@id":"https:\/\/www.copealcoy.es\/es\/la-fila-contrabandistas-cocentaina-presenta-cd-bandolerias\/"},"author":{"name":"Cope Alcoy","@id":"https:\/\/www.copealcoy.es\/es\/#\/schema\/person\/e777c87fa024e57d40170af9df39882c"},"headline":"La Fil\u00e0 Contrabandistas de Cocentaina presenta el CD Bandoler\u00edas","datePublished":"2016-05-16T08:00:01+00:00","mainEntityOfPage":{"@id":"https:\/\/www.copealcoy.es\/es\/la-fila-contrabandistas-cocentaina-presenta-cd-bandolerias\/"},"wordCount":188,"commentCount":0,"image":{"@id":"https:\/\/www.copealcoy.es\/es\/la-fila-contrabandistas-cocentaina-presenta-cd-bandolerias\/#primaryimage"},"thumbnailUrl":"https:\/\/www.copealcoy.es\/wp-content\/uploads\/2016\/05\/13177840_10201826316215115_6171652101722858268_n.jpg","keywords":["Bandoler\u00edas","CD","Cocentaina","Contrabandistas"],"articleSection":["Comarcas","Noticias"],"inLanguage":"es"},{"@type":"WebPage","@id":"https:\/\/www.copealcoy.es\/es\/la-fila-contrabandistas-cocentaina-presenta-cd-bandolerias\/","url":"https:\/\/www.copealcoy.es\/es\/la-fila-contrabandistas-cocentaina-presenta-cd-bandolerias\/","name":"La Fil\u00e0 Contrabandistas de Cocentaina presenta el CD Bandoler\u00edas - COPE Alcoy","isPartOf":{"@id":"https:\/\/www.copealcoy.es\/es\/#website"},"primaryImageOfPage":{"@id":"https:\/\/www.copealcoy.es\/es\/la-fila-contrabandistas-cocentaina-presenta-cd-bandolerias\/#primaryimage"},"image":{"@id":"https:\/\/www.copealcoy.es\/es\/la-fila-contrabandistas-cocentaina-presenta-cd-bandolerias\/#primaryimage"},"thumbnailUrl":"https:\/\/www.copealcoy.es\/wp-content\/uploads\/2016\/05\/13177840_10201826316215115_6171652101722858268_n.jpg","datePublished":"2016-05-16T08:00:01+00:00","author":{"@id":"https:\/\/www.copealcoy.es\/es\/#\/schema\/person\/e777c87fa024e57d40170af9df39882c"},"breadcrumb":{"@id":"https:\/\/www.copealcoy.es\/es\/la-fila-contrabandistas-cocentaina-presenta-cd-bandolerias\/#breadcrumb"},"inLanguage":"es","potentialAction":[{"@type":"ReadAction","target":["https:\/\/www.copealcoy.es\/es\/la-fila-contrabandistas-cocentaina-presenta-cd-bandolerias\/"]}]},{"@type":"ImageObject","inLanguage":"es","@id":"https:\/\/www.copealcoy.es\/es\/la-fila-contrabandistas-cocentaina-presenta-cd-bandolerias\/#primaryimage","url":"https:\/\/www.copealcoy.es\/wp-content\/uploads\/2016\/05\/13177840_10201826316215115_6171652101722858268_n.jpg","contentUrl":"https:\/\/www.copealcoy.es\/wp-content\/uploads\/2016\/05\/13177840_10201826316215115_6171652101722858268_n.jpg","width":960,"height":577,"caption":"La presentaci\u00f3n del CD tuvo lugar en el Centre Cultural El Teular \/ Foto: Paco Sempere"},{"@type":"BreadcrumbList","@id":"https:\/\/www.copealcoy.es\/es\/la-fila-contrabandistas-cocentaina-presenta-cd-bandolerias\/#breadcrumb","itemListElement":[{"@type":"ListItem","position":1,"name":"Portada","item":"https:\/\/www.copealcoy.es\/es\/"},{"@type":"ListItem","position":2,"name":"La Fil\u00e0 Contrabandistas de Cocentaina presenta el CD Bandoler\u00edas"}]},{"@type":"WebSite","@id":"https:\/\/www.copealcoy.es\/es\/#website","url":"https:\/\/www.copealcoy.es\/es\/","name":"COPE Alcoy","description":"Emisora COPE de radio local con emisi\u00f3n online. Pont de Sant Jordi 8-10 03803 Alcoy","potentialAction":[{"@type":"SearchAction","target":{"@type":"EntryPoint","urlTemplate":"https:\/\/www.copealcoy.es\/es\/?s={search_term_string}"},"query-input":{"@type":"PropertyValueSpecification","valueRequired":true,"valueName":"search_term_string"}}],"inLanguage":"es"},{"@type":"Person","@id":"https:\/\/www.copealcoy.es\/es\/#\/schema\/person\/e777c87fa024e57d40170af9df39882c","name":"Cope Alcoy","image":{"@type":"ImageObject","inLanguage":"es","@id":"https:\/\/secure.gravatar.com\/avatar\/bb65d0283347e303893ba14f0692005417c1e0e690a325a4c5d8bb2b3943ee14?s=96&d=mm&r=g","url":"https:\/\/secure.gravatar.com\/avatar\/bb65d0283347e303893ba14f0692005417c1e0e690a325a4c5d8bb2b3943ee14?s=96&d=mm&r=g","contentUrl":"https:\/\/secure.gravatar.com\/avatar\/bb65d0283347e303893ba14f0692005417c1e0e690a325a4c5d8bb2b3943ee14?s=96&d=mm&r=g","caption":"Cope Alcoy"}}]}},"_links":{"self":[{"href":"https:\/\/www.copealcoy.es\/es\/wp-json\/wp\/v2\/posts\/21619","targetHints":{"allow":["GET"]}}],"collection":[{"href":"https:\/\/www.copealcoy.es\/es\/wp-json\/wp\/v2\/posts"}],"about":[{"href":"https:\/\/www.copealcoy.es\/es\/wp-json\/wp\/v2\/types\/post"}],"author":[{"embeddable":true,"href":"https:\/\/www.copealcoy.es\/es\/wp-json\/wp\/v2\/users\/1"}],"replies":[{"embeddable":true,"href":"https:\/\/www.copealcoy.es\/es\/wp-json\/wp\/v2\/comments?post=21619"}],"version-history":[{"count":0,"href":"https:\/\/www.copealcoy.es\/es\/wp-json\/wp\/v2\/posts\/21619\/revisions"}],"wp:featuredmedia":[{"embeddable":true,"href":"https:\/\/www.copealcoy.es\/es\/wp-json\/wp\/v2\/media\/21620"}],"wp:attachment":[{"href":"https:\/\/www.copealcoy.es\/es\/wp-json\/wp\/v2\/media?parent=21619"}],"wp:term":[{"taxonomy":"category","embeddable":true,"href":"https:\/\/www.copealcoy.es\/es\/wp-json\/wp\/v2\/categories?post=21619"},{"taxonomy":"post_tag","embeddable":true,"href":"https:\/\/www.copealcoy.es\/es\/wp-json\/wp\/v2\/tags?post=21619"}],"curies":[{"name":"wp","href":"https:\/\/api.w.org\/{rel}","templated":true}]}}