{"id":21606,"date":"2016-05-14T08:20:08","date_gmt":"2016-05-14T08:20:08","guid":{"rendered":"http:\/\/copealcoi.es\/new\/?p=21606"},"modified":"2016-05-14T08:22:34","modified_gmt":"2016-05-14T08:22:34","slug":"el-consell-aprueba-el-traslado-de-los-juzgados-de-alcoy","status":"publish","type":"post","link":"https:\/\/www.copealcoy.es\/es\/el-consell-aprueba-el-traslado-de-los-juzgados-de-alcoy\/","title":{"rendered":"El Consell aprueba el traslado de los juzgados de Alcoy"},"content":{"rendered":"<p style=\"text-align: justify;\">El pleno del Consell aprob\u00f3 ayer el convenio para el traslado de los juzgados de Alcoy desde la plaza de Al-Azraq hasta la placeta de la Mare de D\u00e9u.<\/p>\n<p style=\"text-align: justify;\">La vicepresidenta del Gobierno Valenciano, M\u00f3nica Oltra, destacaba ayer que se ha conseguido desbloquear la situaci\u00f3n &#8220;tras m\u00e1s de once a\u00f1os atascada por informes de la inspecci\u00f3n de trabajo que desaconsejaban el ejercicio de las funciones de los empleados p\u00fablicos en el edificio&#8221;. Adem\u00e1s calific\u00f3 el convenio &#8220;de beneficioso&#8221; e indic\u00f3 que los principales acuerdos del mismo pasan porque la Generalitat ocupar\u00e1 de forma gratuita el edificio pero abonar\u00e1 todos los gastos que surjan de la ocupaci\u00f3n del mismo. En este sentido Oltra indic\u00f3 que &#8220;durante este a\u00f1o se seguir\u00e1 trabajando en la f\u00f3rmula para que el Consell adquiera el inmueble y en caso de no conseguirse se abonar\u00e1n 32.400 euros anuales por un periodo de tres a\u00f1os&#8221;, inform\u00f3.<\/p>\n<p>La firma de este convenio abre ahora tambi\u00e9n las puertas a pensar en el futuro sobre los usos que se le puede dar al inmueble al edificio de la plaza Al-Azraq.<\/p>\n<p style=\"text-align: justify;\"><strong>Traslado para el verano<\/strong><\/p>\n<p style=\"text-align: justify;\">La edil de R\u00e9gimen Jur\u00eddico, Lorena Zamorano, record\u00f3 ayer en Cope Alcoy que el Ayuntamiento aprob\u00f3 en abril el convenio y se\u00f1al\u00f3 que ahora se van a hacer los trabajos oportunos &#8220;para poder iniciar el traslado en verano, previsiblemente en agosto, para no interferir en las cuestiones diarias de los juzgados&#8221;, asever\u00f3. Zamorano adem\u00e1s apunt\u00f3 que se van a acometer una serie de actuaciones en el inmueble de la Verge Mar\u00eda &#8220;porque est\u00e1 da\u00f1ado por el paso del tiempo y se tiene que adaptar tambi\u00e9n a las necesidades que plantean las nuevas tecnolog\u00edas&#8221;, concluy\u00f3.<\/p>\n","protected":false},"excerpt":{"rendered":"<p>El pleno del Consell aprob\u00f3 ayer el convenio para el traslado de los juzgados de Alcoy desde la plaza de&#8230;<\/p>\n","protected":false},"author":1,"featured_media":11326,"comment_status":"open","ping_status":"open","sticky":false,"template":"","format":"standard","meta":{"footnotes":""},"categories":[97,75,125],"tags":[1494,479,245,2253],"class_list":["post-21606","post","type-post","status-publish","format-standard","has-post-thumbnail","hentry","category-alcoy","category-noticias","category-portada","tag-alcoy","tag-consell","tag-juzgados","tag-monica-oltra"],"yoast_head":"<!-- This site is optimized with the Yoast SEO plugin v27.3 - https:\/\/yoast.com\/product\/yoast-seo-wordpress\/ -->\n<title>El Consell aprueba el traslado de los juzgados de Alcoy - COPE Alcoy<\/title>\n<meta name=\"robots\" content=\"index, follow, max-snippet:-1, max-image-preview:large, max-video-preview:-1\" \/>\n<link rel=\"canonical\" href=\"https:\/\/www.copealcoy.es\/es\/el-consell-aprueba-el-traslado-de-los-juzgados-de-alcoy\/\" \/>\n<meta property=\"og:locale\" content=\"es_ES\" \/>\n<meta property=\"og:type\" content=\"article\" \/>\n<meta property=\"og:title\" content=\"El Consell aprueba el traslado de los juzgados de Alcoy - COPE Alcoy\" \/>\n<meta property=\"og:description\" content=\"El pleno del Consell aprob\u00f3 ayer el convenio para el traslado de los juzgados de Alcoy desde la plaza de...\" \/>\n<meta property=\"og:url\" content=\"https:\/\/www.copealcoy.es\/es\/el-consell-aprueba-el-traslado-de-los-juzgados-de-alcoy\/\" \/>\n<meta property=\"og:site_name\" content=\"COPE Alcoy\" \/>\n<meta property=\"article:published_time\" content=\"2016-05-14T08:20:08+00:00\" \/>\n<meta property=\"article:modified_time\" content=\"2016-05-14T08:22:34+00:00\" \/>\n<meta property=\"og:image\" content=\"https:\/\/www.copealcoy.es\/wp-content\/uploads\/2015\/03\/image40-e1463214043484.jpg\" \/>\n\t<meta property=\"og:image:width\" content=\"887\" \/>\n\t<meta property=\"og:image:height\" content=\"530\" \/>\n\t<meta property=\"og:image:type\" content=\"image\/jpeg\" \/>\n<meta name=\"author\" content=\"Cope Alcoy\" \/>\n<meta name=\"twitter:label1\" content=\"Escrito por\" \/>\n\t<meta name=\"twitter:data1\" content=\"Cope Alcoy\" \/>\n\t<meta name=\"twitter:label2\" content=\"Tiempo de lectura\" \/>\n\t<meta name=\"twitter:data2\" content=\"1 minuto\" \/>\n<script type=\"application\/ld+json\" class=\"yoast-schema-graph\">{\"@context\":\"https:\\\/\\\/schema.org\",\"@graph\":[{\"@type\":\"Article\",\"@id\":\"https:\\\/\\\/www.copealcoy.es\\\/es\\\/el-consell-aprueba-el-traslado-de-los-juzgados-de-alcoy\\\/#article\",\"isPartOf\":{\"@id\":\"https:\\\/\\\/www.copealcoy.es\\\/es\\\/el-consell-aprueba-el-traslado-de-los-juzgados-de-alcoy\\\/\"},\"author\":{\"name\":\"Cope Alcoy\",\"@id\":\"https:\\\/\\\/www.copealcoy.es\\\/es\\\/#\\\/schema\\\/person\\\/e777c87fa024e57d40170af9df39882c\"},\"headline\":\"El Consell aprueba el traslado de los juzgados de Alcoy\",\"datePublished\":\"2016-05-14T08:20:08+00:00\",\"dateModified\":\"2016-05-14T08:22:34+00:00\",\"mainEntityOfPage\":{\"@id\":\"https:\\\/\\\/www.copealcoy.es\\\/es\\\/el-consell-aprueba-el-traslado-de-los-juzgados-de-alcoy\\\/\"},\"wordCount\":308,\"commentCount\":0,\"image\":{\"@id\":\"https:\\\/\\\/www.copealcoy.es\\\/es\\\/el-consell-aprueba-el-traslado-de-los-juzgados-de-alcoy\\\/#primaryimage\"},\"thumbnailUrl\":\"https:\\\/\\\/www.copealcoy.es\\\/wp-content\\\/uploads\\\/2015\\\/03\\\/image40-e1463214043484.jpg\",\"keywords\":[\"Alcoy\",\"Consell\",\"Juzgados\",\"M\u00f3nica Oltra\"],\"articleSection\":[\"Alcoy\",\"Noticias\",\"Portada\"],\"inLanguage\":\"es\"},{\"@type\":\"WebPage\",\"@id\":\"https:\\\/\\\/www.copealcoy.es\\\/es\\\/el-consell-aprueba-el-traslado-de-los-juzgados-de-alcoy\\\/\",\"url\":\"https:\\\/\\\/www.copealcoy.es\\\/es\\\/el-consell-aprueba-el-traslado-de-los-juzgados-de-alcoy\\\/\",\"name\":\"El Consell aprueba el traslado de los juzgados de Alcoy - COPE Alcoy\",\"isPartOf\":{\"@id\":\"https:\\\/\\\/www.copealcoy.es\\\/es\\\/#website\"},\"primaryImageOfPage\":{\"@id\":\"https:\\\/\\\/www.copealcoy.es\\\/es\\\/el-consell-aprueba-el-traslado-de-los-juzgados-de-alcoy\\\/#primaryimage\"},\"image\":{\"@id\":\"https:\\\/\\\/www.copealcoy.es\\\/es\\\/el-consell-aprueba-el-traslado-de-los-juzgados-de-alcoy\\\/#primaryimage\"},\"thumbnailUrl\":\"https:\\\/\\\/www.copealcoy.es\\\/wp-content\\\/uploads\\\/2015\\\/03\\\/image40-e1463214043484.jpg\",\"datePublished\":\"2016-05-14T08:20:08+00:00\",\"dateModified\":\"2016-05-14T08:22:34+00:00\",\"author\":{\"@id\":\"https:\\\/\\\/www.copealcoy.es\\\/es\\\/#\\\/schema\\\/person\\\/e777c87fa024e57d40170af9df39882c\"},\"breadcrumb\":{\"@id\":\"https:\\\/\\\/www.copealcoy.es\\\/es\\\/el-consell-aprueba-el-traslado-de-los-juzgados-de-alcoy\\\/#breadcrumb\"},\"inLanguage\":\"es\",\"potentialAction\":[{\"@type\":\"ReadAction\",\"target\":[\"https:\\\/\\\/www.copealcoy.es\\\/es\\\/el-consell-aprueba-el-traslado-de-los-juzgados-de-alcoy\\\/\"]}]},{\"@type\":\"ImageObject\",\"inLanguage\":\"es\",\"@id\":\"https:\\\/\\\/www.copealcoy.es\\\/es\\\/el-consell-aprueba-el-traslado-de-los-juzgados-de-alcoy\\\/#primaryimage\",\"url\":\"https:\\\/\\\/www.copealcoy.es\\\/wp-content\\\/uploads\\\/2015\\\/03\\\/image40-e1463214043484.jpg\",\"contentUrl\":\"https:\\\/\\\/www.copealcoy.es\\\/wp-content\\\/uploads\\\/2015\\\/03\\\/image40-e1463214043484.jpg\",\"width\":887,\"height\":530,\"caption\":\"Nuevo Palacio de Justicia de la Verge Mar\u00eda\"},{\"@type\":\"BreadcrumbList\",\"@id\":\"https:\\\/\\\/www.copealcoy.es\\\/es\\\/el-consell-aprueba-el-traslado-de-los-juzgados-de-alcoy\\\/#breadcrumb\",\"itemListElement\":[{\"@type\":\"ListItem\",\"position\":1,\"name\":\"Portada\",\"item\":\"https:\\\/\\\/www.copealcoy.es\\\/es\\\/\"},{\"@type\":\"ListItem\",\"position\":2,\"name\":\"El Consell aprueba el traslado de los juzgados de Alcoy\"}]},{\"@type\":\"WebSite\",\"@id\":\"https:\\\/\\\/www.copealcoy.es\\\/es\\\/#website\",\"url\":\"https:\\\/\\\/www.copealcoy.es\\\/es\\\/\",\"name\":\"COPE Alcoy\",\"description\":\"Emisora COPE de radio local con emisi\u00f3n online. Pont de Sant Jordi 8-10 03803 Alcoy\",\"potentialAction\":[{\"@type\":\"SearchAction\",\"target\":{\"@type\":\"EntryPoint\",\"urlTemplate\":\"https:\\\/\\\/www.copealcoy.es\\\/es\\\/?s={search_term_string}\"},\"query-input\":{\"@type\":\"PropertyValueSpecification\",\"valueRequired\":true,\"valueName\":\"search_term_string\"}}],\"inLanguage\":\"es\"},{\"@type\":\"Person\",\"@id\":\"https:\\\/\\\/www.copealcoy.es\\\/es\\\/#\\\/schema\\\/person\\\/e777c87fa024e57d40170af9df39882c\",\"name\":\"Cope Alcoy\",\"image\":{\"@type\":\"ImageObject\",\"inLanguage\":\"es\",\"@id\":\"https:\\\/\\\/secure.gravatar.com\\\/avatar\\\/bb65d0283347e303893ba14f0692005417c1e0e690a325a4c5d8bb2b3943ee14?s=96&d=mm&r=g\",\"url\":\"https:\\\/\\\/secure.gravatar.com\\\/avatar\\\/bb65d0283347e303893ba14f0692005417c1e0e690a325a4c5d8bb2b3943ee14?s=96&d=mm&r=g\",\"contentUrl\":\"https:\\\/\\\/secure.gravatar.com\\\/avatar\\\/bb65d0283347e303893ba14f0692005417c1e0e690a325a4c5d8bb2b3943ee14?s=96&d=mm&r=g\",\"caption\":\"Cope Alcoy\"}}]}<\/script>\n<!-- \/ Yoast SEO plugin. -->","yoast_head_json":{"title":"El Consell aprueba el traslado de los juzgados de Alcoy - COPE Alcoy","robots":{"index":"index","follow":"follow","max-snippet":"max-snippet:-1","max-image-preview":"max-image-preview:large","max-video-preview":"max-video-preview:-1"},"canonical":"https:\/\/www.copealcoy.es\/es\/el-consell-aprueba-el-traslado-de-los-juzgados-de-alcoy\/","og_locale":"es_ES","og_type":"article","og_title":"El Consell aprueba el traslado de los juzgados de Alcoy - COPE Alcoy","og_description":"El pleno del Consell aprob\u00f3 ayer el convenio para el traslado de los juzgados de Alcoy desde la plaza de...","og_url":"https:\/\/www.copealcoy.es\/es\/el-consell-aprueba-el-traslado-de-los-juzgados-de-alcoy\/","og_site_name":"COPE Alcoy","article_published_time":"2016-05-14T08:20:08+00:00","article_modified_time":"2016-05-14T08:22:34+00:00","og_image":[{"width":887,"height":530,"url":"https:\/\/www.copealcoy.es\/wp-content\/uploads\/2015\/03\/image40-e1463214043484.jpg","type":"image\/jpeg"}],"author":"Cope Alcoy","twitter_misc":{"Escrito por":"Cope Alcoy","Tiempo de lectura":"1 minuto"},"schema":{"@context":"https:\/\/schema.org","@graph":[{"@type":"Article","@id":"https:\/\/www.copealcoy.es\/es\/el-consell-aprueba-el-traslado-de-los-juzgados-de-alcoy\/#article","isPartOf":{"@id":"https:\/\/www.copealcoy.es\/es\/el-consell-aprueba-el-traslado-de-los-juzgados-de-alcoy\/"},"author":{"name":"Cope Alcoy","@id":"https:\/\/www.copealcoy.es\/es\/#\/schema\/person\/e777c87fa024e57d40170af9df39882c"},"headline":"El Consell aprueba el traslado de los juzgados de Alcoy","datePublished":"2016-05-14T08:20:08+00:00","dateModified":"2016-05-14T08:22:34+00:00","mainEntityOfPage":{"@id":"https:\/\/www.copealcoy.es\/es\/el-consell-aprueba-el-traslado-de-los-juzgados-de-alcoy\/"},"wordCount":308,"commentCount":0,"image":{"@id":"https:\/\/www.copealcoy.es\/es\/el-consell-aprueba-el-traslado-de-los-juzgados-de-alcoy\/#primaryimage"},"thumbnailUrl":"https:\/\/www.copealcoy.es\/wp-content\/uploads\/2015\/03\/image40-e1463214043484.jpg","keywords":["Alcoy","Consell","Juzgados","M\u00f3nica Oltra"],"articleSection":["Alcoy","Noticias","Portada"],"inLanguage":"es"},{"@type":"WebPage","@id":"https:\/\/www.copealcoy.es\/es\/el-consell-aprueba-el-traslado-de-los-juzgados-de-alcoy\/","url":"https:\/\/www.copealcoy.es\/es\/el-consell-aprueba-el-traslado-de-los-juzgados-de-alcoy\/","name":"El Consell aprueba el traslado de los juzgados de Alcoy - COPE Alcoy","isPartOf":{"@id":"https:\/\/www.copealcoy.es\/es\/#website"},"primaryImageOfPage":{"@id":"https:\/\/www.copealcoy.es\/es\/el-consell-aprueba-el-traslado-de-los-juzgados-de-alcoy\/#primaryimage"},"image":{"@id":"https:\/\/www.copealcoy.es\/es\/el-consell-aprueba-el-traslado-de-los-juzgados-de-alcoy\/#primaryimage"},"thumbnailUrl":"https:\/\/www.copealcoy.es\/wp-content\/uploads\/2015\/03\/image40-e1463214043484.jpg","datePublished":"2016-05-14T08:20:08+00:00","dateModified":"2016-05-14T08:22:34+00:00","author":{"@id":"https:\/\/www.copealcoy.es\/es\/#\/schema\/person\/e777c87fa024e57d40170af9df39882c"},"breadcrumb":{"@id":"https:\/\/www.copealcoy.es\/es\/el-consell-aprueba-el-traslado-de-los-juzgados-de-alcoy\/#breadcrumb"},"inLanguage":"es","potentialAction":[{"@type":"ReadAction","target":["https:\/\/www.copealcoy.es\/es\/el-consell-aprueba-el-traslado-de-los-juzgados-de-alcoy\/"]}]},{"@type":"ImageObject","inLanguage":"es","@id":"https:\/\/www.copealcoy.es\/es\/el-consell-aprueba-el-traslado-de-los-juzgados-de-alcoy\/#primaryimage","url":"https:\/\/www.copealcoy.es\/wp-content\/uploads\/2015\/03\/image40-e1463214043484.jpg","contentUrl":"https:\/\/www.copealcoy.es\/wp-content\/uploads\/2015\/03\/image40-e1463214043484.jpg","width":887,"height":530,"caption":"Nuevo Palacio de Justicia de la Verge Mar\u00eda"},{"@type":"BreadcrumbList","@id":"https:\/\/www.copealcoy.es\/es\/el-consell-aprueba-el-traslado-de-los-juzgados-de-alcoy\/#breadcrumb","itemListElement":[{"@type":"ListItem","position":1,"name":"Portada","item":"https:\/\/www.copealcoy.es\/es\/"},{"@type":"ListItem","position":2,"name":"El Consell aprueba el traslado de los juzgados de Alcoy"}]},{"@type":"WebSite","@id":"https:\/\/www.copealcoy.es\/es\/#website","url":"https:\/\/www.copealcoy.es\/es\/","name":"COPE Alcoy","description":"Emisora COPE de radio local con emisi\u00f3n online. Pont de Sant Jordi 8-10 03803 Alcoy","potentialAction":[{"@type":"SearchAction","target":{"@type":"EntryPoint","urlTemplate":"https:\/\/www.copealcoy.es\/es\/?s={search_term_string}"},"query-input":{"@type":"PropertyValueSpecification","valueRequired":true,"valueName":"search_term_string"}}],"inLanguage":"es"},{"@type":"Person","@id":"https:\/\/www.copealcoy.es\/es\/#\/schema\/person\/e777c87fa024e57d40170af9df39882c","name":"Cope Alcoy","image":{"@type":"ImageObject","inLanguage":"es","@id":"https:\/\/secure.gravatar.com\/avatar\/bb65d0283347e303893ba14f0692005417c1e0e690a325a4c5d8bb2b3943ee14?s=96&d=mm&r=g","url":"https:\/\/secure.gravatar.com\/avatar\/bb65d0283347e303893ba14f0692005417c1e0e690a325a4c5d8bb2b3943ee14?s=96&d=mm&r=g","contentUrl":"https:\/\/secure.gravatar.com\/avatar\/bb65d0283347e303893ba14f0692005417c1e0e690a325a4c5d8bb2b3943ee14?s=96&d=mm&r=g","caption":"Cope Alcoy"}}]}},"_links":{"self":[{"href":"https:\/\/www.copealcoy.es\/es\/wp-json\/wp\/v2\/posts\/21606","targetHints":{"allow":["GET"]}}],"collection":[{"href":"https:\/\/www.copealcoy.es\/es\/wp-json\/wp\/v2\/posts"}],"about":[{"href":"https:\/\/www.copealcoy.es\/es\/wp-json\/wp\/v2\/types\/post"}],"author":[{"embeddable":true,"href":"https:\/\/www.copealcoy.es\/es\/wp-json\/wp\/v2\/users\/1"}],"replies":[{"embeddable":true,"href":"https:\/\/www.copealcoy.es\/es\/wp-json\/wp\/v2\/comments?post=21606"}],"version-history":[{"count":0,"href":"https:\/\/www.copealcoy.es\/es\/wp-json\/wp\/v2\/posts\/21606\/revisions"}],"wp:featuredmedia":[{"embeddable":true,"href":"https:\/\/www.copealcoy.es\/es\/wp-json\/wp\/v2\/media\/11326"}],"wp:attachment":[{"href":"https:\/\/www.copealcoy.es\/es\/wp-json\/wp\/v2\/media?parent=21606"}],"wp:term":[{"taxonomy":"category","embeddable":true,"href":"https:\/\/www.copealcoy.es\/es\/wp-json\/wp\/v2\/categories?post=21606"},{"taxonomy":"post_tag","embeddable":true,"href":"https:\/\/www.copealcoy.es\/es\/wp-json\/wp\/v2\/tags?post=21606"}],"curies":[{"name":"wp","href":"https:\/\/api.w.org\/{rel}","templated":true}]}}