{"id":21588,"date":"2016-05-13T18:48:10","date_gmt":"2016-05-13T18:48:10","guid":{"rendered":"http:\/\/copealcoi.es\/new\/?p=21588"},"modified":"2016-05-14T08:22:54","modified_gmt":"2016-05-14T08:22:54","slug":"alcoy-habilita-una-unidad-policia-barrio","status":"publish","type":"post","link":"https:\/\/www.copealcoy.es\/es\/alcoy-habilita-una-unidad-policia-barrio\/","title":{"rendered":"Alcoy habilita una unidad de Polic\u00eda de Barrio"},"content":{"rendered":"<p style=\"text-align: justify;\">Alcoy pondr\u00e1 en marcha a partir de la pr\u00f3xima semana la unidad de la polic\u00eda de proximidad que acercar\u00e1 la administraci\u00f3n policial a la ciudadan\u00eda. De lunes a viernes entre las 10 y las 13 horas un furg\u00f3n con dos agentes recorrer\u00e1 los diferentes barrios para prestar este servicio. En este sentido hay que apuntar que los\u00a0lunes estar\u00e1 ubicado en la Avenida de la Hispanidad en la Zona Norte, martes en El Cam\u00ed en la Zona alta, Mi\u00e9rcoles en la calle Espronceda en el Ensanche, Jueves en la calle Santa Rosa y viernes en la calle Carrascal en el barrio de Batoy. La iniciativa se completa tambi\u00e9n con otras medidas &#8220;se ha creado un correo electr\u00f3nico donde se podr\u00e1n enviar las quejas a trav\u00e9s de la direcci\u00f3n policiabarri@alcoi.org y se ha habilitado el tel\u00e9fono m\u00f3vil\u00a0600 94 30 34 al que los ciudadanos podr\u00e1n dirigir sus consultas&#8221; explica el edil de Seguridad, Ra\u00fcl Llopis.<\/p>\n<p style=\"text-align: justify;\">Por su parte David Lerma, Jefe de la Pol\u00edcia Local, recuerda que entre finales de mayo y principios de junio se incorporar\u00e1n ocho nuevos agentes a la plantilla &#8220;que reforzar\u00e1n esa patrulla y vigilancia por los barrios para dar sensaci\u00f3n de seguridad al ciudadano&#8221; y a\u00f1ade que con estos efectivos &#8220;se reforzar\u00e1n las patrullas motorizadas de calle, los controles de tr\u00e1fico o el control de la unidad canina en colegios y parques&#8221;, asegura.<\/p>\n<p style=\"text-align: justify;\">\n<p style=\"text-align: justify;\">Finalmente el alcalde, Antonio Franc\u00e9s, ha agradecido la labor del Jefe de la Polic\u00eda Local para impulsar este proyecto &#8221; y tambi\u00e9n por mejorar la situaci\u00f3n interna de la Polic\u00eda que no era f\u00e1cil&#8221;, ha concluido.<\/p>\n<p style=\"text-align: justify;\"><strong>Una propuesta formulada por el PP<\/strong><\/p>\n<p style=\"text-align: justify;\">Recordar que la propuesta de la unidad de proximidad de la Polic\u00eda Local la plante\u00f3 el Partido Popular de Alcoy en el <a href=\"https:\/\/www.copealcoy.es\/el-pleno-acuerda-la-creacion-de-una-policia-de-barrio\/\">pleno <\/a>del mes de septiembre y cont\u00f3 con el respaldo de Comprom\u00eds y Guanyar Alcoi mientras que Ciudadanos se abstuvo y el PSOE vot\u00f3 en contra. En aquel momento tanto el concejal de Seguridad, Ra\u00fcl Llopis, como el alcalde indicaron que aceptaban la propuesta pero que esta era inviable al no contar la ciudad con agentes suficientes. Ahora, una vez contratados los nuevos efectivos, desde el PP valoran positivamente &#8220;una iniciativa que permitir\u00e1 aproximar la Polic\u00eda a los ciudadanos y que est\u00e9 m\u00e1s cerca de la gente. Toca felicitar al\u00a0Gobierno Local aunque sea a trav\u00e9s de una propuesta nuestra&#8221;, afirma el portavoz, Rafa Mir\u00f3.<\/p>\n","protected":false},"excerpt":{"rendered":"<p>Alcoy pondr\u00e1 en marcha a partir de la pr\u00f3xima semana la unidad de la polic\u00eda de proximidad que acercar\u00e1 la&#8230;<\/p>\n","protected":false},"author":1,"featured_media":21589,"comment_status":"open","ping_status":"open","sticky":false,"template":"","format":"standard","meta":{"footnotes":""},"categories":[97,75,79,125],"tags":[1494,2259,846,1856,2258],"class_list":["post-21588","post","type-post","status-publish","format-standard","has-post-thumbnail","hentry","category-alcoy","category-noticias","category-politicayeconomia","category-portada","tag-alcoy","tag-david-lerma","tag-policia-local","tag-raul-llopis","tag-unidad-de-proximidad"],"yoast_head":"<!-- This site is optimized with the Yoast SEO plugin v27.3 - https:\/\/yoast.com\/product\/yoast-seo-wordpress\/ -->\n<title>Alcoy habilita una unidad de Polic\u00eda de Barrio - COPE Alcoy<\/title>\n<meta name=\"robots\" content=\"index, follow, max-snippet:-1, max-image-preview:large, max-video-preview:-1\" \/>\n<link rel=\"canonical\" href=\"https:\/\/www.copealcoy.es\/es\/alcoy-habilita-una-unidad-policia-barrio\/\" \/>\n<meta property=\"og:locale\" content=\"es_ES\" \/>\n<meta property=\"og:type\" content=\"article\" \/>\n<meta property=\"og:title\" content=\"Alcoy habilita una unidad de Polic\u00eda de Barrio - COPE Alcoy\" \/>\n<meta property=\"og:description\" content=\"Alcoy pondr\u00e1 en marcha a partir de la pr\u00f3xima semana la unidad de la polic\u00eda de proximidad que acercar\u00e1 la...\" \/>\n<meta property=\"og:url\" content=\"https:\/\/www.copealcoy.es\/es\/alcoy-habilita-una-unidad-policia-barrio\/\" \/>\n<meta property=\"og:site_name\" content=\"COPE Alcoy\" \/>\n<meta property=\"article:published_time\" content=\"2016-05-13T18:48:10+00:00\" \/>\n<meta property=\"article:modified_time\" content=\"2016-05-14T08:22:54+00:00\" \/>\n<meta property=\"og:image\" content=\"https:\/\/www.copealcoy.es\/wp-content\/uploads\/2016\/05\/13183205_10209318888189887_551928720_n.jpg\" \/>\n\t<meta property=\"og:image:width\" content=\"903\" \/>\n\t<meta property=\"og:image:height\" content=\"564\" \/>\n\t<meta property=\"og:image:type\" content=\"image\/jpeg\" \/>\n<meta name=\"author\" content=\"Cope Alcoy\" \/>\n<meta name=\"twitter:label1\" content=\"Escrito por\" \/>\n\t<meta name=\"twitter:data1\" content=\"Cope Alcoy\" \/>\n\t<meta name=\"twitter:label2\" content=\"Tiempo de lectura\" \/>\n\t<meta name=\"twitter:data2\" content=\"2 minutos\" \/>\n<script type=\"application\/ld+json\" class=\"yoast-schema-graph\">{\"@context\":\"https:\\\/\\\/schema.org\",\"@graph\":[{\"@type\":\"Article\",\"@id\":\"https:\\\/\\\/www.copealcoy.es\\\/es\\\/alcoy-habilita-una-unidad-policia-barrio\\\/#article\",\"isPartOf\":{\"@id\":\"https:\\\/\\\/www.copealcoy.es\\\/es\\\/alcoy-habilita-una-unidad-policia-barrio\\\/\"},\"author\":{\"name\":\"Cope Alcoy\",\"@id\":\"https:\\\/\\\/www.copealcoy.es\\\/es\\\/#\\\/schema\\\/person\\\/e777c87fa024e57d40170af9df39882c\"},\"headline\":\"Alcoy habilita una unidad de Polic\u00eda de Barrio\",\"datePublished\":\"2016-05-13T18:48:10+00:00\",\"dateModified\":\"2016-05-14T08:22:54+00:00\",\"mainEntityOfPage\":{\"@id\":\"https:\\\/\\\/www.copealcoy.es\\\/es\\\/alcoy-habilita-una-unidad-policia-barrio\\\/\"},\"wordCount\":435,\"commentCount\":0,\"image\":{\"@id\":\"https:\\\/\\\/www.copealcoy.es\\\/es\\\/alcoy-habilita-una-unidad-policia-barrio\\\/#primaryimage\"},\"thumbnailUrl\":\"https:\\\/\\\/www.copealcoy.es\\\/wp-content\\\/uploads\\\/2016\\\/05\\\/13183205_10209318888189887_551928720_n.jpg\",\"keywords\":[\"Alcoy\",\"David Lerma\",\"Polic\u00eda Local\",\"Ra\u00fcl Llopis\",\"Unidad de Proximidad\"],\"articleSection\":[\"Alcoy\",\"Noticias\",\"Pol\u00edtica y Econom\u00eda\",\"Portada\"],\"inLanguage\":\"es\"},{\"@type\":\"WebPage\",\"@id\":\"https:\\\/\\\/www.copealcoy.es\\\/es\\\/alcoy-habilita-una-unidad-policia-barrio\\\/\",\"url\":\"https:\\\/\\\/www.copealcoy.es\\\/es\\\/alcoy-habilita-una-unidad-policia-barrio\\\/\",\"name\":\"Alcoy habilita una unidad de Polic\u00eda de Barrio - COPE Alcoy\",\"isPartOf\":{\"@id\":\"https:\\\/\\\/www.copealcoy.es\\\/es\\\/#website\"},\"primaryImageOfPage\":{\"@id\":\"https:\\\/\\\/www.copealcoy.es\\\/es\\\/alcoy-habilita-una-unidad-policia-barrio\\\/#primaryimage\"},\"image\":{\"@id\":\"https:\\\/\\\/www.copealcoy.es\\\/es\\\/alcoy-habilita-una-unidad-policia-barrio\\\/#primaryimage\"},\"thumbnailUrl\":\"https:\\\/\\\/www.copealcoy.es\\\/wp-content\\\/uploads\\\/2016\\\/05\\\/13183205_10209318888189887_551928720_n.jpg\",\"datePublished\":\"2016-05-13T18:48:10+00:00\",\"dateModified\":\"2016-05-14T08:22:54+00:00\",\"author\":{\"@id\":\"https:\\\/\\\/www.copealcoy.es\\\/es\\\/#\\\/schema\\\/person\\\/e777c87fa024e57d40170af9df39882c\"},\"breadcrumb\":{\"@id\":\"https:\\\/\\\/www.copealcoy.es\\\/es\\\/alcoy-habilita-una-unidad-policia-barrio\\\/#breadcrumb\"},\"inLanguage\":\"es\",\"potentialAction\":[{\"@type\":\"ReadAction\",\"target\":[\"https:\\\/\\\/www.copealcoy.es\\\/es\\\/alcoy-habilita-una-unidad-policia-barrio\\\/\"]}]},{\"@type\":\"ImageObject\",\"inLanguage\":\"es\",\"@id\":\"https:\\\/\\\/www.copealcoy.es\\\/es\\\/alcoy-habilita-una-unidad-policia-barrio\\\/#primaryimage\",\"url\":\"https:\\\/\\\/www.copealcoy.es\\\/wp-content\\\/uploads\\\/2016\\\/05\\\/13183205_10209318888189887_551928720_n.jpg\",\"contentUrl\":\"https:\\\/\\\/www.copealcoy.es\\\/wp-content\\\/uploads\\\/2016\\\/05\\\/13183205_10209318888189887_551928720_n.jpg\",\"width\":903,\"height\":564},{\"@type\":\"BreadcrumbList\",\"@id\":\"https:\\\/\\\/www.copealcoy.es\\\/es\\\/alcoy-habilita-una-unidad-policia-barrio\\\/#breadcrumb\",\"itemListElement\":[{\"@type\":\"ListItem\",\"position\":1,\"name\":\"Portada\",\"item\":\"https:\\\/\\\/www.copealcoy.es\\\/es\\\/\"},{\"@type\":\"ListItem\",\"position\":2,\"name\":\"Alcoy habilita una unidad de Polic\u00eda de Barrio\"}]},{\"@type\":\"WebSite\",\"@id\":\"https:\\\/\\\/www.copealcoy.es\\\/es\\\/#website\",\"url\":\"https:\\\/\\\/www.copealcoy.es\\\/es\\\/\",\"name\":\"COPE Alcoy\",\"description\":\"Emisora COPE de radio local con emisi\u00f3n online. Pont de Sant Jordi 8-10 03803 Alcoy\",\"potentialAction\":[{\"@type\":\"SearchAction\",\"target\":{\"@type\":\"EntryPoint\",\"urlTemplate\":\"https:\\\/\\\/www.copealcoy.es\\\/es\\\/?s={search_term_string}\"},\"query-input\":{\"@type\":\"PropertyValueSpecification\",\"valueRequired\":true,\"valueName\":\"search_term_string\"}}],\"inLanguage\":\"es\"},{\"@type\":\"Person\",\"@id\":\"https:\\\/\\\/www.copealcoy.es\\\/es\\\/#\\\/schema\\\/person\\\/e777c87fa024e57d40170af9df39882c\",\"name\":\"Cope Alcoy\",\"image\":{\"@type\":\"ImageObject\",\"inLanguage\":\"es\",\"@id\":\"https:\\\/\\\/secure.gravatar.com\\\/avatar\\\/bb65d0283347e303893ba14f0692005417c1e0e690a325a4c5d8bb2b3943ee14?s=96&d=mm&r=g\",\"url\":\"https:\\\/\\\/secure.gravatar.com\\\/avatar\\\/bb65d0283347e303893ba14f0692005417c1e0e690a325a4c5d8bb2b3943ee14?s=96&d=mm&r=g\",\"contentUrl\":\"https:\\\/\\\/secure.gravatar.com\\\/avatar\\\/bb65d0283347e303893ba14f0692005417c1e0e690a325a4c5d8bb2b3943ee14?s=96&d=mm&r=g\",\"caption\":\"Cope Alcoy\"}}]}<\/script>\n<!-- \/ Yoast SEO plugin. -->","yoast_head_json":{"title":"Alcoy habilita una unidad de Polic\u00eda de Barrio - COPE Alcoy","robots":{"index":"index","follow":"follow","max-snippet":"max-snippet:-1","max-image-preview":"max-image-preview:large","max-video-preview":"max-video-preview:-1"},"canonical":"https:\/\/www.copealcoy.es\/es\/alcoy-habilita-una-unidad-policia-barrio\/","og_locale":"es_ES","og_type":"article","og_title":"Alcoy habilita una unidad de Polic\u00eda de Barrio - COPE Alcoy","og_description":"Alcoy pondr\u00e1 en marcha a partir de la pr\u00f3xima semana la unidad de la polic\u00eda de proximidad que acercar\u00e1 la...","og_url":"https:\/\/www.copealcoy.es\/es\/alcoy-habilita-una-unidad-policia-barrio\/","og_site_name":"COPE Alcoy","article_published_time":"2016-05-13T18:48:10+00:00","article_modified_time":"2016-05-14T08:22:54+00:00","og_image":[{"width":903,"height":564,"url":"https:\/\/www.copealcoy.es\/wp-content\/uploads\/2016\/05\/13183205_10209318888189887_551928720_n.jpg","type":"image\/jpeg"}],"author":"Cope Alcoy","twitter_misc":{"Escrito por":"Cope Alcoy","Tiempo de lectura":"2 minutos"},"schema":{"@context":"https:\/\/schema.org","@graph":[{"@type":"Article","@id":"https:\/\/www.copealcoy.es\/es\/alcoy-habilita-una-unidad-policia-barrio\/#article","isPartOf":{"@id":"https:\/\/www.copealcoy.es\/es\/alcoy-habilita-una-unidad-policia-barrio\/"},"author":{"name":"Cope Alcoy","@id":"https:\/\/www.copealcoy.es\/es\/#\/schema\/person\/e777c87fa024e57d40170af9df39882c"},"headline":"Alcoy habilita una unidad de Polic\u00eda de Barrio","datePublished":"2016-05-13T18:48:10+00:00","dateModified":"2016-05-14T08:22:54+00:00","mainEntityOfPage":{"@id":"https:\/\/www.copealcoy.es\/es\/alcoy-habilita-una-unidad-policia-barrio\/"},"wordCount":435,"commentCount":0,"image":{"@id":"https:\/\/www.copealcoy.es\/es\/alcoy-habilita-una-unidad-policia-barrio\/#primaryimage"},"thumbnailUrl":"https:\/\/www.copealcoy.es\/wp-content\/uploads\/2016\/05\/13183205_10209318888189887_551928720_n.jpg","keywords":["Alcoy","David Lerma","Polic\u00eda Local","Ra\u00fcl Llopis","Unidad de Proximidad"],"articleSection":["Alcoy","Noticias","Pol\u00edtica y Econom\u00eda","Portada"],"inLanguage":"es"},{"@type":"WebPage","@id":"https:\/\/www.copealcoy.es\/es\/alcoy-habilita-una-unidad-policia-barrio\/","url":"https:\/\/www.copealcoy.es\/es\/alcoy-habilita-una-unidad-policia-barrio\/","name":"Alcoy habilita una unidad de Polic\u00eda de Barrio - COPE Alcoy","isPartOf":{"@id":"https:\/\/www.copealcoy.es\/es\/#website"},"primaryImageOfPage":{"@id":"https:\/\/www.copealcoy.es\/es\/alcoy-habilita-una-unidad-policia-barrio\/#primaryimage"},"image":{"@id":"https:\/\/www.copealcoy.es\/es\/alcoy-habilita-una-unidad-policia-barrio\/#primaryimage"},"thumbnailUrl":"https:\/\/www.copealcoy.es\/wp-content\/uploads\/2016\/05\/13183205_10209318888189887_551928720_n.jpg","datePublished":"2016-05-13T18:48:10+00:00","dateModified":"2016-05-14T08:22:54+00:00","author":{"@id":"https:\/\/www.copealcoy.es\/es\/#\/schema\/person\/e777c87fa024e57d40170af9df39882c"},"breadcrumb":{"@id":"https:\/\/www.copealcoy.es\/es\/alcoy-habilita-una-unidad-policia-barrio\/#breadcrumb"},"inLanguage":"es","potentialAction":[{"@type":"ReadAction","target":["https:\/\/www.copealcoy.es\/es\/alcoy-habilita-una-unidad-policia-barrio\/"]}]},{"@type":"ImageObject","inLanguage":"es","@id":"https:\/\/www.copealcoy.es\/es\/alcoy-habilita-una-unidad-policia-barrio\/#primaryimage","url":"https:\/\/www.copealcoy.es\/wp-content\/uploads\/2016\/05\/13183205_10209318888189887_551928720_n.jpg","contentUrl":"https:\/\/www.copealcoy.es\/wp-content\/uploads\/2016\/05\/13183205_10209318888189887_551928720_n.jpg","width":903,"height":564},{"@type":"BreadcrumbList","@id":"https:\/\/www.copealcoy.es\/es\/alcoy-habilita-una-unidad-policia-barrio\/#breadcrumb","itemListElement":[{"@type":"ListItem","position":1,"name":"Portada","item":"https:\/\/www.copealcoy.es\/es\/"},{"@type":"ListItem","position":2,"name":"Alcoy habilita una unidad de Polic\u00eda de Barrio"}]},{"@type":"WebSite","@id":"https:\/\/www.copealcoy.es\/es\/#website","url":"https:\/\/www.copealcoy.es\/es\/","name":"COPE Alcoy","description":"Emisora COPE de radio local con emisi\u00f3n online. Pont de Sant Jordi 8-10 03803 Alcoy","potentialAction":[{"@type":"SearchAction","target":{"@type":"EntryPoint","urlTemplate":"https:\/\/www.copealcoy.es\/es\/?s={search_term_string}"},"query-input":{"@type":"PropertyValueSpecification","valueRequired":true,"valueName":"search_term_string"}}],"inLanguage":"es"},{"@type":"Person","@id":"https:\/\/www.copealcoy.es\/es\/#\/schema\/person\/e777c87fa024e57d40170af9df39882c","name":"Cope Alcoy","image":{"@type":"ImageObject","inLanguage":"es","@id":"https:\/\/secure.gravatar.com\/avatar\/bb65d0283347e303893ba14f0692005417c1e0e690a325a4c5d8bb2b3943ee14?s=96&d=mm&r=g","url":"https:\/\/secure.gravatar.com\/avatar\/bb65d0283347e303893ba14f0692005417c1e0e690a325a4c5d8bb2b3943ee14?s=96&d=mm&r=g","contentUrl":"https:\/\/secure.gravatar.com\/avatar\/bb65d0283347e303893ba14f0692005417c1e0e690a325a4c5d8bb2b3943ee14?s=96&d=mm&r=g","caption":"Cope Alcoy"}}]}},"_links":{"self":[{"href":"https:\/\/www.copealcoy.es\/es\/wp-json\/wp\/v2\/posts\/21588","targetHints":{"allow":["GET"]}}],"collection":[{"href":"https:\/\/www.copealcoy.es\/es\/wp-json\/wp\/v2\/posts"}],"about":[{"href":"https:\/\/www.copealcoy.es\/es\/wp-json\/wp\/v2\/types\/post"}],"author":[{"embeddable":true,"href":"https:\/\/www.copealcoy.es\/es\/wp-json\/wp\/v2\/users\/1"}],"replies":[{"embeddable":true,"href":"https:\/\/www.copealcoy.es\/es\/wp-json\/wp\/v2\/comments?post=21588"}],"version-history":[{"count":0,"href":"https:\/\/www.copealcoy.es\/es\/wp-json\/wp\/v2\/posts\/21588\/revisions"}],"wp:featuredmedia":[{"embeddable":true,"href":"https:\/\/www.copealcoy.es\/es\/wp-json\/wp\/v2\/media\/21589"}],"wp:attachment":[{"href":"https:\/\/www.copealcoy.es\/es\/wp-json\/wp\/v2\/media?parent=21588"}],"wp:term":[{"taxonomy":"category","embeddable":true,"href":"https:\/\/www.copealcoy.es\/es\/wp-json\/wp\/v2\/categories?post=21588"},{"taxonomy":"post_tag","embeddable":true,"href":"https:\/\/www.copealcoy.es\/es\/wp-json\/wp\/v2\/tags?post=21588"}],"curies":[{"name":"wp","href":"https:\/\/api.w.org\/{rel}","templated":true}]}}