{"id":21583,"date":"2016-05-13T17:56:12","date_gmt":"2016-05-13T17:56:12","guid":{"rendered":"http:\/\/copealcoi.es\/new\/?p=21583"},"modified":"2016-05-13T17:56:12","modified_gmt":"2016-05-13T17:56:12","slug":"ciudadanos-propone-medidas-reactivar-la-calle-san-francisco","status":"publish","type":"post","link":"https:\/\/www.copealcoy.es\/es\/ciudadanos-propone-medidas-reactivar-la-calle-san-francisco\/","title":{"rendered":"Ciudadanos propone medidas para reactivar la calle San Francisco"},"content":{"rendered":"<p style=\"text-align: justify;\">El Grupo Municipal de Ciudadanos est\u00e1 analizando con vecinos, hosteleros y comerciantes del Centro de Alcoy la situaci\u00f3n de la barriada al mismo tiempo que est\u00e1 recogiendo propuestas con diferentes agentes implicados para la reactivaci\u00f3n comercial de la calle San Francisco y adyacentes.<\/p>\n<p style=\"text-align: justify;\">Desde la formaci\u00f3n naranja, seg\u00fan explica su portavoz Jorge Sedano, instan a que se elabore\u00a0una Actuaci\u00f3n Comercial Estrat\u00e9gica Prioritaria (ACEP) que contemple medidas como la implantaci\u00f3n de\u00a0\u201cLocales Comerciales Nido\u201d que act\u00faen como viveros comerciales y que se establezca un corredor natural Universidad-mercado San Mateo-San Francisco-Pla\u00e7a de Dins. Todo ello con el objetivo de &#8220;crear\u00a0vida social y comercial en este potencial corredor natural y as\u00ed poder extender, progresivamente dicha influencia a toda la zona adyacente&#8221;, apunta Sedano.<\/p>\n<p style=\"text-align: justify;\">Ciudadanos recuerda que estas propuestas ser\u00e1n llevadas al pleno y tambi\u00e9n se remitir\u00e1n a los agentes implicados &#8220;es un proyecto ambicioso que queremos compartir y poner sobre la mesa de trabajo con el mayor rigor y con apuestas serias y realizables. No es un proyecto a corto plazo sino estructural y, por tanto, la importante y necesaria inversi\u00f3n econ\u00f3mica por parte del Ayuntamiento y otras Administraciones la plantearemos en varios ejercicios&#8221;, concluye Jorge Sedano.<\/p>\n","protected":false},"excerpt":{"rendered":"<p>El Grupo Municipal de Ciudadanos est\u00e1 analizando con vecinos, hosteleros y comerciantes del Centro de Alcoy la situaci\u00f3n de la&#8230;<\/p>\n","protected":false},"author":1,"featured_media":21584,"comment_status":"open","ping_status":"open","sticky":false,"template":"","format":"standard","meta":{"footnotes":""},"categories":[97,75,79],"tags":[1494,295,349,825,1470],"class_list":["post-21583","post","type-post","status-publish","format-standard","has-post-thumbnail","hentry","category-alcoy","category-noticias","category-politicayeconomia","tag-alcoy","tag-centro","tag-ciudadanos","tag-jorge-sedano","tag-san-francisco"],"yoast_head":"<!-- This site is optimized with the Yoast SEO plugin v27.3 - https:\/\/yoast.com\/product\/yoast-seo-wordpress\/ -->\n<title>Ciudadanos propone medidas para reactivar la calle San Francisco - COPE Alcoy<\/title>\n<meta name=\"robots\" content=\"index, follow, max-snippet:-1, max-image-preview:large, max-video-preview:-1\" \/>\n<link rel=\"canonical\" href=\"https:\/\/www.copealcoy.es\/es\/ciudadanos-propone-medidas-reactivar-la-calle-san-francisco\/\" \/>\n<meta property=\"og:locale\" content=\"es_ES\" \/>\n<meta property=\"og:type\" content=\"article\" \/>\n<meta property=\"og:title\" content=\"Ciudadanos propone medidas para reactivar la calle San Francisco - COPE Alcoy\" \/>\n<meta property=\"og:description\" content=\"El Grupo Municipal de Ciudadanos est\u00e1 analizando con vecinos, hosteleros y comerciantes del Centro de Alcoy la situaci\u00f3n de la...\" \/>\n<meta property=\"og:url\" content=\"https:\/\/www.copealcoy.es\/es\/ciudadanos-propone-medidas-reactivar-la-calle-san-francisco\/\" \/>\n<meta property=\"og:site_name\" content=\"COPE Alcoy\" \/>\n<meta property=\"article:published_time\" content=\"2016-05-13T17:56:12+00:00\" \/>\n<meta property=\"og:image\" content=\"https:\/\/www.copealcoy.es\/wp-content\/uploads\/2016\/05\/img-20160513-wa0012.jpg\" \/>\n\t<meta property=\"og:image:width\" content=\"600\" \/>\n\t<meta property=\"og:image:height\" content=\"450\" \/>\n\t<meta property=\"og:image:type\" content=\"image\/jpeg\" \/>\n<meta name=\"author\" content=\"Cope Alcoy\" \/>\n<meta name=\"twitter:label1\" content=\"Escrito por\" \/>\n\t<meta name=\"twitter:data1\" content=\"Cope Alcoy\" \/>\n\t<meta name=\"twitter:label2\" content=\"Tiempo de lectura\" \/>\n\t<meta name=\"twitter:data2\" content=\"1 minuto\" \/>\n<script type=\"application\/ld+json\" class=\"yoast-schema-graph\">{\"@context\":\"https:\\\/\\\/schema.org\",\"@graph\":[{\"@type\":\"Article\",\"@id\":\"https:\\\/\\\/www.copealcoy.es\\\/es\\\/ciudadanos-propone-medidas-reactivar-la-calle-san-francisco\\\/#article\",\"isPartOf\":{\"@id\":\"https:\\\/\\\/www.copealcoy.es\\\/es\\\/ciudadanos-propone-medidas-reactivar-la-calle-san-francisco\\\/\"},\"author\":{\"name\":\"Cope Alcoy\",\"@id\":\"https:\\\/\\\/www.copealcoy.es\\\/es\\\/#\\\/schema\\\/person\\\/e777c87fa024e57d40170af9df39882c\"},\"headline\":\"Ciudadanos propone medidas para reactivar la calle San Francisco\",\"datePublished\":\"2016-05-13T17:56:12+00:00\",\"mainEntityOfPage\":{\"@id\":\"https:\\\/\\\/www.copealcoy.es\\\/es\\\/ciudadanos-propone-medidas-reactivar-la-calle-san-francisco\\\/\"},\"wordCount\":219,\"commentCount\":0,\"image\":{\"@id\":\"https:\\\/\\\/www.copealcoy.es\\\/es\\\/ciudadanos-propone-medidas-reactivar-la-calle-san-francisco\\\/#primaryimage\"},\"thumbnailUrl\":\"https:\\\/\\\/www.copealcoy.es\\\/wp-content\\\/uploads\\\/2016\\\/05\\\/img-20160513-wa0012.jpg\",\"keywords\":[\"Alcoy\",\"Centro\",\"Ciudadanos\",\"Jorge Sedano\",\"San Francisco\"],\"articleSection\":[\"Alcoy\",\"Noticias\",\"Pol\u00edtica y Econom\u00eda\"],\"inLanguage\":\"es\"},{\"@type\":\"WebPage\",\"@id\":\"https:\\\/\\\/www.copealcoy.es\\\/es\\\/ciudadanos-propone-medidas-reactivar-la-calle-san-francisco\\\/\",\"url\":\"https:\\\/\\\/www.copealcoy.es\\\/es\\\/ciudadanos-propone-medidas-reactivar-la-calle-san-francisco\\\/\",\"name\":\"Ciudadanos propone medidas para reactivar la calle San Francisco - COPE Alcoy\",\"isPartOf\":{\"@id\":\"https:\\\/\\\/www.copealcoy.es\\\/es\\\/#website\"},\"primaryImageOfPage\":{\"@id\":\"https:\\\/\\\/www.copealcoy.es\\\/es\\\/ciudadanos-propone-medidas-reactivar-la-calle-san-francisco\\\/#primaryimage\"},\"image\":{\"@id\":\"https:\\\/\\\/www.copealcoy.es\\\/es\\\/ciudadanos-propone-medidas-reactivar-la-calle-san-francisco\\\/#primaryimage\"},\"thumbnailUrl\":\"https:\\\/\\\/www.copealcoy.es\\\/wp-content\\\/uploads\\\/2016\\\/05\\\/img-20160513-wa0012.jpg\",\"datePublished\":\"2016-05-13T17:56:12+00:00\",\"author\":{\"@id\":\"https:\\\/\\\/www.copealcoy.es\\\/es\\\/#\\\/schema\\\/person\\\/e777c87fa024e57d40170af9df39882c\"},\"breadcrumb\":{\"@id\":\"https:\\\/\\\/www.copealcoy.es\\\/es\\\/ciudadanos-propone-medidas-reactivar-la-calle-san-francisco\\\/#breadcrumb\"},\"inLanguage\":\"es\",\"potentialAction\":[{\"@type\":\"ReadAction\",\"target\":[\"https:\\\/\\\/www.copealcoy.es\\\/es\\\/ciudadanos-propone-medidas-reactivar-la-calle-san-francisco\\\/\"]}]},{\"@type\":\"ImageObject\",\"inLanguage\":\"es\",\"@id\":\"https:\\\/\\\/www.copealcoy.es\\\/es\\\/ciudadanos-propone-medidas-reactivar-la-calle-san-francisco\\\/#primaryimage\",\"url\":\"https:\\\/\\\/www.copealcoy.es\\\/wp-content\\\/uploads\\\/2016\\\/05\\\/img-20160513-wa0012.jpg\",\"contentUrl\":\"https:\\\/\\\/www.copealcoy.es\\\/wp-content\\\/uploads\\\/2016\\\/05\\\/img-20160513-wa0012.jpg\",\"width\":600,\"height\":450,\"caption\":\"Representantes de Ciudadanos analizando la situaci\u00f3n de la Calle San Francisco\"},{\"@type\":\"BreadcrumbList\",\"@id\":\"https:\\\/\\\/www.copealcoy.es\\\/es\\\/ciudadanos-propone-medidas-reactivar-la-calle-san-francisco\\\/#breadcrumb\",\"itemListElement\":[{\"@type\":\"ListItem\",\"position\":1,\"name\":\"Portada\",\"item\":\"https:\\\/\\\/www.copealcoy.es\\\/es\\\/\"},{\"@type\":\"ListItem\",\"position\":2,\"name\":\"Ciudadanos propone medidas para reactivar la calle San Francisco\"}]},{\"@type\":\"WebSite\",\"@id\":\"https:\\\/\\\/www.copealcoy.es\\\/es\\\/#website\",\"url\":\"https:\\\/\\\/www.copealcoy.es\\\/es\\\/\",\"name\":\"COPE Alcoy\",\"description\":\"Emisora COPE de radio local con emisi\u00f3n online. Pont de Sant Jordi 8-10 03803 Alcoy\",\"potentialAction\":[{\"@type\":\"SearchAction\",\"target\":{\"@type\":\"EntryPoint\",\"urlTemplate\":\"https:\\\/\\\/www.copealcoy.es\\\/es\\\/?s={search_term_string}\"},\"query-input\":{\"@type\":\"PropertyValueSpecification\",\"valueRequired\":true,\"valueName\":\"search_term_string\"}}],\"inLanguage\":\"es\"},{\"@type\":\"Person\",\"@id\":\"https:\\\/\\\/www.copealcoy.es\\\/es\\\/#\\\/schema\\\/person\\\/e777c87fa024e57d40170af9df39882c\",\"name\":\"Cope Alcoy\",\"image\":{\"@type\":\"ImageObject\",\"inLanguage\":\"es\",\"@id\":\"https:\\\/\\\/secure.gravatar.com\\\/avatar\\\/bb65d0283347e303893ba14f0692005417c1e0e690a325a4c5d8bb2b3943ee14?s=96&d=mm&r=g\",\"url\":\"https:\\\/\\\/secure.gravatar.com\\\/avatar\\\/bb65d0283347e303893ba14f0692005417c1e0e690a325a4c5d8bb2b3943ee14?s=96&d=mm&r=g\",\"contentUrl\":\"https:\\\/\\\/secure.gravatar.com\\\/avatar\\\/bb65d0283347e303893ba14f0692005417c1e0e690a325a4c5d8bb2b3943ee14?s=96&d=mm&r=g\",\"caption\":\"Cope Alcoy\"}}]}<\/script>\n<!-- \/ Yoast SEO plugin. -->","yoast_head_json":{"title":"Ciudadanos propone medidas para reactivar la calle San Francisco - COPE Alcoy","robots":{"index":"index","follow":"follow","max-snippet":"max-snippet:-1","max-image-preview":"max-image-preview:large","max-video-preview":"max-video-preview:-1"},"canonical":"https:\/\/www.copealcoy.es\/es\/ciudadanos-propone-medidas-reactivar-la-calle-san-francisco\/","og_locale":"es_ES","og_type":"article","og_title":"Ciudadanos propone medidas para reactivar la calle San Francisco - COPE Alcoy","og_description":"El Grupo Municipal de Ciudadanos est\u00e1 analizando con vecinos, hosteleros y comerciantes del Centro de Alcoy la situaci\u00f3n de la...","og_url":"https:\/\/www.copealcoy.es\/es\/ciudadanos-propone-medidas-reactivar-la-calle-san-francisco\/","og_site_name":"COPE Alcoy","article_published_time":"2016-05-13T17:56:12+00:00","og_image":[{"width":600,"height":450,"url":"https:\/\/www.copealcoy.es\/wp-content\/uploads\/2016\/05\/img-20160513-wa0012.jpg","type":"image\/jpeg"}],"author":"Cope Alcoy","twitter_misc":{"Escrito por":"Cope Alcoy","Tiempo de lectura":"1 minuto"},"schema":{"@context":"https:\/\/schema.org","@graph":[{"@type":"Article","@id":"https:\/\/www.copealcoy.es\/es\/ciudadanos-propone-medidas-reactivar-la-calle-san-francisco\/#article","isPartOf":{"@id":"https:\/\/www.copealcoy.es\/es\/ciudadanos-propone-medidas-reactivar-la-calle-san-francisco\/"},"author":{"name":"Cope Alcoy","@id":"https:\/\/www.copealcoy.es\/es\/#\/schema\/person\/e777c87fa024e57d40170af9df39882c"},"headline":"Ciudadanos propone medidas para reactivar la calle San Francisco","datePublished":"2016-05-13T17:56:12+00:00","mainEntityOfPage":{"@id":"https:\/\/www.copealcoy.es\/es\/ciudadanos-propone-medidas-reactivar-la-calle-san-francisco\/"},"wordCount":219,"commentCount":0,"image":{"@id":"https:\/\/www.copealcoy.es\/es\/ciudadanos-propone-medidas-reactivar-la-calle-san-francisco\/#primaryimage"},"thumbnailUrl":"https:\/\/www.copealcoy.es\/wp-content\/uploads\/2016\/05\/img-20160513-wa0012.jpg","keywords":["Alcoy","Centro","Ciudadanos","Jorge Sedano","San Francisco"],"articleSection":["Alcoy","Noticias","Pol\u00edtica y Econom\u00eda"],"inLanguage":"es"},{"@type":"WebPage","@id":"https:\/\/www.copealcoy.es\/es\/ciudadanos-propone-medidas-reactivar-la-calle-san-francisco\/","url":"https:\/\/www.copealcoy.es\/es\/ciudadanos-propone-medidas-reactivar-la-calle-san-francisco\/","name":"Ciudadanos propone medidas para reactivar la calle San Francisco - COPE Alcoy","isPartOf":{"@id":"https:\/\/www.copealcoy.es\/es\/#website"},"primaryImageOfPage":{"@id":"https:\/\/www.copealcoy.es\/es\/ciudadanos-propone-medidas-reactivar-la-calle-san-francisco\/#primaryimage"},"image":{"@id":"https:\/\/www.copealcoy.es\/es\/ciudadanos-propone-medidas-reactivar-la-calle-san-francisco\/#primaryimage"},"thumbnailUrl":"https:\/\/www.copealcoy.es\/wp-content\/uploads\/2016\/05\/img-20160513-wa0012.jpg","datePublished":"2016-05-13T17:56:12+00:00","author":{"@id":"https:\/\/www.copealcoy.es\/es\/#\/schema\/person\/e777c87fa024e57d40170af9df39882c"},"breadcrumb":{"@id":"https:\/\/www.copealcoy.es\/es\/ciudadanos-propone-medidas-reactivar-la-calle-san-francisco\/#breadcrumb"},"inLanguage":"es","potentialAction":[{"@type":"ReadAction","target":["https:\/\/www.copealcoy.es\/es\/ciudadanos-propone-medidas-reactivar-la-calle-san-francisco\/"]}]},{"@type":"ImageObject","inLanguage":"es","@id":"https:\/\/www.copealcoy.es\/es\/ciudadanos-propone-medidas-reactivar-la-calle-san-francisco\/#primaryimage","url":"https:\/\/www.copealcoy.es\/wp-content\/uploads\/2016\/05\/img-20160513-wa0012.jpg","contentUrl":"https:\/\/www.copealcoy.es\/wp-content\/uploads\/2016\/05\/img-20160513-wa0012.jpg","width":600,"height":450,"caption":"Representantes de Ciudadanos analizando la situaci\u00f3n de la Calle San Francisco"},{"@type":"BreadcrumbList","@id":"https:\/\/www.copealcoy.es\/es\/ciudadanos-propone-medidas-reactivar-la-calle-san-francisco\/#breadcrumb","itemListElement":[{"@type":"ListItem","position":1,"name":"Portada","item":"https:\/\/www.copealcoy.es\/es\/"},{"@type":"ListItem","position":2,"name":"Ciudadanos propone medidas para reactivar la calle San Francisco"}]},{"@type":"WebSite","@id":"https:\/\/www.copealcoy.es\/es\/#website","url":"https:\/\/www.copealcoy.es\/es\/","name":"COPE Alcoy","description":"Emisora COPE de radio local con emisi\u00f3n online. Pont de Sant Jordi 8-10 03803 Alcoy","potentialAction":[{"@type":"SearchAction","target":{"@type":"EntryPoint","urlTemplate":"https:\/\/www.copealcoy.es\/es\/?s={search_term_string}"},"query-input":{"@type":"PropertyValueSpecification","valueRequired":true,"valueName":"search_term_string"}}],"inLanguage":"es"},{"@type":"Person","@id":"https:\/\/www.copealcoy.es\/es\/#\/schema\/person\/e777c87fa024e57d40170af9df39882c","name":"Cope Alcoy","image":{"@type":"ImageObject","inLanguage":"es","@id":"https:\/\/secure.gravatar.com\/avatar\/bb65d0283347e303893ba14f0692005417c1e0e690a325a4c5d8bb2b3943ee14?s=96&d=mm&r=g","url":"https:\/\/secure.gravatar.com\/avatar\/bb65d0283347e303893ba14f0692005417c1e0e690a325a4c5d8bb2b3943ee14?s=96&d=mm&r=g","contentUrl":"https:\/\/secure.gravatar.com\/avatar\/bb65d0283347e303893ba14f0692005417c1e0e690a325a4c5d8bb2b3943ee14?s=96&d=mm&r=g","caption":"Cope Alcoy"}}]}},"_links":{"self":[{"href":"https:\/\/www.copealcoy.es\/es\/wp-json\/wp\/v2\/posts\/21583","targetHints":{"allow":["GET"]}}],"collection":[{"href":"https:\/\/www.copealcoy.es\/es\/wp-json\/wp\/v2\/posts"}],"about":[{"href":"https:\/\/www.copealcoy.es\/es\/wp-json\/wp\/v2\/types\/post"}],"author":[{"embeddable":true,"href":"https:\/\/www.copealcoy.es\/es\/wp-json\/wp\/v2\/users\/1"}],"replies":[{"embeddable":true,"href":"https:\/\/www.copealcoy.es\/es\/wp-json\/wp\/v2\/comments?post=21583"}],"version-history":[{"count":0,"href":"https:\/\/www.copealcoy.es\/es\/wp-json\/wp\/v2\/posts\/21583\/revisions"}],"wp:featuredmedia":[{"embeddable":true,"href":"https:\/\/www.copealcoy.es\/es\/wp-json\/wp\/v2\/media\/21584"}],"wp:attachment":[{"href":"https:\/\/www.copealcoy.es\/es\/wp-json\/wp\/v2\/media?parent=21583"}],"wp:term":[{"taxonomy":"category","embeddable":true,"href":"https:\/\/www.copealcoy.es\/es\/wp-json\/wp\/v2\/categories?post=21583"},{"taxonomy":"post_tag","embeddable":true,"href":"https:\/\/www.copealcoy.es\/es\/wp-json\/wp\/v2\/tags?post=21583"}],"curies":[{"name":"wp","href":"https:\/\/api.w.org\/{rel}","templated":true}]}}